{"id":142373,"date":"2020-03-28T16:37:44","date_gmt":"2020-03-28T15:37:44","guid":{"rendered":"https:\/\/www.intoscana.it\/toscana-252-nuovi-casi-positivi-21-i-decessi-3817-i-contagiati-da-inizio-emergenza\/"},"modified":"2020-08-10T10:30:04","modified_gmt":"2020-08-10T08:30:04","slug":"corona-virus-toscana-bollettino-28-marzo","status":"publish","type":"post","link":"https:\/\/www.intoscana.it\/it\/corona-virus-toscana-bollettino-28-marzo\/","title":{"rendered":"Toscana, 252 nuovi casi positivi, 21 i decessi. 3817 i contagiati da inizio emergenza"},"content":{"rendered":"<p><strong>21 decessi e 252 i nuovi casi positivi<\/strong> al Coronavirus sono stati registrati in Toscana (<span style=\"text-decoration: underline;\">anche se l&#8217;incremento risulta di 367 casi *<\/span>). Sono invece 3.817 i contagiati dall\u2019inizio dell\u2019emergenza. 28 sono finora le guarigioni virali e 80 quelle cliniche. <strong>I decessi totali salgono invece a 198<\/strong>.&nbsp;I casi attualmente positivi in cura rimangono dunque 3.511.&nbsp;Per quanto riguarda i&nbsp;ricoveri, ad oggi sono&nbsp;in totale 1.370, di cui 277 in terapia intensiva.<\/p>\n<p>Dal monitoraggio giornaliero sono invece&nbsp;<strong>12.301 le persone in isolamento domiciliare&nbsp;in tutta la Toscana<\/strong>: 6.100 nella Asl centro, 4.847 nella Asl nord ovest, 1.354 nella Asl sud est.<\/p>\n<p>Questi i 21 decessi registrati in Toscana nelle ultime 24 ore, con l\u2019indicazione di sesso, et\u00e0, comune di domicilio: M, 58, Milano; M, 78, Lucca; M, 72, Castelnuovo Garfagnana (deceduto il 17, registrato in ritardo); M, 98, Casciana Terme; M, 83, Livorno; M, 77, Pietrasanta; F, 73, Massarosa; M, 78, Santa Maria a Monte; M, 86, Capannori; M, 76, Pontremoli; M, 78, Pistoia; F, 80, Monsummano Terme; F, 86, Pistoia; F, 82, Pistoia; M, 84, Buggiano (Pt); M, 87, Empoli; M, 87, Santa Croce; M, 86, Prato (deceduto il 23, registrato in ritardo); F, 93, Prato (deceduto il 26, registrato in ritardo); M, 85, Montepulciano; F, 92, Sarteano.<\/p>\n<p>Di 3.817 tamponi fino ad oggi risultati positivi al test, questa \u00e8 la suddivisione per provincia di segnalazione, che non sempre corrisponde necessariamente a quella di residenza: 855 Firenze, 298 Pistoia, 217 Prato (totale Asl centro: 1.370), 618 Lucca, 470 Massa-Carrara, 398 Pisa, 220 Livorno (totale Asl nord ovest: 1.706), 234 Grosseto, 235 Siena, 272 Arezzo (totale sud est: 741).<\/p>\n<p>Dal 1\u00b0 febbraio ad oggi nei laboratori toscani sono stati effettuati in tutto&nbsp;<strong>25.613 tamponi, su&nbsp; 22.667 persone<\/strong>&nbsp;(in alcuni casi sono stati effettuati pi\u00f9 test per lo stesso paziente). Solo nelle ultime 24 ore, sono stati fatti 1.867 tamponi.<\/p>\n<hr \/>\n<p>* La Regione Toscana ha specificato in una nota che i&nbsp;dati comunicati oggi dall\u2019assessorato alla salute alla Protezione civile riportano un incremento del numero dei positivi, legato a una ragione tecnica rilevata nella giornata di ieri. L\u2019incremento odierno (cio\u00e8 la differenza tra il dato comunicato ieri e il dato di oggi) \u00e8 di <strong>367 soggetti positivi<\/strong>.&nbsp;L\u2019incremento reale \u00e8 per\u00f2 di soli 252 soggetti positivi. La differenza di 115 casi (da spalmare su una settimana) \u00e8 dovuta al recupero dell&#8217;attivit\u00e0 dei laboratori di Lucca e Grosseto, che hanno attivato il collegamento con la piattaforma regionale solo ieri.&nbsp;<\/p>\n<p>&nbsp;<\/p>\n","protected":false},"excerpt":{"rendered":"<p>12.301 le persone in isolamento domiciliare&nbsp;in tutta la Toscana, 198 i decessi dall&#8217;inizio dell&#8217;emergenza<\/p>\n","protected":false},"author":525,"featured_media":143221,"comment_status":"open","ping_status":"open","sticky":false,"template":"","format":"standard","meta":{"_acf_changed":false,"footnotes":""},"categories":[18],"tags":[],"class_list":["post-142373","post","type-post","status-publish","format-standard","has-post-thumbnail","hentry","category-salute"],"acf":[],"yoast_head":"<!-- This site is optimized with the Yoast SEO Premium plugin v24.2 (Yoast SEO v25.6) - https:\/\/yoast.com\/wordpress\/plugins\/seo\/ -->\n<title>Toscana, 252 nuovi casi positivi, 21 i decessi. 3817 i contagiati da inizio emergenza - intoscana<\/title>\n<meta name=\"description\" content=\"Corona Virus, i dati in Toscana del 28 marzo 2020 riportano 252 nuovi casi di pazienti positivi e 21 decessi, sono in tutto 198 i morti da inizio emergenza.\" \/>\n<meta name=\"robots\" content=\"index, follow, max-snippet:-1, max-image-preview:large, max-video-preview:-1\" \/>\n<link rel=\"canonical\" href=\"https:\/\/www.intoscana.it\/it\/corona-virus-toscana-bollettino-28-marzo\/\" \/>\n<meta property=\"og:locale\" content=\"it_IT\" \/>\n<meta property=\"og:type\" content=\"article\" \/>\n<meta property=\"og:title\" content=\"Toscana, 252 nuovi casi positivi, 21 i decessi. 3817 i contagiati da inizio emergenza\" \/>\n<meta property=\"og:description\" content=\"Corona Virus, i dati in Toscana del 28 marzo 2020 riportano 252 nuovi casi di pazienti positivi e 21 decessi, sono in tutto 198 i morti da inizio emergenza.\" \/>\n<meta property=\"og:url\" content=\"https:\/\/www.intoscana.it\/it\/corona-virus-toscana-bollettino-28-marzo\/\" \/>\n<meta property=\"og:site_name\" content=\"intoscana\" \/>\n<meta property=\"article:publisher\" content=\"https:\/\/www.facebook.com\/intoscana.it\" \/>\n<meta property=\"article:published_time\" content=\"2020-03-28T15:37:44+00:00\" \/>\n<meta property=\"article:modified_time\" content=\"2020-08-10T08:30:04+00:00\" \/>\n<meta property=\"og:image\" content=\"https:\/\/www.intoscana.it\/wp-content\/uploads\/corona-virus-mascherina.jpg\" \/>\n\t<meta property=\"og:image:width\" content=\"1024\" \/>\n\t<meta property=\"og:image:height\" content=\"768\" \/>\n\t<meta property=\"og:image:type\" content=\"image\/jpeg\" \/>\n<meta name=\"author\" content=\"Redazione\" \/>\n<meta name=\"twitter:card\" content=\"summary_large_image\" \/>\n<meta name=\"twitter:creator\" content=\"@intoscana\" \/>\n<meta name=\"twitter:site\" content=\"@intoscana\" \/>\n<meta name=\"twitter:label1\" content=\"Written by\" \/>\n\t<meta name=\"twitter:data1\" content=\"Redazione\" \/>\n\t<meta name=\"twitter:label2\" content=\"Est. reading time\" \/>\n\t<meta name=\"twitter:data2\" content=\"2 minuti\" \/>\n<script type=\"application\/ld+json\" class=\"yoast-schema-graph\">{\"@context\":\"https:\/\/schema.org\",\"@graph\":[{\"@type\":\"WebPage\",\"@id\":\"https:\/\/www.intoscana.it\/it\/corona-virus-toscana-bollettino-28-marzo\/\",\"url\":\"https:\/\/www.intoscana.it\/it\/corona-virus-toscana-bollettino-28-marzo\/\",\"name\":\"Toscana, 252 nuovi casi positivi, 21 i decessi. 3817 i contagiati da inizio emergenza - intoscana\",\"isPartOf\":{\"@id\":\"https:\/\/www.intoscana.it\/it\/#website\"},\"primaryImageOfPage\":{\"@id\":\"https:\/\/www.intoscana.it\/it\/corona-virus-toscana-bollettino-28-marzo\/#primaryimage\"},\"image\":{\"@id\":\"https:\/\/www.intoscana.it\/it\/corona-virus-toscana-bollettino-28-marzo\/#primaryimage\"},\"thumbnailUrl\":\"https:\/\/www.intoscana.it\/wp-content\/uploads\/corona-virus-mascherina.jpg\",\"datePublished\":\"2020-03-28T15:37:44+00:00\",\"dateModified\":\"2020-08-10T08:30:04+00:00\",\"author\":{\"@id\":\"https:\/\/www.intoscana.it\/it\/#\/schema\/person\/9223810753230f20bd670fdd322661f8\"},\"description\":\"Corona Virus, i dati in Toscana del 28 marzo 2020 riportano 252 nuovi casi di pazienti positivi e 21 decessi, sono in tutto 198 i morti da inizio emergenza.\",\"breadcrumb\":{\"@id\":\"https:\/\/www.intoscana.it\/it\/corona-virus-toscana-bollettino-28-marzo\/#breadcrumb\"},\"inLanguage\":\"it-IT\",\"potentialAction\":[{\"@type\":\"ReadAction\",\"target\":[\"https:\/\/www.intoscana.it\/it\/corona-virus-toscana-bollettino-28-marzo\/\"]}]},{\"@type\":\"ImageObject\",\"inLanguage\":\"it-IT\",\"@id\":\"https:\/\/www.intoscana.it\/it\/corona-virus-toscana-bollettino-28-marzo\/#primaryimage\",\"url\":\"https:\/\/www.intoscana.it\/wp-content\/uploads\/corona-virus-mascherina.jpg\",\"contentUrl\":\"https:\/\/www.intoscana.it\/wp-content\/uploads\/corona-virus-mascherina.jpg\",\"width\":1024,\"height\":768,\"caption\":\"Corona virus, i dati del bollettino della Regione Toscana del 28 marzo 2020.\"},{\"@type\":\"BreadcrumbList\",\"@id\":\"https:\/\/www.intoscana.it\/it\/corona-virus-toscana-bollettino-28-marzo\/#breadcrumb\",\"itemListElement\":[{\"@type\":\"ListItem\",\"position\":1,\"name\":\"Home\",\"item\":\"https:\/\/www.intoscana.it\/it\/\"},{\"@type\":\"ListItem\",\"position\":2,\"name\":\"Toscana, 252 nuovi casi positivi, 21 i decessi. 3817 i contagiati da inizio emergenza\"}]},{\"@type\":\"WebSite\",\"@id\":\"https:\/\/www.intoscana.it\/it\/#website\",\"url\":\"https:\/\/www.intoscana.it\/it\/\",\"name\":\"intoscana\",\"description\":\"\",\"potentialAction\":[{\"@type\":\"SearchAction\",\"target\":{\"@type\":\"EntryPoint\",\"urlTemplate\":\"https:\/\/www.intoscana.it\/it\/?s={search_term_string}\"},\"query-input\":{\"@type\":\"PropertyValueSpecification\",\"valueRequired\":true,\"valueName\":\"search_term_string\"}}],\"inLanguage\":\"it-IT\"},{\"@type\":\"Person\",\"@id\":\"https:\/\/www.intoscana.it\/it\/#\/schema\/person\/9223810753230f20bd670fdd322661f8\",\"name\":\"Redazione\",\"url\":\"https:\/\/www.intoscana.it\/it\/author\/redazione\/\"}]}<\/script>\n<!-- \/ Yoast SEO Premium plugin. -->","yoast_head_json":{"title":"Toscana, 252 nuovi casi positivi, 21 i decessi. 3817 i contagiati da inizio emergenza - intoscana","description":"Corona Virus, i dati in Toscana del 28 marzo 2020 riportano 252 nuovi casi di pazienti positivi e 21 decessi, sono in tutto 198 i morti da inizio emergenza.","robots":{"index":"index","follow":"follow","max-snippet":"max-snippet:-1","max-image-preview":"max-image-preview:large","max-video-preview":"max-video-preview:-1"},"canonical":"https:\/\/www.intoscana.it\/it\/corona-virus-toscana-bollettino-28-marzo\/","og_locale":"it_IT","og_type":"article","og_title":"Toscana, 252 nuovi casi positivi, 21 i decessi. 3817 i contagiati da inizio emergenza","og_description":"Corona Virus, i dati in Toscana del 28 marzo 2020 riportano 252 nuovi casi di pazienti positivi e 21 decessi, sono in tutto 198 i morti da inizio emergenza.","og_url":"https:\/\/www.intoscana.it\/it\/corona-virus-toscana-bollettino-28-marzo\/","og_site_name":"intoscana","article_publisher":"https:\/\/www.facebook.com\/intoscana.it","article_published_time":"2020-03-28T15:37:44+00:00","article_modified_time":"2020-08-10T08:30:04+00:00","og_image":[{"width":1024,"height":768,"url":"https:\/\/www.intoscana.it\/wp-content\/uploads\/corona-virus-mascherina.jpg","type":"image\/jpeg"}],"author":"Redazione","twitter_card":"summary_large_image","twitter_creator":"@intoscana","twitter_site":"@intoscana","twitter_misc":{"Written by":"Redazione","Est. reading time":"2 minuti"},"schema":{"@context":"https:\/\/schema.org","@graph":[{"@type":"WebPage","@id":"https:\/\/www.intoscana.it\/it\/corona-virus-toscana-bollettino-28-marzo\/","url":"https:\/\/www.intoscana.it\/it\/corona-virus-toscana-bollettino-28-marzo\/","name":"Toscana, 252 nuovi casi positivi, 21 i decessi. 3817 i contagiati da inizio emergenza - intoscana","isPartOf":{"@id":"https:\/\/www.intoscana.it\/it\/#website"},"primaryImageOfPage":{"@id":"https:\/\/www.intoscana.it\/it\/corona-virus-toscana-bollettino-28-marzo\/#primaryimage"},"image":{"@id":"https:\/\/www.intoscana.it\/it\/corona-virus-toscana-bollettino-28-marzo\/#primaryimage"},"thumbnailUrl":"https:\/\/www.intoscana.it\/wp-content\/uploads\/corona-virus-mascherina.jpg","datePublished":"2020-03-28T15:37:44+00:00","dateModified":"2020-08-10T08:30:04+00:00","author":{"@id":"https:\/\/www.intoscana.it\/it\/#\/schema\/person\/9223810753230f20bd670fdd322661f8"},"description":"Corona Virus, i dati in Toscana del 28 marzo 2020 riportano 252 nuovi casi di pazienti positivi e 21 decessi, sono in tutto 198 i morti da inizio emergenza.","breadcrumb":{"@id":"https:\/\/www.intoscana.it\/it\/corona-virus-toscana-bollettino-28-marzo\/#breadcrumb"},"inLanguage":"it-IT","potentialAction":[{"@type":"ReadAction","target":["https:\/\/www.intoscana.it\/it\/corona-virus-toscana-bollettino-28-marzo\/"]}]},{"@type":"ImageObject","inLanguage":"it-IT","@id":"https:\/\/www.intoscana.it\/it\/corona-virus-toscana-bollettino-28-marzo\/#primaryimage","url":"https:\/\/www.intoscana.it\/wp-content\/uploads\/corona-virus-mascherina.jpg","contentUrl":"https:\/\/www.intoscana.it\/wp-content\/uploads\/corona-virus-mascherina.jpg","width":1024,"height":768,"caption":"Corona virus, i dati del bollettino della Regione Toscana del 28 marzo 2020."},{"@type":"BreadcrumbList","@id":"https:\/\/www.intoscana.it\/it\/corona-virus-toscana-bollettino-28-marzo\/#breadcrumb","itemListElement":[{"@type":"ListItem","position":1,"name":"Home","item":"https:\/\/www.intoscana.it\/it\/"},{"@type":"ListItem","position":2,"name":"Toscana, 252 nuovi casi positivi, 21 i decessi. 3817 i contagiati da inizio emergenza"}]},{"@type":"WebSite","@id":"https:\/\/www.intoscana.it\/it\/#website","url":"https:\/\/www.intoscana.it\/it\/","name":"intoscana","description":"","potentialAction":[{"@type":"SearchAction","target":{"@type":"EntryPoint","urlTemplate":"https:\/\/www.intoscana.it\/it\/?s={search_term_string}"},"query-input":{"@type":"PropertyValueSpecification","valueRequired":true,"valueName":"search_term_string"}}],"inLanguage":"it-IT"},{"@type":"Person","@id":"https:\/\/www.intoscana.it\/it\/#\/schema\/person\/9223810753230f20bd670fdd322661f8","name":"Redazione","url":"https:\/\/www.intoscana.it\/it\/author\/redazione\/"}]}},"_links":{"self":[{"href":"https:\/\/www.intoscana.it\/it\/wp-json\/wp\/v2\/posts\/142373","targetHints":{"allow":["GET"]}}],"collection":[{"href":"https:\/\/www.intoscana.it\/it\/wp-json\/wp\/v2\/posts"}],"about":[{"href":"https:\/\/www.intoscana.it\/it\/wp-json\/wp\/v2\/types\/post"}],"author":[{"embeddable":true,"href":"https:\/\/www.intoscana.it\/it\/wp-json\/wp\/v2\/users\/525"}],"replies":[{"embeddable":true,"href":"https:\/\/www.intoscana.it\/it\/wp-json\/wp\/v2\/comments?post=142373"}],"version-history":[{"count":0,"href":"https:\/\/www.intoscana.it\/it\/wp-json\/wp\/v2\/posts\/142373\/revisions"}],"wp:featuredmedia":[{"embeddable":true,"href":"https:\/\/www.intoscana.it\/it\/wp-json\/wp\/v2\/media\/143221"}],"wp:attachment":[{"href":"https:\/\/www.intoscana.it\/it\/wp-json\/wp\/v2\/media?parent=142373"}],"wp:term":[{"taxonomy":"category","embeddable":true,"href":"https:\/\/www.intoscana.it\/it\/wp-json\/wp\/v2\/categories?post=142373"},{"taxonomy":"post_tag","embeddable":true,"href":"https:\/\/www.intoscana.it\/it\/wp-json\/wp\/v2\/tags?post=142373"}],"curies":[{"name":"wp","href":"https:\/\/api.w.org\/{rel}","templated":true}]}}