{"id":142413,"date":"2020-04-28T14:23:00","date_gmt":"2020-04-28T12:23:00","guid":{"rendered":"https:\/\/www.intoscana.it\/firenze-musei-e-fase-2-uffizi-pronti-a-partire-laccademia-invece-no\/"},"modified":"2020-08-10T10:30:25","modified_gmt":"2020-08-10T08:30:25","slug":"musei-riapertura-firenze","status":"publish","type":"post","link":"https:\/\/www.intoscana.it\/it\/musei-riapertura-firenze\/","title":{"rendered":"Firenze, musei e fase 2: Uffizi pronti a partire, l&#8217;Accademia invece no"},"content":{"rendered":"<p><strong>Aperture incerte per i musei di Firenze in vista del 18 maggio<\/strong>, la data indicata dal premier Giuseppe Conte per la loro possibile riapertura: <strong>gli Uffizi si sono detti pronti a ricevere di nuovo i visitatori<\/strong> garantendo il distanziamento sociale, mentre per la Galleria dell&#8217;Accademia non ci sono le condizioni necessarie e gli altri musei stanno valutando.<\/p>\n<p>&#8220;Le Gallerie degli Uffizi sono pronte a ripartire: ovviamente con i tempi e le modalit\u00e0 comunicate e stabilite&#8221; da governo e Mibact. <strong>&#8220;Apriremo, ma senza alcun trionfalismo e senza festa, perch\u00e9 l&#8217;emergenza epidemiologica non \u00e8 ancora finita. La crisi va avanti e occorre molta attenzione &#8211; ha dichiarato il direttore Eike Schmidt &#8211;<\/strong> premesso questo, riattivare i luoghi dell&#8217;arte, in questo momento storico, \u00e8 molto importante. \u00c8 un bene consentire di nuovo, in un frangente cos\u00ec difficile, alle persone l&#8217;accesso ai luoghi dell&#8217;arte e della bellezza, che tanto conforto possono portare&#8221;.<\/p>\n<p>Sulle modalit\u00e0 di accesso al museo Schmidt ha precisato che &#8220;<strong>abbiamo tutte le carte in regola per poter far rispettare le norme sul distanziamento sociale:<\/strong> per portare un esempio, gi\u00e0 in condizioni pre-Covid alla Galleria degli Uffizi il limite di compresenza era di 900 persone, il che significa in media 22 metri quadrati a disposizione di ogni persona&#8221;: questo numero ora &#8220;verr\u00e0 ulteriormente ridotto&#8221;. <strong>Inoltre &#8220;per scaglionare l&#8217;ingresso&#8221; ed evitare assembramenti, &#8220;potremo fare uso del nostro algoritmo,<\/strong> sviluppato per abbattere le file con l&#8217;Universit\u00e0 de L&#8217;Aquila, riadattandolo a una funzione di gestione del flusso dei visitatori&#8221;.<\/p>\n<p><img decoding=\"async\" style=\"width: 598px;\" title=\"Palazzo Pitti\" src=\"https:\/\/www.intoscana.it\/shared\/intoscana\/immagini\/palazzo-pitti.jpg\" alt=\"Palazzo Pitti\" height=\"398\" \/><\/p>\n<p><strong>Schmidt ha anche spiegato che &#8220;tre mostre speciali sono praticamente pronte a essere aperte&#8221;<\/strong> subito &#8220;nelle settimane successive all&#8217;apertura&#8221;. <br \/>Si tratta della &#8220;grande retrospettiva sulla pittrice del <strong>Seicento Giovanna Garzoni, vera e propria &#8216;bella addormentata&#8217; di Palazzo Pitti,<\/strong> che sar\u00e0 inaugurata, con una cerimonia virtuale, gi\u00e0 pochi giorni dopo la riapertura&#8221;, poi della mostra sulle <strong>Miniature medievali<\/strong> recuperate dal Comando Tutela Patrimonio Culturale dei Carabinieri e della prima <strong>monografica dedicata a Giuseppe Bezzuoli.<\/strong> &#8220;Naturalmente in questa fase intermedia &#8211; ha concluso il direttore &#8211; mancheranno i visitatori internazionali, ma proprio questo consentir\u00e0 una permanenza pi\u00f9 calma, rilassata, con maggior spazio e tempo per godersi gli Uffizi e le loro opere. Quest&#8217;estate i nostri musei offriranno un&#8217;esperienza unica, come non era possibile viverla da oltre mezzo secolo&#8221;.<\/p>\n<p><strong><img decoding=\"async\" style=\"width: 598px;\" title=\"accademia-firenze-david-michelangelo\" src=\"https:\/\/www.intoscana.it\/shared\/visittuscany\/immagini\/accademia-firenze-david-michelangelo.jpg\" alt=\"accademia-firenze-david-michelangelo\" height=\"399\" \/><\/p>\n<p>Per quanto riguarda invece la Galleria dell&#8217;Accademia la direttrice&nbsp;Cecilie Hollberg spiega che &#8220;riaprire non \u00e8 una cosa semplice,<\/strong> devono essere prese tutte le misure per garantire la massima tutela al personale e ai visitatori&#8221;, quindi, sottolinea, <strong>&#8220;noi non saremo tra i musei che apriranno il 18 maggio:<\/strong> per quella data non avr\u00f2 nemmeno le mascherine per tutti i dipendenti, ci vorr\u00e0 pi\u00f9 tempo&#8221;. &#8220;Il nostro \u00e8 un museo complesso e io non apro finch\u00e9 non siamo pronti per garantire sicurezza e sanit\u00e0 al pubblico &#8211; aggiunge Hollberg -, in questo momento non ci sono le condizioni. E non credo ci siano prima di giugno, non voglio rischiare&#8221;.<\/p>\n<p><img decoding=\"async\" alt=\"bargello-cortile.jpg\" style=\"width: 598px;\" title=\"bargello-cortile.jpg\" src=\"https:\/\/www.intoscana.it\/shared\/make\/immagini\/bargello-cortile_JNG.jpg\" height=\"398\" \/><\/p>\n<p>Per quanto riguarda il <strong>Bargello e i musei collegati a questo circuito, la direttrice Paola D&#8217;Agostino fa sapere di essere ancora in attesa delle indicazioni ministeriali<\/strong> sulle modalit\u00e0 di apertura e su una serie di linee guida che dovranno arrivare da Roma.<\/p>\n<p><strong> Incerto sulle modalit\u00e0 di riapertura dei musei comunali di Firenze l&#8217;assessore alla cultura, Tommaso Sacchi,<\/strong> che spiega: &#8220;dal 18 maggio potranno riaprire i musei e le biblioteche. I nostri uffici sono gi\u00e0 al lavoro per studiare le nuove prescrizioni che ci consentiranno di farci trovare pronti, ma adesso \u00e8 prematuro fare ipotesi di quanti musei apriremo e come&#8221; e &#8220;lo stesso vale per le biblioteche comunali dove stiamo lavorando per garantire almeno il sistema di prestito nella nuova fase. Sicuramente ci atterremo alla nuove norme in tema di flussi e sanificazioni: stiamo studiando un sistema di prenotazioni per accessi limitati ed evitare code agli ingressi&#8221;.<\/p>\n<p>&nbsp;<\/p>\n","protected":false},"excerpt":{"rendered":"<p>Gli Uffizi possono gi\u00e0 garantire il rispetto delle norme sul distanziamento sociale. Il Bargello aspetta indicazioni da Roma, mentre il Comune sta valutando come muoversi per riaprire i musei comunali e le biblioteche<\/p>\n","protected":false},"author":525,"featured_media":143261,"comment_status":"open","ping_status":"open","sticky":false,"template":"","format":"standard","meta":{"_acf_changed":false,"footnotes":""},"categories":[493,5],"tags":[226,384],"class_list":["post-142413","post","type-post","status-publish","format-standard","has-post-thumbnail","hentry","category-cultura","category-arte-e-cultura","tag-musei","tag-musei-firenze"],"acf":[],"yoast_head":"<!-- This site is optimized with the Yoast SEO Premium plugin v24.2 (Yoast SEO v25.6) - https:\/\/yoast.com\/wordpress\/plugins\/seo\/ -->\n<title>Firenze, musei e fase 2: Uffizi pronti a partire, l&#039;Accademia invece no - intoscana<\/title>\n<meta name=\"robots\" content=\"index, follow, max-snippet:-1, max-image-preview:large, max-video-preview:-1\" \/>\n<link rel=\"canonical\" href=\"https:\/\/www.intoscana.it\/it\/musei-riapertura-firenze\/\" \/>\n<meta property=\"og:locale\" content=\"it_IT\" \/>\n<meta property=\"og:type\" content=\"article\" \/>\n<meta property=\"og:title\" content=\"Firenze, musei e fase 2: Uffizi pronti a partire, l&#039;Accademia invece no\" \/>\n<meta property=\"og:description\" content=\"Gli Uffizi possono gi\u00e0 garantire il rispetto delle norme sul distanziamento sociale. Il Bargello aspetta indicazioni da Roma, mentre il Comune sta valutando come muoversi per riaprire i musei comunali e le biblioteche\" \/>\n<meta property=\"og:url\" content=\"https:\/\/www.intoscana.it\/it\/musei-riapertura-firenze\/\" \/>\n<meta property=\"og:site_name\" content=\"intoscana\" \/>\n<meta property=\"article:publisher\" content=\"https:\/\/www.facebook.com\/intoscana.it\" \/>\n<meta property=\"article:published_time\" content=\"2020-04-28T12:23:00+00:00\" \/>\n<meta property=\"article:modified_time\" content=\"2020-08-10T08:30:25+00:00\" \/>\n<meta property=\"og:image\" content=\"https:\/\/www.intoscana.it\/wp-content\/uploads\/uffizi-deserti-toscana.jpg\" \/>\n\t<meta property=\"og:image:width\" content=\"2000\" \/>\n\t<meta property=\"og:image:height\" content=\"1500\" \/>\n\t<meta property=\"og:image:type\" content=\"image\/jpeg\" \/>\n<meta name=\"author\" content=\"Redazione\" \/>\n<meta name=\"twitter:card\" content=\"summary_large_image\" \/>\n<meta name=\"twitter:creator\" content=\"@intoscana\" \/>\n<meta name=\"twitter:site\" content=\"@intoscana\" \/>\n<meta name=\"twitter:label1\" content=\"Written by\" \/>\n\t<meta name=\"twitter:data1\" content=\"Redazione\" \/>\n\t<meta name=\"twitter:label2\" content=\"Est. reading time\" \/>\n\t<meta name=\"twitter:data2\" content=\"3 minuti\" \/>\n<script type=\"application\/ld+json\" class=\"yoast-schema-graph\">{\"@context\":\"https:\/\/schema.org\",\"@graph\":[{\"@type\":\"WebPage\",\"@id\":\"https:\/\/www.intoscana.it\/it\/musei-riapertura-firenze\/\",\"url\":\"https:\/\/www.intoscana.it\/it\/musei-riapertura-firenze\/\",\"name\":\"Firenze, musei e fase 2: Uffizi pronti a partire, l'Accademia invece no - intoscana\",\"isPartOf\":{\"@id\":\"https:\/\/www.intoscana.it\/it\/#website\"},\"primaryImageOfPage\":{\"@id\":\"https:\/\/www.intoscana.it\/it\/musei-riapertura-firenze\/#primaryimage\"},\"image\":{\"@id\":\"https:\/\/www.intoscana.it\/it\/musei-riapertura-firenze\/#primaryimage\"},\"thumbnailUrl\":\"https:\/\/www.intoscana.it\/wp-content\/uploads\/uffizi-deserti-toscana.jpg\",\"datePublished\":\"2020-04-28T12:23:00+00:00\",\"dateModified\":\"2020-08-10T08:30:25+00:00\",\"author\":{\"@id\":\"https:\/\/www.intoscana.it\/it\/#\/schema\/person\/9223810753230f20bd670fdd322661f8\"},\"breadcrumb\":{\"@id\":\"https:\/\/www.intoscana.it\/it\/musei-riapertura-firenze\/#breadcrumb\"},\"inLanguage\":\"it-IT\",\"potentialAction\":[{\"@type\":\"ReadAction\",\"target\":[\"https:\/\/www.intoscana.it\/it\/musei-riapertura-firenze\/\"]}]},{\"@type\":\"ImageObject\",\"inLanguage\":\"it-IT\",\"@id\":\"https:\/\/www.intoscana.it\/it\/musei-riapertura-firenze\/#primaryimage\",\"url\":\"https:\/\/www.intoscana.it\/wp-content\/uploads\/uffizi-deserti-toscana.jpg\",\"contentUrl\":\"https:\/\/www.intoscana.it\/wp-content\/uploads\/uffizi-deserti-toscana.jpg\",\"width\":2000,\"height\":1500,\"caption\":\"Gli Uffizi\"},{\"@type\":\"BreadcrumbList\",\"@id\":\"https:\/\/www.intoscana.it\/it\/musei-riapertura-firenze\/#breadcrumb\",\"itemListElement\":[{\"@type\":\"ListItem\",\"position\":1,\"name\":\"Home\",\"item\":\"https:\/\/www.intoscana.it\/it\/\"},{\"@type\":\"ListItem\",\"position\":2,\"name\":\"Firenze, musei e fase 2: Uffizi pronti a partire, l&#8217;Accademia invece no\"}]},{\"@type\":\"WebSite\",\"@id\":\"https:\/\/www.intoscana.it\/it\/#website\",\"url\":\"https:\/\/www.intoscana.it\/it\/\",\"name\":\"intoscana\",\"description\":\"\",\"potentialAction\":[{\"@type\":\"SearchAction\",\"target\":{\"@type\":\"EntryPoint\",\"urlTemplate\":\"https:\/\/www.intoscana.it\/it\/?s={search_term_string}\"},\"query-input\":{\"@type\":\"PropertyValueSpecification\",\"valueRequired\":true,\"valueName\":\"search_term_string\"}}],\"inLanguage\":\"it-IT\"},{\"@type\":\"Person\",\"@id\":\"https:\/\/www.intoscana.it\/it\/#\/schema\/person\/9223810753230f20bd670fdd322661f8\",\"name\":\"Redazione\",\"url\":\"https:\/\/www.intoscana.it\/it\/author\/redazione\/\"}]}<\/script>\n<!-- \/ Yoast SEO Premium plugin. -->","yoast_head_json":{"title":"Firenze, musei e fase 2: Uffizi pronti a partire, l'Accademia invece no - intoscana","robots":{"index":"index","follow":"follow","max-snippet":"max-snippet:-1","max-image-preview":"max-image-preview:large","max-video-preview":"max-video-preview:-1"},"canonical":"https:\/\/www.intoscana.it\/it\/musei-riapertura-firenze\/","og_locale":"it_IT","og_type":"article","og_title":"Firenze, musei e fase 2: Uffizi pronti a partire, l'Accademia invece no","og_description":"Gli Uffizi possono gi\u00e0 garantire il rispetto delle norme sul distanziamento sociale. Il Bargello aspetta indicazioni da Roma, mentre il Comune sta valutando come muoversi per riaprire i musei comunali e le biblioteche","og_url":"https:\/\/www.intoscana.it\/it\/musei-riapertura-firenze\/","og_site_name":"intoscana","article_publisher":"https:\/\/www.facebook.com\/intoscana.it","article_published_time":"2020-04-28T12:23:00+00:00","article_modified_time":"2020-08-10T08:30:25+00:00","og_image":[{"width":2000,"height":1500,"url":"https:\/\/www.intoscana.it\/wp-content\/uploads\/uffizi-deserti-toscana.jpg","type":"image\/jpeg"}],"author":"Redazione","twitter_card":"summary_large_image","twitter_creator":"@intoscana","twitter_site":"@intoscana","twitter_misc":{"Written by":"Redazione","Est. reading time":"3 minuti"},"schema":{"@context":"https:\/\/schema.org","@graph":[{"@type":"WebPage","@id":"https:\/\/www.intoscana.it\/it\/musei-riapertura-firenze\/","url":"https:\/\/www.intoscana.it\/it\/musei-riapertura-firenze\/","name":"Firenze, musei e fase 2: Uffizi pronti a partire, l'Accademia invece no - intoscana","isPartOf":{"@id":"https:\/\/www.intoscana.it\/it\/#website"},"primaryImageOfPage":{"@id":"https:\/\/www.intoscana.it\/it\/musei-riapertura-firenze\/#primaryimage"},"image":{"@id":"https:\/\/www.intoscana.it\/it\/musei-riapertura-firenze\/#primaryimage"},"thumbnailUrl":"https:\/\/www.intoscana.it\/wp-content\/uploads\/uffizi-deserti-toscana.jpg","datePublished":"2020-04-28T12:23:00+00:00","dateModified":"2020-08-10T08:30:25+00:00","author":{"@id":"https:\/\/www.intoscana.it\/it\/#\/schema\/person\/9223810753230f20bd670fdd322661f8"},"breadcrumb":{"@id":"https:\/\/www.intoscana.it\/it\/musei-riapertura-firenze\/#breadcrumb"},"inLanguage":"it-IT","potentialAction":[{"@type":"ReadAction","target":["https:\/\/www.intoscana.it\/it\/musei-riapertura-firenze\/"]}]},{"@type":"ImageObject","inLanguage":"it-IT","@id":"https:\/\/www.intoscana.it\/it\/musei-riapertura-firenze\/#primaryimage","url":"https:\/\/www.intoscana.it\/wp-content\/uploads\/uffizi-deserti-toscana.jpg","contentUrl":"https:\/\/www.intoscana.it\/wp-content\/uploads\/uffizi-deserti-toscana.jpg","width":2000,"height":1500,"caption":"Gli Uffizi"},{"@type":"BreadcrumbList","@id":"https:\/\/www.intoscana.it\/it\/musei-riapertura-firenze\/#breadcrumb","itemListElement":[{"@type":"ListItem","position":1,"name":"Home","item":"https:\/\/www.intoscana.it\/it\/"},{"@type":"ListItem","position":2,"name":"Firenze, musei e fase 2: Uffizi pronti a partire, l&#8217;Accademia invece no"}]},{"@type":"WebSite","@id":"https:\/\/www.intoscana.it\/it\/#website","url":"https:\/\/www.intoscana.it\/it\/","name":"intoscana","description":"","potentialAction":[{"@type":"SearchAction","target":{"@type":"EntryPoint","urlTemplate":"https:\/\/www.intoscana.it\/it\/?s={search_term_string}"},"query-input":{"@type":"PropertyValueSpecification","valueRequired":true,"valueName":"search_term_string"}}],"inLanguage":"it-IT"},{"@type":"Person","@id":"https:\/\/www.intoscana.it\/it\/#\/schema\/person\/9223810753230f20bd670fdd322661f8","name":"Redazione","url":"https:\/\/www.intoscana.it\/it\/author\/redazione\/"}]}},"_links":{"self":[{"href":"https:\/\/www.intoscana.it\/it\/wp-json\/wp\/v2\/posts\/142413","targetHints":{"allow":["GET"]}}],"collection":[{"href":"https:\/\/www.intoscana.it\/it\/wp-json\/wp\/v2\/posts"}],"about":[{"href":"https:\/\/www.intoscana.it\/it\/wp-json\/wp\/v2\/types\/post"}],"author":[{"embeddable":true,"href":"https:\/\/www.intoscana.it\/it\/wp-json\/wp\/v2\/users\/525"}],"replies":[{"embeddable":true,"href":"https:\/\/www.intoscana.it\/it\/wp-json\/wp\/v2\/comments?post=142413"}],"version-history":[{"count":0,"href":"https:\/\/www.intoscana.it\/it\/wp-json\/wp\/v2\/posts\/142413\/revisions"}],"wp:featuredmedia":[{"embeddable":true,"href":"https:\/\/www.intoscana.it\/it\/wp-json\/wp\/v2\/media\/143261"}],"wp:attachment":[{"href":"https:\/\/www.intoscana.it\/it\/wp-json\/wp\/v2\/media?parent=142413"}],"wp:term":[{"taxonomy":"category","embeddable":true,"href":"https:\/\/www.intoscana.it\/it\/wp-json\/wp\/v2\/categories?post=142413"},{"taxonomy":"post_tag","embeddable":true,"href":"https:\/\/www.intoscana.it\/it\/wp-json\/wp\/v2\/tags?post=142413"}],"curies":[{"name":"wp","href":"https:\/\/api.w.org\/{rel}","templated":true}]}}