{"id":142491,"date":"2020-04-22T15:33:55","date_gmt":"2020-04-22T13:33:55","guid":{"rendered":"https:\/\/www.intoscana.it\/cassa-integrazione-in-deroga-il-tutorial-della-regione-per-fare-domanda\/"},"modified":"2020-08-10T10:31:03","modified_gmt":"2020-08-10T08:31:03","slug":"tutorial-cassa-integrazione","status":"publish","type":"post","link":"https:\/\/www.intoscana.it\/it\/tutorial-cassa-integrazione\/","title":{"rendered":"Cassa integrazione in deroga: il tutorial della Regione per fare domanda"},"content":{"rendered":"<p><strong>La Regione Toscana ha predisposto un video-tutorial per aiutare in modo efficace i datori di lavoro che intendono usufruire della <a href=\"https:\/\/www.regione.toscana.it\/-\/cassa-integrazione-in-deroga-per-covid-19\" target=\"_blank\" rel=\"noopener noreferrer\" class=\"broken_link\">cassa integrazione in deroga<\/a> per i propri dipendenti<\/strong> che hanno i requisiti richiesti per accedere a questa forma straordinaria di ammortizzazione sociale.<br \/>\u201cUtilizzando anche questa modalit\u00e0, ormai molto diffusa, <strong>abbiamo realizzato un video per mettere il pi\u00f9 alto numero possibile di persone interessate, imprenditori e professionisti, nella condizione di sapere come una domanda va fatta<\/strong> perch\u00e9 non si incorra nel rischio che venga presentata in modo non conforme\u201d, specifica l&#8217;assessore regionale a Lavoro, formazione ed istruzione, Cristina Grieco. \u201cCi aspettiamo che il tutorial, la cui realizzazione abbiamo affidato a un&#8217;agenzia di comunicazione specializzata, si dimostri utile a raggiungere l&#8217;obiettivo che ci siamo prefissati\u201d.<\/p>\n<p><iframe loading=\"lazy\" src=\"https:\/\/www.youtube.com\/embed\/mZkCXMDT-z4\" width=\"560\" height=\"315\" frameborder=\"0\" allowfullscreen=\"allowfullscreen\"><\/iframe><\/p>\n<p>Scopo della Regione, attraverso la direzione Lavoro, \u00e8 fornire un <strong>concreto supporto a coloro che, in condizioni rese assai complesse e non facili dalle misure di contenimento dell&#8217;emergenza da Coronavirus<\/strong>&nbsp;si trovano nella possibilit\u00e0 di presentare le domande per la cassa in deroga a favore dei propri dipendenti. Da questa volont\u00e0 \u00e8 sorta la collaborazione con lo studio Frankestein di Firenze, specializzato in comunicazione multimediale, per la produzione di un video il cui intento \u00e8 mostrare, passo dopo passo, tutte le operazioni, dall&#8217;accesso al sistema informativo all&#8217;invio delle domande, che devono essere fatte per arrivare a perfezionare in modo corretto la presentazione delle istanze.<br \/><strong> \u201cIl video ricostruisce il percorso da fare e chiarisce i dubbi che i professionisti manifestano, soprattutto quando accedono per la prima volta al sistema informativo\u201d,<\/strong> specifica l&#8217;assessore Grieco. Che conclude con un invito rivolto a tutti coloro che possono essere interessati: \u201cVisionatelo perch\u00e9 risponde a molte delle domande che solitamente vengono poste e quindi pu\u00f2 essere veramente utile\u201d.&nbsp;<\/p>\n","protected":false},"excerpt":{"rendered":"<p>Un video per aiutare i datori di lavoro in difficolt\u00e0 a causa del Coronavirus a fare domanda dell&#8217;ammortizzatore sociale per i propri dipendenti<\/p>\n","protected":false},"author":525,"featured_media":143339,"comment_status":"open","ping_status":"open","sticky":false,"template":"","format":"standard","meta":{"_acf_changed":false,"footnotes":""},"categories":[9],"tags":[267],"class_list":["post-142491","post","type-post","status-publish","format-standard","has-post-thumbnail","hentry","category-made-in-toscana","tag-imprese"],"acf":[],"yoast_head":"<!-- This site is optimized with the Yoast SEO Premium plugin v24.2 (Yoast SEO v25.6) - https:\/\/yoast.com\/wordpress\/plugins\/seo\/ -->\n<title>Cassa integrazione in deroga: il tutorial della Regione per fare domanda - intoscana<\/title>\n<meta name=\"robots\" content=\"index, follow, max-snippet:-1, max-image-preview:large, max-video-preview:-1\" \/>\n<link rel=\"canonical\" href=\"https:\/\/www.intoscana.it\/it\/tutorial-cassa-integrazione\/\" \/>\n<meta property=\"og:locale\" content=\"it_IT\" \/>\n<meta property=\"og:type\" content=\"article\" \/>\n<meta property=\"og:title\" content=\"Cassa integrazione in deroga: il tutorial della Regione per fare domanda\" \/>\n<meta property=\"og:description\" content=\"Un video per aiutare i datori di lavoro in difficolt\u00e0 a causa del Coronavirus a fare domanda dell&#039;ammortizzatore sociale per i propri dipendenti\" \/>\n<meta property=\"og:url\" content=\"https:\/\/www.intoscana.it\/it\/tutorial-cassa-integrazione\/\" \/>\n<meta property=\"og:site_name\" content=\"intoscana\" \/>\n<meta property=\"article:publisher\" content=\"https:\/\/www.facebook.com\/intoscana.it\" \/>\n<meta property=\"article:published_time\" content=\"2020-04-22T13:33:55+00:00\" \/>\n<meta property=\"article:modified_time\" content=\"2020-08-10T08:31:03+00:00\" \/>\n<meta property=\"og:image\" content=\"https:\/\/www.intoscana.it\/wp-content\/uploads\/shutterstock_526848103.jpg\" \/>\n\t<meta property=\"og:image:width\" content=\"2000\" \/>\n\t<meta property=\"og:image:height\" content=\"1333\" \/>\n\t<meta property=\"og:image:type\" content=\"image\/jpeg\" \/>\n<meta name=\"author\" content=\"Redazione\" \/>\n<meta name=\"twitter:card\" content=\"summary_large_image\" \/>\n<meta name=\"twitter:creator\" content=\"@intoscana\" \/>\n<meta name=\"twitter:site\" content=\"@intoscana\" \/>\n<meta name=\"twitter:label1\" content=\"Written by\" \/>\n\t<meta name=\"twitter:data1\" content=\"Redazione\" \/>\n\t<meta name=\"twitter:label2\" content=\"Est. reading time\" \/>\n\t<meta name=\"twitter:data2\" content=\"1 minuto\" \/>\n<script type=\"application\/ld+json\" class=\"yoast-schema-graph\">{\"@context\":\"https:\/\/schema.org\",\"@graph\":[{\"@type\":\"WebPage\",\"@id\":\"https:\/\/www.intoscana.it\/it\/tutorial-cassa-integrazione\/\",\"url\":\"https:\/\/www.intoscana.it\/it\/tutorial-cassa-integrazione\/\",\"name\":\"Cassa integrazione in deroga: il tutorial della Regione per fare domanda - intoscana\",\"isPartOf\":{\"@id\":\"https:\/\/www.intoscana.it\/it\/#website\"},\"primaryImageOfPage\":{\"@id\":\"https:\/\/www.intoscana.it\/it\/tutorial-cassa-integrazione\/#primaryimage\"},\"image\":{\"@id\":\"https:\/\/www.intoscana.it\/it\/tutorial-cassa-integrazione\/#primaryimage\"},\"thumbnailUrl\":\"https:\/\/www.intoscana.it\/wp-content\/uploads\/shutterstock_526848103.jpg\",\"datePublished\":\"2020-04-22T13:33:55+00:00\",\"dateModified\":\"2020-08-10T08:31:03+00:00\",\"author\":{\"@id\":\"https:\/\/www.intoscana.it\/it\/#\/schema\/person\/9223810753230f20bd670fdd322661f8\"},\"breadcrumb\":{\"@id\":\"https:\/\/www.intoscana.it\/it\/tutorial-cassa-integrazione\/#breadcrumb\"},\"inLanguage\":\"it-IT\",\"potentialAction\":[{\"@type\":\"ReadAction\",\"target\":[\"https:\/\/www.intoscana.it\/it\/tutorial-cassa-integrazione\/\"]}]},{\"@type\":\"ImageObject\",\"inLanguage\":\"it-IT\",\"@id\":\"https:\/\/www.intoscana.it\/it\/tutorial-cassa-integrazione\/#primaryimage\",\"url\":\"https:\/\/www.intoscana.it\/wp-content\/uploads\/shutterstock_526848103.jpg\",\"contentUrl\":\"https:\/\/www.intoscana.it\/wp-content\/uploads\/shutterstock_526848103.jpg\",\"width\":2000,\"height\":1333},{\"@type\":\"BreadcrumbList\",\"@id\":\"https:\/\/www.intoscana.it\/it\/tutorial-cassa-integrazione\/#breadcrumb\",\"itemListElement\":[{\"@type\":\"ListItem\",\"position\":1,\"name\":\"Home\",\"item\":\"https:\/\/www.intoscana.it\/it\/\"},{\"@type\":\"ListItem\",\"position\":2,\"name\":\"Cassa integrazione in deroga: il tutorial della Regione per fare domanda\"}]},{\"@type\":\"WebSite\",\"@id\":\"https:\/\/www.intoscana.it\/it\/#website\",\"url\":\"https:\/\/www.intoscana.it\/it\/\",\"name\":\"intoscana\",\"description\":\"\",\"potentialAction\":[{\"@type\":\"SearchAction\",\"target\":{\"@type\":\"EntryPoint\",\"urlTemplate\":\"https:\/\/www.intoscana.it\/it\/?s={search_term_string}\"},\"query-input\":{\"@type\":\"PropertyValueSpecification\",\"valueRequired\":true,\"valueName\":\"search_term_string\"}}],\"inLanguage\":\"it-IT\"},{\"@type\":\"Person\",\"@id\":\"https:\/\/www.intoscana.it\/it\/#\/schema\/person\/9223810753230f20bd670fdd322661f8\",\"name\":\"Redazione\",\"url\":\"https:\/\/www.intoscana.it\/it\/author\/redazione\/\"}]}<\/script>\n<!-- \/ Yoast SEO Premium plugin. -->","yoast_head_json":{"title":"Cassa integrazione in deroga: il tutorial della Regione per fare domanda - intoscana","robots":{"index":"index","follow":"follow","max-snippet":"max-snippet:-1","max-image-preview":"max-image-preview:large","max-video-preview":"max-video-preview:-1"},"canonical":"https:\/\/www.intoscana.it\/it\/tutorial-cassa-integrazione\/","og_locale":"it_IT","og_type":"article","og_title":"Cassa integrazione in deroga: il tutorial della Regione per fare domanda","og_description":"Un video per aiutare i datori di lavoro in difficolt\u00e0 a causa del Coronavirus a fare domanda dell'ammortizzatore sociale per i propri dipendenti","og_url":"https:\/\/www.intoscana.it\/it\/tutorial-cassa-integrazione\/","og_site_name":"intoscana","article_publisher":"https:\/\/www.facebook.com\/intoscana.it","article_published_time":"2020-04-22T13:33:55+00:00","article_modified_time":"2020-08-10T08:31:03+00:00","og_image":[{"width":2000,"height":1333,"url":"https:\/\/www.intoscana.it\/wp-content\/uploads\/shutterstock_526848103.jpg","type":"image\/jpeg"}],"author":"Redazione","twitter_card":"summary_large_image","twitter_creator":"@intoscana","twitter_site":"@intoscana","twitter_misc":{"Written by":"Redazione","Est. reading time":"1 minuto"},"schema":{"@context":"https:\/\/schema.org","@graph":[{"@type":"WebPage","@id":"https:\/\/www.intoscana.it\/it\/tutorial-cassa-integrazione\/","url":"https:\/\/www.intoscana.it\/it\/tutorial-cassa-integrazione\/","name":"Cassa integrazione in deroga: il tutorial della Regione per fare domanda - intoscana","isPartOf":{"@id":"https:\/\/www.intoscana.it\/it\/#website"},"primaryImageOfPage":{"@id":"https:\/\/www.intoscana.it\/it\/tutorial-cassa-integrazione\/#primaryimage"},"image":{"@id":"https:\/\/www.intoscana.it\/it\/tutorial-cassa-integrazione\/#primaryimage"},"thumbnailUrl":"https:\/\/www.intoscana.it\/wp-content\/uploads\/shutterstock_526848103.jpg","datePublished":"2020-04-22T13:33:55+00:00","dateModified":"2020-08-10T08:31:03+00:00","author":{"@id":"https:\/\/www.intoscana.it\/it\/#\/schema\/person\/9223810753230f20bd670fdd322661f8"},"breadcrumb":{"@id":"https:\/\/www.intoscana.it\/it\/tutorial-cassa-integrazione\/#breadcrumb"},"inLanguage":"it-IT","potentialAction":[{"@type":"ReadAction","target":["https:\/\/www.intoscana.it\/it\/tutorial-cassa-integrazione\/"]}]},{"@type":"ImageObject","inLanguage":"it-IT","@id":"https:\/\/www.intoscana.it\/it\/tutorial-cassa-integrazione\/#primaryimage","url":"https:\/\/www.intoscana.it\/wp-content\/uploads\/shutterstock_526848103.jpg","contentUrl":"https:\/\/www.intoscana.it\/wp-content\/uploads\/shutterstock_526848103.jpg","width":2000,"height":1333},{"@type":"BreadcrumbList","@id":"https:\/\/www.intoscana.it\/it\/tutorial-cassa-integrazione\/#breadcrumb","itemListElement":[{"@type":"ListItem","position":1,"name":"Home","item":"https:\/\/www.intoscana.it\/it\/"},{"@type":"ListItem","position":2,"name":"Cassa integrazione in deroga: il tutorial della Regione per fare domanda"}]},{"@type":"WebSite","@id":"https:\/\/www.intoscana.it\/it\/#website","url":"https:\/\/www.intoscana.it\/it\/","name":"intoscana","description":"","potentialAction":[{"@type":"SearchAction","target":{"@type":"EntryPoint","urlTemplate":"https:\/\/www.intoscana.it\/it\/?s={search_term_string}"},"query-input":{"@type":"PropertyValueSpecification","valueRequired":true,"valueName":"search_term_string"}}],"inLanguage":"it-IT"},{"@type":"Person","@id":"https:\/\/www.intoscana.it\/it\/#\/schema\/person\/9223810753230f20bd670fdd322661f8","name":"Redazione","url":"https:\/\/www.intoscana.it\/it\/author\/redazione\/"}]}},"_links":{"self":[{"href":"https:\/\/www.intoscana.it\/it\/wp-json\/wp\/v2\/posts\/142491","targetHints":{"allow":["GET"]}}],"collection":[{"href":"https:\/\/www.intoscana.it\/it\/wp-json\/wp\/v2\/posts"}],"about":[{"href":"https:\/\/www.intoscana.it\/it\/wp-json\/wp\/v2\/types\/post"}],"author":[{"embeddable":true,"href":"https:\/\/www.intoscana.it\/it\/wp-json\/wp\/v2\/users\/525"}],"replies":[{"embeddable":true,"href":"https:\/\/www.intoscana.it\/it\/wp-json\/wp\/v2\/comments?post=142491"}],"version-history":[{"count":0,"href":"https:\/\/www.intoscana.it\/it\/wp-json\/wp\/v2\/posts\/142491\/revisions"}],"wp:featuredmedia":[{"embeddable":true,"href":"https:\/\/www.intoscana.it\/it\/wp-json\/wp\/v2\/media\/143339"}],"wp:attachment":[{"href":"https:\/\/www.intoscana.it\/it\/wp-json\/wp\/v2\/media?parent=142491"}],"wp:term":[{"taxonomy":"category","embeddable":true,"href":"https:\/\/www.intoscana.it\/it\/wp-json\/wp\/v2\/categories?post=142491"},{"taxonomy":"post_tag","embeddable":true,"href":"https:\/\/www.intoscana.it\/it\/wp-json\/wp\/v2\/tags?post=142491"}],"curies":[{"name":"wp","href":"https:\/\/api.w.org\/{rel}","templated":true}]}}