{"id":142495,"date":"2020-05-05T15:51:34","date_gmt":"2020-05-05T13:51:34","guid":{"rendered":"https:\/\/www.intoscana.it\/ritorno-alla-normalita-tra-mascherine-e-frecce-per-salire-e-scendere-dalla-tramvia\/"},"modified":"2020-08-21T11:08:17","modified_gmt":"2020-08-21T09:08:17","slug":"normalita-tra-mascherine-e-frecce-per-salire-in-tramvia","status":"publish","type":"post","link":"https:\/\/www.intoscana.it\/it\/normalita-tra-mascherine-e-frecce-per-salire-in-tramvia\/","title":{"rendered":"Ritorno alla normalit\u00e0 tra mascherine e frecce per salire e scendere dalla tramvia"},"content":{"rendered":"<p>Una <strong>Firenze poco affollata quella dei primi giorni della fase2<\/strong>. Le serrande iniziano ad alzarsi, qualcuno ne approfitta per sistemare il negozio in vista della riapertura, alle fermate di bus e tramvia il personale incaricato controlla che le fasi di salita e discesa avvengano con ordine.&nbsp; &nbsp;<\/p>\n<p><img decoding=\"async\" dir=\"ltr\" style=\"width: 560px; display: block; margin-left: auto; margin-right: auto;\" title=\"panificio\" src=\"https:\/\/www.intoscana.it\/shared\/intoscana\/immagini\/fa0f7403-5d1a-4476-a7ff-735000c5c66e.jpg\" alt=\"panificio\" height=\"420\" \/><\/p>\n<p>Tante le persone che hanno scelto la <strong>bicicletta<\/strong> per muoversi in centro.&nbsp;Qualcuno ha&nbsp;&nbsp;addirittura tirato fuori i <strong>pattini<\/strong> dalla soffitta.<\/p>\n<p><img decoding=\"async\" dir=\"ltr\" style=\"width: 372px; float: left;\" title=\"Firenze in pattini\" src=\"https:\/\/www.intoscana.it\/shared\/intoscana\/immagini\/0995d32b-0997-43a6-ba46-30395cca9033.jpg\" alt=\"Firenze in pattini\" height=\"266\" \/><\/p>\n<p>&nbsp;&nbsp;<img decoding=\"async\" style=\"width: 235px;\" title=\"42b84e9f-94eb-47e1-8b92-bedfc11e669b\" src=\"https:\/\/www.intoscana.it\/shared\/intoscana\/immagini\/42b84e9f-94eb-47e1-8b92-bedfc11e669b.jpg\" alt=\"42b84e9f-94eb-47e1-8b92-bedfc11e669b\" height=\"291\" \/><\/p>\n<p>La <strong>stazione di Santa Maria Novella non \u00e8 quell\u2019andirivieni continuo di persone e viaggiatori cui eravamo abituati<\/strong>. Non ci sono trolley che cercano spazio tra un pendolare alle prese con il ritardo del proprio treno sul tabellone, un uomo d&#8217;affari al telefono che discute del prossimo bussines plan e una studentessa che racconta alla madre come \u00e8 andato l\u2019esame all\u2019universit\u00e0. Oggi \u00e8 un\u2019altra storia. La stazione \u00e8 semi deserta, non ci sono i pendolari dell\u2019orario di punta, non esiste pi\u00f9 neppure \u201cl\u2019orario di punta\u201d. \u00c8 una gigantesca struttura, suggestiva nella sua imponenza. Solo la presenza del personale Trenitalia e Polfer ci ricorda che ci troviamo all\u2019interno di un hub ferroviario nevralgico per gli scambi <strong>del centro Italia che accoglie circa 160 mila visitatori al giorno a cose normali<\/strong>, quando \u2018Covid\u2019 al massimo poteva riferirsi al nome di uno dei cattivi della Marvel.<\/p>\n<p><img decoding=\"async\" style=\"width: 500px; display: block; margin-left: auto; margin-right: auto;\" title=\"stazione santa maria novella fase 2\" src=\"https:\/\/www.intoscana.it\/shared\/intoscana\/immagini\/a940bcff-113d-4a1a-b3f2-5773b5cf134a.jpg\" alt=\"stazione santa maria novella fase 2\" height=\"375\" \/><\/p>\n<p><strong>Oggi il flusso \u00e8 nettamente minore.<\/strong> Nel primo giorno di ripartenza comunque sono stati <strong>oltre 27 mila gli utenti che hanno utilizzato uno dei circa 360 treni regionali in servizio<\/strong> in questa nuova fase dell\u2019emergenza con un riempimento medio di circa il 15% (la capienza massima dei treni inquesta fase \u00e8 del 50%). Con l\u2019inizio della fase 2 infatti l\u2019offerta ferroviaria toscana \u00e8 aumentata rispetto a quella ridotta al 30% delle settimane di lockdown e nelle prossime settimane aumenter\u00e0 ancora anche in base alle richieste pervenute dai pendolari.<\/p>\n<p>Come prevedibile le tratte pi\u00f9 frequentate sono state quelle sulle direttrici Arezzo-Valdarno-Firenze, Pisa-Empoli-Firenze e Pistoia-Prato-Firenze&nbsp;dove comunque l\u2019occupazione massima dei posti a sedere disponibili non ha superato il 25%.<\/p>\n<p>Per quanto riguarda i <strong>bus<\/strong>, sono state gi\u00e0 sperimentate corse bis e tris in alcune citt\u00e0 pi\u00f9 affollate, come Prato e Firenze (<strong>Ataf si \u00e8 preparata alla Fase 2 intensificando le frequenze&nbsp;su tutte le linee durante l\u2019intero arco della giornata, con particolare attenzione alle&nbsp;fasce del mattino<\/strong>) ma, fa sapere l\u2019assessore regionale ai Trasporti, Vincenzo Ceccarelli, complessivamente, nei prossimi giorni, i bus&nbsp;risaliranno&nbsp;dal 60 per cento a circa l\u201980 dell\u2019offerta: di fatto torneranno in servizio tutti i mezzi che circolavano prima dell\u2019emergenza, salvo i servizi scolastici. A bordo per\u00f2 possono salire meno persone (un quarto di quella normale), per l\u2019obbligo di mantenere almeno un metro di distanza (e indossando peraltro le mascherine).<\/p>\n<p><strong>Anche Gest<\/strong>, tramvia, ha \u201c<em>schierato<\/em>\u201d tutto il proprio parco mezzi per arrivare pronta a questa nuova fase dell\u2019emergenza. <strong>I Sirio circoleranno tutti i giorni dalle 5.00 alle 00.30: dal luned\u00ec al venerd\u00ec ci sar\u00e0 una corsa ogni 4\u201920\u2019\u2019 nelle fasce 6.30-10.30 e 16-20.30. Nella fascia 10.30-16.30 una corsa ogni 5 minuti circa.<\/strong> Nelle fasce 5-6 e 20-00.30 una corsa ogni 9 minuti. Il sabato e la domenica una corsa ogni 8-9 minuti tutto il giorno.<\/p>\n<p><img decoding=\"async\" style=\"width: 503px; display: block; margin-left: auto; margin-right: auto;\" title=\"fermate tramvia\" src=\"https:\/\/www.intoscana.it\/shared\/intoscana\/immagini\/7f92048a-a4db-4081-b841-8b68d85d0937.jpg\" alt=\"fermate tramvia\" height=\"377\" \/>In prossimit\u00e0 delle fermate delle frecce rosse e verdi aiutano i passeggeri a orientarsi nella salita e discesa. Personale della Municipale a bordo garantir\u00e0 che siano mantenute le distanze di sicurezza.<\/p>\n<p><iframe loading=\"lazy\" style=\"border: none; overflow: hidden;\" src=\"https:\/\/www.facebook.com\/plugins\/video.php?href=https%3A%2F%2Fwww.facebook.com%2FMuoversinToscana%2Fvideos%2F625965344942874%2F&amp;show_text=0&amp;width=560\" width=\"560\" height=\"315\" frameborder=\"0\" scrolling=\"no\" allowfullscreen=\"allowfullscreen\"><\/iframe><\/p>\n<p><strong>Non \u00e8 la Firenze che ci aspetteremmo<\/strong>. \u00c8 una Firenze che sta cercando di vincere la paura e la reticenza. E sotto questo aspetto \u00e8 importante ribadire che le aziende di tpl, in accordo con la Regione e in ottemperanza ai decreti del Governo, hanno intensificato le normali operazioni di sanificazione e di controllo. A bordo di treni, bus e metro si sale <strong>solo con mascherina e guanti, ci si siede dove \u00e8 permesso, si mantiene la distanza dagli altri passeggeri e se possibile, ci si lava le mani (o si igienizzano) prima o dopo il viaggio.<\/strong><\/p>\n<p>\u00c8 una Firenze, per\u00f2 anche <strong>responsabile<\/strong>: in centro tutti portavano la mascherina e la portavano correttamente. Quella che vi raccontiamo, insomma, \u00e8 una citt\u00e0 che, <strong>piano piano, sta tornando alla normalit\u00e0<\/strong>, una normalit\u00e0 che dovr\u00e0 abituarsi a fare a meno del turismo internazionale ma che senza dubbio compenser\u00e0 grazie alla propria bellezza.<\/p>\n<p>Proprio sul fronte \u201cturismo\u201d ha <strong>ripreso la propria operativit\u00e0 l\u2019aeroporto di Peretola<\/strong> che, insieme a quello di Ciampiano, e limitatamente al traffico privato, e sar\u00e0 utilizzato per sperimentare progetti pilota su sistemi di screening a tutela della sicurezza di dipendenti, passeggeri e del sistema aeroportuale nel suo complesso.<\/p>\n<p><iframe loading=\"lazy\" src=\"https:\/\/www.youtube.com\/embed\/DfRIDAVJn6Y\" width=\"560\" height=\"315\" frameborder=\"0\" allowfullscreen=\"allowfullscreen\"><\/iframe><\/p>\n","protected":false},"excerpt":{"rendered":"<p>Ecco come si mostra Firenze nei primi giorni di Fase 2. Aumentano bus e treni: il 4 maggio sono stati 27 mila gli utenti che hanno utilizzato uno dei circa 360 treni regionali in servizio<\/p>\n","protected":false},"author":503,"featured_media":143343,"comment_status":"open","ping_status":"open","sticky":false,"template":"","format":"standard","meta":{"_acf_changed":false,"footnotes":""},"categories":[494,7],"tags":[1577],"class_list":["post-142495","post","type-post","status-publish","format-standard","has-post-thumbnail","hentry","category-attualita","category-societa","tag-muoversi-in-toscana"],"acf":[],"yoast_head":"<!-- This site is optimized with the Yoast SEO Premium plugin v24.2 (Yoast SEO v25.6) - https:\/\/yoast.com\/wordpress\/plugins\/seo\/ -->\n<title>Ritorno alla normalit\u00e0 tra mascherine e frecce per salire e scendere dalla tramvia - intoscana<\/title>\n<meta name=\"description\" content=\"Toscana, il 4 maggio sono stati 27 mila gli utenti che hanno utilizzato uno dei circa 360 treni regionali in servizio\" \/>\n<meta name=\"robots\" content=\"index, follow, max-snippet:-1, max-image-preview:large, max-video-preview:-1\" \/>\n<link rel=\"canonical\" href=\"https:\/\/www.intoscana.it\/it\/normalita-tra-mascherine-e-frecce-per-salire-in-tramvia\/\" \/>\n<meta property=\"og:locale\" content=\"it_IT\" \/>\n<meta property=\"og:type\" content=\"article\" \/>\n<meta property=\"og:title\" content=\"Ritorno alla normalit\u00e0 tra mascherine e frecce per salire e scendere dalla tramvia\" \/>\n<meta property=\"og:description\" content=\"Toscana, il 4 maggio sono stati 27 mila gli utenti che hanno utilizzato uno dei circa 360 treni regionali in servizio\" \/>\n<meta property=\"og:url\" content=\"https:\/\/www.intoscana.it\/it\/normalita-tra-mascherine-e-frecce-per-salire-in-tramvia\/\" \/>\n<meta property=\"og:site_name\" content=\"intoscana\" \/>\n<meta property=\"article:publisher\" content=\"https:\/\/www.facebook.com\/intoscana.it\" \/>\n<meta property=\"article:published_time\" content=\"2020-05-05T13:51:34+00:00\" \/>\n<meta property=\"article:modified_time\" content=\"2020-08-21T09:08:17+00:00\" \/>\n<meta property=\"og:image\" content=\"https:\/\/www.intoscana.it\/wp-content\/uploads\/7fa6f994-746d-4278-a8f7-6d7b8debec57.jpg\" \/>\n\t<meta property=\"og:image:width\" content=\"768\" \/>\n\t<meta property=\"og:image:height\" content=\"1024\" \/>\n\t<meta property=\"og:image:type\" content=\"image\/jpeg\" \/>\n<meta name=\"author\" content=\"Giulia Rafanelli\" \/>\n<meta name=\"twitter:card\" content=\"summary_large_image\" \/>\n<meta name=\"twitter:creator\" content=\"@intoscana\" \/>\n<meta name=\"twitter:site\" content=\"@intoscana\" \/>\n<meta name=\"twitter:label1\" content=\"Written by\" \/>\n\t<meta name=\"twitter:data1\" content=\"Giulia Rafanelli\" \/>\n\t<meta name=\"twitter:label2\" content=\"Est. reading time\" \/>\n\t<meta name=\"twitter:data2\" content=\"4 minuti\" \/>\n<script type=\"application\/ld+json\" class=\"yoast-schema-graph\">{\"@context\":\"https:\/\/schema.org\",\"@graph\":[{\"@type\":\"WebPage\",\"@id\":\"https:\/\/www.intoscana.it\/it\/normalita-tra-mascherine-e-frecce-per-salire-in-tramvia\/\",\"url\":\"https:\/\/www.intoscana.it\/it\/normalita-tra-mascherine-e-frecce-per-salire-in-tramvia\/\",\"name\":\"Ritorno alla normalit\u00e0 tra mascherine e frecce per salire e scendere dalla tramvia - intoscana\",\"isPartOf\":{\"@id\":\"https:\/\/www.intoscana.it\/it\/#website\"},\"primaryImageOfPage\":{\"@id\":\"https:\/\/www.intoscana.it\/it\/normalita-tra-mascherine-e-frecce-per-salire-in-tramvia\/#primaryimage\"},\"image\":{\"@id\":\"https:\/\/www.intoscana.it\/it\/normalita-tra-mascherine-e-frecce-per-salire-in-tramvia\/#primaryimage\"},\"thumbnailUrl\":\"https:\/\/www.intoscana.it\/wp-content\/uploads\/7fa6f994-746d-4278-a8f7-6d7b8debec57.jpg\",\"datePublished\":\"2020-05-05T13:51:34+00:00\",\"dateModified\":\"2020-08-21T09:08:17+00:00\",\"author\":{\"@id\":\"https:\/\/www.intoscana.it\/it\/#\/schema\/person\/333569b367b301e30262defcea56c939\"},\"description\":\"Toscana, il 4 maggio sono stati 27 mila gli utenti che hanno utilizzato uno dei circa 360 treni regionali in servizio\",\"breadcrumb\":{\"@id\":\"https:\/\/www.intoscana.it\/it\/normalita-tra-mascherine-e-frecce-per-salire-in-tramvia\/#breadcrumb\"},\"inLanguage\":\"it-IT\",\"potentialAction\":[{\"@type\":\"ReadAction\",\"target\":[\"https:\/\/www.intoscana.it\/it\/normalita-tra-mascherine-e-frecce-per-salire-in-tramvia\/\"]}]},{\"@type\":\"ImageObject\",\"inLanguage\":\"it-IT\",\"@id\":\"https:\/\/www.intoscana.it\/it\/normalita-tra-mascherine-e-frecce-per-salire-in-tramvia\/#primaryimage\",\"url\":\"https:\/\/www.intoscana.it\/wp-content\/uploads\/7fa6f994-746d-4278-a8f7-6d7b8debec57.jpg\",\"contentUrl\":\"https:\/\/www.intoscana.it\/wp-content\/uploads\/7fa6f994-746d-4278-a8f7-6d7b8debec57.jpg\",\"width\":768,\"height\":1024},{\"@type\":\"BreadcrumbList\",\"@id\":\"https:\/\/www.intoscana.it\/it\/normalita-tra-mascherine-e-frecce-per-salire-in-tramvia\/#breadcrumb\",\"itemListElement\":[{\"@type\":\"ListItem\",\"position\":1,\"name\":\"Home\",\"item\":\"https:\/\/www.intoscana.it\/it\/\"},{\"@type\":\"ListItem\",\"position\":2,\"name\":\"Ritorno alla normalit\u00e0 tra mascherine e frecce per salire e scendere dalla tramvia\"}]},{\"@type\":\"WebSite\",\"@id\":\"https:\/\/www.intoscana.it\/it\/#website\",\"url\":\"https:\/\/www.intoscana.it\/it\/\",\"name\":\"intoscana\",\"description\":\"\",\"potentialAction\":[{\"@type\":\"SearchAction\",\"target\":{\"@type\":\"EntryPoint\",\"urlTemplate\":\"https:\/\/www.intoscana.it\/it\/?s={search_term_string}\"},\"query-input\":{\"@type\":\"PropertyValueSpecification\",\"valueRequired\":true,\"valueName\":\"search_term_string\"}}],\"inLanguage\":\"it-IT\"},{\"@type\":\"Person\",\"@id\":\"https:\/\/www.intoscana.it\/it\/#\/schema\/person\/333569b367b301e30262defcea56c939\",\"name\":\"Giulia Rafanelli\",\"url\":\"https:\/\/www.intoscana.it\/it\/author\/giulia-rafanelli\/\"}]}<\/script>\n<!-- \/ Yoast SEO Premium plugin. -->","yoast_head_json":{"title":"Ritorno alla normalit\u00e0 tra mascherine e frecce per salire e scendere dalla tramvia - intoscana","description":"Toscana, il 4 maggio sono stati 27 mila gli utenti che hanno utilizzato uno dei circa 360 treni regionali in servizio","robots":{"index":"index","follow":"follow","max-snippet":"max-snippet:-1","max-image-preview":"max-image-preview:large","max-video-preview":"max-video-preview:-1"},"canonical":"https:\/\/www.intoscana.it\/it\/normalita-tra-mascherine-e-frecce-per-salire-in-tramvia\/","og_locale":"it_IT","og_type":"article","og_title":"Ritorno alla normalit\u00e0 tra mascherine e frecce per salire e scendere dalla tramvia","og_description":"Toscana, il 4 maggio sono stati 27 mila gli utenti che hanno utilizzato uno dei circa 360 treni regionali in servizio","og_url":"https:\/\/www.intoscana.it\/it\/normalita-tra-mascherine-e-frecce-per-salire-in-tramvia\/","og_site_name":"intoscana","article_publisher":"https:\/\/www.facebook.com\/intoscana.it","article_published_time":"2020-05-05T13:51:34+00:00","article_modified_time":"2020-08-21T09:08:17+00:00","og_image":[{"width":768,"height":1024,"url":"https:\/\/www.intoscana.it\/wp-content\/uploads\/7fa6f994-746d-4278-a8f7-6d7b8debec57.jpg","type":"image\/jpeg"}],"author":"Giulia Rafanelli","twitter_card":"summary_large_image","twitter_creator":"@intoscana","twitter_site":"@intoscana","twitter_misc":{"Written by":"Giulia Rafanelli","Est. reading time":"4 minuti"},"schema":{"@context":"https:\/\/schema.org","@graph":[{"@type":"WebPage","@id":"https:\/\/www.intoscana.it\/it\/normalita-tra-mascherine-e-frecce-per-salire-in-tramvia\/","url":"https:\/\/www.intoscana.it\/it\/normalita-tra-mascherine-e-frecce-per-salire-in-tramvia\/","name":"Ritorno alla normalit\u00e0 tra mascherine e frecce per salire e scendere dalla tramvia - intoscana","isPartOf":{"@id":"https:\/\/www.intoscana.it\/it\/#website"},"primaryImageOfPage":{"@id":"https:\/\/www.intoscana.it\/it\/normalita-tra-mascherine-e-frecce-per-salire-in-tramvia\/#primaryimage"},"image":{"@id":"https:\/\/www.intoscana.it\/it\/normalita-tra-mascherine-e-frecce-per-salire-in-tramvia\/#primaryimage"},"thumbnailUrl":"https:\/\/www.intoscana.it\/wp-content\/uploads\/7fa6f994-746d-4278-a8f7-6d7b8debec57.jpg","datePublished":"2020-05-05T13:51:34+00:00","dateModified":"2020-08-21T09:08:17+00:00","author":{"@id":"https:\/\/www.intoscana.it\/it\/#\/schema\/person\/333569b367b301e30262defcea56c939"},"description":"Toscana, il 4 maggio sono stati 27 mila gli utenti che hanno utilizzato uno dei circa 360 treni regionali in servizio","breadcrumb":{"@id":"https:\/\/www.intoscana.it\/it\/normalita-tra-mascherine-e-frecce-per-salire-in-tramvia\/#breadcrumb"},"inLanguage":"it-IT","potentialAction":[{"@type":"ReadAction","target":["https:\/\/www.intoscana.it\/it\/normalita-tra-mascherine-e-frecce-per-salire-in-tramvia\/"]}]},{"@type":"ImageObject","inLanguage":"it-IT","@id":"https:\/\/www.intoscana.it\/it\/normalita-tra-mascherine-e-frecce-per-salire-in-tramvia\/#primaryimage","url":"https:\/\/www.intoscana.it\/wp-content\/uploads\/7fa6f994-746d-4278-a8f7-6d7b8debec57.jpg","contentUrl":"https:\/\/www.intoscana.it\/wp-content\/uploads\/7fa6f994-746d-4278-a8f7-6d7b8debec57.jpg","width":768,"height":1024},{"@type":"BreadcrumbList","@id":"https:\/\/www.intoscana.it\/it\/normalita-tra-mascherine-e-frecce-per-salire-in-tramvia\/#breadcrumb","itemListElement":[{"@type":"ListItem","position":1,"name":"Home","item":"https:\/\/www.intoscana.it\/it\/"},{"@type":"ListItem","position":2,"name":"Ritorno alla normalit\u00e0 tra mascherine e frecce per salire e scendere dalla tramvia"}]},{"@type":"WebSite","@id":"https:\/\/www.intoscana.it\/it\/#website","url":"https:\/\/www.intoscana.it\/it\/","name":"intoscana","description":"","potentialAction":[{"@type":"SearchAction","target":{"@type":"EntryPoint","urlTemplate":"https:\/\/www.intoscana.it\/it\/?s={search_term_string}"},"query-input":{"@type":"PropertyValueSpecification","valueRequired":true,"valueName":"search_term_string"}}],"inLanguage":"it-IT"},{"@type":"Person","@id":"https:\/\/www.intoscana.it\/it\/#\/schema\/person\/333569b367b301e30262defcea56c939","name":"Giulia Rafanelli","url":"https:\/\/www.intoscana.it\/it\/author\/giulia-rafanelli\/"}]}},"_links":{"self":[{"href":"https:\/\/www.intoscana.it\/it\/wp-json\/wp\/v2\/posts\/142495","targetHints":{"allow":["GET"]}}],"collection":[{"href":"https:\/\/www.intoscana.it\/it\/wp-json\/wp\/v2\/posts"}],"about":[{"href":"https:\/\/www.intoscana.it\/it\/wp-json\/wp\/v2\/types\/post"}],"author":[{"embeddable":true,"href":"https:\/\/www.intoscana.it\/it\/wp-json\/wp\/v2\/users\/503"}],"replies":[{"embeddable":true,"href":"https:\/\/www.intoscana.it\/it\/wp-json\/wp\/v2\/comments?post=142495"}],"version-history":[{"count":0,"href":"https:\/\/www.intoscana.it\/it\/wp-json\/wp\/v2\/posts\/142495\/revisions"}],"wp:featuredmedia":[{"embeddable":true,"href":"https:\/\/www.intoscana.it\/it\/wp-json\/wp\/v2\/media\/143343"}],"wp:attachment":[{"href":"https:\/\/www.intoscana.it\/it\/wp-json\/wp\/v2\/media?parent=142495"}],"wp:term":[{"taxonomy":"category","embeddable":true,"href":"https:\/\/www.intoscana.it\/it\/wp-json\/wp\/v2\/categories?post=142495"},{"taxonomy":"post_tag","embeddable":true,"href":"https:\/\/www.intoscana.it\/it\/wp-json\/wp\/v2\/tags?post=142495"}],"curies":[{"name":"wp","href":"https:\/\/api.w.org\/{rel}","templated":true}]}}