{"id":142498,"date":"2020-05-07T14:02:19","date_gmt":"2020-05-07T12:02:19","guid":{"rendered":"https:\/\/www.intoscana.it\/artigianato-artistico-il-30-delle-imprese-a-rischio-per-il-coronavirus\/"},"modified":"2020-08-10T10:31:06","modified_gmt":"2020-08-10T08:31:06","slug":"artigianato-rischio-chiusura","status":"publish","type":"post","link":"https:\/\/www.intoscana.it\/it\/artigianato-rischio-chiusura\/","title":{"rendered":"Artigianato artistico: il 30% delle imprese a rischio per il Coronavirus"},"content":{"rendered":"<p>La Fase 2 \u00e8 cominciata con indicazioni diverse per le piccole imprese artigiane in Toscana e a<strong> soffrire pi\u00f9 di tutti \u00e8 il mondo dell&#8217;artigianato artistico,<\/strong> che patisce l&#8217;assenza dei flussi turistici.&nbsp;<br \/><strong>&#8220;Di fronte alla crisi causata dall&#8217;emergenza Coronavirus purtroppo si prevede la chiusura di un 30% delle imprese artigiane &#8211; spiega Gianni Lamioni, presidente di Artex<\/strong>, Centro per l&#8217;artigianato artistico e tradizionale della Toscana&#8221;.&nbsp;<\/p>\n<p>L&#8217;universo dell&#8217;artigianato artistico \u00e8 costituito da circa <strong>20mila imprese toscane, che nel loro complesso impiegano oltre 100mila addetti, tra dipendenti e indipendenti.<\/strong> Fra gli altri comparti dell&#8217;artigianato &#8220;sono meno in sofferenza &#8211; spiega Alessandro Sorani, presidente di Confartigianato Firenze &#8211; le aziende degli impianti e del settore Ict, mentre piano piano ripartono quelle dell&#8217;artigianato alimentare&#8221;.<\/p>\n<p>Per aiutare le imprese Artex ha rivolto un appello ai consumatori locali, rilanciando sui propri canali social il video <strong>&#8220;Compra Artigiano&#8221; di Lorenzo Baglioni<\/strong> che invita ad acquistare prodotti unici, di qualit\u00e0, e legati al territorio.<\/p>\n<p><iframe loading=\"lazy\" style=\"border: none; overflow: hidden;\" src=\"https:\/\/www.facebook.com\/plugins\/video.php?href=https%3A%2F%2Fwww.facebook.com%2Fartex.artigianato.artistico%2Fvideos%2F164350001646112%2F&amp;show_text=0&amp;width=560\" width=\"560\" height=\"315\" frameborder=\"0\" scrolling=\"no\" allowfullscreen=\"allowfullscreen\"><\/iframe><\/p>\n<p>Cna Firenze invece ha reso noto che <strong>le imprese artigiane di Firenze e della provincia si aspettano un crollo del fatturato del -67% per il turismo, -57% per la moda e -54% per il commercio<\/strong> rispetto al 2019. \u00c8 quanto emerge da una indagine effettuata appunto da Cna Firenze tra i suoi soci che evidenzia tra i principali fattori di criticit\u00e0 il forte calo di liquidit\u00e0, la diminuzione brusca della domanda, le ripercussioni sull&#8217;occupazione e l&#8217;eccessivo prolungarsi della fase di incertezza. Il 70% delle imprese giudica negativamente i provvedimenti governativi su credito e liquidit\u00e0, e il 95% di chi ha presentato domanda di credito \u00e8 ancora in attesa. <\/p>\n<p>Per settori come ristorazione e bar, commercio specializzato non alimentare, benessere, trasporto persone, secondo Cna Firenze<strong> il rischio maggiore \u00e8 quello di una crisi irreversibile che termini con la chiusura dell&#8217;attivit\u00e0<\/strong>. &#8220;\u00c8 fondamentale sostenere le attivit\u00e0 economiche, specialmente quelle pi\u00f9 piccole&#8221;, sostiene il presidente dell&#8217;associazione Giacomo Cioni, che chiede misure come un fondo indennizzi per le imprese con cui onorare il canone di locazione, l&#8217;eliminazione dei contributi previdenziali dei dipendenti per il periodo di chiusura, e la riduzione dei tributi.<\/p>\n","protected":false},"excerpt":{"rendered":"<p>Artex lancia un appello per il settore: un&#8217;azienda su tre delle 20mila in Toscana potrebbe chiudere i battenti. Cna Firenze avvisa che gli artigiani temono un calo del 50% dei ricavi.<\/p>\n","protected":false},"author":525,"featured_media":143346,"comment_status":"open","ping_status":"open","sticky":false,"template":"","format":"standard","meta":{"_acf_changed":false,"footnotes":""},"categories":[9],"tags":[278,267],"class_list":["post-142498","post","type-post","status-publish","format-standard","has-post-thumbnail","hentry","category-made-in-toscana","tag-artigianato","tag-imprese"],"acf":[],"yoast_head":"<!-- This site is optimized with the Yoast SEO Premium plugin v24.2 (Yoast SEO v25.6) - https:\/\/yoast.com\/wordpress\/plugins\/seo\/ -->\n<title>Artigianato artistico: il 30% delle imprese a rischio per il Coronavirus - intoscana<\/title>\n<meta name=\"robots\" content=\"index, follow, max-snippet:-1, max-image-preview:large, max-video-preview:-1\" \/>\n<link rel=\"canonical\" href=\"https:\/\/www.intoscana.it\/it\/artigianato-rischio-chiusura\/\" \/>\n<meta property=\"og:locale\" content=\"it_IT\" \/>\n<meta property=\"og:type\" content=\"article\" \/>\n<meta property=\"og:title\" content=\"Artigianato artistico: il 30% delle imprese a rischio per il Coronavirus\" \/>\n<meta property=\"og:description\" content=\"Artex lancia un appello per il settore: un&#039;azienda su tre delle 20mila in Toscana potrebbe chiudere i battenti. Cna Firenze avvisa che gli artigiani temono un calo del 50% dei ricavi.\" \/>\n<meta property=\"og:url\" content=\"https:\/\/www.intoscana.it\/it\/artigianato-rischio-chiusura\/\" \/>\n<meta property=\"og:site_name\" content=\"intoscana\" \/>\n<meta property=\"article:publisher\" content=\"https:\/\/www.facebook.com\/intoscana.it\" \/>\n<meta property=\"article:published_time\" content=\"2020-05-07T12:02:19+00:00\" \/>\n<meta property=\"article:modified_time\" content=\"2020-08-10T08:31:06+00:00\" \/>\n<meta property=\"og:image\" content=\"https:\/\/www.intoscana.it\/wp-content\/uploads\/fig.5-bassa_tornitura-3.jpg\" \/>\n\t<meta property=\"og:image:width\" content=\"1984\" \/>\n\t<meta property=\"og:image:height\" content=\"1323\" \/>\n\t<meta property=\"og:image:type\" content=\"image\/jpeg\" \/>\n<meta name=\"author\" content=\"Redazione\" \/>\n<meta name=\"twitter:card\" content=\"summary_large_image\" \/>\n<meta name=\"twitter:creator\" content=\"@intoscana\" \/>\n<meta name=\"twitter:site\" content=\"@intoscana\" \/>\n<meta name=\"twitter:label1\" content=\"Written by\" \/>\n\t<meta name=\"twitter:data1\" content=\"Redazione\" \/>\n\t<meta name=\"twitter:label2\" content=\"Est. reading time\" \/>\n\t<meta name=\"twitter:data2\" content=\"2 minuti\" \/>\n<script type=\"application\/ld+json\" class=\"yoast-schema-graph\">{\"@context\":\"https:\/\/schema.org\",\"@graph\":[{\"@type\":\"WebPage\",\"@id\":\"https:\/\/www.intoscana.it\/it\/artigianato-rischio-chiusura\/\",\"url\":\"https:\/\/www.intoscana.it\/it\/artigianato-rischio-chiusura\/\",\"name\":\"Artigianato artistico: il 30% delle imprese a rischio per il Coronavirus - intoscana\",\"isPartOf\":{\"@id\":\"https:\/\/www.intoscana.it\/it\/#website\"},\"primaryImageOfPage\":{\"@id\":\"https:\/\/www.intoscana.it\/it\/artigianato-rischio-chiusura\/#primaryimage\"},\"image\":{\"@id\":\"https:\/\/www.intoscana.it\/it\/artigianato-rischio-chiusura\/#primaryimage\"},\"thumbnailUrl\":\"https:\/\/www.intoscana.it\/wp-content\/uploads\/fig.5-bassa_tornitura-3.jpg\",\"datePublished\":\"2020-05-07T12:02:19+00:00\",\"dateModified\":\"2020-08-10T08:31:06+00:00\",\"author\":{\"@id\":\"https:\/\/www.intoscana.it\/it\/#\/schema\/person\/9223810753230f20bd670fdd322661f8\"},\"breadcrumb\":{\"@id\":\"https:\/\/www.intoscana.it\/it\/artigianato-rischio-chiusura\/#breadcrumb\"},\"inLanguage\":\"it-IT\",\"potentialAction\":[{\"@type\":\"ReadAction\",\"target\":[\"https:\/\/www.intoscana.it\/it\/artigianato-rischio-chiusura\/\"]}]},{\"@type\":\"ImageObject\",\"inLanguage\":\"it-IT\",\"@id\":\"https:\/\/www.intoscana.it\/it\/artigianato-rischio-chiusura\/#primaryimage\",\"url\":\"https:\/\/www.intoscana.it\/wp-content\/uploads\/fig.5-bassa_tornitura-3.jpg\",\"contentUrl\":\"https:\/\/www.intoscana.it\/wp-content\/uploads\/fig.5-bassa_tornitura-3.jpg\",\"width\":1984,\"height\":1323},{\"@type\":\"BreadcrumbList\",\"@id\":\"https:\/\/www.intoscana.it\/it\/artigianato-rischio-chiusura\/#breadcrumb\",\"itemListElement\":[{\"@type\":\"ListItem\",\"position\":1,\"name\":\"Home\",\"item\":\"https:\/\/www.intoscana.it\/it\/\"},{\"@type\":\"ListItem\",\"position\":2,\"name\":\"Artigianato artistico: il 30% delle imprese a rischio per il Coronavirus\"}]},{\"@type\":\"WebSite\",\"@id\":\"https:\/\/www.intoscana.it\/it\/#website\",\"url\":\"https:\/\/www.intoscana.it\/it\/\",\"name\":\"intoscana\",\"description\":\"\",\"potentialAction\":[{\"@type\":\"SearchAction\",\"target\":{\"@type\":\"EntryPoint\",\"urlTemplate\":\"https:\/\/www.intoscana.it\/it\/?s={search_term_string}\"},\"query-input\":{\"@type\":\"PropertyValueSpecification\",\"valueRequired\":true,\"valueName\":\"search_term_string\"}}],\"inLanguage\":\"it-IT\"},{\"@type\":\"Person\",\"@id\":\"https:\/\/www.intoscana.it\/it\/#\/schema\/person\/9223810753230f20bd670fdd322661f8\",\"name\":\"Redazione\",\"url\":\"https:\/\/www.intoscana.it\/it\/author\/redazione\/\"}]}<\/script>\n<!-- \/ Yoast SEO Premium plugin. -->","yoast_head_json":{"title":"Artigianato artistico: il 30% delle imprese a rischio per il Coronavirus - intoscana","robots":{"index":"index","follow":"follow","max-snippet":"max-snippet:-1","max-image-preview":"max-image-preview:large","max-video-preview":"max-video-preview:-1"},"canonical":"https:\/\/www.intoscana.it\/it\/artigianato-rischio-chiusura\/","og_locale":"it_IT","og_type":"article","og_title":"Artigianato artistico: il 30% delle imprese a rischio per il Coronavirus","og_description":"Artex lancia un appello per il settore: un'azienda su tre delle 20mila in Toscana potrebbe chiudere i battenti. Cna Firenze avvisa che gli artigiani temono un calo del 50% dei ricavi.","og_url":"https:\/\/www.intoscana.it\/it\/artigianato-rischio-chiusura\/","og_site_name":"intoscana","article_publisher":"https:\/\/www.facebook.com\/intoscana.it","article_published_time":"2020-05-07T12:02:19+00:00","article_modified_time":"2020-08-10T08:31:06+00:00","og_image":[{"width":1984,"height":1323,"url":"https:\/\/www.intoscana.it\/wp-content\/uploads\/fig.5-bassa_tornitura-3.jpg","type":"image\/jpeg"}],"author":"Redazione","twitter_card":"summary_large_image","twitter_creator":"@intoscana","twitter_site":"@intoscana","twitter_misc":{"Written by":"Redazione","Est. reading time":"2 minuti"},"schema":{"@context":"https:\/\/schema.org","@graph":[{"@type":"WebPage","@id":"https:\/\/www.intoscana.it\/it\/artigianato-rischio-chiusura\/","url":"https:\/\/www.intoscana.it\/it\/artigianato-rischio-chiusura\/","name":"Artigianato artistico: il 30% delle imprese a rischio per il Coronavirus - intoscana","isPartOf":{"@id":"https:\/\/www.intoscana.it\/it\/#website"},"primaryImageOfPage":{"@id":"https:\/\/www.intoscana.it\/it\/artigianato-rischio-chiusura\/#primaryimage"},"image":{"@id":"https:\/\/www.intoscana.it\/it\/artigianato-rischio-chiusura\/#primaryimage"},"thumbnailUrl":"https:\/\/www.intoscana.it\/wp-content\/uploads\/fig.5-bassa_tornitura-3.jpg","datePublished":"2020-05-07T12:02:19+00:00","dateModified":"2020-08-10T08:31:06+00:00","author":{"@id":"https:\/\/www.intoscana.it\/it\/#\/schema\/person\/9223810753230f20bd670fdd322661f8"},"breadcrumb":{"@id":"https:\/\/www.intoscana.it\/it\/artigianato-rischio-chiusura\/#breadcrumb"},"inLanguage":"it-IT","potentialAction":[{"@type":"ReadAction","target":["https:\/\/www.intoscana.it\/it\/artigianato-rischio-chiusura\/"]}]},{"@type":"ImageObject","inLanguage":"it-IT","@id":"https:\/\/www.intoscana.it\/it\/artigianato-rischio-chiusura\/#primaryimage","url":"https:\/\/www.intoscana.it\/wp-content\/uploads\/fig.5-bassa_tornitura-3.jpg","contentUrl":"https:\/\/www.intoscana.it\/wp-content\/uploads\/fig.5-bassa_tornitura-3.jpg","width":1984,"height":1323},{"@type":"BreadcrumbList","@id":"https:\/\/www.intoscana.it\/it\/artigianato-rischio-chiusura\/#breadcrumb","itemListElement":[{"@type":"ListItem","position":1,"name":"Home","item":"https:\/\/www.intoscana.it\/it\/"},{"@type":"ListItem","position":2,"name":"Artigianato artistico: il 30% delle imprese a rischio per il Coronavirus"}]},{"@type":"WebSite","@id":"https:\/\/www.intoscana.it\/it\/#website","url":"https:\/\/www.intoscana.it\/it\/","name":"intoscana","description":"","potentialAction":[{"@type":"SearchAction","target":{"@type":"EntryPoint","urlTemplate":"https:\/\/www.intoscana.it\/it\/?s={search_term_string}"},"query-input":{"@type":"PropertyValueSpecification","valueRequired":true,"valueName":"search_term_string"}}],"inLanguage":"it-IT"},{"@type":"Person","@id":"https:\/\/www.intoscana.it\/it\/#\/schema\/person\/9223810753230f20bd670fdd322661f8","name":"Redazione","url":"https:\/\/www.intoscana.it\/it\/author\/redazione\/"}]}},"_links":{"self":[{"href":"https:\/\/www.intoscana.it\/it\/wp-json\/wp\/v2\/posts\/142498","targetHints":{"allow":["GET"]}}],"collection":[{"href":"https:\/\/www.intoscana.it\/it\/wp-json\/wp\/v2\/posts"}],"about":[{"href":"https:\/\/www.intoscana.it\/it\/wp-json\/wp\/v2\/types\/post"}],"author":[{"embeddable":true,"href":"https:\/\/www.intoscana.it\/it\/wp-json\/wp\/v2\/users\/525"}],"replies":[{"embeddable":true,"href":"https:\/\/www.intoscana.it\/it\/wp-json\/wp\/v2\/comments?post=142498"}],"version-history":[{"count":0,"href":"https:\/\/www.intoscana.it\/it\/wp-json\/wp\/v2\/posts\/142498\/revisions"}],"wp:featuredmedia":[{"embeddable":true,"href":"https:\/\/www.intoscana.it\/it\/wp-json\/wp\/v2\/media\/143346"}],"wp:attachment":[{"href":"https:\/\/www.intoscana.it\/it\/wp-json\/wp\/v2\/media?parent=142498"}],"wp:term":[{"taxonomy":"category","embeddable":true,"href":"https:\/\/www.intoscana.it\/it\/wp-json\/wp\/v2\/categories?post=142498"},{"taxonomy":"post_tag","embeddable":true,"href":"https:\/\/www.intoscana.it\/it\/wp-json\/wp\/v2\/tags?post=142498"}],"curies":[{"name":"wp","href":"https:\/\/api.w.org\/{rel}","templated":true}]}}