{"id":142555,"date":"2020-04-30T09:42:12","date_gmt":"2020-04-30T07:42:12","guid":{"rendered":"https:\/\/www.intoscana.it\/coronavirus-da-pelago-arrivano-le-mascherine-disegnate-dai-bambini\/"},"modified":"2020-08-10T10:31:36","modified_gmt":"2020-08-10T08:31:36","slug":"mascherine-bambine-agile","status":"publish","type":"post","link":"https:\/\/www.intoscana.it\/it\/mascherine-bambine-agile\/","title":{"rendered":"Coronavirus: da Pelago arrivano le mascherine disegnate dai bambini"},"content":{"rendered":"<p><strong>Un concorso tra i bambini fiorentini per scegliere i disegni che troveranno posto su 2.000 mascherine per la Fondazione Tommasino Bacciotti: \u00e8 l&#8217;idea dell&#8217;azienda Agile di Pelago,<\/strong> che dopo aver recentemente riconvertito la sua attivit\u00e0 per la produzione di dispositivi di protezione individuale ha lanciato una gara tra i pi\u00f9 piccoli, costretti a restare a casa in queste settimane.<strong> Inviati sui social, i 20 disegni dei bambini fiorentini che riceveranno pi\u00f9 like diventeranno cos\u00ec i modelli per le 2.000 mascherine che verranno donate alla onlus fiorentina. <\/strong><\/p>\n<p>&#8220;Tutto \u00e8 nato per caso &#8211; spiegano gli ad di Agile, Lapo e Lorenzo Roccia &#8211; osservando i disegni dei figli: avevamo gi\u00e0 in mente di donare delle mascherine a chi ne ha bisogno, e abbiamo pensato che per farle indossare ai bambini non ci fosse nulla di meglio dei disegni realizzati dai loro coetanei<strong>. Da qui l&#8217;idea di un concorso che potesse coinvolgere quanti pi\u00f9 bambini possibile in quest&#8217;operazione di solidariet\u00e0&#8221;. <\/strong><\/p>\n<p>I bambini hanno tempo fino alle ore 13 di venerd\u00ec 8 maggio per mandare i disegni della prima cosa che faranno appena potranno uscire in totale libert\u00e0, caricandoli su Instagram con i tag #appenaescofirenze, @maskin_byagile @fondazionetommasinobacciotti. Poi A<strong>gile proceder\u00e0 con la stampa e la realizzazione delle mascherine con marchio Mask-in &#8211; per un controvalore economico di oltre 10.000 euro &#8211; e la consegna a Paolo Bacciotti entro pochi giorni. <\/strong><\/p>\n<p>Tutto \u00e8 nato dall&#8217;esigenza di mettere in sicurezza i dipendenti di Agile gi\u00e0 a partire da met\u00e0 marzo. &#8220;Lavoriamo nel settore moda per le grandi firme &#8211; aggiungono i due imprenditori &#8211; e in una settimana abbiamo acquistato i dispositivi, ma gli ordini erano tutti bloccati o annullati, quindi <strong>abbiamo deciso di trasformare l&#8217;attivit\u00e0. Nell&#8217;arco di 20 giorni abbiamo elaborato il nuovo marchio, studiato la fattibilit\u00e0 e messo in piedi la filiera produttiva,<\/strong> acquistando i materiali e macchinari necessari alla realizzazione di questi dispositivi. Oltre al modello classico ne abbiamo sviluppato altri, inclusi quello lavabile e personalizzabile o la versione per bambini&#8221;.<\/p>\n","protected":false},"excerpt":{"rendered":"<p>L&#8217;azienda Agile si \u00e8 riconvertita nel realizzare i dispositivi di protezione individuale e ha lanciato un concorso per i pi\u00f9 piccoli&nbsp;<\/p>\n","protected":false},"author":525,"featured_media":143403,"comment_status":"open","ping_status":"open","sticky":false,"template":"","format":"standard","meta":{"_acf_changed":false,"footnotes":""},"categories":[9],"tags":[],"class_list":["post-142555","post","type-post","status-publish","format-standard","has-post-thumbnail","hentry","category-made-in-toscana"],"acf":[],"yoast_head":"<!-- This site is optimized with the Yoast SEO Premium plugin v24.2 (Yoast SEO v25.6) - https:\/\/yoast.com\/wordpress\/plugins\/seo\/ -->\n<title>Coronavirus: da Pelago arrivano le mascherine disegnate dai bambini - intoscana<\/title>\n<meta name=\"robots\" content=\"index, follow, max-snippet:-1, max-image-preview:large, max-video-preview:-1\" \/>\n<link rel=\"canonical\" href=\"https:\/\/www.intoscana.it\/it\/mascherine-bambine-agile\/\" \/>\n<meta property=\"og:locale\" content=\"it_IT\" \/>\n<meta property=\"og:type\" content=\"article\" \/>\n<meta property=\"og:title\" content=\"Coronavirus: da Pelago arrivano le mascherine disegnate dai bambini\" \/>\n<meta property=\"og:description\" content=\"L&#039;azienda Agile si \u00e8 riconvertita nel realizzare i dispositivi di protezione individuale e ha lanciato un concorso per i pi\u00f9 piccoli&nbsp;\" \/>\n<meta property=\"og:url\" content=\"https:\/\/www.intoscana.it\/it\/mascherine-bambine-agile\/\" \/>\n<meta property=\"og:site_name\" content=\"intoscana\" \/>\n<meta property=\"article:publisher\" content=\"https:\/\/www.facebook.com\/intoscana.it\" \/>\n<meta property=\"article:published_time\" content=\"2020-04-30T07:42:12+00:00\" \/>\n<meta property=\"article:modified_time\" content=\"2020-08-10T08:31:36+00:00\" \/>\n<meta property=\"og:image\" content=\"https:\/\/www.intoscana.it\/wp-content\/uploads\/mask-in-agile.jpg\" \/>\n\t<meta property=\"og:image:width\" content=\"1920\" \/>\n\t<meta property=\"og:image:height\" content=\"1100\" \/>\n\t<meta property=\"og:image:type\" content=\"image\/jpeg\" \/>\n<meta name=\"author\" content=\"Redazione\" \/>\n<meta name=\"twitter:card\" content=\"summary_large_image\" \/>\n<meta name=\"twitter:creator\" content=\"@intoscana\" \/>\n<meta name=\"twitter:site\" content=\"@intoscana\" \/>\n<meta name=\"twitter:label1\" content=\"Written by\" \/>\n\t<meta name=\"twitter:data1\" content=\"Redazione\" \/>\n\t<meta name=\"twitter:label2\" content=\"Est. reading time\" \/>\n\t<meta name=\"twitter:data2\" content=\"2 minuti\" \/>\n<script type=\"application\/ld+json\" class=\"yoast-schema-graph\">{\"@context\":\"https:\/\/schema.org\",\"@graph\":[{\"@type\":\"WebPage\",\"@id\":\"https:\/\/www.intoscana.it\/it\/mascherine-bambine-agile\/\",\"url\":\"https:\/\/www.intoscana.it\/it\/mascherine-bambine-agile\/\",\"name\":\"Coronavirus: da Pelago arrivano le mascherine disegnate dai bambini - intoscana\",\"isPartOf\":{\"@id\":\"https:\/\/www.intoscana.it\/it\/#website\"},\"primaryImageOfPage\":{\"@id\":\"https:\/\/www.intoscana.it\/it\/mascherine-bambine-agile\/#primaryimage\"},\"image\":{\"@id\":\"https:\/\/www.intoscana.it\/it\/mascherine-bambine-agile\/#primaryimage\"},\"thumbnailUrl\":\"https:\/\/www.intoscana.it\/wp-content\/uploads\/mask-in-agile.jpg\",\"datePublished\":\"2020-04-30T07:42:12+00:00\",\"dateModified\":\"2020-08-10T08:31:36+00:00\",\"author\":{\"@id\":\"https:\/\/www.intoscana.it\/it\/#\/schema\/person\/9223810753230f20bd670fdd322661f8\"},\"breadcrumb\":{\"@id\":\"https:\/\/www.intoscana.it\/it\/mascherine-bambine-agile\/#breadcrumb\"},\"inLanguage\":\"it-IT\",\"potentialAction\":[{\"@type\":\"ReadAction\",\"target\":[\"https:\/\/www.intoscana.it\/it\/mascherine-bambine-agile\/\"]}]},{\"@type\":\"ImageObject\",\"inLanguage\":\"it-IT\",\"@id\":\"https:\/\/www.intoscana.it\/it\/mascherine-bambine-agile\/#primaryimage\",\"url\":\"https:\/\/www.intoscana.it\/wp-content\/uploads\/mask-in-agile.jpg\",\"contentUrl\":\"https:\/\/www.intoscana.it\/wp-content\/uploads\/mask-in-agile.jpg\",\"width\":1920,\"height\":1100},{\"@type\":\"BreadcrumbList\",\"@id\":\"https:\/\/www.intoscana.it\/it\/mascherine-bambine-agile\/#breadcrumb\",\"itemListElement\":[{\"@type\":\"ListItem\",\"position\":1,\"name\":\"Home\",\"item\":\"https:\/\/www.intoscana.it\/it\/\"},{\"@type\":\"ListItem\",\"position\":2,\"name\":\"Coronavirus: da Pelago arrivano le mascherine disegnate dai bambini\"}]},{\"@type\":\"WebSite\",\"@id\":\"https:\/\/www.intoscana.it\/it\/#website\",\"url\":\"https:\/\/www.intoscana.it\/it\/\",\"name\":\"intoscana\",\"description\":\"\",\"potentialAction\":[{\"@type\":\"SearchAction\",\"target\":{\"@type\":\"EntryPoint\",\"urlTemplate\":\"https:\/\/www.intoscana.it\/it\/?s={search_term_string}\"},\"query-input\":{\"@type\":\"PropertyValueSpecification\",\"valueRequired\":true,\"valueName\":\"search_term_string\"}}],\"inLanguage\":\"it-IT\"},{\"@type\":\"Person\",\"@id\":\"https:\/\/www.intoscana.it\/it\/#\/schema\/person\/9223810753230f20bd670fdd322661f8\",\"name\":\"Redazione\",\"url\":\"https:\/\/www.intoscana.it\/it\/author\/redazione\/\"}]}<\/script>\n<!-- \/ Yoast SEO Premium plugin. -->","yoast_head_json":{"title":"Coronavirus: da Pelago arrivano le mascherine disegnate dai bambini - intoscana","robots":{"index":"index","follow":"follow","max-snippet":"max-snippet:-1","max-image-preview":"max-image-preview:large","max-video-preview":"max-video-preview:-1"},"canonical":"https:\/\/www.intoscana.it\/it\/mascherine-bambine-agile\/","og_locale":"it_IT","og_type":"article","og_title":"Coronavirus: da Pelago arrivano le mascherine disegnate dai bambini","og_description":"L'azienda Agile si \u00e8 riconvertita nel realizzare i dispositivi di protezione individuale e ha lanciato un concorso per i pi\u00f9 piccoli&nbsp;","og_url":"https:\/\/www.intoscana.it\/it\/mascherine-bambine-agile\/","og_site_name":"intoscana","article_publisher":"https:\/\/www.facebook.com\/intoscana.it","article_published_time":"2020-04-30T07:42:12+00:00","article_modified_time":"2020-08-10T08:31:36+00:00","og_image":[{"width":1920,"height":1100,"url":"https:\/\/www.intoscana.it\/wp-content\/uploads\/mask-in-agile.jpg","type":"image\/jpeg"}],"author":"Redazione","twitter_card":"summary_large_image","twitter_creator":"@intoscana","twitter_site":"@intoscana","twitter_misc":{"Written by":"Redazione","Est. reading time":"2 minuti"},"schema":{"@context":"https:\/\/schema.org","@graph":[{"@type":"WebPage","@id":"https:\/\/www.intoscana.it\/it\/mascherine-bambine-agile\/","url":"https:\/\/www.intoscana.it\/it\/mascherine-bambine-agile\/","name":"Coronavirus: da Pelago arrivano le mascherine disegnate dai bambini - intoscana","isPartOf":{"@id":"https:\/\/www.intoscana.it\/it\/#website"},"primaryImageOfPage":{"@id":"https:\/\/www.intoscana.it\/it\/mascherine-bambine-agile\/#primaryimage"},"image":{"@id":"https:\/\/www.intoscana.it\/it\/mascherine-bambine-agile\/#primaryimage"},"thumbnailUrl":"https:\/\/www.intoscana.it\/wp-content\/uploads\/mask-in-agile.jpg","datePublished":"2020-04-30T07:42:12+00:00","dateModified":"2020-08-10T08:31:36+00:00","author":{"@id":"https:\/\/www.intoscana.it\/it\/#\/schema\/person\/9223810753230f20bd670fdd322661f8"},"breadcrumb":{"@id":"https:\/\/www.intoscana.it\/it\/mascherine-bambine-agile\/#breadcrumb"},"inLanguage":"it-IT","potentialAction":[{"@type":"ReadAction","target":["https:\/\/www.intoscana.it\/it\/mascherine-bambine-agile\/"]}]},{"@type":"ImageObject","inLanguage":"it-IT","@id":"https:\/\/www.intoscana.it\/it\/mascherine-bambine-agile\/#primaryimage","url":"https:\/\/www.intoscana.it\/wp-content\/uploads\/mask-in-agile.jpg","contentUrl":"https:\/\/www.intoscana.it\/wp-content\/uploads\/mask-in-agile.jpg","width":1920,"height":1100},{"@type":"BreadcrumbList","@id":"https:\/\/www.intoscana.it\/it\/mascherine-bambine-agile\/#breadcrumb","itemListElement":[{"@type":"ListItem","position":1,"name":"Home","item":"https:\/\/www.intoscana.it\/it\/"},{"@type":"ListItem","position":2,"name":"Coronavirus: da Pelago arrivano le mascherine disegnate dai bambini"}]},{"@type":"WebSite","@id":"https:\/\/www.intoscana.it\/it\/#website","url":"https:\/\/www.intoscana.it\/it\/","name":"intoscana","description":"","potentialAction":[{"@type":"SearchAction","target":{"@type":"EntryPoint","urlTemplate":"https:\/\/www.intoscana.it\/it\/?s={search_term_string}"},"query-input":{"@type":"PropertyValueSpecification","valueRequired":true,"valueName":"search_term_string"}}],"inLanguage":"it-IT"},{"@type":"Person","@id":"https:\/\/www.intoscana.it\/it\/#\/schema\/person\/9223810753230f20bd670fdd322661f8","name":"Redazione","url":"https:\/\/www.intoscana.it\/it\/author\/redazione\/"}]}},"_links":{"self":[{"href":"https:\/\/www.intoscana.it\/it\/wp-json\/wp\/v2\/posts\/142555","targetHints":{"allow":["GET"]}}],"collection":[{"href":"https:\/\/www.intoscana.it\/it\/wp-json\/wp\/v2\/posts"}],"about":[{"href":"https:\/\/www.intoscana.it\/it\/wp-json\/wp\/v2\/types\/post"}],"author":[{"embeddable":true,"href":"https:\/\/www.intoscana.it\/it\/wp-json\/wp\/v2\/users\/525"}],"replies":[{"embeddable":true,"href":"https:\/\/www.intoscana.it\/it\/wp-json\/wp\/v2\/comments?post=142555"}],"version-history":[{"count":0,"href":"https:\/\/www.intoscana.it\/it\/wp-json\/wp\/v2\/posts\/142555\/revisions"}],"wp:featuredmedia":[{"embeddable":true,"href":"https:\/\/www.intoscana.it\/it\/wp-json\/wp\/v2\/media\/143403"}],"wp:attachment":[{"href":"https:\/\/www.intoscana.it\/it\/wp-json\/wp\/v2\/media?parent=142555"}],"wp:term":[{"taxonomy":"category","embeddable":true,"href":"https:\/\/www.intoscana.it\/it\/wp-json\/wp\/v2\/categories?post=142555"},{"taxonomy":"post_tag","embeddable":true,"href":"https:\/\/www.intoscana.it\/it\/wp-json\/wp\/v2\/tags?post=142555"}],"curies":[{"name":"wp","href":"https:\/\/api.w.org\/{rel}","templated":true}]}}