{"id":142561,"date":"2020-05-19T10:36:08","date_gmt":"2020-05-19T08:36:08","guid":{"rendered":"https:\/\/www.intoscana.it\/fase-2-grieco-tra-qualche-settimana-vedremo-i-risultati-degli-ammortizzatori-sociali\/"},"modified":"2020-08-10T10:31:38","modified_gmt":"2020-08-10T08:31:38","slug":"fase-2-grieco-tra-qualche-settimana-vedremo-i-risultati-degli-ammortizzatori-sociali","status":"publish","type":"post","link":"https:\/\/www.intoscana.it\/it\/fase-2-grieco-tra-qualche-settimana-vedremo-i-risultati-degli-ammortizzatori-sociali\/","title":{"rendered":"Fase 2, Grieco: &#8216;Tra qualche settimana vedremo i risultati degli ammortizzatori sociali&#8217;"},"content":{"rendered":"<p><strong>\u201cAnche in Toscana ripartono le attivit\u00e0 e si allentano alcuni vincoli sugli spostamenti.<\/strong> Si entra insomma a pieno titolo nella fase due. Ci entriamo con fiducia, ma anche con la massima precauzione. Tra qualche settimana vedremo i riflessi sull\u2019occupazione e sul tiraggio degli ammortizzatori sociali. Nel frattempo, sempre in Toscana, circa centomila sono i lavoratori per cui \u00e8 stata chiesta la cassa integrazione in deroga, centomila lavoratori di quasi quarantamila aziende, per i quali, come Regione, siamo riusciti in tempo record ad istruire, autorizzare ed inviare all\u2019Inps tutte le richieste pervenute per il pagamento\u201d. <\/p>\n<p><strong>Ad affermarlo \u00e8 l\u2019assessora a Lavoro, formazione ed istruzione della Regione Toscana, Cristina Grieco,<\/strong> che tuttavia mette in evidenza come, <strong>purtroppo, molti lavoratori siano ancora in attesa dell\u2019assegno<\/strong>: \u201cNonostante la nostra tempestivit\u00e0, molti lavoratori sono ancora in attesa del pagamento a causa dei tempi tecnici necessari all\u2019Inps per completare la procedura di liquidazione, anche se ci risulta che la situazione si stia sbloccando. Siamo al fianco di questi lavoratori e per questo abbiamo siglato un accordo col sistema bancario e le Poste per far avere a chi lo vuole, senza oneri ne&amp;rsquo ; interessi, l\u2019anticipo dell\u2019assegno che gli spetta. Entro il mese di maggio, in ogni caso, l\u2019Inps dovrebbe essere in grado di procedere al pagamento di tutti gli assegni\u201d.<\/p>\n<p><strong>La piattaforma per le domande online di cassa integrazione in deroga, attivata lo scorso 31 marzo, \u00e8 sempre disponibile<\/strong> per chi, avendone diritto, vuole inviare le richieste. Venerd\u00ec prossimo uscir\u00e0 il nuovo report della Regione che fotografer\u00e0 la situazione nella prima fase di ritorno alla normalit\u00e0.<\/p>\n","protected":false},"excerpt":{"rendered":"<p>In Toscana sono circa centomila i lavoratori per cui \u00e8 stata chiesta la cassa integrazione in deroga, lavoratori di quasi quarantamila aziende<\/p>\n","protected":false},"author":525,"featured_media":143409,"comment_status":"open","ping_status":"open","sticky":false,"template":"","format":"standard","meta":{"_acf_changed":false,"footnotes":""},"categories":[9],"tags":[],"class_list":["post-142561","post","type-post","status-publish","format-standard","has-post-thumbnail","hentry","category-made-in-toscana"],"acf":[],"yoast_head":"<!-- This site is optimized with the Yoast SEO Premium plugin v24.2 (Yoast SEO v25.6) - https:\/\/yoast.com\/wordpress\/plugins\/seo\/ -->\n<title>Fase 2, Grieco: &#039;Tra qualche settimana vedremo i risultati degli ammortizzatori sociali&#039; - intoscana<\/title>\n<meta name=\"description\" content=\"Grieco: &#039;Tra qualche settimana vedremo i primi risultati degli ammortizzatori sociali&#039;, circa 100mila i lavoratori per cui \u00e8 stata chiesta la cassa integrazione\" \/>\n<meta name=\"robots\" content=\"index, follow, max-snippet:-1, max-image-preview:large, max-video-preview:-1\" \/>\n<link rel=\"canonical\" href=\"https:\/\/www.intoscana.it\/it\/fase-2-grieco-tra-qualche-settimana-vedremo-i-risultati-degli-ammortizzatori-sociali\/\" \/>\n<meta property=\"og:locale\" content=\"it_IT\" \/>\n<meta property=\"og:type\" content=\"article\" \/>\n<meta property=\"og:title\" content=\"Fase 2, Grieco: &#039;Tra qualche settimana vedremo i risultati degli ammortizzatori sociali&#039;\" \/>\n<meta property=\"og:description\" content=\"Grieco: &#039;Tra qualche settimana vedremo i primi risultati degli ammortizzatori sociali&#039;, circa 100mila i lavoratori per cui \u00e8 stata chiesta la cassa integrazione\" \/>\n<meta property=\"og:url\" content=\"https:\/\/www.intoscana.it\/it\/fase-2-grieco-tra-qualche-settimana-vedremo-i-risultati-degli-ammortizzatori-sociali\/\" \/>\n<meta property=\"og:site_name\" content=\"intoscana\" \/>\n<meta property=\"article:publisher\" content=\"https:\/\/www.facebook.com\/intoscana.it\" \/>\n<meta property=\"article:published_time\" content=\"2020-05-19T08:36:08+00:00\" \/>\n<meta property=\"article:modified_time\" content=\"2020-08-10T08:31:38+00:00\" \/>\n<meta property=\"og:image\" content=\"https:\/\/www.intoscana.it\/wp-content\/uploads\/imm_sicurezza-1.jpg\" \/>\n\t<meta property=\"og:image:width\" content=\"608\" \/>\n\t<meta property=\"og:image:height\" content=\"340\" \/>\n\t<meta property=\"og:image:type\" content=\"image\/jpeg\" \/>\n<meta name=\"author\" content=\"Redazione\" \/>\n<meta name=\"twitter:card\" content=\"summary_large_image\" \/>\n<meta name=\"twitter:creator\" content=\"@intoscana\" \/>\n<meta name=\"twitter:site\" content=\"@intoscana\" \/>\n<meta name=\"twitter:label1\" content=\"Written by\" \/>\n\t<meta name=\"twitter:data1\" content=\"Redazione\" \/>\n\t<meta name=\"twitter:label2\" content=\"Est. reading time\" \/>\n\t<meta name=\"twitter:data2\" content=\"1 minuto\" \/>\n<script type=\"application\/ld+json\" class=\"yoast-schema-graph\">{\"@context\":\"https:\/\/schema.org\",\"@graph\":[{\"@type\":\"WebPage\",\"@id\":\"https:\/\/www.intoscana.it\/it\/fase-2-grieco-tra-qualche-settimana-vedremo-i-risultati-degli-ammortizzatori-sociali\/\",\"url\":\"https:\/\/www.intoscana.it\/it\/fase-2-grieco-tra-qualche-settimana-vedremo-i-risultati-degli-ammortizzatori-sociali\/\",\"name\":\"Fase 2, Grieco: 'Tra qualche settimana vedremo i risultati degli ammortizzatori sociali' - intoscana\",\"isPartOf\":{\"@id\":\"https:\/\/www.intoscana.it\/it\/#website\"},\"primaryImageOfPage\":{\"@id\":\"https:\/\/www.intoscana.it\/it\/fase-2-grieco-tra-qualche-settimana-vedremo-i-risultati-degli-ammortizzatori-sociali\/#primaryimage\"},\"image\":{\"@id\":\"https:\/\/www.intoscana.it\/it\/fase-2-grieco-tra-qualche-settimana-vedremo-i-risultati-degli-ammortizzatori-sociali\/#primaryimage\"},\"thumbnailUrl\":\"https:\/\/www.intoscana.it\/wp-content\/uploads\/imm_sicurezza-1.jpg\",\"datePublished\":\"2020-05-19T08:36:08+00:00\",\"dateModified\":\"2020-08-10T08:31:38+00:00\",\"author\":{\"@id\":\"https:\/\/www.intoscana.it\/it\/#\/schema\/person\/9223810753230f20bd670fdd322661f8\"},\"description\":\"Grieco: 'Tra qualche settimana vedremo i primi risultati degli ammortizzatori sociali', circa 100mila i lavoratori per cui \u00e8 stata chiesta la cassa integrazione\",\"breadcrumb\":{\"@id\":\"https:\/\/www.intoscana.it\/it\/fase-2-grieco-tra-qualche-settimana-vedremo-i-risultati-degli-ammortizzatori-sociali\/#breadcrumb\"},\"inLanguage\":\"it-IT\",\"potentialAction\":[{\"@type\":\"ReadAction\",\"target\":[\"https:\/\/www.intoscana.it\/it\/fase-2-grieco-tra-qualche-settimana-vedremo-i-risultati-degli-ammortizzatori-sociali\/\"]}]},{\"@type\":\"ImageObject\",\"inLanguage\":\"it-IT\",\"@id\":\"https:\/\/www.intoscana.it\/it\/fase-2-grieco-tra-qualche-settimana-vedremo-i-risultati-degli-ammortizzatori-sociali\/#primaryimage\",\"url\":\"https:\/\/www.intoscana.it\/wp-content\/uploads\/imm_sicurezza-1.jpg\",\"contentUrl\":\"https:\/\/www.intoscana.it\/wp-content\/uploads\/imm_sicurezza-1.jpg\",\"width\":608,\"height\":340,\"caption\":\"Fase due, Grieco: \\\"Tra qualche settimana vedremo i primi risultati degli ammortizzatori sociali\\\"\"},{\"@type\":\"BreadcrumbList\",\"@id\":\"https:\/\/www.intoscana.it\/it\/fase-2-grieco-tra-qualche-settimana-vedremo-i-risultati-degli-ammortizzatori-sociali\/#breadcrumb\",\"itemListElement\":[{\"@type\":\"ListItem\",\"position\":1,\"name\":\"Home\",\"item\":\"https:\/\/www.intoscana.it\/it\/\"},{\"@type\":\"ListItem\",\"position\":2,\"name\":\"Fase 2, Grieco: &#8216;Tra qualche settimana vedremo i risultati degli ammortizzatori sociali&#8217;\"}]},{\"@type\":\"WebSite\",\"@id\":\"https:\/\/www.intoscana.it\/it\/#website\",\"url\":\"https:\/\/www.intoscana.it\/it\/\",\"name\":\"intoscana\",\"description\":\"\",\"potentialAction\":[{\"@type\":\"SearchAction\",\"target\":{\"@type\":\"EntryPoint\",\"urlTemplate\":\"https:\/\/www.intoscana.it\/it\/?s={search_term_string}\"},\"query-input\":{\"@type\":\"PropertyValueSpecification\",\"valueRequired\":true,\"valueName\":\"search_term_string\"}}],\"inLanguage\":\"it-IT\"},{\"@type\":\"Person\",\"@id\":\"https:\/\/www.intoscana.it\/it\/#\/schema\/person\/9223810753230f20bd670fdd322661f8\",\"name\":\"Redazione\",\"url\":\"https:\/\/www.intoscana.it\/it\/author\/redazione\/\"}]}<\/script>\n<!-- \/ Yoast SEO Premium plugin. -->","yoast_head_json":{"title":"Fase 2, Grieco: 'Tra qualche settimana vedremo i risultati degli ammortizzatori sociali' - intoscana","description":"Grieco: 'Tra qualche settimana vedremo i primi risultati degli ammortizzatori sociali', circa 100mila i lavoratori per cui \u00e8 stata chiesta la cassa integrazione","robots":{"index":"index","follow":"follow","max-snippet":"max-snippet:-1","max-image-preview":"max-image-preview:large","max-video-preview":"max-video-preview:-1"},"canonical":"https:\/\/www.intoscana.it\/it\/fase-2-grieco-tra-qualche-settimana-vedremo-i-risultati-degli-ammortizzatori-sociali\/","og_locale":"it_IT","og_type":"article","og_title":"Fase 2, Grieco: 'Tra qualche settimana vedremo i risultati degli ammortizzatori sociali'","og_description":"Grieco: 'Tra qualche settimana vedremo i primi risultati degli ammortizzatori sociali', circa 100mila i lavoratori per cui \u00e8 stata chiesta la cassa integrazione","og_url":"https:\/\/www.intoscana.it\/it\/fase-2-grieco-tra-qualche-settimana-vedremo-i-risultati-degli-ammortizzatori-sociali\/","og_site_name":"intoscana","article_publisher":"https:\/\/www.facebook.com\/intoscana.it","article_published_time":"2020-05-19T08:36:08+00:00","article_modified_time":"2020-08-10T08:31:38+00:00","og_image":[{"width":608,"height":340,"url":"https:\/\/www.intoscana.it\/wp-content\/uploads\/imm_sicurezza-1.jpg","type":"image\/jpeg"}],"author":"Redazione","twitter_card":"summary_large_image","twitter_creator":"@intoscana","twitter_site":"@intoscana","twitter_misc":{"Written by":"Redazione","Est. reading time":"1 minuto"},"schema":{"@context":"https:\/\/schema.org","@graph":[{"@type":"WebPage","@id":"https:\/\/www.intoscana.it\/it\/fase-2-grieco-tra-qualche-settimana-vedremo-i-risultati-degli-ammortizzatori-sociali\/","url":"https:\/\/www.intoscana.it\/it\/fase-2-grieco-tra-qualche-settimana-vedremo-i-risultati-degli-ammortizzatori-sociali\/","name":"Fase 2, Grieco: 'Tra qualche settimana vedremo i risultati degli ammortizzatori sociali' - intoscana","isPartOf":{"@id":"https:\/\/www.intoscana.it\/it\/#website"},"primaryImageOfPage":{"@id":"https:\/\/www.intoscana.it\/it\/fase-2-grieco-tra-qualche-settimana-vedremo-i-risultati-degli-ammortizzatori-sociali\/#primaryimage"},"image":{"@id":"https:\/\/www.intoscana.it\/it\/fase-2-grieco-tra-qualche-settimana-vedremo-i-risultati-degli-ammortizzatori-sociali\/#primaryimage"},"thumbnailUrl":"https:\/\/www.intoscana.it\/wp-content\/uploads\/imm_sicurezza-1.jpg","datePublished":"2020-05-19T08:36:08+00:00","dateModified":"2020-08-10T08:31:38+00:00","author":{"@id":"https:\/\/www.intoscana.it\/it\/#\/schema\/person\/9223810753230f20bd670fdd322661f8"},"description":"Grieco: 'Tra qualche settimana vedremo i primi risultati degli ammortizzatori sociali', circa 100mila i lavoratori per cui \u00e8 stata chiesta la cassa integrazione","breadcrumb":{"@id":"https:\/\/www.intoscana.it\/it\/fase-2-grieco-tra-qualche-settimana-vedremo-i-risultati-degli-ammortizzatori-sociali\/#breadcrumb"},"inLanguage":"it-IT","potentialAction":[{"@type":"ReadAction","target":["https:\/\/www.intoscana.it\/it\/fase-2-grieco-tra-qualche-settimana-vedremo-i-risultati-degli-ammortizzatori-sociali\/"]}]},{"@type":"ImageObject","inLanguage":"it-IT","@id":"https:\/\/www.intoscana.it\/it\/fase-2-grieco-tra-qualche-settimana-vedremo-i-risultati-degli-ammortizzatori-sociali\/#primaryimage","url":"https:\/\/www.intoscana.it\/wp-content\/uploads\/imm_sicurezza-1.jpg","contentUrl":"https:\/\/www.intoscana.it\/wp-content\/uploads\/imm_sicurezza-1.jpg","width":608,"height":340,"caption":"Fase due, Grieco: \"Tra qualche settimana vedremo i primi risultati degli ammortizzatori sociali\""},{"@type":"BreadcrumbList","@id":"https:\/\/www.intoscana.it\/it\/fase-2-grieco-tra-qualche-settimana-vedremo-i-risultati-degli-ammortizzatori-sociali\/#breadcrumb","itemListElement":[{"@type":"ListItem","position":1,"name":"Home","item":"https:\/\/www.intoscana.it\/it\/"},{"@type":"ListItem","position":2,"name":"Fase 2, Grieco: &#8216;Tra qualche settimana vedremo i risultati degli ammortizzatori sociali&#8217;"}]},{"@type":"WebSite","@id":"https:\/\/www.intoscana.it\/it\/#website","url":"https:\/\/www.intoscana.it\/it\/","name":"intoscana","description":"","potentialAction":[{"@type":"SearchAction","target":{"@type":"EntryPoint","urlTemplate":"https:\/\/www.intoscana.it\/it\/?s={search_term_string}"},"query-input":{"@type":"PropertyValueSpecification","valueRequired":true,"valueName":"search_term_string"}}],"inLanguage":"it-IT"},{"@type":"Person","@id":"https:\/\/www.intoscana.it\/it\/#\/schema\/person\/9223810753230f20bd670fdd322661f8","name":"Redazione","url":"https:\/\/www.intoscana.it\/it\/author\/redazione\/"}]}},"_links":{"self":[{"href":"https:\/\/www.intoscana.it\/it\/wp-json\/wp\/v2\/posts\/142561","targetHints":{"allow":["GET"]}}],"collection":[{"href":"https:\/\/www.intoscana.it\/it\/wp-json\/wp\/v2\/posts"}],"about":[{"href":"https:\/\/www.intoscana.it\/it\/wp-json\/wp\/v2\/types\/post"}],"author":[{"embeddable":true,"href":"https:\/\/www.intoscana.it\/it\/wp-json\/wp\/v2\/users\/525"}],"replies":[{"embeddable":true,"href":"https:\/\/www.intoscana.it\/it\/wp-json\/wp\/v2\/comments?post=142561"}],"version-history":[{"count":0,"href":"https:\/\/www.intoscana.it\/it\/wp-json\/wp\/v2\/posts\/142561\/revisions"}],"wp:featuredmedia":[{"embeddable":true,"href":"https:\/\/www.intoscana.it\/it\/wp-json\/wp\/v2\/media\/143409"}],"wp:attachment":[{"href":"https:\/\/www.intoscana.it\/it\/wp-json\/wp\/v2\/media?parent=142561"}],"wp:term":[{"taxonomy":"category","embeddable":true,"href":"https:\/\/www.intoscana.it\/it\/wp-json\/wp\/v2\/categories?post=142561"},{"taxonomy":"post_tag","embeddable":true,"href":"https:\/\/www.intoscana.it\/it\/wp-json\/wp\/v2\/tags?post=142561"}],"curies":[{"name":"wp","href":"https:\/\/api.w.org\/{rel}","templated":true}]}}