{"id":142570,"date":"2020-05-22T14:13:18","date_gmt":"2020-05-22T12:13:18","guid":{"rendered":"https:\/\/www.intoscana.it\/cna-firenze-lancia-compraitaliano-per-salvare-le-aziende-dello-shopping\/"},"modified":"2020-08-10T10:31:42","modified_gmt":"2020-08-10T08:31:42","slug":"cna-compra-italiano","status":"publish","type":"post","link":"https:\/\/www.intoscana.it\/it\/cna-compra-italiano\/","title":{"rendered":"Cna Firenze lancia #compraitaliano per salvare le aziende dello shopping"},"content":{"rendered":"<p><strong>Erano 1.631 le imprese dello shopping della moda a Firenze,<\/strong> il 28% di tutte quelle esistenti in Toscana, prima del lockdown ma \u00e8<strong> un numero che rischia di diminuire considerato lo stop del turismo<\/strong>, la diminuzione di reddito dei fiorentini e la tipologia di merce in vendita che implica il contatto della clientela. Per questo <strong>Cna Firenze lancia #compraitaliano,<\/strong> una campagna verso i consumatori per invitarli appunto ad acquistare la moda Made in Italy e difendere cos\u00ec la filiera produttiva che inizia oggi con un video.<\/p>\n<p>&#8220;Non sar\u00e0 facile ripartire &#8211; afferma <strong>Tiziana Trillo, coordinatore di Cna Federmoda Firenze<\/strong> &#8211; ma tutti insieme possiamo dare una mano comprando italiano e riscoprendo il valore delle produzioni locali. Perci\u00f2 sosteniamo questi negozi con una campagna di acquisti all&#8217;insegna del <strong>Made in Italy&#8221;.<\/strong><\/p>\n<p><strong>Inoltre la Camera di Commercio di Firenze stima una diminuzione del 12% del business, la seconda categoria pi\u00f9 in difficolt\u00e0 dopo alberghi e turismo<\/strong>. <br \/>La campagna #compraitaliano parte oggi&nbsp;con un video in cui gli imprenditori lanciano un appello a comprare prodotti made in Italy cos\u00ec da rilanciare i consumi e sostenere l&#8217;intera filiera moda. <strong>In Italia, infatti, chi vuol acquistare borse, pellicce e pelletteria deve guardare a Firenze<\/strong> che ha la maggior concentrazione di punti vendita d&#8217;Italia tanto per le borse (questi negozi costituiscono il 15% del totale dei negozi moda del territorio rispetto al 3% nazionale) che per pellicce e abbigliamento in pelle (2,3% rispetto allo 0,5% nazionale).1.631 imprese che danno occupazione a 5.268 addetti, anch&#8217;essi prevalentemente concentrati nei settori pelle (2.563) e confezioni (1.454).&nbsp;<\/p>\n<p>Il video viene condiviso sui social di Cna Firenze e dei suoi associati in modo tale da finalizzarlo verso la visione dei clienti. &#8220;Un modo &#8211; prosegue Tiziana Trillo &#8211; per aiutare a ripartire un settore commerciale in cui le produzioni locali giocano per\u00f2 un ruolo importante, vuoi per la prevalenza di confezioni (536 tra adulti e bambini), vuoi per le specializzazioni del comparto strettamente correlate al distretto della pelletteria&#8221;. Inoltre <strong>&#8220;la campagna vuol sensibilizzare quella parte di fiorentini inclini alla &#8216;fast fashion&#8217; a non acquistare capi usa e getta, ma di qualit\u00e0 e originalit\u00e0, prodotti da quelle stesse mani e menti creative che stanno nel dietro le quinte dei grandi brand<\/strong>&#8221; e &#8220;intende anche lanciare un messaggio rispetto ai tempi della moda che, per essere sostenibile ed etica, non pu\u00f2 pi\u00f9 avere le stesse velocit\u00e0: basta con le continue collezioni, torniamo alle due collezioni all&#8217;anno.&#8221;&nbsp;<\/p>\n","protected":false},"excerpt":{"rendered":"<p>Un video a sostegno delle 1.631 imprese della filiera fiorentina per lanciare un appello ai consumatori: acquistate la moda Made in Italy<\/p>\n","protected":false},"author":525,"featured_media":143418,"comment_status":"open","ping_status":"open","sticky":false,"template":"","format":"standard","meta":{"_acf_changed":false,"footnotes":""},"categories":[9,13],"tags":[267,189,407],"class_list":["post-142570","post","type-post","status-publish","format-standard","has-post-thumbnail","hentry","category-made-in-toscana","category-moda-e-design","tag-imprese","tag-moda","tag-shopping"],"acf":[],"yoast_head":"<!-- This site is optimized with the Yoast SEO Premium plugin v24.2 (Yoast SEO v25.6) - https:\/\/yoast.com\/wordpress\/plugins\/seo\/ -->\n<title>Cna Firenze lancia #compraitaliano per salvare le aziende dello shopping - intoscana<\/title>\n<meta name=\"robots\" content=\"index, follow, max-snippet:-1, max-image-preview:large, max-video-preview:-1\" \/>\n<link rel=\"canonical\" href=\"https:\/\/www.intoscana.it\/it\/cna-compra-italiano\/\" \/>\n<meta property=\"og:locale\" content=\"it_IT\" \/>\n<meta property=\"og:type\" content=\"article\" \/>\n<meta property=\"og:title\" content=\"Cna Firenze lancia #compraitaliano per salvare le aziende dello shopping\" \/>\n<meta property=\"og:description\" content=\"Un video a sostegno delle 1.631 imprese della filiera fiorentina per lanciare un appello ai consumatori: acquistate la moda Made in Italy\" \/>\n<meta property=\"og:url\" content=\"https:\/\/www.intoscana.it\/it\/cna-compra-italiano\/\" \/>\n<meta property=\"og:site_name\" content=\"intoscana\" \/>\n<meta property=\"article:publisher\" content=\"https:\/\/www.facebook.com\/intoscana.it\" \/>\n<meta property=\"article:published_time\" content=\"2020-05-22T12:13:18+00:00\" \/>\n<meta property=\"article:modified_time\" content=\"2020-08-10T08:31:42+00:00\" \/>\n<meta property=\"og:image\" content=\"https:\/\/www.intoscana.it\/wp-content\/uploads\/shopping-606993_1280-3.jpg\" \/>\n\t<meta property=\"og:image:width\" content=\"1000\" \/>\n\t<meta property=\"og:image:height\" content=\"666\" \/>\n\t<meta property=\"og:image:type\" content=\"image\/jpeg\" \/>\n<meta name=\"author\" content=\"Redazione\" \/>\n<meta name=\"twitter:card\" content=\"summary_large_image\" \/>\n<meta name=\"twitter:creator\" content=\"@intoscana\" \/>\n<meta name=\"twitter:site\" content=\"@intoscana\" \/>\n<meta name=\"twitter:label1\" content=\"Written by\" \/>\n\t<meta name=\"twitter:data1\" content=\"Redazione\" \/>\n\t<meta name=\"twitter:label2\" content=\"Est. reading time\" \/>\n\t<meta name=\"twitter:data2\" content=\"2 minuti\" \/>\n<script type=\"application\/ld+json\" class=\"yoast-schema-graph\">{\"@context\":\"https:\/\/schema.org\",\"@graph\":[{\"@type\":\"WebPage\",\"@id\":\"https:\/\/www.intoscana.it\/it\/cna-compra-italiano\/\",\"url\":\"https:\/\/www.intoscana.it\/it\/cna-compra-italiano\/\",\"name\":\"Cna Firenze lancia #compraitaliano per salvare le aziende dello shopping - intoscana\",\"isPartOf\":{\"@id\":\"https:\/\/www.intoscana.it\/it\/#website\"},\"primaryImageOfPage\":{\"@id\":\"https:\/\/www.intoscana.it\/it\/cna-compra-italiano\/#primaryimage\"},\"image\":{\"@id\":\"https:\/\/www.intoscana.it\/it\/cna-compra-italiano\/#primaryimage\"},\"thumbnailUrl\":\"https:\/\/www.intoscana.it\/wp-content\/uploads\/shopping-606993_1280-3.jpg\",\"datePublished\":\"2020-05-22T12:13:18+00:00\",\"dateModified\":\"2020-08-10T08:31:42+00:00\",\"author\":{\"@id\":\"https:\/\/www.intoscana.it\/it\/#\/schema\/person\/9223810753230f20bd670fdd322661f8\"},\"breadcrumb\":{\"@id\":\"https:\/\/www.intoscana.it\/it\/cna-compra-italiano\/#breadcrumb\"},\"inLanguage\":\"it-IT\",\"potentialAction\":[{\"@type\":\"ReadAction\",\"target\":[\"https:\/\/www.intoscana.it\/it\/cna-compra-italiano\/\"]}]},{\"@type\":\"ImageObject\",\"inLanguage\":\"it-IT\",\"@id\":\"https:\/\/www.intoscana.it\/it\/cna-compra-italiano\/#primaryimage\",\"url\":\"https:\/\/www.intoscana.it\/wp-content\/uploads\/shopping-606993_1280-3.jpg\",\"contentUrl\":\"https:\/\/www.intoscana.it\/wp-content\/uploads\/shopping-606993_1280-3.jpg\",\"width\":1000,\"height\":666,\"caption\":\"Saldi\"},{\"@type\":\"BreadcrumbList\",\"@id\":\"https:\/\/www.intoscana.it\/it\/cna-compra-italiano\/#breadcrumb\",\"itemListElement\":[{\"@type\":\"ListItem\",\"position\":1,\"name\":\"Home\",\"item\":\"https:\/\/www.intoscana.it\/it\/\"},{\"@type\":\"ListItem\",\"position\":2,\"name\":\"Cna Firenze lancia #compraitaliano per salvare le aziende dello shopping\"}]},{\"@type\":\"WebSite\",\"@id\":\"https:\/\/www.intoscana.it\/it\/#website\",\"url\":\"https:\/\/www.intoscana.it\/it\/\",\"name\":\"intoscana\",\"description\":\"\",\"potentialAction\":[{\"@type\":\"SearchAction\",\"target\":{\"@type\":\"EntryPoint\",\"urlTemplate\":\"https:\/\/www.intoscana.it\/it\/?s={search_term_string}\"},\"query-input\":{\"@type\":\"PropertyValueSpecification\",\"valueRequired\":true,\"valueName\":\"search_term_string\"}}],\"inLanguage\":\"it-IT\"},{\"@type\":\"Person\",\"@id\":\"https:\/\/www.intoscana.it\/it\/#\/schema\/person\/9223810753230f20bd670fdd322661f8\",\"name\":\"Redazione\",\"url\":\"https:\/\/www.intoscana.it\/it\/author\/redazione\/\"}]}<\/script>\n<!-- \/ Yoast SEO Premium plugin. -->","yoast_head_json":{"title":"Cna Firenze lancia #compraitaliano per salvare le aziende dello shopping - intoscana","robots":{"index":"index","follow":"follow","max-snippet":"max-snippet:-1","max-image-preview":"max-image-preview:large","max-video-preview":"max-video-preview:-1"},"canonical":"https:\/\/www.intoscana.it\/it\/cna-compra-italiano\/","og_locale":"it_IT","og_type":"article","og_title":"Cna Firenze lancia #compraitaliano per salvare le aziende dello shopping","og_description":"Un video a sostegno delle 1.631 imprese della filiera fiorentina per lanciare un appello ai consumatori: acquistate la moda Made in Italy","og_url":"https:\/\/www.intoscana.it\/it\/cna-compra-italiano\/","og_site_name":"intoscana","article_publisher":"https:\/\/www.facebook.com\/intoscana.it","article_published_time":"2020-05-22T12:13:18+00:00","article_modified_time":"2020-08-10T08:31:42+00:00","og_image":[{"width":1000,"height":666,"url":"https:\/\/www.intoscana.it\/wp-content\/uploads\/shopping-606993_1280-3.jpg","type":"image\/jpeg"}],"author":"Redazione","twitter_card":"summary_large_image","twitter_creator":"@intoscana","twitter_site":"@intoscana","twitter_misc":{"Written by":"Redazione","Est. reading time":"2 minuti"},"schema":{"@context":"https:\/\/schema.org","@graph":[{"@type":"WebPage","@id":"https:\/\/www.intoscana.it\/it\/cna-compra-italiano\/","url":"https:\/\/www.intoscana.it\/it\/cna-compra-italiano\/","name":"Cna Firenze lancia #compraitaliano per salvare le aziende dello shopping - intoscana","isPartOf":{"@id":"https:\/\/www.intoscana.it\/it\/#website"},"primaryImageOfPage":{"@id":"https:\/\/www.intoscana.it\/it\/cna-compra-italiano\/#primaryimage"},"image":{"@id":"https:\/\/www.intoscana.it\/it\/cna-compra-italiano\/#primaryimage"},"thumbnailUrl":"https:\/\/www.intoscana.it\/wp-content\/uploads\/shopping-606993_1280-3.jpg","datePublished":"2020-05-22T12:13:18+00:00","dateModified":"2020-08-10T08:31:42+00:00","author":{"@id":"https:\/\/www.intoscana.it\/it\/#\/schema\/person\/9223810753230f20bd670fdd322661f8"},"breadcrumb":{"@id":"https:\/\/www.intoscana.it\/it\/cna-compra-italiano\/#breadcrumb"},"inLanguage":"it-IT","potentialAction":[{"@type":"ReadAction","target":["https:\/\/www.intoscana.it\/it\/cna-compra-italiano\/"]}]},{"@type":"ImageObject","inLanguage":"it-IT","@id":"https:\/\/www.intoscana.it\/it\/cna-compra-italiano\/#primaryimage","url":"https:\/\/www.intoscana.it\/wp-content\/uploads\/shopping-606993_1280-3.jpg","contentUrl":"https:\/\/www.intoscana.it\/wp-content\/uploads\/shopping-606993_1280-3.jpg","width":1000,"height":666,"caption":"Saldi"},{"@type":"BreadcrumbList","@id":"https:\/\/www.intoscana.it\/it\/cna-compra-italiano\/#breadcrumb","itemListElement":[{"@type":"ListItem","position":1,"name":"Home","item":"https:\/\/www.intoscana.it\/it\/"},{"@type":"ListItem","position":2,"name":"Cna Firenze lancia #compraitaliano per salvare le aziende dello shopping"}]},{"@type":"WebSite","@id":"https:\/\/www.intoscana.it\/it\/#website","url":"https:\/\/www.intoscana.it\/it\/","name":"intoscana","description":"","potentialAction":[{"@type":"SearchAction","target":{"@type":"EntryPoint","urlTemplate":"https:\/\/www.intoscana.it\/it\/?s={search_term_string}"},"query-input":{"@type":"PropertyValueSpecification","valueRequired":true,"valueName":"search_term_string"}}],"inLanguage":"it-IT"},{"@type":"Person","@id":"https:\/\/www.intoscana.it\/it\/#\/schema\/person\/9223810753230f20bd670fdd322661f8","name":"Redazione","url":"https:\/\/www.intoscana.it\/it\/author\/redazione\/"}]}},"_links":{"self":[{"href":"https:\/\/www.intoscana.it\/it\/wp-json\/wp\/v2\/posts\/142570","targetHints":{"allow":["GET"]}}],"collection":[{"href":"https:\/\/www.intoscana.it\/it\/wp-json\/wp\/v2\/posts"}],"about":[{"href":"https:\/\/www.intoscana.it\/it\/wp-json\/wp\/v2\/types\/post"}],"author":[{"embeddable":true,"href":"https:\/\/www.intoscana.it\/it\/wp-json\/wp\/v2\/users\/525"}],"replies":[{"embeddable":true,"href":"https:\/\/www.intoscana.it\/it\/wp-json\/wp\/v2\/comments?post=142570"}],"version-history":[{"count":0,"href":"https:\/\/www.intoscana.it\/it\/wp-json\/wp\/v2\/posts\/142570\/revisions"}],"wp:featuredmedia":[{"embeddable":true,"href":"https:\/\/www.intoscana.it\/it\/wp-json\/wp\/v2\/media\/143418"}],"wp:attachment":[{"href":"https:\/\/www.intoscana.it\/it\/wp-json\/wp\/v2\/media?parent=142570"}],"wp:term":[{"taxonomy":"category","embeddable":true,"href":"https:\/\/www.intoscana.it\/it\/wp-json\/wp\/v2\/categories?post=142570"},{"taxonomy":"post_tag","embeddable":true,"href":"https:\/\/www.intoscana.it\/it\/wp-json\/wp\/v2\/tags?post=142570"}],"curies":[{"name":"wp","href":"https:\/\/api.w.org\/{rel}","templated":true}]}}