{"id":142573,"date":"2020-04-03T09:55:32","date_gmt":"2020-04-03T07:55:32","guid":{"rendered":"https:\/\/www.intoscana.it\/aiutiamo-chi-aiuta-psicologi-anche-per-i-soccorritori\/"},"modified":"2020-08-21T10:54:46","modified_gmt":"2020-08-21T08:54:46","slug":"supportopsicologicocerchioblu","status":"publish","type":"post","link":"https:\/\/www.intoscana.it\/it\/supportopsicologicocerchioblu\/","title":{"rendered":"Aiutiamo chi aiuta: psicologi anche per i soccorritori"},"content":{"rendered":"<p>L\u2019emergenza legata al Coronavirus \u00e8 arrivata nelle nostre vite e le ha stravolte, limitando le nostre libert\u00e0 e caricando il quotidiano di ansie, paure e preoccupazioni. Questa emergenza riguarda ognuno di noi, ma si accanisce ancora di pi\u00f9 con <strong>le persone impegnate in prima linea come sanitari, forze dell\u2019ordine, operatori di protezione civile che si trovano ad affrontare le paure legate al contagio o alla perdita di persone care sia nel quotidiano che nel lavoro<\/strong> che svolgono senza per\u00f2 smettere di aiutare gli altri. Per capire meglio <strong>cosa stanno vivendo queste persone, soprattutto a livello psicologico ed emotivo<\/strong>, abbiamo parlato con la d<strong>ottoressa Cristina Di Loreto psicologa e psicoterapeuta breve strategica<\/strong>, vice presidente e coordinatrice della rete nazionale degli psicologi di Cerchio Blu, associazione che da anni \u00e8 impegnata nella sensibilizzazione sul benessere psicologico all&#8217;interno delle forze dell\u2019ordine e negli operatori dell&#8217;emergenza e della sicurezza italiani.<\/p>\n<p>&nbsp;<\/p>\n<p><em><strong>Come stanno vivendo questa emergenza le persone, come forze dell\u2019ordine, protezione civile, sanitari e volontari impegnati in prima linea a tutelare la nostra salute?<\/strong><\/em><\/p>\n<p>In maniera ambivalente, a mio avviso, da un lato <strong>sono gratificati dal poter essere di aiuto e dall\u2019avere un ruolo centrale nella lotta a questo nemico invisibile<\/strong>, dall&#8217;altro per\u00f2, come sempre succede al soccorritore che opera in emergenza, s<strong>ono esposti ad una traumatizzazione vicaria<\/strong> amplificata dal fatto che come tutti gli altri cittadini son vittime della situazione, provano ansia anche loro come paura e angoscia. A questo si aggiunge il fatto che uscendo possono essere esposti e potrebbero portare il virus a casa propria e per i sanitari c\u2019\u00e8 sicuramente una g<strong>rande frustrazione data dal non avere ancora una risposta concreta in termini di cura<\/strong> e dall&#8217;essere impegnati e far fronte ad una emergenza senza gli strumenti a cui solitamente sono abituati.<\/p>\n<a class=\"fotogallery\" href=\"#modalgallery\" rel=\"modal:open\">sfoglia la gallery <i class=\"fas fa-chevron-right\"><\/i><\/a>\n    <div class=\"modal\" id=\"modalgallery\">\n        <div class=\"gallery\">\n          <div class=\"galleryimg\">\n            <div class=\"slidegallerybig\"> <div class=\"itemimg\">\n            <div class=\"wrapimg\">\n            <img decoding=\"async\" src=\"https:\/\/www.intoscana.it\/wp-content\/uploads\/volontari-sul-118-1.jpeg\">\n            <\/div>\n            <\/div> <div class=\"itemimg\">\n            <div class=\"wrapimg\">\n            <img decoding=\"async\" src=\"https:\/\/www.intoscana.it\/wp-content\/uploads\/7jlt-jhw-1.jpeg\">\n            <\/div>\n            <\/div> <div class=\"itemimg\">\n            <div class=\"wrapimg\">\n            <img decoding=\"async\" src=\"https:\/\/www.intoscana.it\/wp-content\/uploads\/tbjyvm9g-1.jpeg\">\n            <\/div>\n            <\/div> <div class=\"itemimg\">\n            <div class=\"wrapimg\">\n            <img decoding=\"async\" src=\"https:\/\/www.intoscana.it\/wp-content\/uploads\/infermiera-misura-temperatura-1.jpeg\">\n            <\/div>\n            <\/div> <div class=\"itemimg\">\n            <div class=\"wrapimg\">\n            <img decoding=\"async\" src=\"https:\/\/www.intoscana.it\/wp-content\/uploads\/ynqbw7nq-1.jpeg\">\n            <\/div>\n            <\/div> <div class=\"itemimg\">\n            <div class=\"wrapimg\">\n            <img decoding=\"async\" src=\"https:\/\/www.intoscana.it\/wp-content\/uploads\/ae08sc0w-1.jpeg\">\n            <\/div>\n            <\/div> <div class=\"itemimg\">\n            <div class=\"wrapimg\">\n            <img decoding=\"async\" src=\"https:\/\/www.intoscana.it\/wp-content\/uploads\/qppdjagg-1.jpeg\">\n            <\/div>\n            <\/div> <div class=\"itemimg\">\n            <div class=\"wrapimg\">\n            <img decoding=\"async\" src=\"https:\/\/www.intoscana.it\/wp-content\/uploads\/knoko2dw-2.jpeg\">\n            <\/div>\n            <\/div> <div class=\"itemimg\">\n            <div class=\"wrapimg\">\n            <img decoding=\"async\" src=\"https:\/\/www.intoscana.it\/wp-content\/uploads\/18iktbyq-1.jpeg\">\n            <\/div>\n            <\/div> <div class=\"itemimg\">\n            <div class=\"wrapimg\">\n            <img decoding=\"async\" src=\"https:\/\/www.intoscana.it\/wp-content\/uploads\/la-spesa-per-i-volontari-1.jpeg\">\n            <\/div>\n            <\/div> <div class=\"itemimg\">\n            <div class=\"wrapimg\">\n            <img decoding=\"async\" src=\"https:\/\/www.intoscana.it\/wp-content\/uploads\/5grg0upw-1.jpeg\">\n            <\/div>\n            <\/div> <div class=\"itemimg\">\n            <div class=\"wrapimg\">\n            <img decoding=\"async\" src=\"https:\/\/www.intoscana.it\/wp-content\/uploads\/cristina-di-loreto.jpeg\">\n            <\/div>\n            <\/div>\n            <\/div>\n          <\/div>\n          <div class=\"asidemenu\">\n            <div class=\"action\">\n              <div class=\"countlidegallery\"><\/div>\n              <div class=\"closegallery\" href=\"#modalgallery\" rel=\"modal:close\"><i class=\"far fa-times\"><\/i><\/div>\n            <\/div>\n            <div class=\"title\">\n              <h2>Aiutiamo chi aiuta: psicologi anche per i soccorritori<\/h2><p  class=\"gallery_credit\" id=\"gallery_credit_1\">Photo &copy; Cristina Di Loreto<\/p>\n              <div class=\"socialarticolo\"> \n            <div class=\"contsocialico\">\n              <ul>\n                <li><a target=\"_blank\" href=\"https:\/\/www.facebook.com\/sharer\/sharer.php?u=https:\/\/www.intoscana.it\/it\/supportopsicologicocerchioblu\/\"> <i class=\"fab fa-facebook-f\"><\/i><\/a><\/li>\n                <li><a target=\"_blank\" href=\"https:\/\/twitter.com\/home?status=https:\/\/www.intoscana.it\/it\/supportopsicologicocerchioblu\/\"> <i class=\"fab fa-twitter\"><\/i><\/a><\/li>\n                <li>\n                  <div class=\"shareall\" target=\"_blank\" href=\"\"> <i class=\"fas fa-share-alt\"><\/i><\/div>\n                  <div class=\"sharemore\">\n                    <ul>\n                      <li><a target=\"_blank\" href=\"https:\/\/www.linkedin.com\/shareArticle?url=https:\/\/www.intoscana.it\/it\/supportopsicologicocerchioblu\/\"> <i class=\"fab fa-linkedin\"><\/i><\/a><\/li>\n                      <li><a target=\"_blank\" href=\"http:\/\/www.pinterest.com\/pin\/create\/bookmarklet\/?url=https:\/\/www.intoscana.it\/it\/supportopsicologicocerchioblu\/\"> <i class=\"fab fa-pinterest\"><\/i><\/a><\/li>\n                      <li><a target=\"_blank\" href=\"mailto?subject=Aiutiamo chi aiuta: psicologi anche per i soccorritori&body=https:\/\/www.intoscana.it\/it\/supportopsicologicocerchioblu\/\"> <i class=\"fas fa-envelope\"><\/i><\/a><\/li>\n                    <\/ul>\n                    <div class=\"closesharemore\">\n                    <i class=\"fas fa-times\"><\/i>\n                    <\/div>\n                  <\/div>\n                <\/li>\n              <\/ul>\n            <\/div>\n          <\/div>\n        <\/div>\n          <\/div>\n        <\/div>\n      <\/div>\n<p><em><strong>Come possono alleviare o scaricare lo stress che accumulano? In questo momento \u00e8 possibile separare la vita privata dall&#8217;impegno in prima linea?<\/strong><\/em><\/p>\n<p>Nella situazione che stiamo vivendo sarebbe opportuno offrire al soccorritore e al volontario degli strumenti professionali rispetto ad un supporto psicologico che in questo momento pu\u00f2 non sembrare necessario ma che invece lo \u00e8. Mi riferisco a <strong>strumenti professionali qualificati e di supporto come il defusing psicologico o il debriefing psicologico che permettono ad un piccolo gruppo<\/strong>, come l&#8217;equipe sanitaria o la squadra che esce in pattuglia di poter decomprimere quelle forti emozioni che possono aver provato durante il loro turno di lavoro perch\u00e9 hanno avuto un rischio di contagio forte o perch\u00e9 hanno impattato con la morte di qualcuno o con la comunicazione del decesso. &nbsp;Chi \u00e8 in prima linea \u00e8 un uomo e una donna con le sue preoccupazioni. Immaginiamoci un medico di un reparto covid che rientra a casa dove dovr\u00e0 ripetere le procedure di pulizia nonostante i dispositivi di protezione indossati, immaginate che faccia questa operazione davanti ai suoi figli e che preferisca evitare gli abbracci e tutto ci\u00f2 che poi ne consegue. I sanitari sono pi\u00f9 esposti ma possiamo traslare il concetto a chiunque si trovi a garantire la nostra sicurezza e salute, c&#8217;\u00e8 chi nel tentativo di proteggere i suoi cari ha separato la sua vita privata da quella lavorativa spostandosi da casa cercando alloggio da colleghi o in hotel. Questa separazione fisica amplifica le preoccupazioni verso la propria famiglia che si aggiungono a quelle legate alla sfera professionale<\/p>\n<p>&nbsp;<\/p>\n<p><em><strong>A livello psicologico cosa pu\u00f2 succedere a queste persone quando terminer\u00e0 l&#8217;emergenza?&nbsp;&nbsp;<\/strong><\/em><\/p>\n<p>Le conseguenze non le vediamo adesso ma ci saranno, lo sappiamo dalle ricerche scientifiche che hanno evidenziato come saranno maggiori soprattutto nei sanitari impegnati nei focolai. &nbsp;Le conseguenze che ci dobbiamo aspettare sono relative ad una<strong> sintomatologia post traumatica, segni di depressione o un sovraccarico emotivo<\/strong>, troppe emozioni che queste persone devono gestire e contenere in questo momento. Il contraccolpo sar\u00e0 alto, ecco perch\u00e9 gli strumenti di supporto psicologico ora sono necessari.&nbsp;<\/p>\n<p>&nbsp;<\/p>\n<p><em><strong>Come Cerchio Blu come cercate di aiutare queste persone?&nbsp; Si accorgono di aver bisogno di aiuto?<\/strong><\/em><\/p>\n<p>La nostra associazione \u00e8 impegnata da anni nel <strong>veicolare la cultura del benessere psicologico nelle forze dell\u2019ordine, nella sicurezza e nell&#8217;emergenza<\/strong>. Abbiamo quindi messo in campo tutti i nostri professionisti per offrire fino a <strong>5 colloqui psicologici gratuiti a distanza e defusing psicologici su piccoli gruppi sempre online<\/strong>. L\u2019operatore di polizia, il volontario di protezione civile o anche il sanitario pu\u00f2 contattarci via email e richiedere il supporto psicologico. A questo punto andr\u00f2 ad individuare uno dei nostri psicologi psicoterapeuti che porter\u00e0 avanti questo percorso, cercando di selezionare una persona vicino a lui in modo tale che sia garantita la continuit\u00e0 terapeutica in presenza quando finir\u00e0 questa emergenza. Come Cerchio Blu siamo anche <strong>impegnati con il nostro nucleo di protezione civile che al suo interno ha un gruppo di psicologi dell\u2019emergenza ad offrire supporto psicologico agli operatori di protezione civile del Comune di Firenze e ai volontari<\/strong> impegnati nei servizi di protezione civile che rilevano un carico emotivo importante. Tra l&#8217;altro stiamo pensando a come poter estendere questo servizio anche alla cittadinanza.<\/p>\n<p>Purtroppo gli operatori non si accorgono di avere bisogno, siamo nella fase in cui chi opera nell&#8217;emergenza \u00e8 orientato verso l&#8217;operativit\u00e0 e quindi non \u00e8 totalmente consapevole delle proprie reazioni, delle proprie sensazioni ed emozioni. Il problema \u00e8 che se questa consapevolezza non viene maturata ora, avr\u00e0 un effetto nel prossimo futuro. <strong>Se non giochiamo d\u2019anticipo l\u2019emergenza sanitaria che stiamo vivendo diventer\u00e0 una emergenza psicologica<\/strong>.<\/p>\n<p>&nbsp;<\/p>\n<p><em><strong>Questa situazione di stress coinvolge anche voi psicologi che vi trovate impegnati su pi\u00f9 fronti da quello familiare a quello lavorativo a questo pi\u00f9 emergenziale, come affrontate il tutto?<\/strong><\/em><\/p>\n<p>Noi psicologi rispecchiamo quanto detto finora. <strong>Sul piano emotivo accogliere il dolore, le paure e le angosce fa parte del nostro mestiere<\/strong>. Certo farlo in maniera massiccia attraverso modalit\u00e0 diverse dal solito \u00e8 una sfida per noi. Chi opera nell&#8217;emergenza sta lavorando a ritmi disumani non riuscendo a conciliare il lavoro e la vita privata e in molte situazioni senza remunerazione e senza quel contatto umano che chi ha scelto il mio lavoro cura, veicola e usa come strumento ma, vive anche come grande soddisfazione. Questa \u00e8 una emergenza sanitaria e finanziaria ma anche relazionale. <strong>Come affrontiamo il tutto? Con il sostegno psicologico, il confronto con i colleghi, supervisioni, formazioni continue e, personalmente, cercando di non dimenticare chi sono<\/strong>: sono una psicologa, sono anche Cristina, una donna, una mamma, una moglie con le mie incertezze, i miei bisogni e i miei difetti.&nbsp;<\/p>\n<p>&nbsp;<\/p>\n<p><a href=\"http:\/\/www.cerchioblu.org\/\">Sito web Cerchio Blu<\/a><\/p>\n","protected":false},"excerpt":{"rendered":"<p>La dottoressa Cristina Di Loreto ci spiega cosa stanno vivendo le persone in prima linea nell\u2019emergenza Covid19: \u201cAiutiamoli prima che diventi un\u2019emergenza psicologica\u201d&nbsp;<\/p>\n","protected":false},"author":507,"featured_media":143421,"comment_status":"open","ping_status":"open","sticky":false,"template":"","format":"standard","meta":{"_acf_changed":false,"footnotes":""},"categories":[18],"tags":[],"class_list":["post-142573","post","type-post","status-publish","format-standard","has-post-thumbnail","hentry","category-salute"],"acf":[],"yoast_head":"<!-- This site is optimized with the Yoast SEO Premium plugin v24.2 (Yoast SEO v25.6) - https:\/\/yoast.com\/wordpress\/plugins\/seo\/ -->\n<title>Aiutiamo chi aiuta: psicologi anche per i soccorritori - intoscana<\/title>\n<meta name=\"description\" content=\"La dottoressa Cristina Di Loreto ci spiega cosa stanno vivendo le persone in prima linea nell\u2019emergenza Covid19: \u201cAiutiamoli prima che diventi un\u2019emergenza psicologica\u201d\" \/>\n<meta name=\"robots\" content=\"index, follow, max-snippet:-1, max-image-preview:large, max-video-preview:-1\" \/>\n<link rel=\"canonical\" href=\"https:\/\/www.intoscana.it\/it\/supportopsicologicocerchioblu\/\" \/>\n<meta property=\"og:locale\" content=\"it_IT\" \/>\n<meta property=\"og:type\" content=\"article\" \/>\n<meta property=\"og:title\" content=\"Aiutiamo chi aiuta: psicologi anche per i soccorritori\" \/>\n<meta property=\"og:description\" content=\"La dottoressa Cristina Di Loreto ci spiega cosa stanno vivendo le persone in prima linea nell\u2019emergenza Covid19: \u201cAiutiamoli prima che diventi un\u2019emergenza psicologica\u201d\" \/>\n<meta property=\"og:url\" content=\"https:\/\/www.intoscana.it\/it\/supportopsicologicocerchioblu\/\" \/>\n<meta property=\"og:site_name\" content=\"intoscana\" \/>\n<meta property=\"article:publisher\" content=\"https:\/\/www.facebook.com\/intoscana.it\" \/>\n<meta property=\"article:published_time\" content=\"2020-04-03T07:55:32+00:00\" \/>\n<meta property=\"article:modified_time\" content=\"2020-08-21T08:54:46+00:00\" \/>\n<meta property=\"og:image\" content=\"https:\/\/www.intoscana.it\/wp-content\/uploads\/aiuto.jpg\" \/>\n\t<meta property=\"og:image:width\" content=\"1000\" \/>\n\t<meta property=\"og:image:height\" content=\"667\" \/>\n\t<meta property=\"og:image:type\" content=\"image\/jpeg\" \/>\n<meta name=\"author\" content=\"Chiara Bianchini\" \/>\n<meta name=\"twitter:card\" content=\"summary_large_image\" \/>\n<meta name=\"twitter:creator\" content=\"@intoscana\" \/>\n<meta name=\"twitter:site\" content=\"@intoscana\" \/>\n<meta name=\"twitter:label1\" content=\"Written by\" \/>\n\t<meta name=\"twitter:data1\" content=\"Chiara Bianchini\" \/>\n\t<meta name=\"twitter:label2\" content=\"Est. reading time\" \/>\n\t<meta name=\"twitter:data2\" content=\"5 minuti\" \/>\n<script type=\"application\/ld+json\" class=\"yoast-schema-graph\">{\"@context\":\"https:\/\/schema.org\",\"@graph\":[{\"@type\":\"WebPage\",\"@id\":\"https:\/\/www.intoscana.it\/it\/supportopsicologicocerchioblu\/\",\"url\":\"https:\/\/www.intoscana.it\/it\/supportopsicologicocerchioblu\/\",\"name\":\"Aiutiamo chi aiuta: psicologi anche per i soccorritori - intoscana\",\"isPartOf\":{\"@id\":\"https:\/\/www.intoscana.it\/it\/#website\"},\"primaryImageOfPage\":{\"@id\":\"https:\/\/www.intoscana.it\/it\/supportopsicologicocerchioblu\/#primaryimage\"},\"image\":{\"@id\":\"https:\/\/www.intoscana.it\/it\/supportopsicologicocerchioblu\/#primaryimage\"},\"thumbnailUrl\":\"https:\/\/www.intoscana.it\/wp-content\/uploads\/aiuto.jpg\",\"datePublished\":\"2020-04-03T07:55:32+00:00\",\"dateModified\":\"2020-08-21T08:54:46+00:00\",\"author\":{\"@id\":\"https:\/\/www.intoscana.it\/it\/#\/schema\/person\/010af92117f50561886339ad5b873a41\"},\"description\":\"La dottoressa Cristina Di Loreto ci spiega cosa stanno vivendo le persone in prima linea nell\u2019emergenza Covid19: \u201cAiutiamoli prima che diventi un\u2019emergenza psicologica\u201d\",\"breadcrumb\":{\"@id\":\"https:\/\/www.intoscana.it\/it\/supportopsicologicocerchioblu\/#breadcrumb\"},\"inLanguage\":\"it-IT\",\"potentialAction\":[{\"@type\":\"ReadAction\",\"target\":[\"https:\/\/www.intoscana.it\/it\/supportopsicologicocerchioblu\/\"]}]},{\"@type\":\"ImageObject\",\"inLanguage\":\"it-IT\",\"@id\":\"https:\/\/www.intoscana.it\/it\/supportopsicologicocerchioblu\/#primaryimage\",\"url\":\"https:\/\/www.intoscana.it\/wp-content\/uploads\/aiuto.jpg\",\"contentUrl\":\"https:\/\/www.intoscana.it\/wp-content\/uploads\/aiuto.jpg\",\"width\":1000,\"height\":667,\"caption\":\"supporto psicologico\"},{\"@type\":\"BreadcrumbList\",\"@id\":\"https:\/\/www.intoscana.it\/it\/supportopsicologicocerchioblu\/#breadcrumb\",\"itemListElement\":[{\"@type\":\"ListItem\",\"position\":1,\"name\":\"Home\",\"item\":\"https:\/\/www.intoscana.it\/it\/\"},{\"@type\":\"ListItem\",\"position\":2,\"name\":\"Aiutiamo chi aiuta: psicologi anche per i soccorritori\"}]},{\"@type\":\"WebSite\",\"@id\":\"https:\/\/www.intoscana.it\/it\/#website\",\"url\":\"https:\/\/www.intoscana.it\/it\/\",\"name\":\"intoscana\",\"description\":\"\",\"potentialAction\":[{\"@type\":\"SearchAction\",\"target\":{\"@type\":\"EntryPoint\",\"urlTemplate\":\"https:\/\/www.intoscana.it\/it\/?s={search_term_string}\"},\"query-input\":{\"@type\":\"PropertyValueSpecification\",\"valueRequired\":true,\"valueName\":\"search_term_string\"}}],\"inLanguage\":\"it-IT\"},{\"@type\":\"Person\",\"@id\":\"https:\/\/www.intoscana.it\/it\/#\/schema\/person\/010af92117f50561886339ad5b873a41\",\"name\":\"Chiara Bianchini\",\"sameAs\":[\"c.bianchini@fst.it\"],\"url\":\"https:\/\/www.intoscana.it\/it\/author\/chiara-bianchini\/\"}]}<\/script>\n<!-- \/ Yoast SEO Premium plugin. -->","yoast_head_json":{"title":"Aiutiamo chi aiuta: psicologi anche per i soccorritori - intoscana","description":"La dottoressa Cristina Di Loreto ci spiega cosa stanno vivendo le persone in prima linea nell\u2019emergenza Covid19: \u201cAiutiamoli prima che diventi un\u2019emergenza psicologica\u201d","robots":{"index":"index","follow":"follow","max-snippet":"max-snippet:-1","max-image-preview":"max-image-preview:large","max-video-preview":"max-video-preview:-1"},"canonical":"https:\/\/www.intoscana.it\/it\/supportopsicologicocerchioblu\/","og_locale":"it_IT","og_type":"article","og_title":"Aiutiamo chi aiuta: psicologi anche per i soccorritori","og_description":"La dottoressa Cristina Di Loreto ci spiega cosa stanno vivendo le persone in prima linea nell\u2019emergenza Covid19: \u201cAiutiamoli prima che diventi un\u2019emergenza psicologica\u201d","og_url":"https:\/\/www.intoscana.it\/it\/supportopsicologicocerchioblu\/","og_site_name":"intoscana","article_publisher":"https:\/\/www.facebook.com\/intoscana.it","article_published_time":"2020-04-03T07:55:32+00:00","article_modified_time":"2020-08-21T08:54:46+00:00","og_image":[{"width":1000,"height":667,"url":"https:\/\/www.intoscana.it\/wp-content\/uploads\/aiuto.jpg","type":"image\/jpeg"}],"author":"Chiara Bianchini","twitter_card":"summary_large_image","twitter_creator":"@intoscana","twitter_site":"@intoscana","twitter_misc":{"Written by":"Chiara Bianchini","Est. reading time":"5 minuti"},"schema":{"@context":"https:\/\/schema.org","@graph":[{"@type":"WebPage","@id":"https:\/\/www.intoscana.it\/it\/supportopsicologicocerchioblu\/","url":"https:\/\/www.intoscana.it\/it\/supportopsicologicocerchioblu\/","name":"Aiutiamo chi aiuta: psicologi anche per i soccorritori - intoscana","isPartOf":{"@id":"https:\/\/www.intoscana.it\/it\/#website"},"primaryImageOfPage":{"@id":"https:\/\/www.intoscana.it\/it\/supportopsicologicocerchioblu\/#primaryimage"},"image":{"@id":"https:\/\/www.intoscana.it\/it\/supportopsicologicocerchioblu\/#primaryimage"},"thumbnailUrl":"https:\/\/www.intoscana.it\/wp-content\/uploads\/aiuto.jpg","datePublished":"2020-04-03T07:55:32+00:00","dateModified":"2020-08-21T08:54:46+00:00","author":{"@id":"https:\/\/www.intoscana.it\/it\/#\/schema\/person\/010af92117f50561886339ad5b873a41"},"description":"La dottoressa Cristina Di Loreto ci spiega cosa stanno vivendo le persone in prima linea nell\u2019emergenza Covid19: \u201cAiutiamoli prima che diventi un\u2019emergenza psicologica\u201d","breadcrumb":{"@id":"https:\/\/www.intoscana.it\/it\/supportopsicologicocerchioblu\/#breadcrumb"},"inLanguage":"it-IT","potentialAction":[{"@type":"ReadAction","target":["https:\/\/www.intoscana.it\/it\/supportopsicologicocerchioblu\/"]}]},{"@type":"ImageObject","inLanguage":"it-IT","@id":"https:\/\/www.intoscana.it\/it\/supportopsicologicocerchioblu\/#primaryimage","url":"https:\/\/www.intoscana.it\/wp-content\/uploads\/aiuto.jpg","contentUrl":"https:\/\/www.intoscana.it\/wp-content\/uploads\/aiuto.jpg","width":1000,"height":667,"caption":"supporto psicologico"},{"@type":"BreadcrumbList","@id":"https:\/\/www.intoscana.it\/it\/supportopsicologicocerchioblu\/#breadcrumb","itemListElement":[{"@type":"ListItem","position":1,"name":"Home","item":"https:\/\/www.intoscana.it\/it\/"},{"@type":"ListItem","position":2,"name":"Aiutiamo chi aiuta: psicologi anche per i soccorritori"}]},{"@type":"WebSite","@id":"https:\/\/www.intoscana.it\/it\/#website","url":"https:\/\/www.intoscana.it\/it\/","name":"intoscana","description":"","potentialAction":[{"@type":"SearchAction","target":{"@type":"EntryPoint","urlTemplate":"https:\/\/www.intoscana.it\/it\/?s={search_term_string}"},"query-input":{"@type":"PropertyValueSpecification","valueRequired":true,"valueName":"search_term_string"}}],"inLanguage":"it-IT"},{"@type":"Person","@id":"https:\/\/www.intoscana.it\/it\/#\/schema\/person\/010af92117f50561886339ad5b873a41","name":"Chiara Bianchini","sameAs":["c.bianchini@fst.it"],"url":"https:\/\/www.intoscana.it\/it\/author\/chiara-bianchini\/"}]}},"_links":{"self":[{"href":"https:\/\/www.intoscana.it\/it\/wp-json\/wp\/v2\/posts\/142573","targetHints":{"allow":["GET"]}}],"collection":[{"href":"https:\/\/www.intoscana.it\/it\/wp-json\/wp\/v2\/posts"}],"about":[{"href":"https:\/\/www.intoscana.it\/it\/wp-json\/wp\/v2\/types\/post"}],"author":[{"embeddable":true,"href":"https:\/\/www.intoscana.it\/it\/wp-json\/wp\/v2\/users\/507"}],"replies":[{"embeddable":true,"href":"https:\/\/www.intoscana.it\/it\/wp-json\/wp\/v2\/comments?post=142573"}],"version-history":[{"count":0,"href":"https:\/\/www.intoscana.it\/it\/wp-json\/wp\/v2\/posts\/142573\/revisions"}],"wp:featuredmedia":[{"embeddable":true,"href":"https:\/\/www.intoscana.it\/it\/wp-json\/wp\/v2\/media\/143421"}],"wp:attachment":[{"href":"https:\/\/www.intoscana.it\/it\/wp-json\/wp\/v2\/media?parent=142573"}],"wp:term":[{"taxonomy":"category","embeddable":true,"href":"https:\/\/www.intoscana.it\/it\/wp-json\/wp\/v2\/categories?post=142573"},{"taxonomy":"post_tag","embeddable":true,"href":"https:\/\/www.intoscana.it\/it\/wp-json\/wp\/v2\/tags?post=142573"}],"curies":[{"name":"wp","href":"https:\/\/api.w.org\/{rel}","templated":true}]}}