{"id":142625,"date":"2020-04-21T11:36:36","date_gmt":"2020-04-21T09:36:36","guid":{"rendered":"https:\/\/www.intoscana.it\/giovanisi-su-instagram-info-e-quesiti-sul-social\/"},"modified":"2020-08-10T10:32:15","modified_gmt":"2020-08-10T08:32:15","slug":"giovanisi-instagram","status":"publish","type":"post","link":"https:\/\/www.intoscana.it\/it\/giovanisi-instagram\/","title":{"rendered":"Giovanis\u00ec su instagram: info e quesiti sul social"},"content":{"rendered":"<p>Dialogo in rete tra l&#8217;ufficio<strong>&nbsp;Giovanis\u00ec<\/strong>, il progetto della Regione Toscana per l\u2019autonomia dei giovani e gli utenti che vogliano saperne di pi\u00f9 su opportunit\u00e0 e bandi attivi.&nbsp; Oltre agli appuntamenti di approfondimento in <strong>diretta Facebook<\/strong> (Giovanis\u00ec Live) e gli altri canali a cui richiedere informazioni (facebook messenger e la mail&nbsp;info@giovanisi.it), Giovanis\u00ec promuove&nbsp;un <strong>nuovo format su Instagram<\/strong>&nbsp;per rispondere alle domande degli utenti.<\/p>\n<p>Gioved\u00ec 23 aprile alle 15, e per le 24 ore successive,&nbsp;sar\u00e0 possibile richiedere informazioni sul progetto&nbsp;nella storia che verr\u00e0 pubblicata sul&nbsp;profilo instagram di <strong>Giovanis\u00ec&nbsp;<\/strong>(tramite l\u2019adesivo \u201cFammi una domanda\u201d).<br \/>L\u2019ufficio Giovanis\u00ec raccoglier\u00e0 le domande e risponder\u00e0 agli utenti sia nelle storie sia in <strong>messaggi direct<\/strong>.<\/p>\n<p>&nbsp;<\/p>\n<p>&nbsp;<\/p>\n<p>&nbsp;<\/p>\n","protected":false},"excerpt":{"rendered":"<p>Baster\u00e0 porre domande rispondendo alla stories sul profilo dell&#8217;ufficio Giovanis\u00ec. Ogni info sar\u00e0 data poi tramite messaggio direct<\/p>\n","protected":false},"author":525,"featured_media":143473,"comment_status":"open","ping_status":"open","sticky":false,"template":"","format":"standard","meta":{"_acf_changed":false,"footnotes":""},"categories":[494,17],"tags":[221,244],"class_list":["post-142625","post","type-post","status-publish","format-standard","has-post-thumbnail","hentry","category-attualita","category-giovani","tag-giovani","tag-giovanisi"],"acf":[],"yoast_head":"<!-- This site is optimized with the Yoast SEO Premium plugin v24.2 (Yoast SEO v25.6) - https:\/\/yoast.com\/wordpress\/plugins\/seo\/ -->\n<title>Giovanis\u00ec su instagram: info e quesiti sul social - intoscana<\/title>\n<meta name=\"description\" content=\"Quesiti sulle opportunit\u00e0 di Giovanis\u00ec direttamente su instagram, ponendo delle domande nelle stories, le risposte agli utenti avverranno in messaggio direct.\" \/>\n<meta name=\"robots\" content=\"index, follow, max-snippet:-1, max-image-preview:large, max-video-preview:-1\" \/>\n<link rel=\"canonical\" href=\"https:\/\/www.intoscana.it\/it\/giovanisi-instagram\/\" \/>\n<meta property=\"og:locale\" content=\"it_IT\" \/>\n<meta property=\"og:type\" content=\"article\" \/>\n<meta property=\"og:title\" content=\"Giovanis\u00ec su instagram: info e quesiti sul social\" \/>\n<meta property=\"og:description\" content=\"Quesiti sulle opportunit\u00e0 di Giovanis\u00ec direttamente su instagram, ponendo delle domande nelle stories, le risposte agli utenti avverranno in messaggio direct.\" \/>\n<meta property=\"og:url\" content=\"https:\/\/www.intoscana.it\/it\/giovanisi-instagram\/\" \/>\n<meta property=\"og:site_name\" content=\"intoscana\" \/>\n<meta property=\"article:publisher\" content=\"https:\/\/www.facebook.com\/intoscana.it\" \/>\n<meta property=\"article:published_time\" content=\"2020-04-21T09:36:36+00:00\" \/>\n<meta property=\"article:modified_time\" content=\"2020-08-10T08:32:15+00:00\" \/>\n<meta property=\"og:image\" content=\"https:\/\/www.intoscana.it\/wp-content\/uploads\/instagram.jpg\" \/>\n\t<meta property=\"og:image:width\" content=\"1000\" \/>\n\t<meta property=\"og:image:height\" content=\"667\" \/>\n\t<meta property=\"og:image:type\" content=\"image\/jpeg\" \/>\n<meta name=\"author\" content=\"Redazione\" \/>\n<meta name=\"twitter:card\" content=\"summary_large_image\" \/>\n<meta name=\"twitter:creator\" content=\"@intoscana\" \/>\n<meta name=\"twitter:site\" content=\"@intoscana\" \/>\n<meta name=\"twitter:label1\" content=\"Written by\" \/>\n\t<meta name=\"twitter:data1\" content=\"Redazione\" \/>\n\t<meta name=\"twitter:label2\" content=\"Est. reading time\" \/>\n\t<meta name=\"twitter:data2\" content=\"1 minuto\" \/>\n<script type=\"application\/ld+json\" class=\"yoast-schema-graph\">{\"@context\":\"https:\/\/schema.org\",\"@graph\":[{\"@type\":\"WebPage\",\"@id\":\"https:\/\/www.intoscana.it\/it\/giovanisi-instagram\/\",\"url\":\"https:\/\/www.intoscana.it\/it\/giovanisi-instagram\/\",\"name\":\"Giovanis\u00ec su instagram: info e quesiti sul social - intoscana\",\"isPartOf\":{\"@id\":\"https:\/\/www.intoscana.it\/it\/#website\"},\"primaryImageOfPage\":{\"@id\":\"https:\/\/www.intoscana.it\/it\/giovanisi-instagram\/#primaryimage\"},\"image\":{\"@id\":\"https:\/\/www.intoscana.it\/it\/giovanisi-instagram\/#primaryimage\"},\"thumbnailUrl\":\"https:\/\/www.intoscana.it\/wp-content\/uploads\/instagram.jpg\",\"datePublished\":\"2020-04-21T09:36:36+00:00\",\"dateModified\":\"2020-08-10T08:32:15+00:00\",\"author\":{\"@id\":\"https:\/\/www.intoscana.it\/it\/#\/schema\/person\/9223810753230f20bd670fdd322661f8\"},\"description\":\"Quesiti sulle opportunit\u00e0 di Giovanis\u00ec direttamente su instagram, ponendo delle domande nelle stories, le risposte agli utenti avverranno in messaggio direct.\",\"breadcrumb\":{\"@id\":\"https:\/\/www.intoscana.it\/it\/giovanisi-instagram\/#breadcrumb\"},\"inLanguage\":\"it-IT\",\"potentialAction\":[{\"@type\":\"ReadAction\",\"target\":[\"https:\/\/www.intoscana.it\/it\/giovanisi-instagram\/\"]}]},{\"@type\":\"ImageObject\",\"inLanguage\":\"it-IT\",\"@id\":\"https:\/\/www.intoscana.it\/it\/giovanisi-instagram\/#primaryimage\",\"url\":\"https:\/\/www.intoscana.it\/wp-content\/uploads\/instagram.jpg\",\"contentUrl\":\"https:\/\/www.intoscana.it\/wp-content\/uploads\/instagram.jpg\",\"width\":1000,\"height\":667},{\"@type\":\"BreadcrumbList\",\"@id\":\"https:\/\/www.intoscana.it\/it\/giovanisi-instagram\/#breadcrumb\",\"itemListElement\":[{\"@type\":\"ListItem\",\"position\":1,\"name\":\"Home\",\"item\":\"https:\/\/www.intoscana.it\/it\/\"},{\"@type\":\"ListItem\",\"position\":2,\"name\":\"Giovanis\u00ec su instagram: info e quesiti sul social\"}]},{\"@type\":\"WebSite\",\"@id\":\"https:\/\/www.intoscana.it\/it\/#website\",\"url\":\"https:\/\/www.intoscana.it\/it\/\",\"name\":\"intoscana\",\"description\":\"\",\"potentialAction\":[{\"@type\":\"SearchAction\",\"target\":{\"@type\":\"EntryPoint\",\"urlTemplate\":\"https:\/\/www.intoscana.it\/it\/?s={search_term_string}\"},\"query-input\":{\"@type\":\"PropertyValueSpecification\",\"valueRequired\":true,\"valueName\":\"search_term_string\"}}],\"inLanguage\":\"it-IT\"},{\"@type\":\"Person\",\"@id\":\"https:\/\/www.intoscana.it\/it\/#\/schema\/person\/9223810753230f20bd670fdd322661f8\",\"name\":\"Redazione\",\"url\":\"https:\/\/www.intoscana.it\/it\/author\/redazione\/\"}]}<\/script>\n<!-- \/ Yoast SEO Premium plugin. -->","yoast_head_json":{"title":"Giovanis\u00ec su instagram: info e quesiti sul social - intoscana","description":"Quesiti sulle opportunit\u00e0 di Giovanis\u00ec direttamente su instagram, ponendo delle domande nelle stories, le risposte agli utenti avverranno in messaggio direct.","robots":{"index":"index","follow":"follow","max-snippet":"max-snippet:-1","max-image-preview":"max-image-preview:large","max-video-preview":"max-video-preview:-1"},"canonical":"https:\/\/www.intoscana.it\/it\/giovanisi-instagram\/","og_locale":"it_IT","og_type":"article","og_title":"Giovanis\u00ec su instagram: info e quesiti sul social","og_description":"Quesiti sulle opportunit\u00e0 di Giovanis\u00ec direttamente su instagram, ponendo delle domande nelle stories, le risposte agli utenti avverranno in messaggio direct.","og_url":"https:\/\/www.intoscana.it\/it\/giovanisi-instagram\/","og_site_name":"intoscana","article_publisher":"https:\/\/www.facebook.com\/intoscana.it","article_published_time":"2020-04-21T09:36:36+00:00","article_modified_time":"2020-08-10T08:32:15+00:00","og_image":[{"width":1000,"height":667,"url":"https:\/\/www.intoscana.it\/wp-content\/uploads\/instagram.jpg","type":"image\/jpeg"}],"author":"Redazione","twitter_card":"summary_large_image","twitter_creator":"@intoscana","twitter_site":"@intoscana","twitter_misc":{"Written by":"Redazione","Est. reading time":"1 minuto"},"schema":{"@context":"https:\/\/schema.org","@graph":[{"@type":"WebPage","@id":"https:\/\/www.intoscana.it\/it\/giovanisi-instagram\/","url":"https:\/\/www.intoscana.it\/it\/giovanisi-instagram\/","name":"Giovanis\u00ec su instagram: info e quesiti sul social - intoscana","isPartOf":{"@id":"https:\/\/www.intoscana.it\/it\/#website"},"primaryImageOfPage":{"@id":"https:\/\/www.intoscana.it\/it\/giovanisi-instagram\/#primaryimage"},"image":{"@id":"https:\/\/www.intoscana.it\/it\/giovanisi-instagram\/#primaryimage"},"thumbnailUrl":"https:\/\/www.intoscana.it\/wp-content\/uploads\/instagram.jpg","datePublished":"2020-04-21T09:36:36+00:00","dateModified":"2020-08-10T08:32:15+00:00","author":{"@id":"https:\/\/www.intoscana.it\/it\/#\/schema\/person\/9223810753230f20bd670fdd322661f8"},"description":"Quesiti sulle opportunit\u00e0 di Giovanis\u00ec direttamente su instagram, ponendo delle domande nelle stories, le risposte agli utenti avverranno in messaggio direct.","breadcrumb":{"@id":"https:\/\/www.intoscana.it\/it\/giovanisi-instagram\/#breadcrumb"},"inLanguage":"it-IT","potentialAction":[{"@type":"ReadAction","target":["https:\/\/www.intoscana.it\/it\/giovanisi-instagram\/"]}]},{"@type":"ImageObject","inLanguage":"it-IT","@id":"https:\/\/www.intoscana.it\/it\/giovanisi-instagram\/#primaryimage","url":"https:\/\/www.intoscana.it\/wp-content\/uploads\/instagram.jpg","contentUrl":"https:\/\/www.intoscana.it\/wp-content\/uploads\/instagram.jpg","width":1000,"height":667},{"@type":"BreadcrumbList","@id":"https:\/\/www.intoscana.it\/it\/giovanisi-instagram\/#breadcrumb","itemListElement":[{"@type":"ListItem","position":1,"name":"Home","item":"https:\/\/www.intoscana.it\/it\/"},{"@type":"ListItem","position":2,"name":"Giovanis\u00ec su instagram: info e quesiti sul social"}]},{"@type":"WebSite","@id":"https:\/\/www.intoscana.it\/it\/#website","url":"https:\/\/www.intoscana.it\/it\/","name":"intoscana","description":"","potentialAction":[{"@type":"SearchAction","target":{"@type":"EntryPoint","urlTemplate":"https:\/\/www.intoscana.it\/it\/?s={search_term_string}"},"query-input":{"@type":"PropertyValueSpecification","valueRequired":true,"valueName":"search_term_string"}}],"inLanguage":"it-IT"},{"@type":"Person","@id":"https:\/\/www.intoscana.it\/it\/#\/schema\/person\/9223810753230f20bd670fdd322661f8","name":"Redazione","url":"https:\/\/www.intoscana.it\/it\/author\/redazione\/"}]}},"_links":{"self":[{"href":"https:\/\/www.intoscana.it\/it\/wp-json\/wp\/v2\/posts\/142625","targetHints":{"allow":["GET"]}}],"collection":[{"href":"https:\/\/www.intoscana.it\/it\/wp-json\/wp\/v2\/posts"}],"about":[{"href":"https:\/\/www.intoscana.it\/it\/wp-json\/wp\/v2\/types\/post"}],"author":[{"embeddable":true,"href":"https:\/\/www.intoscana.it\/it\/wp-json\/wp\/v2\/users\/525"}],"replies":[{"embeddable":true,"href":"https:\/\/www.intoscana.it\/it\/wp-json\/wp\/v2\/comments?post=142625"}],"version-history":[{"count":0,"href":"https:\/\/www.intoscana.it\/it\/wp-json\/wp\/v2\/posts\/142625\/revisions"}],"wp:featuredmedia":[{"embeddable":true,"href":"https:\/\/www.intoscana.it\/it\/wp-json\/wp\/v2\/media\/143473"}],"wp:attachment":[{"href":"https:\/\/www.intoscana.it\/it\/wp-json\/wp\/v2\/media?parent=142625"}],"wp:term":[{"taxonomy":"category","embeddable":true,"href":"https:\/\/www.intoscana.it\/it\/wp-json\/wp\/v2\/categories?post=142625"},{"taxonomy":"post_tag","embeddable":true,"href":"https:\/\/www.intoscana.it\/it\/wp-json\/wp\/v2\/tags?post=142625"}],"curies":[{"name":"wp","href":"https:\/\/api.w.org\/{rel}","templated":true}]}}