{"id":142707,"date":"2020-05-05T09:58:30","date_gmt":"2020-05-05T07:58:30","guid":{"rendered":"https:\/\/www.intoscana.it\/5-maggio-giornata-mondiale-del-lavaggio-delle-mani-prima-protezione-contro-il-corona-virus\/"},"modified":"2020-08-10T10:33:03","modified_gmt":"2020-08-10T08:33:03","slug":"giornata-mondiale-lavaggio-mani","status":"publish","type":"post","link":"https:\/\/www.intoscana.it\/it\/giornata-mondiale-lavaggio-mani\/","title":{"rendered":"5 maggio, Giornata Mondiale del lavaggio delle mani. Prima protezione contro il Corona Virus"},"content":{"rendered":"<p><em>&#8220;Lavarsi le mani correttamente, farlo nei momenti giusti e soprattutto nelle situazioni di maggior rischio, \u00e8 un gesto salvavita, che non \u00e8 pi\u00f9 solo parte della nostra buona educazione, ma diventa un gesto base della nostra vita quotidiana<\/em> &#8211; cos\u00ec l&#8217;assessore della Regione Toscana al diritto alla salute&nbsp;<strong>Stefania Saccardi<\/strong> saluta la<strong> giornata mondiale del lavaggio delle mani<\/strong> che si celebra oggi, <strong>5 maggio<\/strong>. Ricorrenza che oggi assume un significato ancora pi\u00f9 importante con l&#8217;emergenza in atto per la pandemia da corona virus.<\/p>\n<p><em>&#8220;Lavarsi bene le mani, indossare la mascherina e mantenere la distanza sociale: sono le tre azioni fondamentali per proteggerci dal virus e garantire la sicurezza nostra e di chi ci circonda &#8211; dice ancora Saccardi. E\u2019 necessario su questo non abbassare la guardia, come dice la campagna di comunicazione, perch\u00e9 entriamo in una nuova fase, di allentamento del lockdown, di riavvio, in cui per\u00f2 bisogna mantenere alto il livello di attenzione, sui comportamenti corretti che ci proteggono. La percezione del rischio di diffusione del Coronavirus, ma anche delle altre infezioni se non manteniamo i comportamenti corretti, deve diventare bene c omune, patrimonio di conoscenza di ogni cittadino&#8221;.<\/em><\/p>\n<p>La Regione Toscana attraverso la rete di qualit\u00e0 e sicurezza con il coordinamento del&nbsp;<strong>Centro Gestione Rischio Clinico e Sicurezza<\/strong> del paziente&nbsp;promuove la <strong>pratica per il&nbsp;lavaggio&nbsp;delle mani negli ospedali con campagne di sensibilizzazione annuali<\/strong>.&nbsp;Quest\u2019anno si promuover\u00e0 l\u2019attenzione attraverso la <strong>diffusione di un messaggio di comunicazione sia sui siti aziendali<\/strong> che tramite volantino diffuso in tutti i reparti e le zone comuni.<\/p>\n<p>L\u2019<strong>11 maggio<\/strong> si svolger\u00e0 poi un evento regionale, un <strong>webinar<\/strong> in cui gli operatori sanitari discuteranno la&nbsp;dimensione dell\u2019impatto della pandemia Covid-19 sulle pratiche per la prevenzione delle infezioni, con l\u2019obiettivo che il servizio sanitario riesca ad apprendere da questa situazione e utilizzare queste conoscenze per gestire l\u2019epidemia anche in futuro. L\u2019evento \u00e8 organizzato dal Centro Regionale Gestione Rischio Clinico e Sicurezza del Paziente, e da Ars, Agenzia Regionale di Sanit\u00e0, con il supporto del Formas.<\/p>\n<p>&nbsp;<\/p>\n","protected":false},"excerpt":{"rendered":"<p>L&#8217;assessore regionale alla salute Stefania Saccardi: &#8216;Lavarsi bene le mani, indossare la mascherina e mantenere la distanza sociale: sono le tre azioni fondamentali per proteggerci dal virus e garantire la sicurezza nostra e di chi ci circonda&#8217;<\/p>\n","protected":false},"author":525,"featured_media":143555,"comment_status":"open","ping_status":"open","sticky":false,"template":"","format":"standard","meta":{"_acf_changed":false,"footnotes":""},"categories":[18],"tags":[418],"class_list":["post-142707","post","type-post","status-publish","format-standard","has-post-thumbnail","hentry","category-salute","tag-covid-19"],"acf":[],"yoast_head":"<!-- This site is optimized with the Yoast SEO Premium plugin v24.2 (Yoast SEO v25.6) - https:\/\/yoast.com\/wordpress\/plugins\/seo\/ -->\n<title>5 maggio, Giornata Mondiale del lavaggio delle mani. Prima protezione contro il Corona Virus - intoscana<\/title>\n<meta name=\"description\" content=\"La Giornata Mondiale del lavaggio delle mani assume in questo 2020 un&#039;importanza ancora maggiore con l&#039;emergenza da corona virus in atto, le iniziative toscane.\" \/>\n<meta name=\"robots\" content=\"index, follow, max-snippet:-1, max-image-preview:large, max-video-preview:-1\" \/>\n<link rel=\"canonical\" href=\"https:\/\/www.intoscana.it\/it\/giornata-mondiale-lavaggio-mani\/\" \/>\n<meta property=\"og:locale\" content=\"it_IT\" \/>\n<meta property=\"og:type\" content=\"article\" \/>\n<meta property=\"og:title\" content=\"5 maggio, Giornata Mondiale del lavaggio delle mani. Prima protezione contro il Corona Virus\" \/>\n<meta property=\"og:description\" content=\"La Giornata Mondiale del lavaggio delle mani assume in questo 2020 un&#039;importanza ancora maggiore con l&#039;emergenza da corona virus in atto, le iniziative toscane.\" \/>\n<meta property=\"og:url\" content=\"https:\/\/www.intoscana.it\/it\/giornata-mondiale-lavaggio-mani\/\" \/>\n<meta property=\"og:site_name\" content=\"intoscana\" \/>\n<meta property=\"article:publisher\" content=\"https:\/\/www.facebook.com\/intoscana.it\" \/>\n<meta property=\"article:published_time\" content=\"2020-05-05T07:58:30+00:00\" \/>\n<meta property=\"article:modified_time\" content=\"2020-08-10T08:33:03+00:00\" \/>\n<meta property=\"og:image\" content=\"https:\/\/www.intoscana.it\/wp-content\/uploads\/giornata-mondiale-lavaggio-mani.jpg\" \/>\n\t<meta property=\"og:image:width\" content=\"1000\" \/>\n\t<meta property=\"og:image:height\" content=\"668\" \/>\n\t<meta property=\"og:image:type\" content=\"image\/jpeg\" \/>\n<meta name=\"author\" content=\"Redazione\" \/>\n<meta name=\"twitter:card\" content=\"summary_large_image\" \/>\n<meta name=\"twitter:creator\" content=\"@intoscana\" \/>\n<meta name=\"twitter:site\" content=\"@intoscana\" \/>\n<meta name=\"twitter:label1\" content=\"Written by\" \/>\n\t<meta name=\"twitter:data1\" content=\"Redazione\" \/>\n\t<meta name=\"twitter:label2\" content=\"Est. reading time\" \/>\n\t<meta name=\"twitter:data2\" content=\"2 minuti\" \/>\n<script type=\"application\/ld+json\" class=\"yoast-schema-graph\">{\"@context\":\"https:\/\/schema.org\",\"@graph\":[{\"@type\":\"WebPage\",\"@id\":\"https:\/\/www.intoscana.it\/it\/giornata-mondiale-lavaggio-mani\/\",\"url\":\"https:\/\/www.intoscana.it\/it\/giornata-mondiale-lavaggio-mani\/\",\"name\":\"5 maggio, Giornata Mondiale del lavaggio delle mani. Prima protezione contro il Corona Virus - intoscana\",\"isPartOf\":{\"@id\":\"https:\/\/www.intoscana.it\/it\/#website\"},\"primaryImageOfPage\":{\"@id\":\"https:\/\/www.intoscana.it\/it\/giornata-mondiale-lavaggio-mani\/#primaryimage\"},\"image\":{\"@id\":\"https:\/\/www.intoscana.it\/it\/giornata-mondiale-lavaggio-mani\/#primaryimage\"},\"thumbnailUrl\":\"https:\/\/www.intoscana.it\/wp-content\/uploads\/giornata-mondiale-lavaggio-mani.jpg\",\"datePublished\":\"2020-05-05T07:58:30+00:00\",\"dateModified\":\"2020-08-10T08:33:03+00:00\",\"author\":{\"@id\":\"https:\/\/www.intoscana.it\/it\/#\/schema\/person\/9223810753230f20bd670fdd322661f8\"},\"description\":\"La Giornata Mondiale del lavaggio delle mani assume in questo 2020 un'importanza ancora maggiore con l'emergenza da corona virus in atto, le iniziative toscane.\",\"breadcrumb\":{\"@id\":\"https:\/\/www.intoscana.it\/it\/giornata-mondiale-lavaggio-mani\/#breadcrumb\"},\"inLanguage\":\"it-IT\",\"potentialAction\":[{\"@type\":\"ReadAction\",\"target\":[\"https:\/\/www.intoscana.it\/it\/giornata-mondiale-lavaggio-mani\/\"]}]},{\"@type\":\"ImageObject\",\"inLanguage\":\"it-IT\",\"@id\":\"https:\/\/www.intoscana.it\/it\/giornata-mondiale-lavaggio-mani\/#primaryimage\",\"url\":\"https:\/\/www.intoscana.it\/wp-content\/uploads\/giornata-mondiale-lavaggio-mani.jpg\",\"contentUrl\":\"https:\/\/www.intoscana.it\/wp-content\/uploads\/giornata-mondiale-lavaggio-mani.jpg\",\"width\":1000,\"height\":668,\"caption\":\"5 maggio, giornata mondiale del lavaggio delle mani.\"},{\"@type\":\"BreadcrumbList\",\"@id\":\"https:\/\/www.intoscana.it\/it\/giornata-mondiale-lavaggio-mani\/#breadcrumb\",\"itemListElement\":[{\"@type\":\"ListItem\",\"position\":1,\"name\":\"Home\",\"item\":\"https:\/\/www.intoscana.it\/it\/\"},{\"@type\":\"ListItem\",\"position\":2,\"name\":\"5 maggio, Giornata Mondiale del lavaggio delle mani. Prima protezione contro il Corona Virus\"}]},{\"@type\":\"WebSite\",\"@id\":\"https:\/\/www.intoscana.it\/it\/#website\",\"url\":\"https:\/\/www.intoscana.it\/it\/\",\"name\":\"intoscana\",\"description\":\"\",\"potentialAction\":[{\"@type\":\"SearchAction\",\"target\":{\"@type\":\"EntryPoint\",\"urlTemplate\":\"https:\/\/www.intoscana.it\/it\/?s={search_term_string}\"},\"query-input\":{\"@type\":\"PropertyValueSpecification\",\"valueRequired\":true,\"valueName\":\"search_term_string\"}}],\"inLanguage\":\"it-IT\"},{\"@type\":\"Person\",\"@id\":\"https:\/\/www.intoscana.it\/it\/#\/schema\/person\/9223810753230f20bd670fdd322661f8\",\"name\":\"Redazione\",\"url\":\"https:\/\/www.intoscana.it\/it\/author\/redazione\/\"}]}<\/script>\n<!-- \/ Yoast SEO Premium plugin. -->","yoast_head_json":{"title":"5 maggio, Giornata Mondiale del lavaggio delle mani. Prima protezione contro il Corona Virus - intoscana","description":"La Giornata Mondiale del lavaggio delle mani assume in questo 2020 un'importanza ancora maggiore con l'emergenza da corona virus in atto, le iniziative toscane.","robots":{"index":"index","follow":"follow","max-snippet":"max-snippet:-1","max-image-preview":"max-image-preview:large","max-video-preview":"max-video-preview:-1"},"canonical":"https:\/\/www.intoscana.it\/it\/giornata-mondiale-lavaggio-mani\/","og_locale":"it_IT","og_type":"article","og_title":"5 maggio, Giornata Mondiale del lavaggio delle mani. Prima protezione contro il Corona Virus","og_description":"La Giornata Mondiale del lavaggio delle mani assume in questo 2020 un'importanza ancora maggiore con l'emergenza da corona virus in atto, le iniziative toscane.","og_url":"https:\/\/www.intoscana.it\/it\/giornata-mondiale-lavaggio-mani\/","og_site_name":"intoscana","article_publisher":"https:\/\/www.facebook.com\/intoscana.it","article_published_time":"2020-05-05T07:58:30+00:00","article_modified_time":"2020-08-10T08:33:03+00:00","og_image":[{"width":1000,"height":668,"url":"https:\/\/www.intoscana.it\/wp-content\/uploads\/giornata-mondiale-lavaggio-mani.jpg","type":"image\/jpeg"}],"author":"Redazione","twitter_card":"summary_large_image","twitter_creator":"@intoscana","twitter_site":"@intoscana","twitter_misc":{"Written by":"Redazione","Est. reading time":"2 minuti"},"schema":{"@context":"https:\/\/schema.org","@graph":[{"@type":"WebPage","@id":"https:\/\/www.intoscana.it\/it\/giornata-mondiale-lavaggio-mani\/","url":"https:\/\/www.intoscana.it\/it\/giornata-mondiale-lavaggio-mani\/","name":"5 maggio, Giornata Mondiale del lavaggio delle mani. Prima protezione contro il Corona Virus - intoscana","isPartOf":{"@id":"https:\/\/www.intoscana.it\/it\/#website"},"primaryImageOfPage":{"@id":"https:\/\/www.intoscana.it\/it\/giornata-mondiale-lavaggio-mani\/#primaryimage"},"image":{"@id":"https:\/\/www.intoscana.it\/it\/giornata-mondiale-lavaggio-mani\/#primaryimage"},"thumbnailUrl":"https:\/\/www.intoscana.it\/wp-content\/uploads\/giornata-mondiale-lavaggio-mani.jpg","datePublished":"2020-05-05T07:58:30+00:00","dateModified":"2020-08-10T08:33:03+00:00","author":{"@id":"https:\/\/www.intoscana.it\/it\/#\/schema\/person\/9223810753230f20bd670fdd322661f8"},"description":"La Giornata Mondiale del lavaggio delle mani assume in questo 2020 un'importanza ancora maggiore con l'emergenza da corona virus in atto, le iniziative toscane.","breadcrumb":{"@id":"https:\/\/www.intoscana.it\/it\/giornata-mondiale-lavaggio-mani\/#breadcrumb"},"inLanguage":"it-IT","potentialAction":[{"@type":"ReadAction","target":["https:\/\/www.intoscana.it\/it\/giornata-mondiale-lavaggio-mani\/"]}]},{"@type":"ImageObject","inLanguage":"it-IT","@id":"https:\/\/www.intoscana.it\/it\/giornata-mondiale-lavaggio-mani\/#primaryimage","url":"https:\/\/www.intoscana.it\/wp-content\/uploads\/giornata-mondiale-lavaggio-mani.jpg","contentUrl":"https:\/\/www.intoscana.it\/wp-content\/uploads\/giornata-mondiale-lavaggio-mani.jpg","width":1000,"height":668,"caption":"5 maggio, giornata mondiale del lavaggio delle mani."},{"@type":"BreadcrumbList","@id":"https:\/\/www.intoscana.it\/it\/giornata-mondiale-lavaggio-mani\/#breadcrumb","itemListElement":[{"@type":"ListItem","position":1,"name":"Home","item":"https:\/\/www.intoscana.it\/it\/"},{"@type":"ListItem","position":2,"name":"5 maggio, Giornata Mondiale del lavaggio delle mani. Prima protezione contro il Corona Virus"}]},{"@type":"WebSite","@id":"https:\/\/www.intoscana.it\/it\/#website","url":"https:\/\/www.intoscana.it\/it\/","name":"intoscana","description":"","potentialAction":[{"@type":"SearchAction","target":{"@type":"EntryPoint","urlTemplate":"https:\/\/www.intoscana.it\/it\/?s={search_term_string}"},"query-input":{"@type":"PropertyValueSpecification","valueRequired":true,"valueName":"search_term_string"}}],"inLanguage":"it-IT"},{"@type":"Person","@id":"https:\/\/www.intoscana.it\/it\/#\/schema\/person\/9223810753230f20bd670fdd322661f8","name":"Redazione","url":"https:\/\/www.intoscana.it\/it\/author\/redazione\/"}]}},"_links":{"self":[{"href":"https:\/\/www.intoscana.it\/it\/wp-json\/wp\/v2\/posts\/142707","targetHints":{"allow":["GET"]}}],"collection":[{"href":"https:\/\/www.intoscana.it\/it\/wp-json\/wp\/v2\/posts"}],"about":[{"href":"https:\/\/www.intoscana.it\/it\/wp-json\/wp\/v2\/types\/post"}],"author":[{"embeddable":true,"href":"https:\/\/www.intoscana.it\/it\/wp-json\/wp\/v2\/users\/525"}],"replies":[{"embeddable":true,"href":"https:\/\/www.intoscana.it\/it\/wp-json\/wp\/v2\/comments?post=142707"}],"version-history":[{"count":0,"href":"https:\/\/www.intoscana.it\/it\/wp-json\/wp\/v2\/posts\/142707\/revisions"}],"wp:featuredmedia":[{"embeddable":true,"href":"https:\/\/www.intoscana.it\/it\/wp-json\/wp\/v2\/media\/143555"}],"wp:attachment":[{"href":"https:\/\/www.intoscana.it\/it\/wp-json\/wp\/v2\/media?parent=142707"}],"wp:term":[{"taxonomy":"category","embeddable":true,"href":"https:\/\/www.intoscana.it\/it\/wp-json\/wp\/v2\/categories?post=142707"},{"taxonomy":"post_tag","embeddable":true,"href":"https:\/\/www.intoscana.it\/it\/wp-json\/wp\/v2\/tags?post=142707"}],"curies":[{"name":"wp","href":"https:\/\/api.w.org\/{rel}","templated":true}]}}