{"id":142709,"date":"2020-05-07T08:30:23","date_gmt":"2020-05-07T06:30:23","guid":{"rendered":"https:\/\/www.intoscana.it\/luoghi-del-cuore-fai-raimo-e-wertmuller-indicano-il-monte-pisano-e-san-galgano\/"},"modified":"2020-08-10T10:33:04","modified_gmt":"2020-08-10T08:33:04","slug":"luoghi-cuore-fai-2020-toscana","status":"publish","type":"post","link":"https:\/\/www.intoscana.it\/it\/luoghi-cuore-fai-2020-toscana\/","title":{"rendered":"Luoghi del cuore Fai, Raimo e Wertmuller indicano il Monte Pisano e San Galgano"},"content":{"rendered":"<p>I luoghi del cuore, quelli da salvare, quelli da far conoscere e visitare. I luoghi da tutelare e salvaguardare. Torna il censimento del FAI, il Fondo Ambiente Italiano, in collaborazione con Intesa Sanpaolo, iniziativa giunta alla sua decima edizione. Per la Toscana i testimonial &#8211; gli attori <strong>Renato Raimo<\/strong> e <strong>Massimo Wertmuller &#8211;&nbsp;<\/strong>hanno indicato rispettivamente il Monte pisano &#8211; colpito nel settembre 2018 da un incendio che ha distrutto 1.400 ettari di boschi &#8211;&nbsp; e l&#8217;abbazia di San Galgano a Chiusdino vicino a Siena.<\/p>\n<p>Fino al 15 dicembre i cittadini potranno votare i luoghi italiani che amano di pi\u00f9 e che vorrebbero vedere tutelati e valorizzati. Due quest&#8217;anno i premi speciali: uno per i <strong>luoghi d&#8217;Italia sopra i 600 metri<\/strong> e l&#8217;altro, durante l&#8217;emergenza Coronavirus, dedicato ai <strong>luoghi storici della salute<\/strong>.<\/p>\n<p>Per partecipare basta collegarsi al sito <a href=\"https:\/\/www.fondoambiente.it\/il-fai\/grandi-campagne\/i-luoghi-del-cuore\/\" target=\"_blank\" rel=\"noopener noreferrer\"><span style=\"text-decoration: underline;\"><strong>iluoghidelcuore.it<\/strong><\/span><\/a> e esprimere la propria preferenza. Sempre sul sito, gli attori e i conduttori testimonial della campagna presentano i loro personali luoghi del cuore.&nbsp;<em>&#8220;Il mio luogo dell&#8217;anima<\/em> &#8211; spiega <strong>Massimo Wertmuller<\/strong> &#8211; <em>luogo dello spirito perch\u00e9 non ho mai sentito tanta spiritualit\u00e0 tutta concentrata in uno stesso luogo, \u00e8 a San Galgano, vicino Siena. Si tratta di una chiesa che Galgano costru\u00ec attorno alla sua spada come primo simbolo di cristianit\u00e0 con la sua elsa a croce che ancora \u00e8 conficcata l\u00ec dal 1182&#8243;.<\/em><\/p>\n<p><iframe loading=\"lazy\" src=\"https:\/\/www.youtube.com\/embed\/z-lwyqxEMxU\" width=\"560\" height=\"315\" frameborder=\"0\" allowfullscreen=\"allowfullscreen\"><\/iframe><\/p>\n<p><strong>VIDEO: Renato Raimo, ospite di intoscanaincucina lo scorso gennaio ci ha parlato del Monte Pisano<\/strong><\/p>\n<p>Per l&#8217;attore<strong> Renato&nbsp;Raimo<\/strong> il Monte pisano &#8220;<em>continua a essere il mio luogo del cuore anche oggi che ha ripreso a verdeggiare. Sulle sue pendici, oltre a borghi di rara bellezza, \u00e8 inscritta la storia dell&#8217;uomo. Scegliere un luogo del cuore equivale non solo a farne conoscere l&#8217;esistenza ma soprattutto a richiamare alla necessaria e improcrastinabile manutenzione dell&#8217;opera per le future generazioni&#8221;.<\/em><\/p>\n<p><strong>Il nostro documentario sulla rinascita del Monte Pisano dopo l&#8217;incendio (riprese novembre &#8211; dicembre 2019)<\/strong><\/p>\n<p><iframe loading=\"lazy\" src=\"https:\/\/www.youtube.com\/embed\/475danpkHcE\" width=\"560\" height=\"315\" frameborder=\"0\" allowfullscreen=\"allowfullscreen\"><\/iframe><\/p>\n","protected":false},"excerpt":{"rendered":"<p>Decima edizione del censimento nazionale del Fondo Ambiente Italiano. Si potr\u00e0 votare online fino al prossimo 15 dicembre. Premi speciali per &#8216;i luoghi d&#8217;Italia sopra i 600 metri&#8217; e per &#8216;i luoghi della salute&#8217;<\/p>\n","protected":false},"author":525,"featured_media":143557,"comment_status":"open","ping_status":"open","sticky":false,"template":"","format":"standard","meta":{"_acf_changed":false,"footnotes":""},"categories":[19],"tags":[],"class_list":["post-142709","post","type-post","status-publish","format-standard","has-post-thumbnail","hentry","category-ambiente"],"acf":[],"yoast_head":"<!-- This site is optimized with the Yoast SEO Premium plugin v24.2 (Yoast SEO v25.6) - https:\/\/yoast.com\/wordpress\/plugins\/seo\/ -->\n<title>Luoghi del cuore Fai, Raimo e Wertmuller indicano il Monte Pisano e San Galgano - intoscana<\/title>\n<meta name=\"description\" content=\"Luoghi del cuore, i testimonial Renato Raimo e Massimo Wertmuller indicano rispettivamente il Monte Pisano e l&#039;Abbazia di San Galgano per il 2020, come votare.\" \/>\n<meta name=\"robots\" content=\"index, follow, max-snippet:-1, max-image-preview:large, max-video-preview:-1\" \/>\n<link rel=\"canonical\" href=\"https:\/\/www.intoscana.it\/it\/luoghi-cuore-fai-2020-toscana\/\" \/>\n<meta property=\"og:locale\" content=\"it_IT\" \/>\n<meta property=\"og:type\" content=\"article\" \/>\n<meta property=\"og:title\" content=\"Luoghi del cuore Fai, Raimo e Wertmuller indicano il Monte Pisano e San Galgano\" \/>\n<meta property=\"og:description\" content=\"Luoghi del cuore, i testimonial Renato Raimo e Massimo Wertmuller indicano rispettivamente il Monte Pisano e l&#039;Abbazia di San Galgano per il 2020, come votare.\" \/>\n<meta property=\"og:url\" content=\"https:\/\/www.intoscana.it\/it\/luoghi-cuore-fai-2020-toscana\/\" \/>\n<meta property=\"og:site_name\" content=\"intoscana\" \/>\n<meta property=\"article:publisher\" content=\"https:\/\/www.facebook.com\/intoscana.it\" \/>\n<meta property=\"article:published_time\" content=\"2020-05-07T06:30:23+00:00\" \/>\n<meta property=\"article:modified_time\" content=\"2020-08-10T08:33:04+00:00\" \/>\n<meta property=\"og:image\" content=\"https:\/\/www.intoscana.it\/wp-content\/uploads\/DIG1415-S-Galgano-4.jpg\" \/>\n\t<meta property=\"og:image:width\" content=\"800\" \/>\n\t<meta property=\"og:image:height\" content=\"534\" \/>\n\t<meta property=\"og:image:type\" content=\"image\/jpeg\" \/>\n<meta name=\"author\" content=\"Redazione\" \/>\n<meta name=\"twitter:card\" content=\"summary_large_image\" \/>\n<meta name=\"twitter:creator\" content=\"@intoscana\" \/>\n<meta name=\"twitter:site\" content=\"@intoscana\" \/>\n<meta name=\"twitter:label1\" content=\"Written by\" \/>\n\t<meta name=\"twitter:data1\" content=\"Redazione\" \/>\n\t<meta name=\"twitter:label2\" content=\"Est. reading time\" \/>\n\t<meta name=\"twitter:data2\" content=\"2 minuti\" \/>\n<script type=\"application\/ld+json\" class=\"yoast-schema-graph\">{\"@context\":\"https:\/\/schema.org\",\"@graph\":[{\"@type\":\"WebPage\",\"@id\":\"https:\/\/www.intoscana.it\/it\/luoghi-cuore-fai-2020-toscana\/\",\"url\":\"https:\/\/www.intoscana.it\/it\/luoghi-cuore-fai-2020-toscana\/\",\"name\":\"Luoghi del cuore Fai, Raimo e Wertmuller indicano il Monte Pisano e San Galgano - intoscana\",\"isPartOf\":{\"@id\":\"https:\/\/www.intoscana.it\/it\/#website\"},\"primaryImageOfPage\":{\"@id\":\"https:\/\/www.intoscana.it\/it\/luoghi-cuore-fai-2020-toscana\/#primaryimage\"},\"image\":{\"@id\":\"https:\/\/www.intoscana.it\/it\/luoghi-cuore-fai-2020-toscana\/#primaryimage\"},\"thumbnailUrl\":\"https:\/\/www.intoscana.it\/wp-content\/uploads\/DIG1415-S-Galgano-4.jpg\",\"datePublished\":\"2020-05-07T06:30:23+00:00\",\"dateModified\":\"2020-08-10T08:33:04+00:00\",\"author\":{\"@id\":\"https:\/\/www.intoscana.it\/it\/#\/schema\/person\/9223810753230f20bd670fdd322661f8\"},\"description\":\"Luoghi del cuore, i testimonial Renato Raimo e Massimo Wertmuller indicano rispettivamente il Monte Pisano e l'Abbazia di San Galgano per il 2020, come votare.\",\"breadcrumb\":{\"@id\":\"https:\/\/www.intoscana.it\/it\/luoghi-cuore-fai-2020-toscana\/#breadcrumb\"},\"inLanguage\":\"it-IT\",\"potentialAction\":[{\"@type\":\"ReadAction\",\"target\":[\"https:\/\/www.intoscana.it\/it\/luoghi-cuore-fai-2020-toscana\/\"]}]},{\"@type\":\"ImageObject\",\"inLanguage\":\"it-IT\",\"@id\":\"https:\/\/www.intoscana.it\/it\/luoghi-cuore-fai-2020-toscana\/#primaryimage\",\"url\":\"https:\/\/www.intoscana.it\/wp-content\/uploads\/DIG1415-S-Galgano-4.jpg\",\"contentUrl\":\"https:\/\/www.intoscana.it\/wp-content\/uploads\/DIG1415-S-Galgano-4.jpg\",\"width\":800,\"height\":534,\"caption\":\"Abbazia di San Galgano tra i luoghi del cuore Fai.\"},{\"@type\":\"BreadcrumbList\",\"@id\":\"https:\/\/www.intoscana.it\/it\/luoghi-cuore-fai-2020-toscana\/#breadcrumb\",\"itemListElement\":[{\"@type\":\"ListItem\",\"position\":1,\"name\":\"Home\",\"item\":\"https:\/\/www.intoscana.it\/it\/\"},{\"@type\":\"ListItem\",\"position\":2,\"name\":\"Luoghi del cuore Fai, Raimo e Wertmuller indicano il Monte Pisano e San Galgano\"}]},{\"@type\":\"WebSite\",\"@id\":\"https:\/\/www.intoscana.it\/it\/#website\",\"url\":\"https:\/\/www.intoscana.it\/it\/\",\"name\":\"intoscana\",\"description\":\"\",\"potentialAction\":[{\"@type\":\"SearchAction\",\"target\":{\"@type\":\"EntryPoint\",\"urlTemplate\":\"https:\/\/www.intoscana.it\/it\/?s={search_term_string}\"},\"query-input\":{\"@type\":\"PropertyValueSpecification\",\"valueRequired\":true,\"valueName\":\"search_term_string\"}}],\"inLanguage\":\"it-IT\"},{\"@type\":\"Person\",\"@id\":\"https:\/\/www.intoscana.it\/it\/#\/schema\/person\/9223810753230f20bd670fdd322661f8\",\"name\":\"Redazione\",\"url\":\"https:\/\/www.intoscana.it\/it\/author\/redazione\/\"}]}<\/script>\n<!-- \/ Yoast SEO Premium plugin. -->","yoast_head_json":{"title":"Luoghi del cuore Fai, Raimo e Wertmuller indicano il Monte Pisano e San Galgano - intoscana","description":"Luoghi del cuore, i testimonial Renato Raimo e Massimo Wertmuller indicano rispettivamente il Monte Pisano e l'Abbazia di San Galgano per il 2020, come votare.","robots":{"index":"index","follow":"follow","max-snippet":"max-snippet:-1","max-image-preview":"max-image-preview:large","max-video-preview":"max-video-preview:-1"},"canonical":"https:\/\/www.intoscana.it\/it\/luoghi-cuore-fai-2020-toscana\/","og_locale":"it_IT","og_type":"article","og_title":"Luoghi del cuore Fai, Raimo e Wertmuller indicano il Monte Pisano e San Galgano","og_description":"Luoghi del cuore, i testimonial Renato Raimo e Massimo Wertmuller indicano rispettivamente il Monte Pisano e l'Abbazia di San Galgano per il 2020, come votare.","og_url":"https:\/\/www.intoscana.it\/it\/luoghi-cuore-fai-2020-toscana\/","og_site_name":"intoscana","article_publisher":"https:\/\/www.facebook.com\/intoscana.it","article_published_time":"2020-05-07T06:30:23+00:00","article_modified_time":"2020-08-10T08:33:04+00:00","og_image":[{"width":800,"height":534,"url":"https:\/\/www.intoscana.it\/wp-content\/uploads\/DIG1415-S-Galgano-4.jpg","type":"image\/jpeg"}],"author":"Redazione","twitter_card":"summary_large_image","twitter_creator":"@intoscana","twitter_site":"@intoscana","twitter_misc":{"Written by":"Redazione","Est. reading time":"2 minuti"},"schema":{"@context":"https:\/\/schema.org","@graph":[{"@type":"WebPage","@id":"https:\/\/www.intoscana.it\/it\/luoghi-cuore-fai-2020-toscana\/","url":"https:\/\/www.intoscana.it\/it\/luoghi-cuore-fai-2020-toscana\/","name":"Luoghi del cuore Fai, Raimo e Wertmuller indicano il Monte Pisano e San Galgano - intoscana","isPartOf":{"@id":"https:\/\/www.intoscana.it\/it\/#website"},"primaryImageOfPage":{"@id":"https:\/\/www.intoscana.it\/it\/luoghi-cuore-fai-2020-toscana\/#primaryimage"},"image":{"@id":"https:\/\/www.intoscana.it\/it\/luoghi-cuore-fai-2020-toscana\/#primaryimage"},"thumbnailUrl":"https:\/\/www.intoscana.it\/wp-content\/uploads\/DIG1415-S-Galgano-4.jpg","datePublished":"2020-05-07T06:30:23+00:00","dateModified":"2020-08-10T08:33:04+00:00","author":{"@id":"https:\/\/www.intoscana.it\/it\/#\/schema\/person\/9223810753230f20bd670fdd322661f8"},"description":"Luoghi del cuore, i testimonial Renato Raimo e Massimo Wertmuller indicano rispettivamente il Monte Pisano e l'Abbazia di San Galgano per il 2020, come votare.","breadcrumb":{"@id":"https:\/\/www.intoscana.it\/it\/luoghi-cuore-fai-2020-toscana\/#breadcrumb"},"inLanguage":"it-IT","potentialAction":[{"@type":"ReadAction","target":["https:\/\/www.intoscana.it\/it\/luoghi-cuore-fai-2020-toscana\/"]}]},{"@type":"ImageObject","inLanguage":"it-IT","@id":"https:\/\/www.intoscana.it\/it\/luoghi-cuore-fai-2020-toscana\/#primaryimage","url":"https:\/\/www.intoscana.it\/wp-content\/uploads\/DIG1415-S-Galgano-4.jpg","contentUrl":"https:\/\/www.intoscana.it\/wp-content\/uploads\/DIG1415-S-Galgano-4.jpg","width":800,"height":534,"caption":"Abbazia di San Galgano tra i luoghi del cuore Fai."},{"@type":"BreadcrumbList","@id":"https:\/\/www.intoscana.it\/it\/luoghi-cuore-fai-2020-toscana\/#breadcrumb","itemListElement":[{"@type":"ListItem","position":1,"name":"Home","item":"https:\/\/www.intoscana.it\/it\/"},{"@type":"ListItem","position":2,"name":"Luoghi del cuore Fai, Raimo e Wertmuller indicano il Monte Pisano e San Galgano"}]},{"@type":"WebSite","@id":"https:\/\/www.intoscana.it\/it\/#website","url":"https:\/\/www.intoscana.it\/it\/","name":"intoscana","description":"","potentialAction":[{"@type":"SearchAction","target":{"@type":"EntryPoint","urlTemplate":"https:\/\/www.intoscana.it\/it\/?s={search_term_string}"},"query-input":{"@type":"PropertyValueSpecification","valueRequired":true,"valueName":"search_term_string"}}],"inLanguage":"it-IT"},{"@type":"Person","@id":"https:\/\/www.intoscana.it\/it\/#\/schema\/person\/9223810753230f20bd670fdd322661f8","name":"Redazione","url":"https:\/\/www.intoscana.it\/it\/author\/redazione\/"}]}},"_links":{"self":[{"href":"https:\/\/www.intoscana.it\/it\/wp-json\/wp\/v2\/posts\/142709","targetHints":{"allow":["GET"]}}],"collection":[{"href":"https:\/\/www.intoscana.it\/it\/wp-json\/wp\/v2\/posts"}],"about":[{"href":"https:\/\/www.intoscana.it\/it\/wp-json\/wp\/v2\/types\/post"}],"author":[{"embeddable":true,"href":"https:\/\/www.intoscana.it\/it\/wp-json\/wp\/v2\/users\/525"}],"replies":[{"embeddable":true,"href":"https:\/\/www.intoscana.it\/it\/wp-json\/wp\/v2\/comments?post=142709"}],"version-history":[{"count":0,"href":"https:\/\/www.intoscana.it\/it\/wp-json\/wp\/v2\/posts\/142709\/revisions"}],"wp:featuredmedia":[{"embeddable":true,"href":"https:\/\/www.intoscana.it\/it\/wp-json\/wp\/v2\/media\/143557"}],"wp:attachment":[{"href":"https:\/\/www.intoscana.it\/it\/wp-json\/wp\/v2\/media?parent=142709"}],"wp:term":[{"taxonomy":"category","embeddable":true,"href":"https:\/\/www.intoscana.it\/it\/wp-json\/wp\/v2\/categories?post=142709"},{"taxonomy":"post_tag","embeddable":true,"href":"https:\/\/www.intoscana.it\/it\/wp-json\/wp\/v2\/tags?post=142709"}],"curies":[{"name":"wp","href":"https:\/\/api.w.org\/{rel}","templated":true}]}}