{"id":142725,"date":"2020-05-06T10:36:50","date_gmt":"2020-05-06T08:36:50","guid":{"rendered":"https:\/\/www.intoscana.it\/toscana-falde-acquifere-piu-alte-per-effetto-del-lockdown\/"},"modified":"2020-08-10T10:33:13","modified_gmt":"2020-08-10T08:33:13","slug":"toscana-falde-acquifere-piu-alte-per-effetto-del-lockdown","status":"publish","type":"post","link":"https:\/\/www.intoscana.it\/it\/toscana-falde-acquifere-piu-alte-per-effetto-del-lockdown\/","title":{"rendered":"Toscana, falde acquifere pi\u00f9 alte per effetto del lockdown"},"content":{"rendered":"<p>Tra gli effetti del lockdown c&#8217;\u00e8 anche l&#8217;<strong>innalzamento delle falde acquifere in Toscana<\/strong>. Un fenomeno allo studio dell&#8217;Istituto di Geoscienze e Georisorse del CNR di Pisa e dell\u2019Universit\u00e0 di Pisa. L&#8217;obiettivo della ricerca \u00e8 appunto quello di \u201cfotografare\u201d la situazione delle acque sotterranee in Toscana al tempo del Coronavirus. Fra gli effetti della l\u2019emergenza sanitaria c\u2019\u00e8 stato infatti il blocco pressoch\u00e9 improvviso di molte attivit\u00e0 industriali e artigianali idroesigenti, che richiedono cio\u00e8 acqua per i loro processi produttivi, a cui si aggiunge anche una diversa ridistribuzione dell\u2019acqua potabile dovuta all&#8217;assenza di studenti e turisti nelle principali citt\u00e0 della regione.<br \/><em>\u201cGrazie ai dati di monitoraggio quantitativo messi a disposizione del Servizio Idrologico e Geologico della Regione Toscana, abbiamo gi\u00e0 osservato un innalzamento delle falde idriche<\/em> &#8211; spiega il professore&nbsp;<strong>Roberto&nbsp;Giannecchini<\/strong>&nbsp;del Dipartimento&nbsp;di&nbsp;Scienze&nbsp;della&nbsp; Terra dell\u2019Universit\u00e0 di Pisa \u2013 <em>si tratta di un segnale in controtendenza rispetto alle medie stagionali anche perch\u00e9 da settimane sta piovendo molto poco; il nostro obiettivo \u00e8 quindi capire&nbsp;il comportamento delle falde in risposta ad una situazione indotta come il lockdown, non solo dal punto di vista quantitativo ma anche qualitativo, e questo anche per identificare&nbsp;gli effetti a breve-medio dello sfruttamento delle risorse idriche, talvolta molto intenso, di alcune aree della Toscana,&nbsp;quali ad esempio le aree di Santa Croce, Bientina, bassa Val di Cornia, Piana di Lucca, Mortaiolo\u201d.<\/em><\/p>\n<p>L\u2019indagine verr\u00e0 realizzata confrontando il monitoraggio quantitativo delle acque sotterranee con<strong> una mappatura delle attivit\u00e0 in \u201clockdown\u201d e non<\/strong>. Proprio in questi giorni sono cominciati i primi campionamenti per le analisi chimiche ed isotopiche delle acque in alcuni siti selezionati, quali quelli prossimi ai principali campi-pozzi toscani delle aree del pisano e del grossetano.<\/p>\n<p>Oltre al&nbsp;Settore Idrologico e Geologico regionale, all\u2019iniziativa partecipano hanno dato immediato sostegno e partecipazione tutti i principali enti preposti alla gestione delle acque quali il&nbsp;Settore Idrologico e Geologico&nbsp;ed il&nbsp;Settore Tetela Acqua e Costa della Regione Toscana,&nbsp;ARPAT,&nbsp;Autorit\u00e0 Idrica Toscana&nbsp;e&nbsp;Autorit\u00e0 di Bacino Distrettuale dell\u2019Appennino Settentrionale.<\/p>\n","protected":false},"excerpt":{"rendered":"<p>Uno studio del CNR e dell&#8217;Universit\u00e0 di Pisa. Giannecchini: &#8216;Obiettivo \u00e8 studiare il comportamento delle falde ed identificare&nbsp;gli effetti a breve-medio dello sfruttamento delle risorse idriche di alcune aree della Toscana&#8217;<\/p>\n","protected":false},"author":525,"featured_media":143573,"comment_status":"open","ping_status":"open","sticky":false,"template":"","format":"standard","meta":{"_acf_changed":false,"footnotes":""},"categories":[19],"tags":[],"class_list":["post-142725","post","type-post","status-publish","format-standard","has-post-thumbnail","hentry","category-ambiente"],"acf":[],"yoast_head":"<!-- This site is optimized with the Yoast SEO Premium plugin v24.2 (Yoast SEO v25.6) - https:\/\/yoast.com\/wordpress\/plugins\/seo\/ -->\n<title>Toscana, falde acquifere pi\u00f9 alte per effetto del lockdown - intoscana<\/title>\n<meta name=\"description\" content=\"Effetti del lockdown in Toscana si innalzano le falde acquifere, un fenomeno allo studio dell&#039;Istituto di Geoscienze e Georisorse del Cnr.e ateneo di Pisa.\" \/>\n<meta name=\"robots\" content=\"index, follow, max-snippet:-1, max-image-preview:large, max-video-preview:-1\" \/>\n<link rel=\"canonical\" href=\"https:\/\/www.intoscana.it\/it\/toscana-falde-acquifere-piu-alte-per-effetto-del-lockdown\/\" \/>\n<meta property=\"og:locale\" content=\"it_IT\" \/>\n<meta property=\"og:type\" content=\"article\" \/>\n<meta property=\"og:title\" content=\"Toscana, falde acquifere pi\u00f9 alte per effetto del lockdown\" \/>\n<meta property=\"og:description\" content=\"Effetti del lockdown in Toscana si innalzano le falde acquifere, un fenomeno allo studio dell&#039;Istituto di Geoscienze e Georisorse del Cnr.e ateneo di Pisa.\" \/>\n<meta property=\"og:url\" content=\"https:\/\/www.intoscana.it\/it\/toscana-falde-acquifere-piu-alte-per-effetto-del-lockdown\/\" \/>\n<meta property=\"og:site_name\" content=\"intoscana\" \/>\n<meta property=\"article:publisher\" content=\"https:\/\/www.facebook.com\/intoscana.it\" \/>\n<meta property=\"article:published_time\" content=\"2020-05-06T08:36:50+00:00\" \/>\n<meta property=\"article:modified_time\" content=\"2020-08-10T08:33:13+00:00\" \/>\n<meta property=\"og:image\" content=\"https:\/\/www.intoscana.it\/wp-content\/uploads\/bottini-siena-.png\" \/>\n\t<meta property=\"og:image:width\" content=\"1708\" \/>\n\t<meta property=\"og:image:height\" content=\"1080\" \/>\n\t<meta property=\"og:image:type\" content=\"image\/png\" \/>\n<meta name=\"author\" content=\"Redazione\" \/>\n<meta name=\"twitter:card\" content=\"summary_large_image\" \/>\n<meta name=\"twitter:creator\" content=\"@intoscana\" \/>\n<meta name=\"twitter:site\" content=\"@intoscana\" \/>\n<meta name=\"twitter:label1\" content=\"Written by\" \/>\n\t<meta name=\"twitter:data1\" content=\"Redazione\" \/>\n\t<meta name=\"twitter:label2\" content=\"Est. reading time\" \/>\n\t<meta name=\"twitter:data2\" content=\"2 minuti\" \/>\n<script type=\"application\/ld+json\" class=\"yoast-schema-graph\">{\"@context\":\"https:\/\/schema.org\",\"@graph\":[{\"@type\":\"WebPage\",\"@id\":\"https:\/\/www.intoscana.it\/it\/toscana-falde-acquifere-piu-alte-per-effetto-del-lockdown\/\",\"url\":\"https:\/\/www.intoscana.it\/it\/toscana-falde-acquifere-piu-alte-per-effetto-del-lockdown\/\",\"name\":\"Toscana, falde acquifere pi\u00f9 alte per effetto del lockdown - intoscana\",\"isPartOf\":{\"@id\":\"https:\/\/www.intoscana.it\/it\/#website\"},\"primaryImageOfPage\":{\"@id\":\"https:\/\/www.intoscana.it\/it\/toscana-falde-acquifere-piu-alte-per-effetto-del-lockdown\/#primaryimage\"},\"image\":{\"@id\":\"https:\/\/www.intoscana.it\/it\/toscana-falde-acquifere-piu-alte-per-effetto-del-lockdown\/#primaryimage\"},\"thumbnailUrl\":\"https:\/\/www.intoscana.it\/wp-content\/uploads\/bottini-siena-.png\",\"datePublished\":\"2020-05-06T08:36:50+00:00\",\"dateModified\":\"2020-08-10T08:33:13+00:00\",\"author\":{\"@id\":\"https:\/\/www.intoscana.it\/it\/#\/schema\/person\/9223810753230f20bd670fdd322661f8\"},\"description\":\"Effetti del lockdown in Toscana si innalzano le falde acquifere, un fenomeno allo studio dell'Istituto di Geoscienze e Georisorse del Cnr.e ateneo di Pisa.\",\"breadcrumb\":{\"@id\":\"https:\/\/www.intoscana.it\/it\/toscana-falde-acquifere-piu-alte-per-effetto-del-lockdown\/#breadcrumb\"},\"inLanguage\":\"it-IT\",\"potentialAction\":[{\"@type\":\"ReadAction\",\"target\":[\"https:\/\/www.intoscana.it\/it\/toscana-falde-acquifere-piu-alte-per-effetto-del-lockdown\/\"]}]},{\"@type\":\"ImageObject\",\"inLanguage\":\"it-IT\",\"@id\":\"https:\/\/www.intoscana.it\/it\/toscana-falde-acquifere-piu-alte-per-effetto-del-lockdown\/#primaryimage\",\"url\":\"https:\/\/www.intoscana.it\/wp-content\/uploads\/bottini-siena-.png\",\"contentUrl\":\"https:\/\/www.intoscana.it\/wp-content\/uploads\/bottini-siena-.png\",\"width\":1708,\"height\":1080,\"caption\":\"I bottini di Siena\"},{\"@type\":\"BreadcrumbList\",\"@id\":\"https:\/\/www.intoscana.it\/it\/toscana-falde-acquifere-piu-alte-per-effetto-del-lockdown\/#breadcrumb\",\"itemListElement\":[{\"@type\":\"ListItem\",\"position\":1,\"name\":\"Home\",\"item\":\"https:\/\/www.intoscana.it\/it\/\"},{\"@type\":\"ListItem\",\"position\":2,\"name\":\"Toscana, falde acquifere pi\u00f9 alte per effetto del lockdown\"}]},{\"@type\":\"WebSite\",\"@id\":\"https:\/\/www.intoscana.it\/it\/#website\",\"url\":\"https:\/\/www.intoscana.it\/it\/\",\"name\":\"intoscana\",\"description\":\"\",\"potentialAction\":[{\"@type\":\"SearchAction\",\"target\":{\"@type\":\"EntryPoint\",\"urlTemplate\":\"https:\/\/www.intoscana.it\/it\/?s={search_term_string}\"},\"query-input\":{\"@type\":\"PropertyValueSpecification\",\"valueRequired\":true,\"valueName\":\"search_term_string\"}}],\"inLanguage\":\"it-IT\"},{\"@type\":\"Person\",\"@id\":\"https:\/\/www.intoscana.it\/it\/#\/schema\/person\/9223810753230f20bd670fdd322661f8\",\"name\":\"Redazione\",\"url\":\"https:\/\/www.intoscana.it\/it\/author\/redazione\/\"}]}<\/script>\n<!-- \/ Yoast SEO Premium plugin. -->","yoast_head_json":{"title":"Toscana, falde acquifere pi\u00f9 alte per effetto del lockdown - intoscana","description":"Effetti del lockdown in Toscana si innalzano le falde acquifere, un fenomeno allo studio dell'Istituto di Geoscienze e Georisorse del Cnr.e ateneo di Pisa.","robots":{"index":"index","follow":"follow","max-snippet":"max-snippet:-1","max-image-preview":"max-image-preview:large","max-video-preview":"max-video-preview:-1"},"canonical":"https:\/\/www.intoscana.it\/it\/toscana-falde-acquifere-piu-alte-per-effetto-del-lockdown\/","og_locale":"it_IT","og_type":"article","og_title":"Toscana, falde acquifere pi\u00f9 alte per effetto del lockdown","og_description":"Effetti del lockdown in Toscana si innalzano le falde acquifere, un fenomeno allo studio dell'Istituto di Geoscienze e Georisorse del Cnr.e ateneo di Pisa.","og_url":"https:\/\/www.intoscana.it\/it\/toscana-falde-acquifere-piu-alte-per-effetto-del-lockdown\/","og_site_name":"intoscana","article_publisher":"https:\/\/www.facebook.com\/intoscana.it","article_published_time":"2020-05-06T08:36:50+00:00","article_modified_time":"2020-08-10T08:33:13+00:00","og_image":[{"width":1708,"height":1080,"url":"https:\/\/www.intoscana.it\/wp-content\/uploads\/bottini-siena-.png","type":"image\/png"}],"author":"Redazione","twitter_card":"summary_large_image","twitter_creator":"@intoscana","twitter_site":"@intoscana","twitter_misc":{"Written by":"Redazione","Est. reading time":"2 minuti"},"schema":{"@context":"https:\/\/schema.org","@graph":[{"@type":"WebPage","@id":"https:\/\/www.intoscana.it\/it\/toscana-falde-acquifere-piu-alte-per-effetto-del-lockdown\/","url":"https:\/\/www.intoscana.it\/it\/toscana-falde-acquifere-piu-alte-per-effetto-del-lockdown\/","name":"Toscana, falde acquifere pi\u00f9 alte per effetto del lockdown - intoscana","isPartOf":{"@id":"https:\/\/www.intoscana.it\/it\/#website"},"primaryImageOfPage":{"@id":"https:\/\/www.intoscana.it\/it\/toscana-falde-acquifere-piu-alte-per-effetto-del-lockdown\/#primaryimage"},"image":{"@id":"https:\/\/www.intoscana.it\/it\/toscana-falde-acquifere-piu-alte-per-effetto-del-lockdown\/#primaryimage"},"thumbnailUrl":"https:\/\/www.intoscana.it\/wp-content\/uploads\/bottini-siena-.png","datePublished":"2020-05-06T08:36:50+00:00","dateModified":"2020-08-10T08:33:13+00:00","author":{"@id":"https:\/\/www.intoscana.it\/it\/#\/schema\/person\/9223810753230f20bd670fdd322661f8"},"description":"Effetti del lockdown in Toscana si innalzano le falde acquifere, un fenomeno allo studio dell'Istituto di Geoscienze e Georisorse del Cnr.e ateneo di Pisa.","breadcrumb":{"@id":"https:\/\/www.intoscana.it\/it\/toscana-falde-acquifere-piu-alte-per-effetto-del-lockdown\/#breadcrumb"},"inLanguage":"it-IT","potentialAction":[{"@type":"ReadAction","target":["https:\/\/www.intoscana.it\/it\/toscana-falde-acquifere-piu-alte-per-effetto-del-lockdown\/"]}]},{"@type":"ImageObject","inLanguage":"it-IT","@id":"https:\/\/www.intoscana.it\/it\/toscana-falde-acquifere-piu-alte-per-effetto-del-lockdown\/#primaryimage","url":"https:\/\/www.intoscana.it\/wp-content\/uploads\/bottini-siena-.png","contentUrl":"https:\/\/www.intoscana.it\/wp-content\/uploads\/bottini-siena-.png","width":1708,"height":1080,"caption":"I bottini di Siena"},{"@type":"BreadcrumbList","@id":"https:\/\/www.intoscana.it\/it\/toscana-falde-acquifere-piu-alte-per-effetto-del-lockdown\/#breadcrumb","itemListElement":[{"@type":"ListItem","position":1,"name":"Home","item":"https:\/\/www.intoscana.it\/it\/"},{"@type":"ListItem","position":2,"name":"Toscana, falde acquifere pi\u00f9 alte per effetto del lockdown"}]},{"@type":"WebSite","@id":"https:\/\/www.intoscana.it\/it\/#website","url":"https:\/\/www.intoscana.it\/it\/","name":"intoscana","description":"","potentialAction":[{"@type":"SearchAction","target":{"@type":"EntryPoint","urlTemplate":"https:\/\/www.intoscana.it\/it\/?s={search_term_string}"},"query-input":{"@type":"PropertyValueSpecification","valueRequired":true,"valueName":"search_term_string"}}],"inLanguage":"it-IT"},{"@type":"Person","@id":"https:\/\/www.intoscana.it\/it\/#\/schema\/person\/9223810753230f20bd670fdd322661f8","name":"Redazione","url":"https:\/\/www.intoscana.it\/it\/author\/redazione\/"}]}},"_links":{"self":[{"href":"https:\/\/www.intoscana.it\/it\/wp-json\/wp\/v2\/posts\/142725","targetHints":{"allow":["GET"]}}],"collection":[{"href":"https:\/\/www.intoscana.it\/it\/wp-json\/wp\/v2\/posts"}],"about":[{"href":"https:\/\/www.intoscana.it\/it\/wp-json\/wp\/v2\/types\/post"}],"author":[{"embeddable":true,"href":"https:\/\/www.intoscana.it\/it\/wp-json\/wp\/v2\/users\/525"}],"replies":[{"embeddable":true,"href":"https:\/\/www.intoscana.it\/it\/wp-json\/wp\/v2\/comments?post=142725"}],"version-history":[{"count":0,"href":"https:\/\/www.intoscana.it\/it\/wp-json\/wp\/v2\/posts\/142725\/revisions"}],"wp:featuredmedia":[{"embeddable":true,"href":"https:\/\/www.intoscana.it\/it\/wp-json\/wp\/v2\/media\/143573"}],"wp:attachment":[{"href":"https:\/\/www.intoscana.it\/it\/wp-json\/wp\/v2\/media?parent=142725"}],"wp:term":[{"taxonomy":"category","embeddable":true,"href":"https:\/\/www.intoscana.it\/it\/wp-json\/wp\/v2\/categories?post=142725"},{"taxonomy":"post_tag","embeddable":true,"href":"https:\/\/www.intoscana.it\/it\/wp-json\/wp\/v2\/tags?post=142725"}],"curies":[{"name":"wp","href":"https:\/\/api.w.org\/{rel}","templated":true}]}}