{"id":142742,"date":"2020-05-13T08:43:33","date_gmt":"2020-05-13T06:43:33","guid":{"rendered":"https:\/\/www.intoscana.it\/eike-schmidt-visitare-gli-uffizi-dopo-il-lockdown-sara-unesperienza-indimenticabile\/"},"modified":"2020-08-10T10:33:22","modified_gmt":"2020-08-10T08:33:22","slug":"eike-schmidt-uffizi-riapertura","status":"publish","type":"post","link":"https:\/\/www.intoscana.it\/it\/eike-schmidt-uffizi-riapertura\/","title":{"rendered":"Eike Schmidt: \u2018Visitare gli Uffizi dopo il lockdown sar\u00e0 un\u2019esperienza indimenticabile\u2019"},"content":{"rendered":"<p>Sono pi\u00f9 di due mesi che <strong>le Gallerie degli Uffizi sono vuote, blindate a causa del lockdown<\/strong> per il Coronavirus.&nbsp;<strong>\u00c8 la quarta volta in circa 100 anni che il museo chiude<\/strong>. La prima durante la<strong> seconda guerra mondiale,<\/strong> poi nel \u201966 per l\u2019<strong>alluvione<\/strong>, infine <strong>nel 1993 a causa dell\u2019attentato mafioso<\/strong> che port\u00f2 alla <strong>strage di via dei Georgofili.<\/strong><\/p>\n<p><strong>Non \u00e8 ancora nota la data della riapertura<\/strong>, \u00e8 necessario <strong>uno specifico dpcm del governo e poi i necessari decreti attuativi da parte del Mibact<\/strong> che indicher\u00e0 come e quali musei potranno riaprire. Intanto agli Uffizi sono gi\u00e0 state fatte tutte le <strong>necessarie operazioni di sanificazione<\/strong> in attesa di poter aprire le porte ai visitatori.<\/p>\n<p>Dopo oltre due mesi di quarantena <strong>poter entrare anche solo per poche ore agli Uffizi \u00e8 un\u2019emozione indescrivibile.<\/strong> I passi rimbombano per i corridoi vuoti, <strong>le statue, i personaggi sembrano guardarci dai quadri<\/strong> e sussurrarci all\u2019orecchio:<strong> \u2018Noi siamo qui, vi aspettiamo!<\/strong>\u2019.&nbsp;\u00c8 in questa <strong>atmosfera ancora un po\u2019 tesa ma anche molto elettrizzante,<\/strong> quasi un anticipo del ritorno alla normalit\u00e0, che abbiamo intervistato <strong>il direttore delle gallerie Eike Schmidt.<\/strong><\/p>\n\n<p><strong>Buongiorno direttore, il flusso dei visitatori agli uffizi sar\u00e0 diverso, mancheranno probabilmente i turisti provenienti dall\u2019estero, cosa pensate di preparare per un turismo che sar\u00e0 inevitabilmente interno?<\/strong><br \/><em>Normalmente in questa stagione il turismo interno ammonta a circa il 50%. <strong>L\u2019immagine che abbiamo nella nostra testa di un museo pieno di persone provenienti da tutti i continenti non \u00e8 veritiera.<\/strong> Nei mesi di giugno, luglio, agosto abbiamo oltre il 50% di italiani. Nel momento in cui sar\u00e0 possibile fare un viaggio interregionale non tutti chiaramente prenderanno la macchina o il treno per venire agli Uffizi, ci sono anche le spiagge e le montagne che richiamano in questa stagione. <strong>Ci aspettiamo sicuramente un afflusso molto pi\u00f9 basso specialmente nei primissimi tempi finch\u00e9 i viaggi interregionali non saranno autorizzati<\/strong>. All\u2019inizio avremo visitatori da Firenze e dalla Toscana. Tuttavia abbiamo avuto tanti messaggi e commenti sui nostri social,<strong> l\u201980% delle persone che ci seguono su Facebook sono italiani e molti di questi guardano ogni mattina i nostri video che pubblichiamo quotidianamente<\/strong> e quindi c\u2019\u00e8 un grande desiderio di tornare a vedere le opere d\u2019arte dal vivo, quindi gli Uffizi non saranno completamente vuoti. <strong>Ci sar\u00e0 invece il grande vantaggio di vedere i musei in condizioni privilegiate, come in questa stagione non era possibile dall\u2019inizio degli anni \u201960<\/strong>, da oltre 50 anni con pochi altri visitatori. <strong>Sar\u00e0 un\u2019esperienza indimenticabile, da raccontare ai nipoti.<\/strong><\/em><\/p>\n<a class=\"fotogallery\" href=\"#modalgallery\" rel=\"modal:open\">sfoglia la gallery <i class=\"fas fa-chevron-right\"><\/i><\/a>\n    <div class=\"modal\" id=\"modalgallery\">\n        <div class=\"gallery\">\n          <div class=\"galleryimg\">\n            <div class=\"slidegallerybig\"> <div class=\"itemimg\">\n            <div class=\"wrapimg\">\n            <img decoding=\"async\" src=\"https:\/\/www.intoscana.it\/wp-content\/uploads\/img_5332-2-1.jpg\">\n            <\/div>\n            <\/div> <div class=\"itemimg\">\n            <div class=\"wrapimg\">\n            <img decoding=\"async\" src=\"https:\/\/www.intoscana.it\/wp-content\/uploads\/img_5329.jpg\">\n            <\/div>\n            <\/div> <div class=\"itemimg\">\n            <div class=\"wrapimg\">\n            <img decoding=\"async\" src=\"https:\/\/www.intoscana.it\/wp-content\/uploads\/img_5330-2.jpg\">\n            <\/div>\n            <\/div>\n            <\/div>\n          <\/div>\n          <div class=\"asidemenu\">\n            <div class=\"action\">\n              <div class=\"countlidegallery\"><\/div>\n              <div class=\"closegallery\" href=\"#modalgallery\" rel=\"modal:close\"><i class=\"far fa-times\"><\/i><\/div>\n            <\/div>\n            <div class=\"title\">\n              <h2>Eike Schmidt: \u2018Visitare gli Uffizi dopo il lockdown sar\u00e0 un\u2019esperienza indimenticabile\u2019<\/h2>\n              <div class=\"socialarticolo\"> \n            <div class=\"contsocialico\">\n              <ul>\n                <li><a target=\"_blank\" href=\"https:\/\/www.facebook.com\/sharer\/sharer.php?u=https:\/\/www.intoscana.it\/it\/eike-schmidt-uffizi-riapertura\/\"> <i class=\"fab fa-facebook-f\"><\/i><\/a><\/li>\n                <li><a target=\"_blank\" href=\"https:\/\/twitter.com\/home?status=https:\/\/www.intoscana.it\/it\/eike-schmidt-uffizi-riapertura\/\"> <i class=\"fab fa-twitter\"><\/i><\/a><\/li>\n                <li>\n                  <div class=\"shareall\" target=\"_blank\" href=\"\"> <i class=\"fas fa-share-alt\"><\/i><\/div>\n                  <div class=\"sharemore\">\n                    <ul>\n                      <li><a target=\"_blank\" href=\"https:\/\/www.linkedin.com\/shareArticle?url=https:\/\/www.intoscana.it\/it\/eike-schmidt-uffizi-riapertura\/\"> <i class=\"fab fa-linkedin\"><\/i><\/a><\/li>\n                      <li><a target=\"_blank\" href=\"http:\/\/www.pinterest.com\/pin\/create\/bookmarklet\/?url=https:\/\/www.intoscana.it\/it\/eike-schmidt-uffizi-riapertura\/\"> <i class=\"fab fa-pinterest\"><\/i><\/a><\/li>\n                      <li><a target=\"_blank\" href=\"mailto?subject=Eike Schmidt: \u2018Visitare gli Uffizi dopo il lockdown sar\u00e0 un\u2019esperienza indimenticabile\u2019&body=https:\/\/www.intoscana.it\/it\/eike-schmidt-uffizi-riapertura\/\"> <i class=\"fas fa-envelope\"><\/i><\/a><\/li>\n                    <\/ul>\n                    <div class=\"closesharemore\">\n                    <i class=\"fas fa-times\"><\/i>\n                    <\/div>\n                  <\/div>\n                <\/li>\n              <\/ul>\n            <\/div>\n          <\/div>\n        <\/div>\n          <\/div>\n        <\/div>\n      <\/div>\n<p><strong>Gli introiti saranno dunque inevitabilmente pi\u00f9 bassi, alzerete il prezzo del biglietto?<\/strong><br \/><em><strong>Sarebbe ingiusto alzare il prezzo del biglietto solo per coprire i costi<\/strong>, il museo ha un\u2019importantissima funzione sociale, non si pu\u00f2 considerare tutto in termini economici di breve giro. Quello che importa adesso \u00e8 che <strong>chi verr\u00e0 a vedere agli Uffizi a un prezzo normale avr\u00e0 un\u2019esperienza che porter\u00e0 con s\u00e9 per tutta la vita, e questo \u00e8 fantastico,<\/strong> \u00e8 anche l\u2019occasione per ricollegare i musei ancora di pi\u00f9 con i cittadini che alla fine sono i proprietari di questi tesori. <strong>Ogni italiano \u00e8 proprietario di un sessantamilionesimo delle nostre opere d\u2019arte.<\/strong> E quindi \u00e8 giusto che venga in questo periodo in cui manca il turismo internazionale per fruire di questi capolavori assoluti.&nbsp;<\/em><\/p>\n<p><strong>Sar\u00e0 necessaria la prenotazione?\u2028<\/strong><br \/><em>\u00c8 sicuramente raccomandato, in questo momento iniziale <strong>non ci aspettiamo ancora una tale richiesta da rendere la prenotazione obbligatoria ma la raccomandiamo<\/strong>. <strong>L\u2019ingresso sar\u00e0 scaglionato secondo tutte le norme<\/strong> che valgono gi\u00e0 adesso per altre realt\u00e0 aperte al pubblico, precedenza chiaramente a chi ha gi\u00e0 prenotato.<\/em><\/p>\n","protected":false},"excerpt":{"rendered":"<p>Il direttore delle gallerie fiorentine ci ha parlato delle novit\u00e0 sulla prossima e imminente riapertura del museo<\/p>\n","protected":false},"author":518,"featured_media":143590,"comment_status":"open","ping_status":"open","sticky":false,"template":"","format":"standard","meta":{"_acf_changed":false,"footnotes":""},"categories":[493,5],"tags":[207],"class_list":["post-142742","post","type-post","status-publish","format-standard","has-post-thumbnail","hentry","category-cultura","category-arte-e-cultura","tag-uffizi"],"acf":[],"yoast_head":"<!-- This site is optimized with the Yoast SEO Premium plugin v24.2 (Yoast SEO v25.6) - https:\/\/yoast.com\/wordpress\/plugins\/seo\/ -->\n<title>Eike Schmidt: \u2018Visitare gli Uffizi dopo il lockdown sar\u00e0 un\u2019esperienza indimenticabile\u2019 - intoscana<\/title>\n<meta name=\"description\" content=\"Intervista a Eike Schmidt, il direttore delle gallerie fiorentine ci ha parlato delle novit\u00e0 sulla prossima riapertura del museo: &#039;sar\u00e0 davvero indimenticabile&#039;\" \/>\n<meta name=\"robots\" content=\"index, follow, max-snippet:-1, max-image-preview:large, max-video-preview:-1\" \/>\n<link rel=\"canonical\" href=\"https:\/\/www.intoscana.it\/it\/eike-schmidt-uffizi-riapertura\/\" \/>\n<meta property=\"og:locale\" content=\"it_IT\" \/>\n<meta property=\"og:type\" content=\"article\" \/>\n<meta property=\"og:title\" content=\"Eike Schmidt: \u2018Visitare gli Uffizi dopo il lockdown sar\u00e0 un\u2019esperienza indimenticabile\u2019\" \/>\n<meta property=\"og:description\" content=\"Intervista a Eike Schmidt, il direttore delle gallerie fiorentine ci ha parlato delle novit\u00e0 sulla prossima riapertura del museo: &#039;sar\u00e0 davvero indimenticabile&#039;\" \/>\n<meta property=\"og:url\" content=\"https:\/\/www.intoscana.it\/it\/eike-schmidt-uffizi-riapertura\/\" \/>\n<meta property=\"og:site_name\" content=\"intoscana\" \/>\n<meta property=\"article:publisher\" content=\"https:\/\/www.facebook.com\/intoscana.it\" \/>\n<meta property=\"article:published_time\" content=\"2020-05-13T06:43:33+00:00\" \/>\n<meta property=\"article:modified_time\" content=\"2020-08-10T08:33:22+00:00\" \/>\n<meta property=\"og:image\" content=\"https:\/\/www.intoscana.it\/wp-content\/uploads\/schermata-2020-05-12-alle-14.47.22.jpeg\" \/>\n\t<meta property=\"og:image:width\" content=\"2000\" \/>\n\t<meta property=\"og:image:height\" content=\"1203\" \/>\n\t<meta property=\"og:image:type\" content=\"image\/jpeg\" \/>\n<meta name=\"author\" content=\"Costanza Baldini\" \/>\n<meta name=\"twitter:card\" content=\"summary_large_image\" \/>\n<meta name=\"twitter:creator\" content=\"@intoscana\" \/>\n<meta name=\"twitter:site\" content=\"@intoscana\" \/>\n<meta name=\"twitter:label1\" content=\"Written by\" \/>\n\t<meta name=\"twitter:data1\" content=\"Costanza Baldini\" \/>\n\t<meta name=\"twitter:label2\" content=\"Est. reading time\" \/>\n\t<meta name=\"twitter:data2\" content=\"3 minuti\" \/>\n<script type=\"application\/ld+json\" class=\"yoast-schema-graph\">{\"@context\":\"https:\/\/schema.org\",\"@graph\":[{\"@type\":\"WebPage\",\"@id\":\"https:\/\/www.intoscana.it\/it\/eike-schmidt-uffizi-riapertura\/\",\"url\":\"https:\/\/www.intoscana.it\/it\/eike-schmidt-uffizi-riapertura\/\",\"name\":\"Eike Schmidt: \u2018Visitare gli Uffizi dopo il lockdown sar\u00e0 un\u2019esperienza indimenticabile\u2019 - intoscana\",\"isPartOf\":{\"@id\":\"https:\/\/www.intoscana.it\/it\/#website\"},\"primaryImageOfPage\":{\"@id\":\"https:\/\/www.intoscana.it\/it\/eike-schmidt-uffizi-riapertura\/#primaryimage\"},\"image\":{\"@id\":\"https:\/\/www.intoscana.it\/it\/eike-schmidt-uffizi-riapertura\/#primaryimage\"},\"thumbnailUrl\":\"https:\/\/www.intoscana.it\/wp-content\/uploads\/schermata-2020-05-12-alle-14.47.22.jpeg\",\"datePublished\":\"2020-05-13T06:43:33+00:00\",\"dateModified\":\"2020-08-10T08:33:22+00:00\",\"author\":{\"@id\":\"https:\/\/www.intoscana.it\/it\/#\/schema\/person\/d469f35f09739bdf00bf5dd3f0647a82\"},\"description\":\"Intervista a Eike Schmidt, il direttore delle gallerie fiorentine ci ha parlato delle novit\u00e0 sulla prossima riapertura del museo: 'sar\u00e0 davvero indimenticabile'\",\"breadcrumb\":{\"@id\":\"https:\/\/www.intoscana.it\/it\/eike-schmidt-uffizi-riapertura\/#breadcrumb\"},\"inLanguage\":\"it-IT\",\"potentialAction\":[{\"@type\":\"ReadAction\",\"target\":[\"https:\/\/www.intoscana.it\/it\/eike-schmidt-uffizi-riapertura\/\"]}]},{\"@type\":\"ImageObject\",\"inLanguage\":\"it-IT\",\"@id\":\"https:\/\/www.intoscana.it\/it\/eike-schmidt-uffizi-riapertura\/#primaryimage\",\"url\":\"https:\/\/www.intoscana.it\/wp-content\/uploads\/schermata-2020-05-12-alle-14.47.22.jpeg\",\"contentUrl\":\"https:\/\/www.intoscana.it\/wp-content\/uploads\/schermata-2020-05-12-alle-14.47.22.jpeg\",\"width\":2000,\"height\":1203,\"caption\":\"Eike Schmidt\"},{\"@type\":\"BreadcrumbList\",\"@id\":\"https:\/\/www.intoscana.it\/it\/eike-schmidt-uffizi-riapertura\/#breadcrumb\",\"itemListElement\":[{\"@type\":\"ListItem\",\"position\":1,\"name\":\"Home\",\"item\":\"https:\/\/www.intoscana.it\/it\/\"},{\"@type\":\"ListItem\",\"position\":2,\"name\":\"Eike Schmidt: \u2018Visitare gli Uffizi dopo il lockdown sar\u00e0 un\u2019esperienza indimenticabile\u2019\"}]},{\"@type\":\"WebSite\",\"@id\":\"https:\/\/www.intoscana.it\/it\/#website\",\"url\":\"https:\/\/www.intoscana.it\/it\/\",\"name\":\"intoscana\",\"description\":\"\",\"potentialAction\":[{\"@type\":\"SearchAction\",\"target\":{\"@type\":\"EntryPoint\",\"urlTemplate\":\"https:\/\/www.intoscana.it\/it\/?s={search_term_string}\"},\"query-input\":{\"@type\":\"PropertyValueSpecification\",\"valueRequired\":true,\"valueName\":\"search_term_string\"}}],\"inLanguage\":\"it-IT\"},{\"@type\":\"Person\",\"@id\":\"https:\/\/www.intoscana.it\/it\/#\/schema\/person\/d469f35f09739bdf00bf5dd3f0647a82\",\"name\":\"Costanza Baldini\",\"url\":\"https:\/\/www.intoscana.it\/it\/author\/costanza-baldini\/\"}]}<\/script>\n<!-- \/ Yoast SEO Premium plugin. -->","yoast_head_json":{"title":"Eike Schmidt: \u2018Visitare gli Uffizi dopo il lockdown sar\u00e0 un\u2019esperienza indimenticabile\u2019 - intoscana","description":"Intervista a Eike Schmidt, il direttore delle gallerie fiorentine ci ha parlato delle novit\u00e0 sulla prossima riapertura del museo: 'sar\u00e0 davvero indimenticabile'","robots":{"index":"index","follow":"follow","max-snippet":"max-snippet:-1","max-image-preview":"max-image-preview:large","max-video-preview":"max-video-preview:-1"},"canonical":"https:\/\/www.intoscana.it\/it\/eike-schmidt-uffizi-riapertura\/","og_locale":"it_IT","og_type":"article","og_title":"Eike Schmidt: \u2018Visitare gli Uffizi dopo il lockdown sar\u00e0 un\u2019esperienza indimenticabile\u2019","og_description":"Intervista a Eike Schmidt, il direttore delle gallerie fiorentine ci ha parlato delle novit\u00e0 sulla prossima riapertura del museo: 'sar\u00e0 davvero indimenticabile'","og_url":"https:\/\/www.intoscana.it\/it\/eike-schmidt-uffizi-riapertura\/","og_site_name":"intoscana","article_publisher":"https:\/\/www.facebook.com\/intoscana.it","article_published_time":"2020-05-13T06:43:33+00:00","article_modified_time":"2020-08-10T08:33:22+00:00","og_image":[{"width":2000,"height":1203,"url":"https:\/\/www.intoscana.it\/wp-content\/uploads\/schermata-2020-05-12-alle-14.47.22.jpeg","type":"image\/jpeg"}],"author":"Costanza Baldini","twitter_card":"summary_large_image","twitter_creator":"@intoscana","twitter_site":"@intoscana","twitter_misc":{"Written by":"Costanza Baldini","Est. reading time":"3 minuti"},"schema":{"@context":"https:\/\/schema.org","@graph":[{"@type":"WebPage","@id":"https:\/\/www.intoscana.it\/it\/eike-schmidt-uffizi-riapertura\/","url":"https:\/\/www.intoscana.it\/it\/eike-schmidt-uffizi-riapertura\/","name":"Eike Schmidt: \u2018Visitare gli Uffizi dopo il lockdown sar\u00e0 un\u2019esperienza indimenticabile\u2019 - intoscana","isPartOf":{"@id":"https:\/\/www.intoscana.it\/it\/#website"},"primaryImageOfPage":{"@id":"https:\/\/www.intoscana.it\/it\/eike-schmidt-uffizi-riapertura\/#primaryimage"},"image":{"@id":"https:\/\/www.intoscana.it\/it\/eike-schmidt-uffizi-riapertura\/#primaryimage"},"thumbnailUrl":"https:\/\/www.intoscana.it\/wp-content\/uploads\/schermata-2020-05-12-alle-14.47.22.jpeg","datePublished":"2020-05-13T06:43:33+00:00","dateModified":"2020-08-10T08:33:22+00:00","author":{"@id":"https:\/\/www.intoscana.it\/it\/#\/schema\/person\/d469f35f09739bdf00bf5dd3f0647a82"},"description":"Intervista a Eike Schmidt, il direttore delle gallerie fiorentine ci ha parlato delle novit\u00e0 sulla prossima riapertura del museo: 'sar\u00e0 davvero indimenticabile'","breadcrumb":{"@id":"https:\/\/www.intoscana.it\/it\/eike-schmidt-uffizi-riapertura\/#breadcrumb"},"inLanguage":"it-IT","potentialAction":[{"@type":"ReadAction","target":["https:\/\/www.intoscana.it\/it\/eike-schmidt-uffizi-riapertura\/"]}]},{"@type":"ImageObject","inLanguage":"it-IT","@id":"https:\/\/www.intoscana.it\/it\/eike-schmidt-uffizi-riapertura\/#primaryimage","url":"https:\/\/www.intoscana.it\/wp-content\/uploads\/schermata-2020-05-12-alle-14.47.22.jpeg","contentUrl":"https:\/\/www.intoscana.it\/wp-content\/uploads\/schermata-2020-05-12-alle-14.47.22.jpeg","width":2000,"height":1203,"caption":"Eike Schmidt"},{"@type":"BreadcrumbList","@id":"https:\/\/www.intoscana.it\/it\/eike-schmidt-uffizi-riapertura\/#breadcrumb","itemListElement":[{"@type":"ListItem","position":1,"name":"Home","item":"https:\/\/www.intoscana.it\/it\/"},{"@type":"ListItem","position":2,"name":"Eike Schmidt: \u2018Visitare gli Uffizi dopo il lockdown sar\u00e0 un\u2019esperienza indimenticabile\u2019"}]},{"@type":"WebSite","@id":"https:\/\/www.intoscana.it\/it\/#website","url":"https:\/\/www.intoscana.it\/it\/","name":"intoscana","description":"","potentialAction":[{"@type":"SearchAction","target":{"@type":"EntryPoint","urlTemplate":"https:\/\/www.intoscana.it\/it\/?s={search_term_string}"},"query-input":{"@type":"PropertyValueSpecification","valueRequired":true,"valueName":"search_term_string"}}],"inLanguage":"it-IT"},{"@type":"Person","@id":"https:\/\/www.intoscana.it\/it\/#\/schema\/person\/d469f35f09739bdf00bf5dd3f0647a82","name":"Costanza Baldini","url":"https:\/\/www.intoscana.it\/it\/author\/costanza-baldini\/"}]}},"_links":{"self":[{"href":"https:\/\/www.intoscana.it\/it\/wp-json\/wp\/v2\/posts\/142742","targetHints":{"allow":["GET"]}}],"collection":[{"href":"https:\/\/www.intoscana.it\/it\/wp-json\/wp\/v2\/posts"}],"about":[{"href":"https:\/\/www.intoscana.it\/it\/wp-json\/wp\/v2\/types\/post"}],"author":[{"embeddable":true,"href":"https:\/\/www.intoscana.it\/it\/wp-json\/wp\/v2\/users\/518"}],"replies":[{"embeddable":true,"href":"https:\/\/www.intoscana.it\/it\/wp-json\/wp\/v2\/comments?post=142742"}],"version-history":[{"count":0,"href":"https:\/\/www.intoscana.it\/it\/wp-json\/wp\/v2\/posts\/142742\/revisions"}],"wp:featuredmedia":[{"embeddable":true,"href":"https:\/\/www.intoscana.it\/it\/wp-json\/wp\/v2\/media\/143590"}],"wp:attachment":[{"href":"https:\/\/www.intoscana.it\/it\/wp-json\/wp\/v2\/media?parent=142742"}],"wp:term":[{"taxonomy":"category","embeddable":true,"href":"https:\/\/www.intoscana.it\/it\/wp-json\/wp\/v2\/categories?post=142742"},{"taxonomy":"post_tag","embeddable":true,"href":"https:\/\/www.intoscana.it\/it\/wp-json\/wp\/v2\/tags?post=142742"}],"curies":[{"name":"wp","href":"https:\/\/api.w.org\/{rel}","templated":true}]}}