{"id":142757,"date":"2020-05-11T17:15:03","date_gmt":"2020-05-11T15:15:03","guid":{"rendered":"https:\/\/www.intoscana.it\/carlo-coccioli-cento-anni-fa-nasceva-lo-scrittore-assente\/"},"modified":"2020-08-10T10:33:31","modified_gmt":"2020-08-10T08:33:31","slug":"carlo-coccioli","status":"publish","type":"post","link":"https:\/\/www.intoscana.it\/it\/carlo-coccioli\/","title":{"rendered":"Carlo Coccioli, cento anni fa nasceva lo &#8216;scrittore assente&#8217;"},"content":{"rendered":"<p><em><strong>di Marco Ceccarini<\/strong><\/em><\/p>\n<p>Cent&#8217;anni fa, il 15 maggio 1920, nasceva a Livorno lo \u201cscrittore assente\u201d, al secolo <strong>Carlo Coccioli<\/strong>, e nasceva in una casa rossa sugli scali Novi Lena, di fronte ai Cantieri navali Orlando, non distante da dove oggi esiste una strada che porta il suo nome.<\/p>\n<p>Di lui, una volta, il critico letterario ed accademico Carlo Bo scrisse che era \u201cuno scrittore alieno\u201d, Curzio Malaparte invece defin\u00ec i suoi dialoghi \u201ctaglienti, intensi, anche allucinanti\u201d, mentre Pier Vittorio Tondelli si trovava \u201cin totale empatia con la sua scrittura\u201d, tanto che nel suo \u201cWeekend postmoderno\u201d gli dedic\u00f2 anche un articolo della sua raccolta di \u201ccronache dagli anni Ottanta\u201d.<\/p>\n<p>Eppure, ancora oggi, di questo autore livornese, toscano, italiano, francese e messicano, molti sanno ancora poco, troppo poco, nonostante i grandi ed indiscutibili meriti. In Francia pensano che sia francese, in Messico messicano. L&#8217;equivoco nasce dal fatto che Coccioli era trilingue. Scriveva infatti regolarmente in italiano, francese e spagnolo. Molti libri sono stati pubblicati in italiano e poi tradotti, altri per\u00f2 sono stati scritti in francese, specie quelli giovanili, molti altri ancora in spagnolo. Tutti o quasi si trovano in ogni caso nelle lingue dei suoi tre paesi, l&#8217;Italia, la Francia e il Messico.<\/p>\n<p><strong>La sua vita si \u00e8 conclusa il 5 agosto 2003 a Citt\u00e0 del Messico<\/strong> ed oggi \u00e8 sepolto nel villaggio di Atlixco, nello stato di Puebla, ma egli ha vissuto pi\u00f9 di mezzo secolo nella capitale messicana, dopo avere abitato a Napoli, Firenze, Parigi ed appunto Livorno, dove aveva visto la luce.<\/p>\n<p>Prima di diventare scrittore, <strong>Coccioli \u00e8 stato un eroe della Resistenza italiana<\/strong>. Pochi lo sanno, quasi nessuno lo scrive. Dopo l&#8217;armistizio dell&#8217;8 settembre 1943, fu imprigionato dai tedeschi, ma scapp\u00f2 dal carcere di Bologna e salv\u00f2 la vita a diverse persone. Per questo, dopo il conflitto mondiale, gli \u00e8 stata conferita la medaglia d&#8217;argento al valor militare.<\/p>\n<p>Era omosessuale. Anche per questo, dopo la guerra, fugg\u00ec prima dall&#8217;Italia e poi dall&#8217;Europa. Visse diversi anni a Parigi, quindi in Sudamerica e fugacemente anche in Canada, prima di trasferirsi definitivamente in Messico nei primi anni Cinquanta.<\/p>\n<p>In Italia non ha mai avuto la considerazione che avrebbe meritato. Tranne che da un pubblico di nicchia, non era molto seguito. Ancora oggi non \u00e8 sempre facile rintracciare le sue opere, anche se il nipote Marco Coccioli, erede culturale dello zio, da anni ha dato vita a una casa editrice, Piccolo Karma, proprio per mantenere vivo quel patrimonio letterario. In vista del centenario della nascita, per\u00f2, Piccolo Karma ha trovato un accordo con i tipi della Lindau per la diffusione in grande stile, in Italia, delle opere dello scrittore livornese. Saranno pubblicati nove titoli solo quest&#8217;anno. Il primo sar\u00e0 <strong>\u201cIl cielo e la terra\u201d il prossimo 15 maggio.<\/strong><\/p>\n<p>Una cinquantina, nel complesso, sono le opere prodotte da Coccioli, alcune uscite in ogni parte del mondo, altre solo in pochi paesi.<\/p>\n<p>Aveva ventisei anni quando in Italia pubblic\u00f2 <strong>\u201cIl migliore e l&#8217;ultimo\u201d,<\/strong> sua opera prima. Aveva appena trent&#8217;anni quando usc\u00ec \u201cIl cielo e la terra\u201d, il romanzo che lo ha lanciato, tradotto in ben diciassette lingue. E due anni dopo usc\u00ec \u201cFabrizio Lupo\u201d, romanzo choc per quegli anni, una sorta di documento religioso, intenso ma anche sofferto, sul rapporto tra omosessualit\u00e0, intelletto ed amore, che pare abbia ispirato Pierpaolo Pasolini per il suo film \u201cTeorema\u201d. L&#8217;uscita di quel romanzo, che in Italia verr\u00e0 pubblicato solo nel 1978, provoc\u00f2 una tale reazione che Coccioli, che gi\u00e0 aveva lasciato l&#8217;Italia, decise di allontanarsi anche dall&#8217;Europa.<\/p>\n<p>Prima in Bolivia, poi in Canada, arriv\u00f2 in Messico pensando di starci solo qualche mese per rigenerarsi, forse ritrovarsi, invece ci \u00e8 rimasto a vita, esattamente cinquant&#8217;anni, dal 1953 al 2003. Ma con una parentesi importante. A met\u00e0 anni Novanta, tra i primi del 1994 e la fine del 1995, ha vissuto quasi due anni a Livorno. Con lui, in quel periodo, c&#8217;era il figlio adottivo <strong>Javier<\/strong>, un indio che era andato da lui come assistente e che era diventato il bastone della sua vita.<\/p>\n<p>Voleva tornare alle origini, riallacciare i nodi di un&#8217;esistenza che, come diceva egli stesso, lo aveva visto \u201cerrante\u201d. Ma ormai, come tutti i grandi intellettuali, i grandi artisti, ormai era cittadino del mondo. Anche a causa di una bega con un imprenditore edile che gli voleva costruire, cosa che poi fece, un immobile davanti a casa, togliendogli aria e visuale, lui fece ritorn\u00f2 in Messico. In quei due anni, per\u00f2, venne organizzata la presentazione dell&#8217;autore, su iniziativa del sottoscritto, in una piccola libreria del centro cittadino che si chiamava Gaia Scienza. Il Tirreno, giornale di Livorno, pubblic\u00f2 un articolo dal significativo titolo <strong>\u201cBentornato Carlo Coccioli\u201d<\/strong>. E&#8217; stata, quella, la sola presentazione dello scrittore ai suoi concittadini.<\/p>\n<p>Quando anni prima era morto Fiorello, il barboncino con cui aveva vissuto per quindici anni, era andato in depressione ed era finito dallo psicoanalista. Il dolore era stato troppo forte. Ne era uscito solo scrivendo <strong>\u201cRequiem per un cane\u201d<\/strong>. L\u00ec si era per\u00f2 gi\u00e0 nel 1977 e Coccioli si avviava alla sessantina.<\/p>\n<p>Gli anni Settanta ed Ottanta sono stati i pi\u00f9 prolifici per Coccioli. In quel periodo sono usciti, tra gli altri,&nbsp;i romanzi \u201cUomini in fuga\u201d nel 1970, \u201cDavide\u201d nel 1976, \u201cLa casa di Tacubaya\u201d nel 1981, \u201cRapato a zero\u201d nel 1986, \u201cPiccolo Karma\u201d nel 1987, \u201cBudda\u201d nel 1990 che per\u00f2 venne tradotto in italiano solo nel 1994. Al libro di memorie \u201cTutta la verit\u00e0\u201d, uscito nel 1995 durante il suo periodo livornese, consegn\u00f2 la \u201cmessa a nudo\u201d del suo modo di essere e della sua anima.<\/p>\n<p>Nell&#8217;anno 2000, sentendo avvicinare la fine della sua esistenza, come testamento umano, spirituale e letterario, stamp\u00f2 in edizione limitata, appena 500 copie, il volume trilingue <strong>\u201cItinerario nel caos\u201d<\/strong>, che invi\u00f2 a sue spese solo a persone amiche, conoscenti di cui aveva stima, intellettuali, uomini e donne di cultura.<\/p>\n<p>I temi religioso e sessuale hanno caratterizzato quasi tutte le sue opere. Laureato in lingue e religioni orientali a Napoli, grande conoscitore delle letterature camitico-semitiche, \u00e8 stato sempre tormentato, come diceva lui, da un&#8217;angoscia metafisica che lo spinse prima verso il cattolicesimo, poi verso l&#8217; ebraismo, infine verso l&#8217; induismo e il buddismo. La cosa, detta cos\u00ec, pu\u00f2 far pensare una contraddizione vivente, a un&#8217;irrequietezza insanabile. In realt\u00e0 nelle sue opere e nel suo stile di vita mescolava tutto in una sorta di ricerca intellettuale verso una sintesi panreligiosa&nbsp;in grado di dare risposta alla paura dell&#8217;ignoto e del nulla.&nbsp;<\/p>\n<p>Lo scorso anno l&#8217;amministrazione comunale di Livorno ha conferito la<strong> Livornina d&#8217;oro<\/strong>, massima onorificenza della citt\u00e0, alla memoria di Carlo Coccioli. In quei giorni \u00e8 uscito, scritto da Paola Ricci e pubblicato in cartaceo in self-publishing, il libro di memorie \u201cCarlo Coccioli e la strega fatata\u201d. La Ricci, lucchese, fu negli anni livornesi vicina a Coccioli. La stessa Ricci ha realizzato, assieme al sottoscritto, il volume di testimonianze <strong>\u201cRicordi diversi\u201d che uscir\u00e0 per Articolo 21 in distribuzione gratuita, come e-book, il prossimo 15 maggio<\/strong>. Quel giorno, come detto, andr\u00e0 nelle librerie la riedizione de \u201cIl cielo e la terra\u201d. Uscir\u00e0 invece a luglio il volume \u201cGrande karma\u201d dello scrittore fiorentino Alessandro Raveggi, edito da Giunti.<\/p>\n<p>Infine<strong> venerd\u00ec 15<\/strong>&nbsp;<strong>maggio<\/strong> per celebrare il centesimo anniversario dalla nascita il comune di Livorno&nbsp; trasmetter\u00e0 sui propri canali social un servizio speciale con la partecipazione &#8211; tra gli altri &#8211; dell&#8217;assessore <strong>Simone Lenzi<\/strong> e del nipote <strong>Marco Coccioli<\/strong>. La stessa sera l&#8217;emittente Telecentro dedicher\u00e0 una serata speciale allo scrittore dal significativo titolo &#8216;Serata Coccioli&#8217;.<br \/>&nbsp;<br \/>&nbsp;<br \/>&nbsp;<br \/>&nbsp;<\/p>\n","protected":false},"excerpt":{"rendered":"<p>50 le opere dell&#8217;autore livornese, di cui alcune uscite in ogni parte del mondo. Carlo Bo lo defin\u00ec lo scrittore alieno, Curzio Malaparte defin\u00ec i suoi dialoghi &#8216;taglienti, intensi, anche allucinanti&#8217;<\/p>\n","protected":false},"author":525,"featured_media":143605,"comment_status":"open","ping_status":"open","sticky":false,"template":"","format":"standard","meta":{"_acf_changed":false,"footnotes":""},"categories":[493,5],"tags":[],"class_list":["post-142757","post","type-post","status-publish","format-standard","has-post-thumbnail","hentry","category-cultura","category-arte-e-cultura"],"acf":[],"yoast_head":"<!-- This site is optimized with the Yoast SEO Premium plugin v24.2 (Yoast SEO v25.6) - https:\/\/yoast.com\/wordpress\/plugins\/seo\/ -->\n<title>Carlo Coccioli, cento anni fa nasceva lo &#039;scrittore assente&#039; - intoscana<\/title>\n<meta name=\"description\" content=\"Carlo Coccioli, lo &#039;scrittore assente&#039; ricordato a 100 anni dalla nascita a Livorno dal giornalista Marco Ceccarini, nel corso della carriera scrisse 50 opere\" \/>\n<meta name=\"robots\" content=\"index, follow, max-snippet:-1, max-image-preview:large, max-video-preview:-1\" \/>\n<link rel=\"canonical\" href=\"https:\/\/www.intoscana.it\/it\/carlo-coccioli\/\" \/>\n<meta property=\"og:locale\" content=\"it_IT\" \/>\n<meta property=\"og:type\" content=\"article\" \/>\n<meta property=\"og:title\" content=\"Carlo Coccioli, cento anni fa nasceva lo &#039;scrittore assente&#039;\" \/>\n<meta property=\"og:description\" content=\"Carlo Coccioli, lo &#039;scrittore assente&#039; ricordato a 100 anni dalla nascita a Livorno dal giornalista Marco Ceccarini, nel corso della carriera scrisse 50 opere\" \/>\n<meta property=\"og:url\" content=\"https:\/\/www.intoscana.it\/it\/carlo-coccioli\/\" \/>\n<meta property=\"og:site_name\" content=\"intoscana\" \/>\n<meta property=\"article:publisher\" content=\"https:\/\/www.facebook.com\/intoscana.it\" \/>\n<meta property=\"article:published_time\" content=\"2020-05-11T15:15:03+00:00\" \/>\n<meta property=\"article:modified_time\" content=\"2020-08-10T08:33:31+00:00\" \/>\n<meta property=\"og:image\" content=\"https:\/\/www.intoscana.it\/wp-content\/uploads\/libri_coccioli.jpg\" \/>\n\t<meta property=\"og:image:width\" content=\"740\" \/>\n\t<meta property=\"og:image:height\" content=\"430\" \/>\n\t<meta property=\"og:image:type\" content=\"image\/jpeg\" \/>\n<meta name=\"author\" content=\"Redazione\" \/>\n<meta name=\"twitter:card\" content=\"summary_large_image\" \/>\n<meta name=\"twitter:creator\" content=\"@intoscana\" \/>\n<meta name=\"twitter:site\" content=\"@intoscana\" \/>\n<meta name=\"twitter:label1\" content=\"Written by\" \/>\n\t<meta name=\"twitter:data1\" content=\"Redazione\" \/>\n\t<meta name=\"twitter:label2\" content=\"Est. reading time\" \/>\n\t<meta name=\"twitter:data2\" content=\"6 minuti\" \/>\n<script type=\"application\/ld+json\" class=\"yoast-schema-graph\">{\"@context\":\"https:\/\/schema.org\",\"@graph\":[{\"@type\":\"WebPage\",\"@id\":\"https:\/\/www.intoscana.it\/it\/carlo-coccioli\/\",\"url\":\"https:\/\/www.intoscana.it\/it\/carlo-coccioli\/\",\"name\":\"Carlo Coccioli, cento anni fa nasceva lo 'scrittore assente' - intoscana\",\"isPartOf\":{\"@id\":\"https:\/\/www.intoscana.it\/it\/#website\"},\"primaryImageOfPage\":{\"@id\":\"https:\/\/www.intoscana.it\/it\/carlo-coccioli\/#primaryimage\"},\"image\":{\"@id\":\"https:\/\/www.intoscana.it\/it\/carlo-coccioli\/#primaryimage\"},\"thumbnailUrl\":\"https:\/\/www.intoscana.it\/wp-content\/uploads\/libri_coccioli.jpg\",\"datePublished\":\"2020-05-11T15:15:03+00:00\",\"dateModified\":\"2020-08-10T08:33:31+00:00\",\"author\":{\"@id\":\"https:\/\/www.intoscana.it\/it\/#\/schema\/person\/9223810753230f20bd670fdd322661f8\"},\"description\":\"Carlo Coccioli, lo 'scrittore assente' ricordato a 100 anni dalla nascita a Livorno dal giornalista Marco Ceccarini, nel corso della carriera scrisse 50 opere\",\"breadcrumb\":{\"@id\":\"https:\/\/www.intoscana.it\/it\/carlo-coccioli\/#breadcrumb\"},\"inLanguage\":\"it-IT\",\"potentialAction\":[{\"@type\":\"ReadAction\",\"target\":[\"https:\/\/www.intoscana.it\/it\/carlo-coccioli\/\"]}]},{\"@type\":\"ImageObject\",\"inLanguage\":\"it-IT\",\"@id\":\"https:\/\/www.intoscana.it\/it\/carlo-coccioli\/#primaryimage\",\"url\":\"https:\/\/www.intoscana.it\/wp-content\/uploads\/libri_coccioli.jpg\",\"contentUrl\":\"https:\/\/www.intoscana.it\/wp-content\/uploads\/libri_coccioli.jpg\",\"width\":740,\"height\":430,\"caption\":\"Carlo Coccioli,\"},{\"@type\":\"BreadcrumbList\",\"@id\":\"https:\/\/www.intoscana.it\/it\/carlo-coccioli\/#breadcrumb\",\"itemListElement\":[{\"@type\":\"ListItem\",\"position\":1,\"name\":\"Home\",\"item\":\"https:\/\/www.intoscana.it\/it\/\"},{\"@type\":\"ListItem\",\"position\":2,\"name\":\"Carlo Coccioli, cento anni fa nasceva lo &#8216;scrittore assente&#8217;\"}]},{\"@type\":\"WebSite\",\"@id\":\"https:\/\/www.intoscana.it\/it\/#website\",\"url\":\"https:\/\/www.intoscana.it\/it\/\",\"name\":\"intoscana\",\"description\":\"\",\"potentialAction\":[{\"@type\":\"SearchAction\",\"target\":{\"@type\":\"EntryPoint\",\"urlTemplate\":\"https:\/\/www.intoscana.it\/it\/?s={search_term_string}\"},\"query-input\":{\"@type\":\"PropertyValueSpecification\",\"valueRequired\":true,\"valueName\":\"search_term_string\"}}],\"inLanguage\":\"it-IT\"},{\"@type\":\"Person\",\"@id\":\"https:\/\/www.intoscana.it\/it\/#\/schema\/person\/9223810753230f20bd670fdd322661f8\",\"name\":\"Redazione\",\"url\":\"https:\/\/www.intoscana.it\/it\/author\/redazione\/\"}]}<\/script>\n<!-- \/ Yoast SEO Premium plugin. -->","yoast_head_json":{"title":"Carlo Coccioli, cento anni fa nasceva lo 'scrittore assente' - intoscana","description":"Carlo Coccioli, lo 'scrittore assente' ricordato a 100 anni dalla nascita a Livorno dal giornalista Marco Ceccarini, nel corso della carriera scrisse 50 opere","robots":{"index":"index","follow":"follow","max-snippet":"max-snippet:-1","max-image-preview":"max-image-preview:large","max-video-preview":"max-video-preview:-1"},"canonical":"https:\/\/www.intoscana.it\/it\/carlo-coccioli\/","og_locale":"it_IT","og_type":"article","og_title":"Carlo Coccioli, cento anni fa nasceva lo 'scrittore assente'","og_description":"Carlo Coccioli, lo 'scrittore assente' ricordato a 100 anni dalla nascita a Livorno dal giornalista Marco Ceccarini, nel corso della carriera scrisse 50 opere","og_url":"https:\/\/www.intoscana.it\/it\/carlo-coccioli\/","og_site_name":"intoscana","article_publisher":"https:\/\/www.facebook.com\/intoscana.it","article_published_time":"2020-05-11T15:15:03+00:00","article_modified_time":"2020-08-10T08:33:31+00:00","og_image":[{"width":740,"height":430,"url":"https:\/\/www.intoscana.it\/wp-content\/uploads\/libri_coccioli.jpg","type":"image\/jpeg"}],"author":"Redazione","twitter_card":"summary_large_image","twitter_creator":"@intoscana","twitter_site":"@intoscana","twitter_misc":{"Written by":"Redazione","Est. reading time":"6 minuti"},"schema":{"@context":"https:\/\/schema.org","@graph":[{"@type":"WebPage","@id":"https:\/\/www.intoscana.it\/it\/carlo-coccioli\/","url":"https:\/\/www.intoscana.it\/it\/carlo-coccioli\/","name":"Carlo Coccioli, cento anni fa nasceva lo 'scrittore assente' - intoscana","isPartOf":{"@id":"https:\/\/www.intoscana.it\/it\/#website"},"primaryImageOfPage":{"@id":"https:\/\/www.intoscana.it\/it\/carlo-coccioli\/#primaryimage"},"image":{"@id":"https:\/\/www.intoscana.it\/it\/carlo-coccioli\/#primaryimage"},"thumbnailUrl":"https:\/\/www.intoscana.it\/wp-content\/uploads\/libri_coccioli.jpg","datePublished":"2020-05-11T15:15:03+00:00","dateModified":"2020-08-10T08:33:31+00:00","author":{"@id":"https:\/\/www.intoscana.it\/it\/#\/schema\/person\/9223810753230f20bd670fdd322661f8"},"description":"Carlo Coccioli, lo 'scrittore assente' ricordato a 100 anni dalla nascita a Livorno dal giornalista Marco Ceccarini, nel corso della carriera scrisse 50 opere","breadcrumb":{"@id":"https:\/\/www.intoscana.it\/it\/carlo-coccioli\/#breadcrumb"},"inLanguage":"it-IT","potentialAction":[{"@type":"ReadAction","target":["https:\/\/www.intoscana.it\/it\/carlo-coccioli\/"]}]},{"@type":"ImageObject","inLanguage":"it-IT","@id":"https:\/\/www.intoscana.it\/it\/carlo-coccioli\/#primaryimage","url":"https:\/\/www.intoscana.it\/wp-content\/uploads\/libri_coccioli.jpg","contentUrl":"https:\/\/www.intoscana.it\/wp-content\/uploads\/libri_coccioli.jpg","width":740,"height":430,"caption":"Carlo Coccioli,"},{"@type":"BreadcrumbList","@id":"https:\/\/www.intoscana.it\/it\/carlo-coccioli\/#breadcrumb","itemListElement":[{"@type":"ListItem","position":1,"name":"Home","item":"https:\/\/www.intoscana.it\/it\/"},{"@type":"ListItem","position":2,"name":"Carlo Coccioli, cento anni fa nasceva lo &#8216;scrittore assente&#8217;"}]},{"@type":"WebSite","@id":"https:\/\/www.intoscana.it\/it\/#website","url":"https:\/\/www.intoscana.it\/it\/","name":"intoscana","description":"","potentialAction":[{"@type":"SearchAction","target":{"@type":"EntryPoint","urlTemplate":"https:\/\/www.intoscana.it\/it\/?s={search_term_string}"},"query-input":{"@type":"PropertyValueSpecification","valueRequired":true,"valueName":"search_term_string"}}],"inLanguage":"it-IT"},{"@type":"Person","@id":"https:\/\/www.intoscana.it\/it\/#\/schema\/person\/9223810753230f20bd670fdd322661f8","name":"Redazione","url":"https:\/\/www.intoscana.it\/it\/author\/redazione\/"}]}},"_links":{"self":[{"href":"https:\/\/www.intoscana.it\/it\/wp-json\/wp\/v2\/posts\/142757","targetHints":{"allow":["GET"]}}],"collection":[{"href":"https:\/\/www.intoscana.it\/it\/wp-json\/wp\/v2\/posts"}],"about":[{"href":"https:\/\/www.intoscana.it\/it\/wp-json\/wp\/v2\/types\/post"}],"author":[{"embeddable":true,"href":"https:\/\/www.intoscana.it\/it\/wp-json\/wp\/v2\/users\/525"}],"replies":[{"embeddable":true,"href":"https:\/\/www.intoscana.it\/it\/wp-json\/wp\/v2\/comments?post=142757"}],"version-history":[{"count":0,"href":"https:\/\/www.intoscana.it\/it\/wp-json\/wp\/v2\/posts\/142757\/revisions"}],"wp:featuredmedia":[{"embeddable":true,"href":"https:\/\/www.intoscana.it\/it\/wp-json\/wp\/v2\/media\/143605"}],"wp:attachment":[{"href":"https:\/\/www.intoscana.it\/it\/wp-json\/wp\/v2\/media?parent=142757"}],"wp:term":[{"taxonomy":"category","embeddable":true,"href":"https:\/\/www.intoscana.it\/it\/wp-json\/wp\/v2\/categories?post=142757"},{"taxonomy":"post_tag","embeddable":true,"href":"https:\/\/www.intoscana.it\/it\/wp-json\/wp\/v2\/tags?post=142757"}],"curies":[{"name":"wp","href":"https:\/\/api.w.org\/{rel}","templated":true}]}}