{"id":142789,"date":"2020-06-08T09:21:00","date_gmt":"2020-06-08T07:21:00","guid":{"rendered":"https:\/\/www.intoscana.it\/tornano-i-concerti-in-sala-vanni-con-naomi-berril-e-barbara-casini\/"},"modified":"2020-08-10T10:33:48","modified_gmt":"2020-08-10T08:33:48","slug":"sala-vanni-concerti","status":"publish","type":"post","link":"https:\/\/www.intoscana.it\/it\/sala-vanni-concerti\/","title":{"rendered":"Tornano i concerti in Sala Vanni con Naomi Berril e Barbara Casini"},"content":{"rendered":"<p><strong>Una buona notizia per tutti gli amanti della musica<\/strong>, in ottemperanza alle disposizioni previste dal Dpcm relative alle riaperture di cinema e teatri, <strong>Musicus Concentus e Music Pool annunciano la ripartenza della loro attivit\u00e0 dal vivo<\/strong>. Con la<strong> modifica della platea della Sala Vanni a Firenze &#8211; nel pieno rispetto delle disposizioni anti-covid relative al distanziamento sociale<\/strong> &#8211; \u00e8 stato infatti possibile rendere nuovamente fruibile lo spazio, seppur con una riduzione della capienza. <\/p>\n<p>Il primo appuntamento, previsto per<strong> luned\u00ec 15, vede sul palco Naomi Berrill<\/strong> che finalmente presenta dal vivo <em><strong>Suite Dreams,<\/strong><\/em> il suo terzo album uscito per Warner Music in collaborazione con Casa Musicale Sonzogno. Nel disco il violoncello diventa epicentro di un mondo immerso nelle atmosfere naturali, delicato ed etereo, in cui l\u2019arte viene assorbita in modo onnivoro per poi espandersi a tutto tondo attraverso la musica, la danza, la poesia e le illustrazioni. Il percorso che ha ispirato questa produzione passa dai luoghi che ama: Firenze, la citt\u00e0 dove vive ormai da diversi anni e Galway, dov\u2019\u00e8 nata. Il disco della <strong>violoncellista e cantautrice irlandese<\/strong> \u00e8 composto da 3 suite la cui prima \u2018Silent wood\u2019 \u00e8 dedicata al parco delle Cascine dove \u00e8 stata concepito l\u2019album. Il messaggio ha trovato ancora pi\u00f9 forza dopo la chiusura forzata del parco durante il lockdown. <\/p>\n<p>Il giorno successivo, ovvero <strong>marted\u00ec 16, sar\u00e0 la volta di Barbara Casini.<\/strong> La cantante e chitarrista jazz porta sul palco della Sala Vanni <em><strong>VIVA EU<\/strong><\/em>, un omaggio all\u2019amico compositore pernambucano Novelli, autore di alcune delle pi\u00f9 belle canzoni del <strong>repertorio brasiliano d\u2019autore.<\/strong> Questo disco, che esce proprio il giorno del concerto in Sala Vanni, vuole essere una dichiarazione di affetto e ammirazione per un artista il cui ruolo \u00e8 stato e continua a essere fondamentale nella storia della musica del Brasile. <em><strong>VIVA EU<\/strong><\/em> vede la presenza di Toninho Horta come co-leader, e la partecipazione di ospiti prestigiosi quali Joyce Moreno, Chico Buarque, Edu Lobo e molti altri. Il progetto \u00e8 presentato dal vivo in Sala Vanni nella formula piano e voce, anche grazie alla versatilit\u00e0 del pianista Alessandro Lanzoni, con cui Barbara Casini collabora da lungo tempo. Il disco esce per Encore Records. <\/p>\n<p><strong>Monica Barni<\/strong> la Vicepresidente e Assessore alla Cultura, Universit\u00e0 e Ricerca <strong>Regione Toscana<\/strong> ha dichiarato: &#8220;<strong>Musicus Concentus e Music Pool sono un esempio di come si possano mettere insieme le migliori energie del territorio per portare la musica di qualit\u00e0 anche nei piccoli centri<\/strong>, conquistando il pubblico pi\u00f9 ampio e diversificato. Questa \u00e8 una delle finalit\u00e0 pi\u00f9 rilevanti che la Regione Toscana persegue con convinzione: costruire percorsi aggreganti tra istituzioni culturali, pubblici e territori. Per questo motivo mi fa molto piacere che gli organizzatori di Musicus Concentus e Music Pool siano riusciti a riprendere la programmazione dal vivo in ottemperanza alle nuove disposizioni anti-covid. L&#8217;importanza della musica e dell&#8217;arte in generale si manifesta soprattutto in queste situazioni di crisi&#8221;. <\/p>\n<p>\u201cLa Sala Vanni, da anni una delle piazze coperte di maggior sperimentazione musicale in citt\u00e0, nel cuore dell\u2019Oltrarno &#8211; ha commentato <strong>l\u2019Assessore alla Cultura Tommaso Sacchi<\/strong> &#8211; riapre dopo la pandemia ed \u00e8 pronta ad accogliere in sicurezza, grazie allo sforzo straordinario di Musicus Concentus, i primi concerti dal vivo. Siamo davvero lieti che piano piano le realt\u00e0 culturali della citt\u00e0 riescano a ricominciare la loro programmazione artistica e staremo loro a fianco in questo difficile momento. Siamo certi che questo terribile virus non abbia spento la voglia di partecipare dei fiorentini e di tutti gli appassionati\u201d.<\/p>\n","protected":false},"excerpt":{"rendered":"<p>Un&#8217;operazione resa possibile grazie alla modifica della platea in ottemperanza alle disposizioni previste per le riaperture dei teatri<\/p>\n","protected":false},"author":525,"featured_media":143640,"comment_status":"open","ping_status":"open","sticky":false,"template":"","format":"standard","meta":{"_acf_changed":false,"footnotes":""},"categories":[14],"tags":[216],"class_list":["post-142789","post","type-post","status-publish","format-standard","has-post-thumbnail","hentry","category-musica","tag-concerti"],"acf":[],"yoast_head":"<!-- This site is optimized with the Yoast SEO Premium plugin v24.2 (Yoast SEO v25.6) - https:\/\/yoast.com\/wordpress\/plugins\/seo\/ -->\n<title>Tornano i concerti in Sala Vanni con Naomi Berril e Barbara Casini - intoscana<\/title>\n<meta name=\"description\" content=\"Dal 15 giugno tornano i concerti nella Sala Vanni a cura del Musicus Concentus, due live con le armonie irlandesi di Naomi Berril e il jazz di Barbara Casini\" \/>\n<meta name=\"robots\" content=\"index, follow, max-snippet:-1, max-image-preview:large, max-video-preview:-1\" \/>\n<link rel=\"canonical\" href=\"https:\/\/www.intoscana.it\/it\/sala-vanni-concerti\/\" \/>\n<meta property=\"og:locale\" content=\"it_IT\" \/>\n<meta property=\"og:type\" content=\"article\" \/>\n<meta property=\"og:title\" content=\"Tornano i concerti in Sala Vanni con Naomi Berril e Barbara Casini\" \/>\n<meta property=\"og:description\" content=\"Dal 15 giugno tornano i concerti nella Sala Vanni a cura del Musicus Concentus, due live con le armonie irlandesi di Naomi Berril e il jazz di Barbara Casini\" \/>\n<meta property=\"og:url\" content=\"https:\/\/www.intoscana.it\/it\/sala-vanni-concerti\/\" \/>\n<meta property=\"og:site_name\" content=\"intoscana\" \/>\n<meta property=\"article:publisher\" content=\"https:\/\/www.facebook.com\/intoscana.it\" \/>\n<meta property=\"article:published_time\" content=\"2020-06-08T07:21:00+00:00\" \/>\n<meta property=\"article:modified_time\" content=\"2020-08-10T08:33:48+00:00\" \/>\n<meta property=\"og:image\" content=\"https:\/\/www.intoscana.it\/wp-content\/uploads\/barbara-casini-.jpg\" \/>\n\t<meta property=\"og:image:width\" content=\"1212\" \/>\n\t<meta property=\"og:image:height\" content=\"759\" \/>\n\t<meta property=\"og:image:type\" content=\"image\/jpeg\" \/>\n<meta name=\"author\" content=\"Redazione\" \/>\n<meta name=\"twitter:card\" content=\"summary_large_image\" \/>\n<meta name=\"twitter:creator\" content=\"@intoscana\" \/>\n<meta name=\"twitter:site\" content=\"@intoscana\" \/>\n<meta name=\"twitter:label1\" content=\"Written by\" \/>\n\t<meta name=\"twitter:data1\" content=\"Redazione\" \/>\n\t<meta name=\"twitter:label2\" content=\"Est. reading time\" \/>\n\t<meta name=\"twitter:data2\" content=\"3 minuti\" \/>\n<script type=\"application\/ld+json\" class=\"yoast-schema-graph\">{\"@context\":\"https:\/\/schema.org\",\"@graph\":[{\"@type\":\"WebPage\",\"@id\":\"https:\/\/www.intoscana.it\/it\/sala-vanni-concerti\/\",\"url\":\"https:\/\/www.intoscana.it\/it\/sala-vanni-concerti\/\",\"name\":\"Tornano i concerti in Sala Vanni con Naomi Berril e Barbara Casini - intoscana\",\"isPartOf\":{\"@id\":\"https:\/\/www.intoscana.it\/it\/#website\"},\"primaryImageOfPage\":{\"@id\":\"https:\/\/www.intoscana.it\/it\/sala-vanni-concerti\/#primaryimage\"},\"image\":{\"@id\":\"https:\/\/www.intoscana.it\/it\/sala-vanni-concerti\/#primaryimage\"},\"thumbnailUrl\":\"https:\/\/www.intoscana.it\/wp-content\/uploads\/barbara-casini-.jpg\",\"datePublished\":\"2020-06-08T07:21:00+00:00\",\"dateModified\":\"2020-08-10T08:33:48+00:00\",\"author\":{\"@id\":\"https:\/\/www.intoscana.it\/it\/#\/schema\/person\/9223810753230f20bd670fdd322661f8\"},\"description\":\"Dal 15 giugno tornano i concerti nella Sala Vanni a cura del Musicus Concentus, due live con le armonie irlandesi di Naomi Berril e il jazz di Barbara Casini\",\"breadcrumb\":{\"@id\":\"https:\/\/www.intoscana.it\/it\/sala-vanni-concerti\/#breadcrumb\"},\"inLanguage\":\"it-IT\",\"potentialAction\":[{\"@type\":\"ReadAction\",\"target\":[\"https:\/\/www.intoscana.it\/it\/sala-vanni-concerti\/\"]}]},{\"@type\":\"ImageObject\",\"inLanguage\":\"it-IT\",\"@id\":\"https:\/\/www.intoscana.it\/it\/sala-vanni-concerti\/#primaryimage\",\"url\":\"https:\/\/www.intoscana.it\/wp-content\/uploads\/barbara-casini-.jpg\",\"contentUrl\":\"https:\/\/www.intoscana.it\/wp-content\/uploads\/barbara-casini-.jpg\",\"width\":1212,\"height\":759,\"caption\":\"Barbara Casini\"},{\"@type\":\"BreadcrumbList\",\"@id\":\"https:\/\/www.intoscana.it\/it\/sala-vanni-concerti\/#breadcrumb\",\"itemListElement\":[{\"@type\":\"ListItem\",\"position\":1,\"name\":\"Home\",\"item\":\"https:\/\/www.intoscana.it\/it\/\"},{\"@type\":\"ListItem\",\"position\":2,\"name\":\"Tornano i concerti in Sala Vanni con Naomi Berril e Barbara Casini\"}]},{\"@type\":\"WebSite\",\"@id\":\"https:\/\/www.intoscana.it\/it\/#website\",\"url\":\"https:\/\/www.intoscana.it\/it\/\",\"name\":\"intoscana\",\"description\":\"\",\"potentialAction\":[{\"@type\":\"SearchAction\",\"target\":{\"@type\":\"EntryPoint\",\"urlTemplate\":\"https:\/\/www.intoscana.it\/it\/?s={search_term_string}\"},\"query-input\":{\"@type\":\"PropertyValueSpecification\",\"valueRequired\":true,\"valueName\":\"search_term_string\"}}],\"inLanguage\":\"it-IT\"},{\"@type\":\"Person\",\"@id\":\"https:\/\/www.intoscana.it\/it\/#\/schema\/person\/9223810753230f20bd670fdd322661f8\",\"name\":\"Redazione\",\"url\":\"https:\/\/www.intoscana.it\/it\/author\/redazione\/\"}]}<\/script>\n<!-- \/ Yoast SEO Premium plugin. -->","yoast_head_json":{"title":"Tornano i concerti in Sala Vanni con Naomi Berril e Barbara Casini - intoscana","description":"Dal 15 giugno tornano i concerti nella Sala Vanni a cura del Musicus Concentus, due live con le armonie irlandesi di Naomi Berril e il jazz di Barbara Casini","robots":{"index":"index","follow":"follow","max-snippet":"max-snippet:-1","max-image-preview":"max-image-preview:large","max-video-preview":"max-video-preview:-1"},"canonical":"https:\/\/www.intoscana.it\/it\/sala-vanni-concerti\/","og_locale":"it_IT","og_type":"article","og_title":"Tornano i concerti in Sala Vanni con Naomi Berril e Barbara Casini","og_description":"Dal 15 giugno tornano i concerti nella Sala Vanni a cura del Musicus Concentus, due live con le armonie irlandesi di Naomi Berril e il jazz di Barbara Casini","og_url":"https:\/\/www.intoscana.it\/it\/sala-vanni-concerti\/","og_site_name":"intoscana","article_publisher":"https:\/\/www.facebook.com\/intoscana.it","article_published_time":"2020-06-08T07:21:00+00:00","article_modified_time":"2020-08-10T08:33:48+00:00","og_image":[{"width":1212,"height":759,"url":"https:\/\/www.intoscana.it\/wp-content\/uploads\/barbara-casini-.jpg","type":"image\/jpeg"}],"author":"Redazione","twitter_card":"summary_large_image","twitter_creator":"@intoscana","twitter_site":"@intoscana","twitter_misc":{"Written by":"Redazione","Est. reading time":"3 minuti"},"schema":{"@context":"https:\/\/schema.org","@graph":[{"@type":"WebPage","@id":"https:\/\/www.intoscana.it\/it\/sala-vanni-concerti\/","url":"https:\/\/www.intoscana.it\/it\/sala-vanni-concerti\/","name":"Tornano i concerti in Sala Vanni con Naomi Berril e Barbara Casini - intoscana","isPartOf":{"@id":"https:\/\/www.intoscana.it\/it\/#website"},"primaryImageOfPage":{"@id":"https:\/\/www.intoscana.it\/it\/sala-vanni-concerti\/#primaryimage"},"image":{"@id":"https:\/\/www.intoscana.it\/it\/sala-vanni-concerti\/#primaryimage"},"thumbnailUrl":"https:\/\/www.intoscana.it\/wp-content\/uploads\/barbara-casini-.jpg","datePublished":"2020-06-08T07:21:00+00:00","dateModified":"2020-08-10T08:33:48+00:00","author":{"@id":"https:\/\/www.intoscana.it\/it\/#\/schema\/person\/9223810753230f20bd670fdd322661f8"},"description":"Dal 15 giugno tornano i concerti nella Sala Vanni a cura del Musicus Concentus, due live con le armonie irlandesi di Naomi Berril e il jazz di Barbara Casini","breadcrumb":{"@id":"https:\/\/www.intoscana.it\/it\/sala-vanni-concerti\/#breadcrumb"},"inLanguage":"it-IT","potentialAction":[{"@type":"ReadAction","target":["https:\/\/www.intoscana.it\/it\/sala-vanni-concerti\/"]}]},{"@type":"ImageObject","inLanguage":"it-IT","@id":"https:\/\/www.intoscana.it\/it\/sala-vanni-concerti\/#primaryimage","url":"https:\/\/www.intoscana.it\/wp-content\/uploads\/barbara-casini-.jpg","contentUrl":"https:\/\/www.intoscana.it\/wp-content\/uploads\/barbara-casini-.jpg","width":1212,"height":759,"caption":"Barbara Casini"},{"@type":"BreadcrumbList","@id":"https:\/\/www.intoscana.it\/it\/sala-vanni-concerti\/#breadcrumb","itemListElement":[{"@type":"ListItem","position":1,"name":"Home","item":"https:\/\/www.intoscana.it\/it\/"},{"@type":"ListItem","position":2,"name":"Tornano i concerti in Sala Vanni con Naomi Berril e Barbara Casini"}]},{"@type":"WebSite","@id":"https:\/\/www.intoscana.it\/it\/#website","url":"https:\/\/www.intoscana.it\/it\/","name":"intoscana","description":"","potentialAction":[{"@type":"SearchAction","target":{"@type":"EntryPoint","urlTemplate":"https:\/\/www.intoscana.it\/it\/?s={search_term_string}"},"query-input":{"@type":"PropertyValueSpecification","valueRequired":true,"valueName":"search_term_string"}}],"inLanguage":"it-IT"},{"@type":"Person","@id":"https:\/\/www.intoscana.it\/it\/#\/schema\/person\/9223810753230f20bd670fdd322661f8","name":"Redazione","url":"https:\/\/www.intoscana.it\/it\/author\/redazione\/"}]}},"_links":{"self":[{"href":"https:\/\/www.intoscana.it\/it\/wp-json\/wp\/v2\/posts\/142789","targetHints":{"allow":["GET"]}}],"collection":[{"href":"https:\/\/www.intoscana.it\/it\/wp-json\/wp\/v2\/posts"}],"about":[{"href":"https:\/\/www.intoscana.it\/it\/wp-json\/wp\/v2\/types\/post"}],"author":[{"embeddable":true,"href":"https:\/\/www.intoscana.it\/it\/wp-json\/wp\/v2\/users\/525"}],"replies":[{"embeddable":true,"href":"https:\/\/www.intoscana.it\/it\/wp-json\/wp\/v2\/comments?post=142789"}],"version-history":[{"count":0,"href":"https:\/\/www.intoscana.it\/it\/wp-json\/wp\/v2\/posts\/142789\/revisions"}],"wp:featuredmedia":[{"embeddable":true,"href":"https:\/\/www.intoscana.it\/it\/wp-json\/wp\/v2\/media\/143640"}],"wp:attachment":[{"href":"https:\/\/www.intoscana.it\/it\/wp-json\/wp\/v2\/media?parent=142789"}],"wp:term":[{"taxonomy":"category","embeddable":true,"href":"https:\/\/www.intoscana.it\/it\/wp-json\/wp\/v2\/categories?post=142789"},{"taxonomy":"post_tag","embeddable":true,"href":"https:\/\/www.intoscana.it\/it\/wp-json\/wp\/v2\/tags?post=142789"}],"curies":[{"name":"wp","href":"https:\/\/api.w.org\/{rel}","templated":true}]}}