{"id":142795,"date":"2020-03-27T10:23:05","date_gmt":"2020-03-27T09:23:05","guid":{"rendered":"https:\/\/www.intoscana.it\/gravidanza-durante-il-coronavirus-careggi-lancia-un-numero-verde\/"},"modified":"2020-08-10T10:20:25","modified_gmt":"2020-08-10T08:20:25","slug":"careggi-gravidanza-coronavirus","status":"publish","type":"post","link":"https:\/\/www.intoscana.it\/it\/careggi-gravidanza-coronavirus\/","title":{"rendered":"Gravidanza durante il Coronavirus: Careggi lancia un numero verde"},"content":{"rendered":"<p><strong>Le gestanti con sospetta o confermata infezione Covid-19<\/strong> dovrebbero rimanere in isolamento per il periodo raccomandato, rimandando gli appuntamenti di routine come esami del sangue, visita ostetrica, ecografie.<\/p>\n<p>Il <strong>Dipartimento Materno Infantile<\/strong> ha messo a disposizione <strong>un servizio di consulenza telefonica<\/strong> da utilizzare se la gestante ritiene di presentare una condizione di salute relativa alla propria gravidanza che richieda una valutazione medica specialistica ostetrica.<\/p>\n<p><strong>Il servizio evita di far venire di persona le donne<\/strong> e consente di concordare le pi\u00f9 adeguate e sicure modalit\u00e0 per ricevere l\u2019assistenza necessaria. La consulenza telefonica \u00e8 disponibile anche per le gestanti a termine (40 settimane) che partoriranno in AOUC e che vogliono ricevere informazioni sul tampone naso-faringeo per la ricerca del Covid-19.<\/p>\n<p><strong>Il numero 055 7947678 \u00e8 attivo<\/strong> dal luned\u00ec al venerd\u00ec, dalle ore 8.00 alle ore 18.00 e 055 7947493 dal luned\u00ec al venerd\u00ec, dalle ore 18.00 alle ore 08.00; sabato e domenica (h24).<\/p>\n","protected":false},"excerpt":{"rendered":"<p>Alla Maternit\u00e0 di Careggi un servizio di consulenza telefonica rivolto alle future mamme<\/p>\n","protected":false},"author":525,"featured_media":143646,"comment_status":"open","ping_status":"open","sticky":false,"template":"","format":"standard","meta":{"_acf_changed":false,"footnotes":""},"categories":[18],"tags":[],"class_list":["post-142795","post","type-post","status-publish","format-standard","has-post-thumbnail","hentry","category-salute"],"acf":[],"yoast_head":"<!-- This site is optimized with the Yoast SEO Premium plugin v24.2 (Yoast SEO v25.6) - https:\/\/yoast.com\/wordpress\/plugins\/seo\/ -->\n<title>Gravidanza durante il Coronavirus: Careggi lancia un numero verde - intoscana<\/title>\n<meta name=\"description\" content=\"Gravidanza durante il Coronavirus: la Maternit\u00e0 dell&#039;ospedale di Careggi lancia un numero verde, un servizio di consulenza telefonica rivolto alle future mamme\" \/>\n<meta name=\"robots\" content=\"index, follow, max-snippet:-1, max-image-preview:large, max-video-preview:-1\" \/>\n<link rel=\"canonical\" href=\"https:\/\/www.intoscana.it\/it\/careggi-gravidanza-coronavirus\/\" \/>\n<meta property=\"og:locale\" content=\"it_IT\" \/>\n<meta property=\"og:type\" content=\"article\" \/>\n<meta property=\"og:title\" content=\"Gravidanza durante il Coronavirus: Careggi lancia un numero verde\" \/>\n<meta property=\"og:description\" content=\"Gravidanza durante il Coronavirus: la Maternit\u00e0 dell&#039;ospedale di Careggi lancia un numero verde, un servizio di consulenza telefonica rivolto alle future mamme\" \/>\n<meta property=\"og:url\" content=\"https:\/\/www.intoscana.it\/it\/careggi-gravidanza-coronavirus\/\" \/>\n<meta property=\"og:site_name\" content=\"intoscana\" \/>\n<meta property=\"article:publisher\" content=\"https:\/\/www.facebook.com\/intoscana.it\" \/>\n<meta property=\"article:published_time\" content=\"2020-03-27T09:23:05+00:00\" \/>\n<meta property=\"article:modified_time\" content=\"2020-08-10T08:20:25+00:00\" \/>\n<meta property=\"og:image\" content=\"https:\/\/www.intoscana.it\/wp-content\/uploads\/gravidanza-4.jpg\" \/>\n\t<meta property=\"og:image:width\" content=\"2000\" \/>\n\t<meta property=\"og:image:height\" content=\"1333\" \/>\n\t<meta property=\"og:image:type\" content=\"image\/jpeg\" \/>\n<meta name=\"author\" content=\"Redazione\" \/>\n<meta name=\"twitter:card\" content=\"summary_large_image\" \/>\n<meta name=\"twitter:creator\" content=\"@intoscana\" \/>\n<meta name=\"twitter:site\" content=\"@intoscana\" \/>\n<meta name=\"twitter:label1\" content=\"Written by\" \/>\n\t<meta name=\"twitter:data1\" content=\"Redazione\" \/>\n\t<meta name=\"twitter:label2\" content=\"Est. reading time\" \/>\n\t<meta name=\"twitter:data2\" content=\"1 minuto\" \/>\n<script type=\"application\/ld+json\" class=\"yoast-schema-graph\">{\"@context\":\"https:\/\/schema.org\",\"@graph\":[{\"@type\":\"WebPage\",\"@id\":\"https:\/\/www.intoscana.it\/it\/careggi-gravidanza-coronavirus\/\",\"url\":\"https:\/\/www.intoscana.it\/it\/careggi-gravidanza-coronavirus\/\",\"name\":\"Gravidanza durante il Coronavirus: Careggi lancia un numero verde - intoscana\",\"isPartOf\":{\"@id\":\"https:\/\/www.intoscana.it\/it\/#website\"},\"primaryImageOfPage\":{\"@id\":\"https:\/\/www.intoscana.it\/it\/careggi-gravidanza-coronavirus\/#primaryimage\"},\"image\":{\"@id\":\"https:\/\/www.intoscana.it\/it\/careggi-gravidanza-coronavirus\/#primaryimage\"},\"thumbnailUrl\":\"https:\/\/www.intoscana.it\/wp-content\/uploads\/gravidanza-4.jpg\",\"datePublished\":\"2020-03-27T09:23:05+00:00\",\"dateModified\":\"2020-08-10T08:20:25+00:00\",\"author\":{\"@id\":\"https:\/\/www.intoscana.it\/it\/#\/schema\/person\/9223810753230f20bd670fdd322661f8\"},\"description\":\"Gravidanza durante il Coronavirus: la Maternit\u00e0 dell'ospedale di Careggi lancia un numero verde, un servizio di consulenza telefonica rivolto alle future mamme\",\"breadcrumb\":{\"@id\":\"https:\/\/www.intoscana.it\/it\/careggi-gravidanza-coronavirus\/#breadcrumb\"},\"inLanguage\":\"it-IT\",\"potentialAction\":[{\"@type\":\"ReadAction\",\"target\":[\"https:\/\/www.intoscana.it\/it\/careggi-gravidanza-coronavirus\/\"]}]},{\"@type\":\"ImageObject\",\"inLanguage\":\"it-IT\",\"@id\":\"https:\/\/www.intoscana.it\/it\/careggi-gravidanza-coronavirus\/#primaryimage\",\"url\":\"https:\/\/www.intoscana.it\/wp-content\/uploads\/gravidanza-4.jpg\",\"contentUrl\":\"https:\/\/www.intoscana.it\/wp-content\/uploads\/gravidanza-4.jpg\",\"width\":2000,\"height\":1333,\"caption\":\"Gravidanza durante il Coronavirus: Careggi lancia un numero verde\"},{\"@type\":\"BreadcrumbList\",\"@id\":\"https:\/\/www.intoscana.it\/it\/careggi-gravidanza-coronavirus\/#breadcrumb\",\"itemListElement\":[{\"@type\":\"ListItem\",\"position\":1,\"name\":\"Home\",\"item\":\"https:\/\/www.intoscana.it\/it\/\"},{\"@type\":\"ListItem\",\"position\":2,\"name\":\"Gravidanza durante il Coronavirus: Careggi lancia un numero verde\"}]},{\"@type\":\"WebSite\",\"@id\":\"https:\/\/www.intoscana.it\/it\/#website\",\"url\":\"https:\/\/www.intoscana.it\/it\/\",\"name\":\"intoscana\",\"description\":\"\",\"potentialAction\":[{\"@type\":\"SearchAction\",\"target\":{\"@type\":\"EntryPoint\",\"urlTemplate\":\"https:\/\/www.intoscana.it\/it\/?s={search_term_string}\"},\"query-input\":{\"@type\":\"PropertyValueSpecification\",\"valueRequired\":true,\"valueName\":\"search_term_string\"}}],\"inLanguage\":\"it-IT\"},{\"@type\":\"Person\",\"@id\":\"https:\/\/www.intoscana.it\/it\/#\/schema\/person\/9223810753230f20bd670fdd322661f8\",\"name\":\"Redazione\",\"url\":\"https:\/\/www.intoscana.it\/it\/author\/redazione\/\"}]}<\/script>\n<!-- \/ Yoast SEO Premium plugin. -->","yoast_head_json":{"title":"Gravidanza durante il Coronavirus: Careggi lancia un numero verde - intoscana","description":"Gravidanza durante il Coronavirus: la Maternit\u00e0 dell'ospedale di Careggi lancia un numero verde, un servizio di consulenza telefonica rivolto alle future mamme","robots":{"index":"index","follow":"follow","max-snippet":"max-snippet:-1","max-image-preview":"max-image-preview:large","max-video-preview":"max-video-preview:-1"},"canonical":"https:\/\/www.intoscana.it\/it\/careggi-gravidanza-coronavirus\/","og_locale":"it_IT","og_type":"article","og_title":"Gravidanza durante il Coronavirus: Careggi lancia un numero verde","og_description":"Gravidanza durante il Coronavirus: la Maternit\u00e0 dell'ospedale di Careggi lancia un numero verde, un servizio di consulenza telefonica rivolto alle future mamme","og_url":"https:\/\/www.intoscana.it\/it\/careggi-gravidanza-coronavirus\/","og_site_name":"intoscana","article_publisher":"https:\/\/www.facebook.com\/intoscana.it","article_published_time":"2020-03-27T09:23:05+00:00","article_modified_time":"2020-08-10T08:20:25+00:00","og_image":[{"width":2000,"height":1333,"url":"https:\/\/www.intoscana.it\/wp-content\/uploads\/gravidanza-4.jpg","type":"image\/jpeg"}],"author":"Redazione","twitter_card":"summary_large_image","twitter_creator":"@intoscana","twitter_site":"@intoscana","twitter_misc":{"Written by":"Redazione","Est. reading time":"1 minuto"},"schema":{"@context":"https:\/\/schema.org","@graph":[{"@type":"WebPage","@id":"https:\/\/www.intoscana.it\/it\/careggi-gravidanza-coronavirus\/","url":"https:\/\/www.intoscana.it\/it\/careggi-gravidanza-coronavirus\/","name":"Gravidanza durante il Coronavirus: Careggi lancia un numero verde - intoscana","isPartOf":{"@id":"https:\/\/www.intoscana.it\/it\/#website"},"primaryImageOfPage":{"@id":"https:\/\/www.intoscana.it\/it\/careggi-gravidanza-coronavirus\/#primaryimage"},"image":{"@id":"https:\/\/www.intoscana.it\/it\/careggi-gravidanza-coronavirus\/#primaryimage"},"thumbnailUrl":"https:\/\/www.intoscana.it\/wp-content\/uploads\/gravidanza-4.jpg","datePublished":"2020-03-27T09:23:05+00:00","dateModified":"2020-08-10T08:20:25+00:00","author":{"@id":"https:\/\/www.intoscana.it\/it\/#\/schema\/person\/9223810753230f20bd670fdd322661f8"},"description":"Gravidanza durante il Coronavirus: la Maternit\u00e0 dell'ospedale di Careggi lancia un numero verde, un servizio di consulenza telefonica rivolto alle future mamme","breadcrumb":{"@id":"https:\/\/www.intoscana.it\/it\/careggi-gravidanza-coronavirus\/#breadcrumb"},"inLanguage":"it-IT","potentialAction":[{"@type":"ReadAction","target":["https:\/\/www.intoscana.it\/it\/careggi-gravidanza-coronavirus\/"]}]},{"@type":"ImageObject","inLanguage":"it-IT","@id":"https:\/\/www.intoscana.it\/it\/careggi-gravidanza-coronavirus\/#primaryimage","url":"https:\/\/www.intoscana.it\/wp-content\/uploads\/gravidanza-4.jpg","contentUrl":"https:\/\/www.intoscana.it\/wp-content\/uploads\/gravidanza-4.jpg","width":2000,"height":1333,"caption":"Gravidanza durante il Coronavirus: Careggi lancia un numero verde"},{"@type":"BreadcrumbList","@id":"https:\/\/www.intoscana.it\/it\/careggi-gravidanza-coronavirus\/#breadcrumb","itemListElement":[{"@type":"ListItem","position":1,"name":"Home","item":"https:\/\/www.intoscana.it\/it\/"},{"@type":"ListItem","position":2,"name":"Gravidanza durante il Coronavirus: Careggi lancia un numero verde"}]},{"@type":"WebSite","@id":"https:\/\/www.intoscana.it\/it\/#website","url":"https:\/\/www.intoscana.it\/it\/","name":"intoscana","description":"","potentialAction":[{"@type":"SearchAction","target":{"@type":"EntryPoint","urlTemplate":"https:\/\/www.intoscana.it\/it\/?s={search_term_string}"},"query-input":{"@type":"PropertyValueSpecification","valueRequired":true,"valueName":"search_term_string"}}],"inLanguage":"it-IT"},{"@type":"Person","@id":"https:\/\/www.intoscana.it\/it\/#\/schema\/person\/9223810753230f20bd670fdd322661f8","name":"Redazione","url":"https:\/\/www.intoscana.it\/it\/author\/redazione\/"}]}},"_links":{"self":[{"href":"https:\/\/www.intoscana.it\/it\/wp-json\/wp\/v2\/posts\/142795","targetHints":{"allow":["GET"]}}],"collection":[{"href":"https:\/\/www.intoscana.it\/it\/wp-json\/wp\/v2\/posts"}],"about":[{"href":"https:\/\/www.intoscana.it\/it\/wp-json\/wp\/v2\/types\/post"}],"author":[{"embeddable":true,"href":"https:\/\/www.intoscana.it\/it\/wp-json\/wp\/v2\/users\/525"}],"replies":[{"embeddable":true,"href":"https:\/\/www.intoscana.it\/it\/wp-json\/wp\/v2\/comments?post=142795"}],"version-history":[{"count":0,"href":"https:\/\/www.intoscana.it\/it\/wp-json\/wp\/v2\/posts\/142795\/revisions"}],"wp:featuredmedia":[{"embeddable":true,"href":"https:\/\/www.intoscana.it\/it\/wp-json\/wp\/v2\/media\/143646"}],"wp:attachment":[{"href":"https:\/\/www.intoscana.it\/it\/wp-json\/wp\/v2\/media?parent=142795"}],"wp:term":[{"taxonomy":"category","embeddable":true,"href":"https:\/\/www.intoscana.it\/it\/wp-json\/wp\/v2\/categories?post=142795"},{"taxonomy":"post_tag","embeddable":true,"href":"https:\/\/www.intoscana.it\/it\/wp-json\/wp\/v2\/tags?post=142795"}],"curies":[{"name":"wp","href":"https:\/\/api.w.org\/{rel}","templated":true}]}}