{"id":142800,"date":"2020-04-16T17:04:41","date_gmt":"2020-04-16T15:04:41","guid":{"rendered":"https:\/\/www.intoscana.it\/coronavirus-277-nuovi-casi-in-toscana-diminuiscono-i-ricoveri\/"},"modified":"2020-08-10T10:20:28","modified_gmt":"2020-08-10T08:20:28","slug":"coronavirus-16-aprile","status":"publish","type":"post","link":"https:\/\/www.intoscana.it\/it\/coronavirus-16-aprile\/","title":{"rendered":"Coronavirus, 277 nuovi casi in Toscana, diminuiscono i ricoveri"},"content":{"rendered":"<p><strong>Sono 277 i nuovi casi di positivit\u00e0 al Coronavirus registrati nelle ultime 24 ore in Toscana<\/strong> secondo i dati rilevati dalla Regione (entro le ore 12 di oggi), che portano in tutto a un totale di&nbsp;7.943 casi. Oggi sono stati&nbsp;4.716 i tamponi analizzati, con cui si \u00e8 raggiunta quota 91.651 tamponi eseguiti complessivamente dall&#8217;inizio dell&#8217;epidemia.<\/p>\n<p><strong>Qui di seguito il numero casi cumulati di positivit\u00e0 per le province toscane,<\/strong> con la variazione rispetto a ieri; ricordiamo che il dato si riferisce non alla provincia di residenza, bens\u00ec a quella in cui \u00e8 stata eseguita la diagnosi. Sono 2.433 i casi complessivi ad oggi a Firenze (71 in pi\u00f9 rispetto a ieri) , 440 a Prato (29 in pi\u00f9), 536 a Pistoia (20 in pi\u00f9), 893 a Massa (12 in pi\u00f9), 1.134 a Lucca (61 in pi\u00f9), 750 a Pisa (17 in pi\u00f9), 465 a Livorno (50 in pi\u00f9), 530 ad Arezzo (8 in pi\u00f9), 384 a Siena (9 in pi\u00f9), 368 a Grosseto (nessuna variazione).<\/p>\n<p><strong>Due i dati anche oggi assolutamente positivi: il calo dei ricoveri e l\u2019aumento delle guarigioni.<\/strong> Si riducono ancora le persone ricoverate nei posti letto dedicati ai pazienti Covid-19, che oggi sono complessivamente 1.153 (40 in meno di ieri), di cui 213 in terapia intensiva (- 3 rispetto a ieri). Questo rende sempre pi\u00f9 forte la capacit\u00e0 di ricoverare in terapia intensiva coloro tra i nostri cittadini che potrebbero averne bisogno. <strong>Il dato dei ricoveri non era cos\u00ec basso dal 23 di marzo, quello delle terapie intensive dal 21 marzo.<\/strong> <\/p>\n<p><strong>Salgono ancora le guarigioni, che raggiungono quota 745 (52 in pi\u00f9 rispetto a ieri):<\/strong> 321 sono soggetti \u201cclinicamente guariti\u201d, divenuti cio\u00e8 asintomatici dopo aver presentato manifestazioni cliniche associate all\u2019infezione, mentre 424 quelli dichiarati guariti a tutti gli effetti perch\u00e9 risultati negativi in due test consecutivi. Sulla numerosit\u00e0 complessiva dei casi guariti in Toscana influisce la propensione delle Aziende a privilegiare le guarigioni di tipo virale, per le quali \u00e8 necessario un doppio tampone negativo ed un conseguente maggior tempo per ottenere il risultato rispetto alle guarigioni cliniche.<\/p>\n<p>Per quanto riguarda i&nbsp;<strong>decessi sono 29<\/strong>&nbsp;in tutto in pi\u00f9 rispetto a ieri, 16 uomini e 13 donne. L\u2019et\u00e0 media \u00e8 di quasi 85 anni e tutti hanno evidenziato la presenza di patologie pregresse. Relativamente alla provincia di notifica del decesso, 7 le persone decedute della provincia di Firenze, 2 di Prato, 1 di Pistoia, 8 di Massa, 4 di Lucca, 3 di Pisa, 2 di Livorno, 2 di Arezzo.&nbsp;<br \/>In termini di letalit\u00e0 (percentuali dei deceduti su casi totali) la Toscana con oggi arriva al 7,3%, contro la media italiana che ieri era del 13,1%.<\/p>\n<p><strong>Gli isolamenti domiciliari sono saliti oggi a 5.460 persone<\/strong> (pi\u00f9 236 rispetto a ieri): sono persone con sintomi lievi, che non richiedono cure ospedaliere, o che risultano prive di sintomi. Ben 17.588 (pi\u00f9 56 rispetto a ieri) sono le persone, anch\u2019esse isolate, in sorveglianza attiva perch\u00e9 hanno avuto contatti con persone contagiate (Asl centro 8.232, nord ovest 8.040, sud est 1.316).<\/p>\n","protected":false},"excerpt":{"rendered":"<p>In crescita le persone guarite, 52 nelle ultime 24 ore, mentre si registrano anche 29 decessi. 4716 i tamponi analizzati.<\/p>\n","protected":false},"author":525,"featured_media":143651,"comment_status":"open","ping_status":"open","sticky":false,"template":"","format":"standard","meta":{"_acf_changed":false,"footnotes":""},"categories":[18],"tags":[],"class_list":["post-142800","post","type-post","status-publish","format-standard","has-post-thumbnail","hentry","category-salute"],"acf":[],"yoast_head":"<!-- This site is optimized with the Yoast SEO Premium plugin v24.2 (Yoast SEO v25.6) - https:\/\/yoast.com\/wordpress\/plugins\/seo\/ -->\n<title>Coronavirus, 277 nuovi casi in Toscana, diminuiscono i ricoveri - intoscana<\/title>\n<meta name=\"robots\" content=\"index, follow, max-snippet:-1, max-image-preview:large, max-video-preview:-1\" \/>\n<link rel=\"canonical\" href=\"https:\/\/www.intoscana.it\/it\/coronavirus-16-aprile\/\" \/>\n<meta property=\"og:locale\" content=\"it_IT\" \/>\n<meta property=\"og:type\" content=\"article\" \/>\n<meta property=\"og:title\" content=\"Coronavirus, 277 nuovi casi in Toscana, diminuiscono i ricoveri\" \/>\n<meta property=\"og:description\" content=\"In crescita le persone guarite, 52 nelle ultime 24 ore, mentre si registrano anche 29 decessi. 4716 i tamponi analizzati.\" \/>\n<meta property=\"og:url\" content=\"https:\/\/www.intoscana.it\/it\/coronavirus-16-aprile\/\" \/>\n<meta property=\"og:site_name\" content=\"intoscana\" \/>\n<meta property=\"article:publisher\" content=\"https:\/\/www.facebook.com\/intoscana.it\" \/>\n<meta property=\"article:published_time\" content=\"2020-04-16T15:04:41+00:00\" \/>\n<meta property=\"article:modified_time\" content=\"2020-08-10T08:20:28+00:00\" \/>\n<meta property=\"og:image\" content=\"https:\/\/www.intoscana.it\/wp-content\/uploads\/coronavirus-reagente.jpg\" \/>\n\t<meta property=\"og:image:width\" content=\"1000\" \/>\n\t<meta property=\"og:image:height\" content=\"667\" \/>\n\t<meta property=\"og:image:type\" content=\"image\/jpeg\" \/>\n<meta name=\"author\" content=\"Redazione\" \/>\n<meta name=\"twitter:card\" content=\"summary_large_image\" \/>\n<meta name=\"twitter:creator\" content=\"@intoscana\" \/>\n<meta name=\"twitter:site\" content=\"@intoscana\" \/>\n<meta name=\"twitter:label1\" content=\"Written by\" \/>\n\t<meta name=\"twitter:data1\" content=\"Redazione\" \/>\n\t<meta name=\"twitter:label2\" content=\"Est. reading time\" \/>\n\t<meta name=\"twitter:data2\" content=\"2 minuti\" \/>\n<script type=\"application\/ld+json\" class=\"yoast-schema-graph\">{\"@context\":\"https:\/\/schema.org\",\"@graph\":[{\"@type\":\"WebPage\",\"@id\":\"https:\/\/www.intoscana.it\/it\/coronavirus-16-aprile\/\",\"url\":\"https:\/\/www.intoscana.it\/it\/coronavirus-16-aprile\/\",\"name\":\"Coronavirus, 277 nuovi casi in Toscana, diminuiscono i ricoveri - intoscana\",\"isPartOf\":{\"@id\":\"https:\/\/www.intoscana.it\/it\/#website\"},\"primaryImageOfPage\":{\"@id\":\"https:\/\/www.intoscana.it\/it\/coronavirus-16-aprile\/#primaryimage\"},\"image\":{\"@id\":\"https:\/\/www.intoscana.it\/it\/coronavirus-16-aprile\/#primaryimage\"},\"thumbnailUrl\":\"https:\/\/www.intoscana.it\/wp-content\/uploads\/coronavirus-reagente.jpg\",\"datePublished\":\"2020-04-16T15:04:41+00:00\",\"dateModified\":\"2020-08-10T08:20:28+00:00\",\"author\":{\"@id\":\"https:\/\/www.intoscana.it\/it\/#\/schema\/person\/9223810753230f20bd670fdd322661f8\"},\"breadcrumb\":{\"@id\":\"https:\/\/www.intoscana.it\/it\/coronavirus-16-aprile\/#breadcrumb\"},\"inLanguage\":\"it-IT\",\"potentialAction\":[{\"@type\":\"ReadAction\",\"target\":[\"https:\/\/www.intoscana.it\/it\/coronavirus-16-aprile\/\"]}]},{\"@type\":\"ImageObject\",\"inLanguage\":\"it-IT\",\"@id\":\"https:\/\/www.intoscana.it\/it\/coronavirus-16-aprile\/#primaryimage\",\"url\":\"https:\/\/www.intoscana.it\/wp-content\/uploads\/coronavirus-reagente.jpg\",\"contentUrl\":\"https:\/\/www.intoscana.it\/wp-content\/uploads\/coronavirus-reagente.jpg\",\"width\":1000,\"height\":667},{\"@type\":\"BreadcrumbList\",\"@id\":\"https:\/\/www.intoscana.it\/it\/coronavirus-16-aprile\/#breadcrumb\",\"itemListElement\":[{\"@type\":\"ListItem\",\"position\":1,\"name\":\"Home\",\"item\":\"https:\/\/www.intoscana.it\/it\/\"},{\"@type\":\"ListItem\",\"position\":2,\"name\":\"Coronavirus, 277 nuovi casi in Toscana, diminuiscono i ricoveri\"}]},{\"@type\":\"WebSite\",\"@id\":\"https:\/\/www.intoscana.it\/it\/#website\",\"url\":\"https:\/\/www.intoscana.it\/it\/\",\"name\":\"intoscana\",\"description\":\"\",\"potentialAction\":[{\"@type\":\"SearchAction\",\"target\":{\"@type\":\"EntryPoint\",\"urlTemplate\":\"https:\/\/www.intoscana.it\/it\/?s={search_term_string}\"},\"query-input\":{\"@type\":\"PropertyValueSpecification\",\"valueRequired\":true,\"valueName\":\"search_term_string\"}}],\"inLanguage\":\"it-IT\"},{\"@type\":\"Person\",\"@id\":\"https:\/\/www.intoscana.it\/it\/#\/schema\/person\/9223810753230f20bd670fdd322661f8\",\"name\":\"Redazione\",\"url\":\"https:\/\/www.intoscana.it\/it\/author\/redazione\/\"}]}<\/script>\n<!-- \/ Yoast SEO Premium plugin. -->","yoast_head_json":{"title":"Coronavirus, 277 nuovi casi in Toscana, diminuiscono i ricoveri - intoscana","robots":{"index":"index","follow":"follow","max-snippet":"max-snippet:-1","max-image-preview":"max-image-preview:large","max-video-preview":"max-video-preview:-1"},"canonical":"https:\/\/www.intoscana.it\/it\/coronavirus-16-aprile\/","og_locale":"it_IT","og_type":"article","og_title":"Coronavirus, 277 nuovi casi in Toscana, diminuiscono i ricoveri","og_description":"In crescita le persone guarite, 52 nelle ultime 24 ore, mentre si registrano anche 29 decessi. 4716 i tamponi analizzati.","og_url":"https:\/\/www.intoscana.it\/it\/coronavirus-16-aprile\/","og_site_name":"intoscana","article_publisher":"https:\/\/www.facebook.com\/intoscana.it","article_published_time":"2020-04-16T15:04:41+00:00","article_modified_time":"2020-08-10T08:20:28+00:00","og_image":[{"width":1000,"height":667,"url":"https:\/\/www.intoscana.it\/wp-content\/uploads\/coronavirus-reagente.jpg","type":"image\/jpeg"}],"author":"Redazione","twitter_card":"summary_large_image","twitter_creator":"@intoscana","twitter_site":"@intoscana","twitter_misc":{"Written by":"Redazione","Est. reading time":"2 minuti"},"schema":{"@context":"https:\/\/schema.org","@graph":[{"@type":"WebPage","@id":"https:\/\/www.intoscana.it\/it\/coronavirus-16-aprile\/","url":"https:\/\/www.intoscana.it\/it\/coronavirus-16-aprile\/","name":"Coronavirus, 277 nuovi casi in Toscana, diminuiscono i ricoveri - intoscana","isPartOf":{"@id":"https:\/\/www.intoscana.it\/it\/#website"},"primaryImageOfPage":{"@id":"https:\/\/www.intoscana.it\/it\/coronavirus-16-aprile\/#primaryimage"},"image":{"@id":"https:\/\/www.intoscana.it\/it\/coronavirus-16-aprile\/#primaryimage"},"thumbnailUrl":"https:\/\/www.intoscana.it\/wp-content\/uploads\/coronavirus-reagente.jpg","datePublished":"2020-04-16T15:04:41+00:00","dateModified":"2020-08-10T08:20:28+00:00","author":{"@id":"https:\/\/www.intoscana.it\/it\/#\/schema\/person\/9223810753230f20bd670fdd322661f8"},"breadcrumb":{"@id":"https:\/\/www.intoscana.it\/it\/coronavirus-16-aprile\/#breadcrumb"},"inLanguage":"it-IT","potentialAction":[{"@type":"ReadAction","target":["https:\/\/www.intoscana.it\/it\/coronavirus-16-aprile\/"]}]},{"@type":"ImageObject","inLanguage":"it-IT","@id":"https:\/\/www.intoscana.it\/it\/coronavirus-16-aprile\/#primaryimage","url":"https:\/\/www.intoscana.it\/wp-content\/uploads\/coronavirus-reagente.jpg","contentUrl":"https:\/\/www.intoscana.it\/wp-content\/uploads\/coronavirus-reagente.jpg","width":1000,"height":667},{"@type":"BreadcrumbList","@id":"https:\/\/www.intoscana.it\/it\/coronavirus-16-aprile\/#breadcrumb","itemListElement":[{"@type":"ListItem","position":1,"name":"Home","item":"https:\/\/www.intoscana.it\/it\/"},{"@type":"ListItem","position":2,"name":"Coronavirus, 277 nuovi casi in Toscana, diminuiscono i ricoveri"}]},{"@type":"WebSite","@id":"https:\/\/www.intoscana.it\/it\/#website","url":"https:\/\/www.intoscana.it\/it\/","name":"intoscana","description":"","potentialAction":[{"@type":"SearchAction","target":{"@type":"EntryPoint","urlTemplate":"https:\/\/www.intoscana.it\/it\/?s={search_term_string}"},"query-input":{"@type":"PropertyValueSpecification","valueRequired":true,"valueName":"search_term_string"}}],"inLanguage":"it-IT"},{"@type":"Person","@id":"https:\/\/www.intoscana.it\/it\/#\/schema\/person\/9223810753230f20bd670fdd322661f8","name":"Redazione","url":"https:\/\/www.intoscana.it\/it\/author\/redazione\/"}]}},"_links":{"self":[{"href":"https:\/\/www.intoscana.it\/it\/wp-json\/wp\/v2\/posts\/142800","targetHints":{"allow":["GET"]}}],"collection":[{"href":"https:\/\/www.intoscana.it\/it\/wp-json\/wp\/v2\/posts"}],"about":[{"href":"https:\/\/www.intoscana.it\/it\/wp-json\/wp\/v2\/types\/post"}],"author":[{"embeddable":true,"href":"https:\/\/www.intoscana.it\/it\/wp-json\/wp\/v2\/users\/525"}],"replies":[{"embeddable":true,"href":"https:\/\/www.intoscana.it\/it\/wp-json\/wp\/v2\/comments?post=142800"}],"version-history":[{"count":0,"href":"https:\/\/www.intoscana.it\/it\/wp-json\/wp\/v2\/posts\/142800\/revisions"}],"wp:featuredmedia":[{"embeddable":true,"href":"https:\/\/www.intoscana.it\/it\/wp-json\/wp\/v2\/media\/143651"}],"wp:attachment":[{"href":"https:\/\/www.intoscana.it\/it\/wp-json\/wp\/v2\/media?parent=142800"}],"wp:term":[{"taxonomy":"category","embeddable":true,"href":"https:\/\/www.intoscana.it\/it\/wp-json\/wp\/v2\/categories?post=142800"},{"taxonomy":"post_tag","embeddable":true,"href":"https:\/\/www.intoscana.it\/it\/wp-json\/wp\/v2\/tags?post=142800"}],"curies":[{"name":"wp","href":"https:\/\/api.w.org\/{rel}","templated":true}]}}