{"id":142810,"date":"2020-05-02T08:53:19","date_gmt":"2020-05-02T06:53:19","guid":{"rendered":"https:\/\/www.intoscana.it\/coronavirus-93-nuovi-casi-12-decessi-292-guarigioni-28-ricoveri-in-meno\/"},"modified":"2020-08-10T10:20:32","modified_gmt":"2020-08-10T08:20:32","slug":"coronavirus-93-nuovi-casi","status":"publish","type":"post","link":"https:\/\/www.intoscana.it\/it\/coronavirus-93-nuovi-casi\/","title":{"rendered":"Coronavirus, 93 nuovi casi, 12 decessi, 292 guarigioni, 28 ricoveri in meno"},"content":{"rendered":"<p>In Toscana sono&nbsp;<strong>9.445 i casi di positivit\u00e0 al Coronavirus, 93 in pi\u00f9 rispetto a ieri<\/strong>. I nuovi casi sono lo 1% in pi\u00f9 rispetto al totale del giorno precedente.<strong>&nbsp;I guariti crescono del 10%&nbsp;e raggiungono quota 3218.&nbsp;<\/strong>I test eseguiti hanno raggiunto quota 146.456, 4.607 in pi\u00f9 rispetto a ieri, quelli analizzati oggi sono 4.800. <strong>Gli attualmente positivi sono oggi 5.373, il 3,8% in meno di ieri.<\/strong> Ancora&nbsp;28 ricoveri in meno rispetto a ieri. Si registrano&nbsp;12 nuovi decessi: 4 uomini e 8 donne con un\u2019et\u00e0 media di 86,2 anni.<\/p>\n<p>Di seguito i casi di positivit\u00e0 sul territorio con la variazione rispetto a ieri, ricordando che questi si riferiscono non alla provincia di residenza ma a quella in cui \u00e8 stata fatta la diagnosi. Sono<strong> 3.156 i casi complessivi ad oggi a Firenze<\/strong> (36 in pi\u00f9 rispetto a ieri), 527 a Prato (7 in pi\u00f9), 633 a Pistoia (3 in pi\u00f9), 1.005 a Massa Carrara (11 in pi\u00f9), 1.289 a Lucca (13 in pi\u00f9), 851 a Pisa (4 in pi\u00f9), 515 a Livorno (2 in pi\u00f9), 639 ad Arezzo (15 in pi\u00f9), 423 a Siena (1 in pi\u00f9), 407 a Grosseto (1 in pi\u00f9).&nbsp;<br \/>Sono quindi 46 in pi\u00f9 i casi riscontrati oggi nell\u2019Asl Centro, 30 nella Nord Ovest, 17 nella Sud est.<\/p>\n<p><strong>La&nbsp;Regione Toscana si conferma all\u201910\u00b0 posto in Italia come numerosit\u00e0 di casi&nbsp;con circa 253 casi per 100.000 abitanti<\/strong> (media italiana 340,4 X100.000, dato di ieri). Le province di notifica con il tasso pi\u00f9 alto sono Massa con 516 casi X100.000 abitanti, Lucca con 332, Firenze con 312, la pi\u00f9 bassa Livorno con 154.<br \/>Complessivamente, 4.729 persone sono in isolamento a casa, poich\u00e9 presentano sintomi lievi che non richiedono cure ospedaliere, o risultano prive di sintomi (183 in meno rispetto a ieri, meno 3,7%).&nbsp;<br \/>Sono 15.444 (pi\u00f9 85 rispetto a ieri) le persone, anch\u2019esse isolate, in sorveglianza attiva perch\u00e9 hanno avuto contatti con persone contagiate (ASL centro 8.750, Nord Ovest 5.762, Sud Est 932).&nbsp;<\/p>\n<p><strong>Si riducono ancora le persone ricoverate nei posti letto dedicati ai pazienti COVID che oggi sono complessivamente 644; 28 in meno di ieri,<\/strong> di cui 124 in terapia intensiva (meno 2 rispetto a ieri). E\u2019 il punto pi\u00f9 basso raggiunto dal 18 di marzo 2020 per i ricoveri totali, il 16 di marzo per le terapie intensive.&nbsp;<br \/>Le persone complessivamente guarite salgono a 3.218 (pi\u00f9 292 rispetto a ieri, il 10,0% in pi\u00f9): 1.274 persone \u201cclinicamente guarite\u201d (meno 50 persone, meno 3,8%), divenute cio\u00e8 asintomatiche dopo aver presentato manifestazioni cliniche associate all\u2019infezione e 1.944 (+342 persone, pi\u00f9 21,3%) dichiarate guarite a tutti gli effetti, le cosiddette guarigioni virali, con doppio tampone negativo.<\/p>\n<p>S<strong>i registrano 12 nuovi decessi: 4 uomini e 8 donne con un\u2019et\u00e0 media di 86,2 anni.<\/strong><br \/>Relativamente alla provincia di notifica del decesso, 5 le persone decedute nella provincia di Firenze, 1 a Massa Carrara, 2 a Lucca, 2 a Pisa, 1 ad Arezzo, 1 era residente all\u2019estero.<br \/>Sono 854 i deceduti dall\u2019inizio dell\u2019epidemia&nbsp;cosi ripartiti: 292 a Firenze 42 a Prato, 74 a Pistoia, 118 a Massa Carrara, 121 a Lucca, 74 a Pisa, 44 a Livorno, 39 ad Arezzo, 26 a Siena, 16 a Grosseto, 8 persone sono decedute sul suolo toscano ma erano residenti fuori regione.<br \/><strong>Il tasso grezzo di mortalit\u00e0 toscano (numero di deceduti \/ popolazione residente) per COVID 19 \u00e8 di 22,9x 100.000 residenti meno della met\u00e0 della media italiana<\/strong> 46,3X100.000 (12esima regione)<br \/>Per quanto riguarda le province,<strong> il tasso di mortalit\u00e0 pi\u00f9 alto si riscontra a Massa<\/strong> (60,6x 100.000), Lucca (31,2x 100.000) e Firenze (28,9x 100.000), il pi\u00f9 basso a Grosseto (7,2x 100.000).<\/p>\n","protected":false},"excerpt":{"rendered":"<p>I dati aggiornati alle ore 12 di venerd\u00ec primo maggio, gli attualmente positivi sono oggi 5.373, il 3,8% in meno di ieri<\/p>\n","protected":false},"author":525,"featured_media":143661,"comment_status":"open","ping_status":"open","sticky":false,"template":"","format":"standard","meta":{"_acf_changed":false,"footnotes":""},"categories":[18],"tags":[],"class_list":["post-142810","post","type-post","status-publish","format-standard","has-post-thumbnail","hentry","category-salute"],"acf":[],"yoast_head":"<!-- This site is optimized with the Yoast SEO Premium plugin v24.2 (Yoast SEO v25.6) - https:\/\/yoast.com\/wordpress\/plugins\/seo\/ -->\n<title>Coronavirus, 93 nuovi casi, 12 decessi, 292 guarigioni, 28 ricoveri in meno - intoscana<\/title>\n<meta name=\"description\" content=\"Coronavirus, 93 nuovi casi, 12 decessi, 292 guarigioni, 28 ricoveri meno. Dati aggiornati al 1\u00b0 maggio, gli attualmente positivi sono 5.373, 3,8% meno di ieri\" \/>\n<meta name=\"robots\" content=\"index, follow, max-snippet:-1, max-image-preview:large, max-video-preview:-1\" \/>\n<link rel=\"canonical\" href=\"https:\/\/www.intoscana.it\/it\/coronavirus-93-nuovi-casi\/\" \/>\n<meta property=\"og:locale\" content=\"it_IT\" \/>\n<meta property=\"og:type\" content=\"article\" \/>\n<meta property=\"og:title\" content=\"Coronavirus, 93 nuovi casi, 12 decessi, 292 guarigioni, 28 ricoveri in meno\" \/>\n<meta property=\"og:description\" content=\"Coronavirus, 93 nuovi casi, 12 decessi, 292 guarigioni, 28 ricoveri meno. Dati aggiornati al 1\u00b0 maggio, gli attualmente positivi sono 5.373, 3,8% meno di ieri\" \/>\n<meta property=\"og:url\" content=\"https:\/\/www.intoscana.it\/it\/coronavirus-93-nuovi-casi\/\" \/>\n<meta property=\"og:site_name\" content=\"intoscana\" \/>\n<meta property=\"article:publisher\" content=\"https:\/\/www.facebook.com\/intoscana.it\" \/>\n<meta property=\"article:published_time\" content=\"2020-05-02T06:53:19+00:00\" \/>\n<meta property=\"article:modified_time\" content=\"2020-08-10T08:20:32+00:00\" \/>\n<meta property=\"og:image\" content=\"https:\/\/www.intoscana.it\/wp-content\/uploads\/shutterstock_1641184882-1.jpg\" \/>\n\t<meta property=\"og:image:width\" content=\"2000\" \/>\n\t<meta property=\"og:image:height\" content=\"1333\" \/>\n\t<meta property=\"og:image:type\" content=\"image\/jpeg\" \/>\n<meta name=\"author\" content=\"Redazione\" \/>\n<meta name=\"twitter:card\" content=\"summary_large_image\" \/>\n<meta name=\"twitter:creator\" content=\"@intoscana\" \/>\n<meta name=\"twitter:site\" content=\"@intoscana\" \/>\n<meta name=\"twitter:label1\" content=\"Written by\" \/>\n\t<meta name=\"twitter:data1\" content=\"Redazione\" \/>\n\t<meta name=\"twitter:label2\" content=\"Est. reading time\" \/>\n\t<meta name=\"twitter:data2\" content=\"3 minuti\" \/>\n<script type=\"application\/ld+json\" class=\"yoast-schema-graph\">{\"@context\":\"https:\/\/schema.org\",\"@graph\":[{\"@type\":\"WebPage\",\"@id\":\"https:\/\/www.intoscana.it\/it\/coronavirus-93-nuovi-casi\/\",\"url\":\"https:\/\/www.intoscana.it\/it\/coronavirus-93-nuovi-casi\/\",\"name\":\"Coronavirus, 93 nuovi casi, 12 decessi, 292 guarigioni, 28 ricoveri in meno - intoscana\",\"isPartOf\":{\"@id\":\"https:\/\/www.intoscana.it\/it\/#website\"},\"primaryImageOfPage\":{\"@id\":\"https:\/\/www.intoscana.it\/it\/coronavirus-93-nuovi-casi\/#primaryimage\"},\"image\":{\"@id\":\"https:\/\/www.intoscana.it\/it\/coronavirus-93-nuovi-casi\/#primaryimage\"},\"thumbnailUrl\":\"https:\/\/www.intoscana.it\/wp-content\/uploads\/shutterstock_1641184882-1.jpg\",\"datePublished\":\"2020-05-02T06:53:19+00:00\",\"dateModified\":\"2020-08-10T08:20:32+00:00\",\"author\":{\"@id\":\"https:\/\/www.intoscana.it\/it\/#\/schema\/person\/9223810753230f20bd670fdd322661f8\"},\"description\":\"Coronavirus, 93 nuovi casi, 12 decessi, 292 guarigioni, 28 ricoveri meno. Dati aggiornati al 1\u00b0 maggio, gli attualmente positivi sono 5.373, 3,8% meno di ieri\",\"breadcrumb\":{\"@id\":\"https:\/\/www.intoscana.it\/it\/coronavirus-93-nuovi-casi\/#breadcrumb\"},\"inLanguage\":\"it-IT\",\"potentialAction\":[{\"@type\":\"ReadAction\",\"target\":[\"https:\/\/www.intoscana.it\/it\/coronavirus-93-nuovi-casi\/\"]}]},{\"@type\":\"ImageObject\",\"inLanguage\":\"it-IT\",\"@id\":\"https:\/\/www.intoscana.it\/it\/coronavirus-93-nuovi-casi\/#primaryimage\",\"url\":\"https:\/\/www.intoscana.it\/wp-content\/uploads\/shutterstock_1641184882-1.jpg\",\"contentUrl\":\"https:\/\/www.intoscana.it\/wp-content\/uploads\/shutterstock_1641184882-1.jpg\",\"width\":2000,\"height\":1333,\"caption\":\"Coronavirus, 93 nuovi casi, 12 decessi, 292 guarigioni, 28 ricoveri in meno\"},{\"@type\":\"BreadcrumbList\",\"@id\":\"https:\/\/www.intoscana.it\/it\/coronavirus-93-nuovi-casi\/#breadcrumb\",\"itemListElement\":[{\"@type\":\"ListItem\",\"position\":1,\"name\":\"Home\",\"item\":\"https:\/\/www.intoscana.it\/it\/\"},{\"@type\":\"ListItem\",\"position\":2,\"name\":\"Coronavirus, 93 nuovi casi, 12 decessi, 292 guarigioni, 28 ricoveri in meno\"}]},{\"@type\":\"WebSite\",\"@id\":\"https:\/\/www.intoscana.it\/it\/#website\",\"url\":\"https:\/\/www.intoscana.it\/it\/\",\"name\":\"intoscana\",\"description\":\"\",\"potentialAction\":[{\"@type\":\"SearchAction\",\"target\":{\"@type\":\"EntryPoint\",\"urlTemplate\":\"https:\/\/www.intoscana.it\/it\/?s={search_term_string}\"},\"query-input\":{\"@type\":\"PropertyValueSpecification\",\"valueRequired\":true,\"valueName\":\"search_term_string\"}}],\"inLanguage\":\"it-IT\"},{\"@type\":\"Person\",\"@id\":\"https:\/\/www.intoscana.it\/it\/#\/schema\/person\/9223810753230f20bd670fdd322661f8\",\"name\":\"Redazione\",\"url\":\"https:\/\/www.intoscana.it\/it\/author\/redazione\/\"}]}<\/script>\n<!-- \/ Yoast SEO Premium plugin. -->","yoast_head_json":{"title":"Coronavirus, 93 nuovi casi, 12 decessi, 292 guarigioni, 28 ricoveri in meno - intoscana","description":"Coronavirus, 93 nuovi casi, 12 decessi, 292 guarigioni, 28 ricoveri meno. Dati aggiornati al 1\u00b0 maggio, gli attualmente positivi sono 5.373, 3,8% meno di ieri","robots":{"index":"index","follow":"follow","max-snippet":"max-snippet:-1","max-image-preview":"max-image-preview:large","max-video-preview":"max-video-preview:-1"},"canonical":"https:\/\/www.intoscana.it\/it\/coronavirus-93-nuovi-casi\/","og_locale":"it_IT","og_type":"article","og_title":"Coronavirus, 93 nuovi casi, 12 decessi, 292 guarigioni, 28 ricoveri in meno","og_description":"Coronavirus, 93 nuovi casi, 12 decessi, 292 guarigioni, 28 ricoveri meno. Dati aggiornati al 1\u00b0 maggio, gli attualmente positivi sono 5.373, 3,8% meno di ieri","og_url":"https:\/\/www.intoscana.it\/it\/coronavirus-93-nuovi-casi\/","og_site_name":"intoscana","article_publisher":"https:\/\/www.facebook.com\/intoscana.it","article_published_time":"2020-05-02T06:53:19+00:00","article_modified_time":"2020-08-10T08:20:32+00:00","og_image":[{"width":2000,"height":1333,"url":"https:\/\/www.intoscana.it\/wp-content\/uploads\/shutterstock_1641184882-1.jpg","type":"image\/jpeg"}],"author":"Redazione","twitter_card":"summary_large_image","twitter_creator":"@intoscana","twitter_site":"@intoscana","twitter_misc":{"Written by":"Redazione","Est. reading time":"3 minuti"},"schema":{"@context":"https:\/\/schema.org","@graph":[{"@type":"WebPage","@id":"https:\/\/www.intoscana.it\/it\/coronavirus-93-nuovi-casi\/","url":"https:\/\/www.intoscana.it\/it\/coronavirus-93-nuovi-casi\/","name":"Coronavirus, 93 nuovi casi, 12 decessi, 292 guarigioni, 28 ricoveri in meno - intoscana","isPartOf":{"@id":"https:\/\/www.intoscana.it\/it\/#website"},"primaryImageOfPage":{"@id":"https:\/\/www.intoscana.it\/it\/coronavirus-93-nuovi-casi\/#primaryimage"},"image":{"@id":"https:\/\/www.intoscana.it\/it\/coronavirus-93-nuovi-casi\/#primaryimage"},"thumbnailUrl":"https:\/\/www.intoscana.it\/wp-content\/uploads\/shutterstock_1641184882-1.jpg","datePublished":"2020-05-02T06:53:19+00:00","dateModified":"2020-08-10T08:20:32+00:00","author":{"@id":"https:\/\/www.intoscana.it\/it\/#\/schema\/person\/9223810753230f20bd670fdd322661f8"},"description":"Coronavirus, 93 nuovi casi, 12 decessi, 292 guarigioni, 28 ricoveri meno. Dati aggiornati al 1\u00b0 maggio, gli attualmente positivi sono 5.373, 3,8% meno di ieri","breadcrumb":{"@id":"https:\/\/www.intoscana.it\/it\/coronavirus-93-nuovi-casi\/#breadcrumb"},"inLanguage":"it-IT","potentialAction":[{"@type":"ReadAction","target":["https:\/\/www.intoscana.it\/it\/coronavirus-93-nuovi-casi\/"]}]},{"@type":"ImageObject","inLanguage":"it-IT","@id":"https:\/\/www.intoscana.it\/it\/coronavirus-93-nuovi-casi\/#primaryimage","url":"https:\/\/www.intoscana.it\/wp-content\/uploads\/shutterstock_1641184882-1.jpg","contentUrl":"https:\/\/www.intoscana.it\/wp-content\/uploads\/shutterstock_1641184882-1.jpg","width":2000,"height":1333,"caption":"Coronavirus, 93 nuovi casi, 12 decessi, 292 guarigioni, 28 ricoveri in meno"},{"@type":"BreadcrumbList","@id":"https:\/\/www.intoscana.it\/it\/coronavirus-93-nuovi-casi\/#breadcrumb","itemListElement":[{"@type":"ListItem","position":1,"name":"Home","item":"https:\/\/www.intoscana.it\/it\/"},{"@type":"ListItem","position":2,"name":"Coronavirus, 93 nuovi casi, 12 decessi, 292 guarigioni, 28 ricoveri in meno"}]},{"@type":"WebSite","@id":"https:\/\/www.intoscana.it\/it\/#website","url":"https:\/\/www.intoscana.it\/it\/","name":"intoscana","description":"","potentialAction":[{"@type":"SearchAction","target":{"@type":"EntryPoint","urlTemplate":"https:\/\/www.intoscana.it\/it\/?s={search_term_string}"},"query-input":{"@type":"PropertyValueSpecification","valueRequired":true,"valueName":"search_term_string"}}],"inLanguage":"it-IT"},{"@type":"Person","@id":"https:\/\/www.intoscana.it\/it\/#\/schema\/person\/9223810753230f20bd670fdd322661f8","name":"Redazione","url":"https:\/\/www.intoscana.it\/it\/author\/redazione\/"}]}},"_links":{"self":[{"href":"https:\/\/www.intoscana.it\/it\/wp-json\/wp\/v2\/posts\/142810","targetHints":{"allow":["GET"]}}],"collection":[{"href":"https:\/\/www.intoscana.it\/it\/wp-json\/wp\/v2\/posts"}],"about":[{"href":"https:\/\/www.intoscana.it\/it\/wp-json\/wp\/v2\/types\/post"}],"author":[{"embeddable":true,"href":"https:\/\/www.intoscana.it\/it\/wp-json\/wp\/v2\/users\/525"}],"replies":[{"embeddable":true,"href":"https:\/\/www.intoscana.it\/it\/wp-json\/wp\/v2\/comments?post=142810"}],"version-history":[{"count":0,"href":"https:\/\/www.intoscana.it\/it\/wp-json\/wp\/v2\/posts\/142810\/revisions"}],"wp:featuredmedia":[{"embeddable":true,"href":"https:\/\/www.intoscana.it\/it\/wp-json\/wp\/v2\/media\/143661"}],"wp:attachment":[{"href":"https:\/\/www.intoscana.it\/it\/wp-json\/wp\/v2\/media?parent=142810"}],"wp:term":[{"taxonomy":"category","embeddable":true,"href":"https:\/\/www.intoscana.it\/it\/wp-json\/wp\/v2\/categories?post=142810"},{"taxonomy":"post_tag","embeddable":true,"href":"https:\/\/www.intoscana.it\/it\/wp-json\/wp\/v2\/tags?post=142810"}],"curies":[{"name":"wp","href":"https:\/\/api.w.org\/{rel}","templated":true}]}}