{"id":142813,"date":"2020-04-29T15:35:03","date_gmt":"2020-04-29T13:35:03","guid":{"rendered":"https:\/\/www.intoscana.it\/al-via-i-test-sulla-popolazione-del-giglio-lisola-resistente-al-covid-19\/"},"modified":"2020-08-10T10:20:33","modified_gmt":"2020-08-10T08:20:33","slug":"test-coronavirus-giglio","status":"publish","type":"post","link":"https:\/\/www.intoscana.it\/it\/test-coronavirus-giglio\/","title":{"rendered":"Al via i test sulla popolazione del Giglio, l&#8217;isola resistente al Covid-19"},"content":{"rendered":"<p>Sono partite questa mattina all&#8217;<strong>Isola del Giglio le operazioni per effettuare i test sierologici sulla popolazione per uno studio di massa che si propone di testare la resistenza al Coronavirus.&nbsp;<br \/><\/strong>Qui infatti <strong>nessun residente \u00e8 risultato positivo al Covid-19 sin dall&#8217;inizio dell&#8217;epidemia ad oggi.<\/strong> Ci sono stati 4 contagiati sull&#8217;isola ma erano persone arrivate da fuori nella seconda casa e da loro il virus non si \u00e8 diffuso, sebbene abbiano avuto anche contatti con gli abitanti dell&#8217;isola.&nbsp;&nbsp;<\/p>\n<p>Lo studio indagher\u00e0 quindi l&#8217;immunit\u00e0 diffusa degli isolani. Ieri \u00e8 arrivata l&#8217;attesa&nbsp;approvazione dall&#8217;Istituto Spallanzani e hanno preso il via le attivit\u00e0 di screening: i test saranno effettuati su base volontaria e riguarderanno tutti i cittadini asintomatici, residenti e non, presenti sull&#8217;isola, con esclusione dei pendolari giornalieri per motivi di lavoro. Lo studio, spiega il sindaco Sergio Ortelli, \u00e8 <strong>&#8220;una proposta di tre atenei, Statale e Humanitas di Milano e Universit\u00e0 di Trento, e di due centri di ricerca,<\/strong> Istituto nazionale tumori e Istituto dermatologico San Gallicano di Roma, coordinata dalla professoressa Paola Muti&#8221; che &#8220;abbiamo ritenuto giusto agevolare&#8221;: \u00e8 condiviso anche dalla Asl Toscana Sud-Est e dalla Misericordia.&nbsp;<\/p>\n<p><strong>Lo studio si propone di testare se una popolazione &#8216;opportunisticamente isolata&#8217;, \u00e8 apparentemente resistente alla diffusione del Covid 19<\/strong> durante la presente fase di pandemia, ma anche la presenza sierica di Igg e Igm specifiche verso il repertorio antigenico del virus che possa spiegare la relativa resistenza collettiva all&#8217;infezione virale. L&#8217;obiettivo principale sarebbe quello di caratterizzare sia il profilo immunitario sia dei potenziali soggetti positivi al test e sia quello dei soggetti negativi. <br \/>Tutti i cittadini del Giglio, se esprimeranno il consenso informato, avranno dunque la possibilit\u00e0 di essere sottoposti al test sierologico. <strong>I test verranno effettuati nei tre centri abitati dell&#8217;isola.&nbsp;<\/strong><\/p>\n<p><strong>Lo studio \u00e8 condotto da Paola Cornelia Maria Muti, docente dell&#8217;Universit\u00e0 di Milano<\/strong>, come spiega la Regione Toscana a cui \u00e8 stata fatta la richiesta della dotazione dei kit sierologici ai fini dello studio. La direzione sanitaria regionale, Presidenza della Regione Toscana, assessorato alla salute e Asl sud est l&#8217;hanno accolta inviando 1500 kit sull&#8217;isola, considerando il progetto di estremo interesse anche alla luce delle indagini epidemiologiche in corso in Toscana.<\/p>\n","protected":false},"excerpt":{"rendered":"<p>Partito lo screening con i sierologici sulla popolazione della piccola isola: qui nessun residente \u00e8 risultato finora positivo al Coronavirus<\/p>\n","protected":false},"author":525,"featured_media":143664,"comment_status":"open","ping_status":"open","sticky":false,"template":"","format":"standard","meta":{"_acf_changed":false,"footnotes":""},"categories":[18],"tags":[],"class_list":["post-142813","post","type-post","status-publish","format-standard","has-post-thumbnail","hentry","category-salute"],"acf":[],"yoast_head":"<!-- This site is optimized with the Yoast SEO Premium plugin v24.2 (Yoast SEO v25.6) - https:\/\/yoast.com\/wordpress\/plugins\/seo\/ -->\n<title>Al via i test sulla popolazione del Giglio, l&#039;isola resistente al Covid-19 - intoscana<\/title>\n<meta name=\"robots\" content=\"index, follow, max-snippet:-1, max-image-preview:large, max-video-preview:-1\" \/>\n<link rel=\"canonical\" href=\"https:\/\/www.intoscana.it\/it\/test-coronavirus-giglio\/\" \/>\n<meta property=\"og:locale\" content=\"it_IT\" \/>\n<meta property=\"og:type\" content=\"article\" \/>\n<meta property=\"og:title\" content=\"Al via i test sulla popolazione del Giglio, l&#039;isola resistente al Covid-19\" \/>\n<meta property=\"og:description\" content=\"Partito lo screening con i sierologici sulla popolazione della piccola isola: qui nessun residente \u00e8 risultato finora positivo al Coronavirus\" \/>\n<meta property=\"og:url\" content=\"https:\/\/www.intoscana.it\/it\/test-coronavirus-giglio\/\" \/>\n<meta property=\"og:site_name\" content=\"intoscana\" \/>\n<meta property=\"article:publisher\" content=\"https:\/\/www.facebook.com\/intoscana.it\" \/>\n<meta property=\"article:published_time\" content=\"2020-04-29T13:35:03+00:00\" \/>\n<meta property=\"article:modified_time\" content=\"2020-08-10T08:20:33+00:00\" \/>\n<meta property=\"og:image\" content=\"https:\/\/www.intoscana.it\/wp-content\/uploads\/Isola-del-Giglio-3432-e1436189756713_wp7_17311-1.jpg\" \/>\n\t<meta property=\"og:image:width\" content=\"1200\" \/>\n\t<meta property=\"og:image:height\" content=\"900\" \/>\n\t<meta property=\"og:image:type\" content=\"image\/jpeg\" \/>\n<meta name=\"author\" content=\"Redazione\" \/>\n<meta name=\"twitter:card\" content=\"summary_large_image\" \/>\n<meta name=\"twitter:creator\" content=\"@intoscana\" \/>\n<meta name=\"twitter:site\" content=\"@intoscana\" \/>\n<meta name=\"twitter:label1\" content=\"Written by\" \/>\n\t<meta name=\"twitter:data1\" content=\"Redazione\" \/>\n\t<meta name=\"twitter:label2\" content=\"Est. reading time\" \/>\n\t<meta name=\"twitter:data2\" content=\"2 minuti\" \/>\n<script type=\"application\/ld+json\" class=\"yoast-schema-graph\">{\"@context\":\"https:\/\/schema.org\",\"@graph\":[{\"@type\":\"WebPage\",\"@id\":\"https:\/\/www.intoscana.it\/it\/test-coronavirus-giglio\/\",\"url\":\"https:\/\/www.intoscana.it\/it\/test-coronavirus-giglio\/\",\"name\":\"Al via i test sulla popolazione del Giglio, l'isola resistente al Covid-19 - intoscana\",\"isPartOf\":{\"@id\":\"https:\/\/www.intoscana.it\/it\/#website\"},\"primaryImageOfPage\":{\"@id\":\"https:\/\/www.intoscana.it\/it\/test-coronavirus-giglio\/#primaryimage\"},\"image\":{\"@id\":\"https:\/\/www.intoscana.it\/it\/test-coronavirus-giglio\/#primaryimage\"},\"thumbnailUrl\":\"https:\/\/www.intoscana.it\/wp-content\/uploads\/Isola-del-Giglio-3432-e1436189756713_wp7_17311-1.jpg\",\"datePublished\":\"2020-04-29T13:35:03+00:00\",\"dateModified\":\"2020-08-10T08:20:33+00:00\",\"author\":{\"@id\":\"https:\/\/www.intoscana.it\/it\/#\/schema\/person\/9223810753230f20bd670fdd322661f8\"},\"breadcrumb\":{\"@id\":\"https:\/\/www.intoscana.it\/it\/test-coronavirus-giglio\/#breadcrumb\"},\"inLanguage\":\"it-IT\",\"potentialAction\":[{\"@type\":\"ReadAction\",\"target\":[\"https:\/\/www.intoscana.it\/it\/test-coronavirus-giglio\/\"]}]},{\"@type\":\"ImageObject\",\"inLanguage\":\"it-IT\",\"@id\":\"https:\/\/www.intoscana.it\/it\/test-coronavirus-giglio\/#primaryimage\",\"url\":\"https:\/\/www.intoscana.it\/wp-content\/uploads\/Isola-del-Giglio-3432-e1436189756713_wp7_17311-1.jpg\",\"contentUrl\":\"https:\/\/www.intoscana.it\/wp-content\/uploads\/Isola-del-Giglio-3432-e1436189756713_wp7_17311-1.jpg\",\"width\":1200,\"height\":900,\"caption\":\"Isola del Giglio\"},{\"@type\":\"BreadcrumbList\",\"@id\":\"https:\/\/www.intoscana.it\/it\/test-coronavirus-giglio\/#breadcrumb\",\"itemListElement\":[{\"@type\":\"ListItem\",\"position\":1,\"name\":\"Home\",\"item\":\"https:\/\/www.intoscana.it\/it\/\"},{\"@type\":\"ListItem\",\"position\":2,\"name\":\"Al via i test sulla popolazione del Giglio, l&#8217;isola resistente al Covid-19\"}]},{\"@type\":\"WebSite\",\"@id\":\"https:\/\/www.intoscana.it\/it\/#website\",\"url\":\"https:\/\/www.intoscana.it\/it\/\",\"name\":\"intoscana\",\"description\":\"\",\"potentialAction\":[{\"@type\":\"SearchAction\",\"target\":{\"@type\":\"EntryPoint\",\"urlTemplate\":\"https:\/\/www.intoscana.it\/it\/?s={search_term_string}\"},\"query-input\":{\"@type\":\"PropertyValueSpecification\",\"valueRequired\":true,\"valueName\":\"search_term_string\"}}],\"inLanguage\":\"it-IT\"},{\"@type\":\"Person\",\"@id\":\"https:\/\/www.intoscana.it\/it\/#\/schema\/person\/9223810753230f20bd670fdd322661f8\",\"name\":\"Redazione\",\"url\":\"https:\/\/www.intoscana.it\/it\/author\/redazione\/\"}]}<\/script>\n<!-- \/ Yoast SEO Premium plugin. -->","yoast_head_json":{"title":"Al via i test sulla popolazione del Giglio, l'isola resistente al Covid-19 - intoscana","robots":{"index":"index","follow":"follow","max-snippet":"max-snippet:-1","max-image-preview":"max-image-preview:large","max-video-preview":"max-video-preview:-1"},"canonical":"https:\/\/www.intoscana.it\/it\/test-coronavirus-giglio\/","og_locale":"it_IT","og_type":"article","og_title":"Al via i test sulla popolazione del Giglio, l'isola resistente al Covid-19","og_description":"Partito lo screening con i sierologici sulla popolazione della piccola isola: qui nessun residente \u00e8 risultato finora positivo al Coronavirus","og_url":"https:\/\/www.intoscana.it\/it\/test-coronavirus-giglio\/","og_site_name":"intoscana","article_publisher":"https:\/\/www.facebook.com\/intoscana.it","article_published_time":"2020-04-29T13:35:03+00:00","article_modified_time":"2020-08-10T08:20:33+00:00","og_image":[{"width":1200,"height":900,"url":"https:\/\/www.intoscana.it\/wp-content\/uploads\/Isola-del-Giglio-3432-e1436189756713_wp7_17311-1.jpg","type":"image\/jpeg"}],"author":"Redazione","twitter_card":"summary_large_image","twitter_creator":"@intoscana","twitter_site":"@intoscana","twitter_misc":{"Written by":"Redazione","Est. reading time":"2 minuti"},"schema":{"@context":"https:\/\/schema.org","@graph":[{"@type":"WebPage","@id":"https:\/\/www.intoscana.it\/it\/test-coronavirus-giglio\/","url":"https:\/\/www.intoscana.it\/it\/test-coronavirus-giglio\/","name":"Al via i test sulla popolazione del Giglio, l'isola resistente al Covid-19 - intoscana","isPartOf":{"@id":"https:\/\/www.intoscana.it\/it\/#website"},"primaryImageOfPage":{"@id":"https:\/\/www.intoscana.it\/it\/test-coronavirus-giglio\/#primaryimage"},"image":{"@id":"https:\/\/www.intoscana.it\/it\/test-coronavirus-giglio\/#primaryimage"},"thumbnailUrl":"https:\/\/www.intoscana.it\/wp-content\/uploads\/Isola-del-Giglio-3432-e1436189756713_wp7_17311-1.jpg","datePublished":"2020-04-29T13:35:03+00:00","dateModified":"2020-08-10T08:20:33+00:00","author":{"@id":"https:\/\/www.intoscana.it\/it\/#\/schema\/person\/9223810753230f20bd670fdd322661f8"},"breadcrumb":{"@id":"https:\/\/www.intoscana.it\/it\/test-coronavirus-giglio\/#breadcrumb"},"inLanguage":"it-IT","potentialAction":[{"@type":"ReadAction","target":["https:\/\/www.intoscana.it\/it\/test-coronavirus-giglio\/"]}]},{"@type":"ImageObject","inLanguage":"it-IT","@id":"https:\/\/www.intoscana.it\/it\/test-coronavirus-giglio\/#primaryimage","url":"https:\/\/www.intoscana.it\/wp-content\/uploads\/Isola-del-Giglio-3432-e1436189756713_wp7_17311-1.jpg","contentUrl":"https:\/\/www.intoscana.it\/wp-content\/uploads\/Isola-del-Giglio-3432-e1436189756713_wp7_17311-1.jpg","width":1200,"height":900,"caption":"Isola del Giglio"},{"@type":"BreadcrumbList","@id":"https:\/\/www.intoscana.it\/it\/test-coronavirus-giglio\/#breadcrumb","itemListElement":[{"@type":"ListItem","position":1,"name":"Home","item":"https:\/\/www.intoscana.it\/it\/"},{"@type":"ListItem","position":2,"name":"Al via i test sulla popolazione del Giglio, l&#8217;isola resistente al Covid-19"}]},{"@type":"WebSite","@id":"https:\/\/www.intoscana.it\/it\/#website","url":"https:\/\/www.intoscana.it\/it\/","name":"intoscana","description":"","potentialAction":[{"@type":"SearchAction","target":{"@type":"EntryPoint","urlTemplate":"https:\/\/www.intoscana.it\/it\/?s={search_term_string}"},"query-input":{"@type":"PropertyValueSpecification","valueRequired":true,"valueName":"search_term_string"}}],"inLanguage":"it-IT"},{"@type":"Person","@id":"https:\/\/www.intoscana.it\/it\/#\/schema\/person\/9223810753230f20bd670fdd322661f8","name":"Redazione","url":"https:\/\/www.intoscana.it\/it\/author\/redazione\/"}]}},"_links":{"self":[{"href":"https:\/\/www.intoscana.it\/it\/wp-json\/wp\/v2\/posts\/142813","targetHints":{"allow":["GET"]}}],"collection":[{"href":"https:\/\/www.intoscana.it\/it\/wp-json\/wp\/v2\/posts"}],"about":[{"href":"https:\/\/www.intoscana.it\/it\/wp-json\/wp\/v2\/types\/post"}],"author":[{"embeddable":true,"href":"https:\/\/www.intoscana.it\/it\/wp-json\/wp\/v2\/users\/525"}],"replies":[{"embeddable":true,"href":"https:\/\/www.intoscana.it\/it\/wp-json\/wp\/v2\/comments?post=142813"}],"version-history":[{"count":0,"href":"https:\/\/www.intoscana.it\/it\/wp-json\/wp\/v2\/posts\/142813\/revisions"}],"wp:featuredmedia":[{"embeddable":true,"href":"https:\/\/www.intoscana.it\/it\/wp-json\/wp\/v2\/media\/143664"}],"wp:attachment":[{"href":"https:\/\/www.intoscana.it\/it\/wp-json\/wp\/v2\/media?parent=142813"}],"wp:term":[{"taxonomy":"category","embeddable":true,"href":"https:\/\/www.intoscana.it\/it\/wp-json\/wp\/v2\/categories?post=142813"},{"taxonomy":"post_tag","embeddable":true,"href":"https:\/\/www.intoscana.it\/it\/wp-json\/wp\/v2\/tags?post=142813"}],"curies":[{"name":"wp","href":"https:\/\/api.w.org\/{rel}","templated":true}]}}