{"id":142819,"date":"2020-05-16T20:41:04","date_gmt":"2020-05-16T18:41:04","guid":{"rendered":"https:\/\/www.intoscana.it\/il-virus-e-ancora-forte-sta-solo-circolando-meno-il-monito-dellars\/"},"modified":"2020-08-10T10:20:38","modified_gmt":"2020-08-10T08:20:38","slug":"ars-virus-ancora-forte","status":"publish","type":"post","link":"https:\/\/www.intoscana.it\/it\/ars-virus-ancora-forte\/","title":{"rendered":"Il virus \u00e8 ancora forte, sta solo circolando meno. Il monito dell&#8217;Ars"},"content":{"rendered":"<p>La fase 2 \u00e8 alla sua seconda settimana e in Toscana la numerosit\u00e0 dei casi negli ultimi giorni si \u00e8 attestata stabilmente su una <strong>media di 25 persone<\/strong>. Ars, l&#8217;<strong>Agenzia Regionale di Sanit\u00e0<\/strong> ha ricordato che rispetto alla media dell\u2019ultima settimana di marzo, data dalla quale si stima che le misure di distanziamento sociale abbiano avuto un loro effetto, vi \u00e8 stata una diminuzione di nuovi casi dell\u201991% (rispetto alla media italiana del -79%, Lombardia -66%, Piemonte -71%, Veneto -75%).<\/p>\n<p>Parte di questi nuovi casi (circa uno su 4) provengono dalla <strong>campagna di screening<\/strong> messa in atto dalla Regione Toscana su molte categorie professionali pubbliche (operatori sanitari in primis) e private utilizzando i test sierologici: a ieri erano circa 65.000 le persone che si sono sottoposte ad un test rapido di screening, circa 520 le persone che hann o evidenziato un\u2019esposizione nel passato all\u2019infezione Covid-19, lo 0,8% del totale dei testati, che sono stati sottoposti al tampone di verifica della loro positivit\u00e0 o che lo effettueranno nei prossimi giorni. <strong>L\u2019indice di contagiosit\u00e0 R0 in Toscana \u00e8 stabilmente sotto 1 da circa un mese.<\/strong><\/p>\n<p>Dall&#8217;Ars spiegano poi che &#8211; nonostante i dati in miglioramento &#8211; l\u2019invito per tutti \u00e8 comunque quello di cercare di ridurre al minimo i rischi di contagio, in primo luogo usando mascherina quando ci si trova in luoghi pubblici al chiuso, mantenendo una debita distanza dalle altre persone. \u201c<em>Stiamo ottenendo ottimi risultati grazie al corretto comportamento di tutti e questo sforzo non deve essere vanificato<\/em> &#8211; afferma <strong>Fabio Voller<\/strong>, coordinatore dell\u2019Osservatorio di Epidemiologiadell\u2019 Ars -. <em>Considerati il periodo di incubazione della malattia e il tempo tra l\u2019insorgenza dei primi sintomi e la diagnosi tramite test col tampone, ritengo che siamo molto vicini a poter verificare gli eventuali effetti della maggiore circolazione delle persone. Nella speranza che, anche grazie ai comportamenti corretti, gli effetti possano essere contenuti\u201d.<\/em><\/p>\n<p>Da pi\u00f9 parti si legge come la diminuzione dei casi possa essere legata a una supposta minore carica virale del virus: non c\u2019\u00e8 alcuna evidenza scientifica &#8211; precisano dall&#8217;Agenzia &#8211; che suffraghi questa affermazione. L\u2019analisi dei nuovi casi delle ultime due settimane, in riferimento alla loro composizione socio-anagrafica, alle condizioni del loro dello stato clinico e del luogo di contagio al momento dell\u2019effettuazione del tampone, sta nettamente cambiando tanto da farci affermare che, se il virus non \u00e8 meno \u201cforte\u201d, sicuramente sta circolando meno nella popolazione.<\/p>\n<p>&nbsp;<\/p>\n<p>&nbsp;<\/p>\n<p>&nbsp;<\/p>\n<p>&nbsp;<\/p>\n<p>&nbsp;<\/p>\n<p>&nbsp;<\/p>\n<p>&nbsp;<\/p>\n<p>L<\/p>\n","protected":false},"excerpt":{"rendered":"<p>Agenzia Regionale di Sanit\u00e0, Fabio Voller: &#8216;Stiamo ottenendo ottimi risultati grazie al corretto comportamento di tutti e questo sforzo non deve essere vanificato&#8217;<\/p>\n","protected":false},"author":525,"featured_media":143670,"comment_status":"open","ping_status":"open","sticky":false,"template":"","format":"standard","meta":{"_acf_changed":false,"footnotes":""},"categories":[18],"tags":[418],"class_list":["post-142819","post","type-post","status-publish","format-standard","has-post-thumbnail","hentry","category-salute","tag-covid-19"],"acf":[],"yoast_head":"<!-- This site is optimized with the Yoast SEO Premium plugin v24.2 (Yoast SEO v25.6) - https:\/\/yoast.com\/wordpress\/plugins\/seo\/ -->\n<title>Il virus \u00e8 ancora forte, sta solo circolando meno. Il monito dell&#039;Ars - intoscana<\/title>\n<meta name=\"description\" content=\"L&#039;agenzia di sanit\u00e0 regionale della Toscana richiama i cittadini a comportamenti corretti e ricorda poi che il virus \u00e8 ancora forte, sta solo circolando meno.\" \/>\n<meta name=\"robots\" content=\"index, follow, max-snippet:-1, max-image-preview:large, max-video-preview:-1\" \/>\n<link rel=\"canonical\" href=\"https:\/\/www.intoscana.it\/it\/ars-virus-ancora-forte\/\" \/>\n<meta property=\"og:locale\" content=\"it_IT\" \/>\n<meta property=\"og:type\" content=\"article\" \/>\n<meta property=\"og:title\" content=\"Il virus \u00e8 ancora forte, sta solo circolando meno. Il monito dell&#039;Ars\" \/>\n<meta property=\"og:description\" content=\"L&#039;agenzia di sanit\u00e0 regionale della Toscana richiama i cittadini a comportamenti corretti e ricorda poi che il virus \u00e8 ancora forte, sta solo circolando meno.\" \/>\n<meta property=\"og:url\" content=\"https:\/\/www.intoscana.it\/it\/ars-virus-ancora-forte\/\" \/>\n<meta property=\"og:site_name\" content=\"intoscana\" \/>\n<meta property=\"article:publisher\" content=\"https:\/\/www.facebook.com\/intoscana.it\" \/>\n<meta property=\"article:published_time\" content=\"2020-05-16T18:41:04+00:00\" \/>\n<meta property=\"article:modified_time\" content=\"2020-08-10T08:20:38+00:00\" \/>\n<meta property=\"og:image\" content=\"https:\/\/www.intoscana.it\/wp-content\/uploads\/corona-virus-contagio.jpg\" \/>\n\t<meta property=\"og:image:width\" content=\"1000\" \/>\n\t<meta property=\"og:image:height\" content=\"653\" \/>\n\t<meta property=\"og:image:type\" content=\"image\/jpeg\" \/>\n<meta name=\"author\" content=\"Redazione\" \/>\n<meta name=\"twitter:card\" content=\"summary_large_image\" \/>\n<meta name=\"twitter:creator\" content=\"@intoscana\" \/>\n<meta name=\"twitter:site\" content=\"@intoscana\" \/>\n<meta name=\"twitter:label1\" content=\"Written by\" \/>\n\t<meta name=\"twitter:data1\" content=\"Redazione\" \/>\n\t<meta name=\"twitter:label2\" content=\"Est. reading time\" \/>\n\t<meta name=\"twitter:data2\" content=\"2 minuti\" \/>\n<script type=\"application\/ld+json\" class=\"yoast-schema-graph\">{\"@context\":\"https:\/\/schema.org\",\"@graph\":[{\"@type\":\"WebPage\",\"@id\":\"https:\/\/www.intoscana.it\/it\/ars-virus-ancora-forte\/\",\"url\":\"https:\/\/www.intoscana.it\/it\/ars-virus-ancora-forte\/\",\"name\":\"Il virus \u00e8 ancora forte, sta solo circolando meno. Il monito dell'Ars - intoscana\",\"isPartOf\":{\"@id\":\"https:\/\/www.intoscana.it\/it\/#website\"},\"primaryImageOfPage\":{\"@id\":\"https:\/\/www.intoscana.it\/it\/ars-virus-ancora-forte\/#primaryimage\"},\"image\":{\"@id\":\"https:\/\/www.intoscana.it\/it\/ars-virus-ancora-forte\/#primaryimage\"},\"thumbnailUrl\":\"https:\/\/www.intoscana.it\/wp-content\/uploads\/corona-virus-contagio.jpg\",\"datePublished\":\"2020-05-16T18:41:04+00:00\",\"dateModified\":\"2020-08-10T08:20:38+00:00\",\"author\":{\"@id\":\"https:\/\/www.intoscana.it\/it\/#\/schema\/person\/9223810753230f20bd670fdd322661f8\"},\"description\":\"L'agenzia di sanit\u00e0 regionale della Toscana richiama i cittadini a comportamenti corretti e ricorda poi che il virus \u00e8 ancora forte, sta solo circolando meno.\",\"breadcrumb\":{\"@id\":\"https:\/\/www.intoscana.it\/it\/ars-virus-ancora-forte\/#breadcrumb\"},\"inLanguage\":\"it-IT\",\"potentialAction\":[{\"@type\":\"ReadAction\",\"target\":[\"https:\/\/www.intoscana.it\/it\/ars-virus-ancora-forte\/\"]}]},{\"@type\":\"ImageObject\",\"inLanguage\":\"it-IT\",\"@id\":\"https:\/\/www.intoscana.it\/it\/ars-virus-ancora-forte\/#primaryimage\",\"url\":\"https:\/\/www.intoscana.it\/wp-content\/uploads\/corona-virus-contagio.jpg\",\"contentUrl\":\"https:\/\/www.intoscana.it\/wp-content\/uploads\/corona-virus-contagio.jpg\",\"width\":1000,\"height\":653,\"caption\":\"Contagio da Corona virus, il virus sta circolando meno ma \u00e8 ancora forte.\"},{\"@type\":\"BreadcrumbList\",\"@id\":\"https:\/\/www.intoscana.it\/it\/ars-virus-ancora-forte\/#breadcrumb\",\"itemListElement\":[{\"@type\":\"ListItem\",\"position\":1,\"name\":\"Home\",\"item\":\"https:\/\/www.intoscana.it\/it\/\"},{\"@type\":\"ListItem\",\"position\":2,\"name\":\"Il virus \u00e8 ancora forte, sta solo circolando meno. Il monito dell&#8217;Ars\"}]},{\"@type\":\"WebSite\",\"@id\":\"https:\/\/www.intoscana.it\/it\/#website\",\"url\":\"https:\/\/www.intoscana.it\/it\/\",\"name\":\"intoscana\",\"description\":\"\",\"potentialAction\":[{\"@type\":\"SearchAction\",\"target\":{\"@type\":\"EntryPoint\",\"urlTemplate\":\"https:\/\/www.intoscana.it\/it\/?s={search_term_string}\"},\"query-input\":{\"@type\":\"PropertyValueSpecification\",\"valueRequired\":true,\"valueName\":\"search_term_string\"}}],\"inLanguage\":\"it-IT\"},{\"@type\":\"Person\",\"@id\":\"https:\/\/www.intoscana.it\/it\/#\/schema\/person\/9223810753230f20bd670fdd322661f8\",\"name\":\"Redazione\",\"url\":\"https:\/\/www.intoscana.it\/it\/author\/redazione\/\"}]}<\/script>\n<!-- \/ Yoast SEO Premium plugin. -->","yoast_head_json":{"title":"Il virus \u00e8 ancora forte, sta solo circolando meno. Il monito dell'Ars - intoscana","description":"L'agenzia di sanit\u00e0 regionale della Toscana richiama i cittadini a comportamenti corretti e ricorda poi che il virus \u00e8 ancora forte, sta solo circolando meno.","robots":{"index":"index","follow":"follow","max-snippet":"max-snippet:-1","max-image-preview":"max-image-preview:large","max-video-preview":"max-video-preview:-1"},"canonical":"https:\/\/www.intoscana.it\/it\/ars-virus-ancora-forte\/","og_locale":"it_IT","og_type":"article","og_title":"Il virus \u00e8 ancora forte, sta solo circolando meno. Il monito dell'Ars","og_description":"L'agenzia di sanit\u00e0 regionale della Toscana richiama i cittadini a comportamenti corretti e ricorda poi che il virus \u00e8 ancora forte, sta solo circolando meno.","og_url":"https:\/\/www.intoscana.it\/it\/ars-virus-ancora-forte\/","og_site_name":"intoscana","article_publisher":"https:\/\/www.facebook.com\/intoscana.it","article_published_time":"2020-05-16T18:41:04+00:00","article_modified_time":"2020-08-10T08:20:38+00:00","og_image":[{"width":1000,"height":653,"url":"https:\/\/www.intoscana.it\/wp-content\/uploads\/corona-virus-contagio.jpg","type":"image\/jpeg"}],"author":"Redazione","twitter_card":"summary_large_image","twitter_creator":"@intoscana","twitter_site":"@intoscana","twitter_misc":{"Written by":"Redazione","Est. reading time":"2 minuti"},"schema":{"@context":"https:\/\/schema.org","@graph":[{"@type":"WebPage","@id":"https:\/\/www.intoscana.it\/it\/ars-virus-ancora-forte\/","url":"https:\/\/www.intoscana.it\/it\/ars-virus-ancora-forte\/","name":"Il virus \u00e8 ancora forte, sta solo circolando meno. Il monito dell'Ars - intoscana","isPartOf":{"@id":"https:\/\/www.intoscana.it\/it\/#website"},"primaryImageOfPage":{"@id":"https:\/\/www.intoscana.it\/it\/ars-virus-ancora-forte\/#primaryimage"},"image":{"@id":"https:\/\/www.intoscana.it\/it\/ars-virus-ancora-forte\/#primaryimage"},"thumbnailUrl":"https:\/\/www.intoscana.it\/wp-content\/uploads\/corona-virus-contagio.jpg","datePublished":"2020-05-16T18:41:04+00:00","dateModified":"2020-08-10T08:20:38+00:00","author":{"@id":"https:\/\/www.intoscana.it\/it\/#\/schema\/person\/9223810753230f20bd670fdd322661f8"},"description":"L'agenzia di sanit\u00e0 regionale della Toscana richiama i cittadini a comportamenti corretti e ricorda poi che il virus \u00e8 ancora forte, sta solo circolando meno.","breadcrumb":{"@id":"https:\/\/www.intoscana.it\/it\/ars-virus-ancora-forte\/#breadcrumb"},"inLanguage":"it-IT","potentialAction":[{"@type":"ReadAction","target":["https:\/\/www.intoscana.it\/it\/ars-virus-ancora-forte\/"]}]},{"@type":"ImageObject","inLanguage":"it-IT","@id":"https:\/\/www.intoscana.it\/it\/ars-virus-ancora-forte\/#primaryimage","url":"https:\/\/www.intoscana.it\/wp-content\/uploads\/corona-virus-contagio.jpg","contentUrl":"https:\/\/www.intoscana.it\/wp-content\/uploads\/corona-virus-contagio.jpg","width":1000,"height":653,"caption":"Contagio da Corona virus, il virus sta circolando meno ma \u00e8 ancora forte."},{"@type":"BreadcrumbList","@id":"https:\/\/www.intoscana.it\/it\/ars-virus-ancora-forte\/#breadcrumb","itemListElement":[{"@type":"ListItem","position":1,"name":"Home","item":"https:\/\/www.intoscana.it\/it\/"},{"@type":"ListItem","position":2,"name":"Il virus \u00e8 ancora forte, sta solo circolando meno. Il monito dell&#8217;Ars"}]},{"@type":"WebSite","@id":"https:\/\/www.intoscana.it\/it\/#website","url":"https:\/\/www.intoscana.it\/it\/","name":"intoscana","description":"","potentialAction":[{"@type":"SearchAction","target":{"@type":"EntryPoint","urlTemplate":"https:\/\/www.intoscana.it\/it\/?s={search_term_string}"},"query-input":{"@type":"PropertyValueSpecification","valueRequired":true,"valueName":"search_term_string"}}],"inLanguage":"it-IT"},{"@type":"Person","@id":"https:\/\/www.intoscana.it\/it\/#\/schema\/person\/9223810753230f20bd670fdd322661f8","name":"Redazione","url":"https:\/\/www.intoscana.it\/it\/author\/redazione\/"}]}},"_links":{"self":[{"href":"https:\/\/www.intoscana.it\/it\/wp-json\/wp\/v2\/posts\/142819","targetHints":{"allow":["GET"]}}],"collection":[{"href":"https:\/\/www.intoscana.it\/it\/wp-json\/wp\/v2\/posts"}],"about":[{"href":"https:\/\/www.intoscana.it\/it\/wp-json\/wp\/v2\/types\/post"}],"author":[{"embeddable":true,"href":"https:\/\/www.intoscana.it\/it\/wp-json\/wp\/v2\/users\/525"}],"replies":[{"embeddable":true,"href":"https:\/\/www.intoscana.it\/it\/wp-json\/wp\/v2\/comments?post=142819"}],"version-history":[{"count":0,"href":"https:\/\/www.intoscana.it\/it\/wp-json\/wp\/v2\/posts\/142819\/revisions"}],"wp:featuredmedia":[{"embeddable":true,"href":"https:\/\/www.intoscana.it\/it\/wp-json\/wp\/v2\/media\/143670"}],"wp:attachment":[{"href":"https:\/\/www.intoscana.it\/it\/wp-json\/wp\/v2\/media?parent=142819"}],"wp:term":[{"taxonomy":"category","embeddable":true,"href":"https:\/\/www.intoscana.it\/it\/wp-json\/wp\/v2\/categories?post=142819"},{"taxonomy":"post_tag","embeddable":true,"href":"https:\/\/www.intoscana.it\/it\/wp-json\/wp\/v2\/tags?post=142819"}],"curies":[{"name":"wp","href":"https:\/\/api.w.org\/{rel}","templated":true}]}}