{"id":142824,"date":"2020-06-03T13:46:45","date_gmt":"2020-06-03T11:46:45","guid":{"rendered":"https:\/\/www.intoscana.it\/toscana-verso-la-fase-3-il-90-dei-nuovi-casi-sono-asintomatici\/"},"modified":"2020-08-10T10:20:41","modified_gmt":"2020-08-10T08:20:41","slug":"toscana-verso-fase-3","status":"publish","type":"post","link":"https:\/\/www.intoscana.it\/it\/toscana-verso-fase-3\/","title":{"rendered":"Toscana verso la fase 3: il 90% dei nuovi casi sono asintomatici"},"content":{"rendered":"<p>A un mese dalla riapertura del 4 maggio <strong>l\u2019Agenzia Regionale di Sanit\u00e0 della Toscana scatta la fotografia sull\u2019andamento della fase 2. La situazione nella nostra regione appare del tutto favorevole:<\/strong> nell\u2019ultima settimana sono emerse complessivamente 47 nuove diagnosi: in media 6,5 al giorno.<br \/>Ad oggi inoltre&nbsp;<strong>sono stati effettuati quasi 170.000 test sierologici, <\/strong>pi\u00f9 di quanti ne preveda la nuova indagine coordinata da Istat su di un campione di popolazione italiana che si \u00e8 avviata 10 giorni fa.<\/p>\n<p>Nonostante non stia emergendo un numero considerevole di nuove diagnosi, il sistema dei laboratori continua ad assicurare la media di 3.000 tamponi ogni giorno. <strong>Gli stati clinici dei&nbsp;nuovi casi sono sempre pi\u00f9 spesso asintomatici&nbsp;(quasi il 90% nell\u2019ultima settimana). I<\/strong> casi sono quindi intercettati facilmente, e tracciati in modo efficace i loro contatti.<\/p>\n<p>Da oggi \u00e8 stata riaperta in modo integrale la&nbsp;<strong>mobilit\u00e0 tra le regioni.<\/strong>&nbsp;I dati sono favorevoli per quasi tutte le regioni, anche secondo il sistema di monitoraggio voluto dal Ministero della salute e implementato da Istat. La curva italiana delle nuove diagnosi \u00e8 per\u00f2 ancora pesantemente condizionata dalla curva epidemica della Lombardia (continua a rappresentare la met\u00e0 delle diagnosi totali e nell\u2019ultima settimana in un paio di occasioni \u00e8 arrivata ad essere il 70%.). Questo secondo l\u2019Ars Toscana richiede una certa attenzione su come si potr\u00e0 muovere l\u2019epidemia nei prossimi giorni.<\/p>\n<p>&nbsp;<\/p>\n<p><img decoding=\"async\" style=\"width: 599px;\" title=\"timelapse coronavirus toscana\" src=\"https:\/\/www.intoscana.it\/shared\/intoscana\/immagini\/timelapse.png\" alt=\"timelapse coronavirus toscana\" height=\"560\" \/><br \/>Per quanto riguarda invece <strong>la supposta minor carica virale del virus<\/strong>, un tema che nelle ultime settimane ha appassionato molto media e scienziati, l\u2019Ars spiega che la perdita di virulenza non \u00e8 al momento dimostrata in vitro o nell\u2019animale da esperimento. Si pu\u00f2 affermare con certezza per\u00f2 la continua e progressiva emersione di casi asintomatici o pauci sintomatici, che in Toscana anche in quest&#8217;ultima settimana supera il 90% dei casi.<\/p>\n<p>Il dato della minor gravit\u00e0 dei casi (e non del virus) che i servizi territoriali e ospedalieri toscani stanno incontrando lo si desume anche dalla percentuale di utilizzo delle terapie intensive sui casi totali (compresi i deceduti e i guariti). In Toscana e in Italia la quota dei pi\u00f9 gravi (identificati dai ricoveri in terapia intensiva sui casi totali) continua a scendere e ad oggi si assesta allo 0,2%.<\/p>\n<p><strong>Se non possiamo dire quindi che il virus sia meno aggressivo, possiamo sicuramente affermare che la quota di casi gravi diminuisce<\/strong> e che questo non \u00e8 il mero risultato della percentuale dei nuovi casi che sta diminuendo.<\/p>\n<p>\u201cAl di l\u00e0 della numerosit\u00e0 dei casi, che potr\u00e0 oscillare nei prossimi giorni grazie al maggiore movimento delle persone e alla totale riapertura avvenuta &#8211; spiega Fabio Voller coordinatore dell\u2019Osservatorio di epidemiologia dell\u2019Ars Toscana \u2013<strong>tutti gli indicatori epidemiologici a nostra disposizione restituiscono una fotografica confortante rispetto alla diffusione dell\u2019epidemia nella nostra regione<\/strong>. Ovviamente dobbiamo passare un&nbsp;<strong>messaggio di attenzione alla popolazione<\/strong>, soprattutto su elementi talvolta ancora presi poco in considerazione come il costante lavaggio delle mani (oltre all\u2019utilizzo della mascherina in ambienti chiusi). Ora che la mobilit\u00e0 \u00e8 stata ripristinata in tutta la penisola, serve continuare a monitorare l\u2019eventuale emergere di nuovi focolai e di nuovi casi gravi, eventuali \u201csentinelle\u201d di una nuova recrudescenza dell&#8217;infezione\u201d.<\/p>\n<p><img decoding=\"async\" style=\"width: 599px;\" title=\"casi clinici toscana\" src=\"https:\/\/www.intoscana.it\/shared\/intoscana\/immagini\/casi-clinici-toscana.png\" alt=\"casi clinici toscana\" height=\"555\" \/><\/p>\n<p>&nbsp;<\/p>\n<p>Tornando sull&#8217;andamento dell&#8217;epidemia, se non consideriamo il dato del 25 maggio, <strong>in Toscana sono 58 i giorni in cui il numero dei ricoverati per Covid-19 nei reparti dedicati scende,<\/strong> sono ormai poco pi\u00f9 di 25 le persone adesso ricoverate in terapia intensiva (erano circa 300 all\u2019inizio di aprile).<\/p>\n<p>In Toscana&nbsp;<strong>la percentuale dei ricoveri \u00e8 sempre stata piuttosto bassa<\/strong>&nbsp;rispetto alla casistica attiva: attualmente \u00e8 poco pi\u00f9 del 10% dei casi attualmente positivi, quintultima regione in Italia poco sopra al Veneto.&nbsp;<strong>In Toscana<\/strong>&nbsp;quindi secondo l&#8217;Ars si \u00e8 probabilmente&nbsp;<strong>seguito maggiormente i pazienti sul territorio<\/strong>&nbsp;e <strong>solo la casistica pi\u00f9 grave \u00e8 stata quindi indirizzata verso il ricovero<\/strong>, con un&nbsp;<strong>maggiore utilizzo delle terapie intensive rispetto alle altre regioni<\/strong>.&nbsp;<\/p>\n<p>I<strong>&nbsp;guariti oggi sono quasi l\u201980% di tutta la casistica toscana<\/strong>&nbsp;che ha preso il virus. Le analisi condotte sui dati della piattaforma dei casi toscani mostrano che i tempi di guarigione sono molto pi\u00f9 lunghi di quello che leggiamo in letteratura:<strong> la media \u00e8 35 giorni al di l\u00e0 degli stati clinici, e pu\u00f2 arrivare ai 41 giorni sui casi clinici gravi<\/strong>. Tempi cos\u00ec lunghi di guarigione devono prospettare studi maggiormente approfonditi sull\u2019infettivit\u00e0 dei casi asintomatici.<\/p>\n<p>Rispetto ai&nbsp;<strong>decessi<\/strong>, purtroppo al 2 giugno sono 1.053 le persone in Toscana la cui causa di morte \u00e8 direttamente attribuibile a Covid-19. La numerosit\u00e0 media giornaliera si \u00e8 abbassata nel corso delle settimane: 4 in media nell\u2019ultima settimana, erano 25 alla fine di marzo.<br \/>Le analisi dell\u2019Ars hanno mostrato come u<strong>n uomo abbia oltre due volte il rischio di morire, una volta ammalatosi, rispetto a una donna. L\u2019effetto dell\u2019et\u00e0 \u00e8 altrettanto forte,<\/strong> con un progressivo aumento del rischio per le classi d\u2019et\u00e0 pi\u00f9 elevate: gi\u00e0 a partire dai 65 anni, rispetto alla classe d\u2019et\u00e0 60-64 anni, il rischio aumenta di almeno due volte e di fatto raddoppia al passaggio da una classe d\u2019et\u00e0 all\u2019altra.<br \/><strong>Inoltre, a parit\u00e0 di et\u00e0 e genere, la probabilit\u00e0 di morire per un malato Covid-19 con pregresse patologie croniche \u00e8 circa 3 volte<\/strong> quella di un malato di Covid-19 senza alcuna patologia: tra le patologie, i rischi maggiori si osservano tra i pazienti con patologie neurologiche, renali o respiratorie.<\/p>\n","protected":false},"excerpt":{"rendered":"<p>L\u2019analisi dell&#8217;Agenzia Regionale di Sanit\u00e0 scatta la fotografia sull&#8217;andamento della fase 2. La situazione \u00e8 favorevole: nell\u2019ultima settimana sono emerse solo 47 nuove diagnosi.<\/p>\n","protected":false},"author":525,"featured_media":143675,"comment_status":"open","ping_status":"open","sticky":false,"template":"","format":"standard","meta":{"_acf_changed":false,"footnotes":""},"categories":[18],"tags":[],"class_list":["post-142824","post","type-post","status-publish","format-standard","has-post-thumbnail","hentry","category-salute"],"acf":[],"yoast_head":"<!-- This site is optimized with the Yoast SEO Premium plugin v24.2 (Yoast SEO v25.6) - https:\/\/yoast.com\/wordpress\/plugins\/seo\/ -->\n<title>Toscana verso la fase 3: il 90% dei nuovi casi sono asintomatici - intoscana<\/title>\n<meta name=\"robots\" content=\"index, follow, max-snippet:-1, max-image-preview:large, max-video-preview:-1\" \/>\n<link rel=\"canonical\" href=\"https:\/\/www.intoscana.it\/it\/toscana-verso-fase-3\/\" \/>\n<meta property=\"og:locale\" content=\"it_IT\" \/>\n<meta property=\"og:type\" content=\"article\" \/>\n<meta property=\"og:title\" content=\"Toscana verso la fase 3: il 90% dei nuovi casi sono asintomatici\" \/>\n<meta property=\"og:description\" content=\"L\u2019analisi dell&#039;Agenzia Regionale di Sanit\u00e0 scatta la fotografia sull&#039;andamento della fase 2. La situazione \u00e8 favorevole: nell\u2019ultima settimana sono emerse solo 47 nuove diagnosi.\" \/>\n<meta property=\"og:url\" content=\"https:\/\/www.intoscana.it\/it\/toscana-verso-fase-3\/\" \/>\n<meta property=\"og:site_name\" content=\"intoscana\" \/>\n<meta property=\"article:publisher\" content=\"https:\/\/www.facebook.com\/intoscana.it\" \/>\n<meta property=\"article:published_time\" content=\"2020-06-03T11:46:45+00:00\" \/>\n<meta property=\"article:modified_time\" content=\"2020-08-10T08:20:41+00:00\" \/>\n<meta property=\"og:image\" content=\"https:\/\/www.intoscana.it\/wp-content\/uploads\/covid-felicita.jpg\" \/>\n\t<meta property=\"og:image:width\" content=\"1000\" \/>\n\t<meta property=\"og:image:height\" content=\"667\" \/>\n\t<meta property=\"og:image:type\" content=\"image\/jpeg\" \/>\n<meta name=\"author\" content=\"Redazione\" \/>\n<meta name=\"twitter:card\" content=\"summary_large_image\" \/>\n<meta name=\"twitter:creator\" content=\"@intoscana\" \/>\n<meta name=\"twitter:site\" content=\"@intoscana\" \/>\n<meta name=\"twitter:label1\" content=\"Written by\" \/>\n\t<meta name=\"twitter:data1\" content=\"Redazione\" \/>\n\t<meta name=\"twitter:label2\" content=\"Est. reading time\" \/>\n\t<meta name=\"twitter:data2\" content=\"4 minuti\" \/>\n<script type=\"application\/ld+json\" class=\"yoast-schema-graph\">{\"@context\":\"https:\/\/schema.org\",\"@graph\":[{\"@type\":\"WebPage\",\"@id\":\"https:\/\/www.intoscana.it\/it\/toscana-verso-fase-3\/\",\"url\":\"https:\/\/www.intoscana.it\/it\/toscana-verso-fase-3\/\",\"name\":\"Toscana verso la fase 3: il 90% dei nuovi casi sono asintomatici - intoscana\",\"isPartOf\":{\"@id\":\"https:\/\/www.intoscana.it\/it\/#website\"},\"primaryImageOfPage\":{\"@id\":\"https:\/\/www.intoscana.it\/it\/toscana-verso-fase-3\/#primaryimage\"},\"image\":{\"@id\":\"https:\/\/www.intoscana.it\/it\/toscana-verso-fase-3\/#primaryimage\"},\"thumbnailUrl\":\"https:\/\/www.intoscana.it\/wp-content\/uploads\/covid-felicita.jpg\",\"datePublished\":\"2020-06-03T11:46:45+00:00\",\"dateModified\":\"2020-08-10T08:20:41+00:00\",\"author\":{\"@id\":\"https:\/\/www.intoscana.it\/it\/#\/schema\/person\/9223810753230f20bd670fdd322661f8\"},\"breadcrumb\":{\"@id\":\"https:\/\/www.intoscana.it\/it\/toscana-verso-fase-3\/#breadcrumb\"},\"inLanguage\":\"it-IT\",\"potentialAction\":[{\"@type\":\"ReadAction\",\"target\":[\"https:\/\/www.intoscana.it\/it\/toscana-verso-fase-3\/\"]}]},{\"@type\":\"ImageObject\",\"inLanguage\":\"it-IT\",\"@id\":\"https:\/\/www.intoscana.it\/it\/toscana-verso-fase-3\/#primaryimage\",\"url\":\"https:\/\/www.intoscana.it\/wp-content\/uploads\/covid-felicita.jpg\",\"contentUrl\":\"https:\/\/www.intoscana.it\/wp-content\/uploads\/covid-felicita.jpg\",\"width\":1000,\"height\":667},{\"@type\":\"BreadcrumbList\",\"@id\":\"https:\/\/www.intoscana.it\/it\/toscana-verso-fase-3\/#breadcrumb\",\"itemListElement\":[{\"@type\":\"ListItem\",\"position\":1,\"name\":\"Home\",\"item\":\"https:\/\/www.intoscana.it\/it\/\"},{\"@type\":\"ListItem\",\"position\":2,\"name\":\"Toscana verso la fase 3: il 90% dei nuovi casi sono asintomatici\"}]},{\"@type\":\"WebSite\",\"@id\":\"https:\/\/www.intoscana.it\/it\/#website\",\"url\":\"https:\/\/www.intoscana.it\/it\/\",\"name\":\"intoscana\",\"description\":\"\",\"potentialAction\":[{\"@type\":\"SearchAction\",\"target\":{\"@type\":\"EntryPoint\",\"urlTemplate\":\"https:\/\/www.intoscana.it\/it\/?s={search_term_string}\"},\"query-input\":{\"@type\":\"PropertyValueSpecification\",\"valueRequired\":true,\"valueName\":\"search_term_string\"}}],\"inLanguage\":\"it-IT\"},{\"@type\":\"Person\",\"@id\":\"https:\/\/www.intoscana.it\/it\/#\/schema\/person\/9223810753230f20bd670fdd322661f8\",\"name\":\"Redazione\",\"url\":\"https:\/\/www.intoscana.it\/it\/author\/redazione\/\"}]}<\/script>\n<!-- \/ Yoast SEO Premium plugin. -->","yoast_head_json":{"title":"Toscana verso la fase 3: il 90% dei nuovi casi sono asintomatici - intoscana","robots":{"index":"index","follow":"follow","max-snippet":"max-snippet:-1","max-image-preview":"max-image-preview:large","max-video-preview":"max-video-preview:-1"},"canonical":"https:\/\/www.intoscana.it\/it\/toscana-verso-fase-3\/","og_locale":"it_IT","og_type":"article","og_title":"Toscana verso la fase 3: il 90% dei nuovi casi sono asintomatici","og_description":"L\u2019analisi dell'Agenzia Regionale di Sanit\u00e0 scatta la fotografia sull'andamento della fase 2. La situazione \u00e8 favorevole: nell\u2019ultima settimana sono emerse solo 47 nuove diagnosi.","og_url":"https:\/\/www.intoscana.it\/it\/toscana-verso-fase-3\/","og_site_name":"intoscana","article_publisher":"https:\/\/www.facebook.com\/intoscana.it","article_published_time":"2020-06-03T11:46:45+00:00","article_modified_time":"2020-08-10T08:20:41+00:00","og_image":[{"width":1000,"height":667,"url":"https:\/\/www.intoscana.it\/wp-content\/uploads\/covid-felicita.jpg","type":"image\/jpeg"}],"author":"Redazione","twitter_card":"summary_large_image","twitter_creator":"@intoscana","twitter_site":"@intoscana","twitter_misc":{"Written by":"Redazione","Est. reading time":"4 minuti"},"schema":{"@context":"https:\/\/schema.org","@graph":[{"@type":"WebPage","@id":"https:\/\/www.intoscana.it\/it\/toscana-verso-fase-3\/","url":"https:\/\/www.intoscana.it\/it\/toscana-verso-fase-3\/","name":"Toscana verso la fase 3: il 90% dei nuovi casi sono asintomatici - intoscana","isPartOf":{"@id":"https:\/\/www.intoscana.it\/it\/#website"},"primaryImageOfPage":{"@id":"https:\/\/www.intoscana.it\/it\/toscana-verso-fase-3\/#primaryimage"},"image":{"@id":"https:\/\/www.intoscana.it\/it\/toscana-verso-fase-3\/#primaryimage"},"thumbnailUrl":"https:\/\/www.intoscana.it\/wp-content\/uploads\/covid-felicita.jpg","datePublished":"2020-06-03T11:46:45+00:00","dateModified":"2020-08-10T08:20:41+00:00","author":{"@id":"https:\/\/www.intoscana.it\/it\/#\/schema\/person\/9223810753230f20bd670fdd322661f8"},"breadcrumb":{"@id":"https:\/\/www.intoscana.it\/it\/toscana-verso-fase-3\/#breadcrumb"},"inLanguage":"it-IT","potentialAction":[{"@type":"ReadAction","target":["https:\/\/www.intoscana.it\/it\/toscana-verso-fase-3\/"]}]},{"@type":"ImageObject","inLanguage":"it-IT","@id":"https:\/\/www.intoscana.it\/it\/toscana-verso-fase-3\/#primaryimage","url":"https:\/\/www.intoscana.it\/wp-content\/uploads\/covid-felicita.jpg","contentUrl":"https:\/\/www.intoscana.it\/wp-content\/uploads\/covid-felicita.jpg","width":1000,"height":667},{"@type":"BreadcrumbList","@id":"https:\/\/www.intoscana.it\/it\/toscana-verso-fase-3\/#breadcrumb","itemListElement":[{"@type":"ListItem","position":1,"name":"Home","item":"https:\/\/www.intoscana.it\/it\/"},{"@type":"ListItem","position":2,"name":"Toscana verso la fase 3: il 90% dei nuovi casi sono asintomatici"}]},{"@type":"WebSite","@id":"https:\/\/www.intoscana.it\/it\/#website","url":"https:\/\/www.intoscana.it\/it\/","name":"intoscana","description":"","potentialAction":[{"@type":"SearchAction","target":{"@type":"EntryPoint","urlTemplate":"https:\/\/www.intoscana.it\/it\/?s={search_term_string}"},"query-input":{"@type":"PropertyValueSpecification","valueRequired":true,"valueName":"search_term_string"}}],"inLanguage":"it-IT"},{"@type":"Person","@id":"https:\/\/www.intoscana.it\/it\/#\/schema\/person\/9223810753230f20bd670fdd322661f8","name":"Redazione","url":"https:\/\/www.intoscana.it\/it\/author\/redazione\/"}]}},"_links":{"self":[{"href":"https:\/\/www.intoscana.it\/it\/wp-json\/wp\/v2\/posts\/142824","targetHints":{"allow":["GET"]}}],"collection":[{"href":"https:\/\/www.intoscana.it\/it\/wp-json\/wp\/v2\/posts"}],"about":[{"href":"https:\/\/www.intoscana.it\/it\/wp-json\/wp\/v2\/types\/post"}],"author":[{"embeddable":true,"href":"https:\/\/www.intoscana.it\/it\/wp-json\/wp\/v2\/users\/525"}],"replies":[{"embeddable":true,"href":"https:\/\/www.intoscana.it\/it\/wp-json\/wp\/v2\/comments?post=142824"}],"version-history":[{"count":0,"href":"https:\/\/www.intoscana.it\/it\/wp-json\/wp\/v2\/posts\/142824\/revisions"}],"wp:featuredmedia":[{"embeddable":true,"href":"https:\/\/www.intoscana.it\/it\/wp-json\/wp\/v2\/media\/143675"}],"wp:attachment":[{"href":"https:\/\/www.intoscana.it\/it\/wp-json\/wp\/v2\/media?parent=142824"}],"wp:term":[{"taxonomy":"category","embeddable":true,"href":"https:\/\/www.intoscana.it\/it\/wp-json\/wp\/v2\/categories?post=142824"},{"taxonomy":"post_tag","embeddable":true,"href":"https:\/\/www.intoscana.it\/it\/wp-json\/wp\/v2\/tags?post=142824"}],"curies":[{"name":"wp","href":"https:\/\/api.w.org\/{rel}","templated":true}]}}