{"id":142828,"date":"2020-06-04T13:59:11","date_gmt":"2020-06-04T11:59:11","guid":{"rendered":"https:\/\/www.intoscana.it\/dal-5-giugno-un-milione-di-mascherine-in-1200-edicole-toscane\/"},"modified":"2020-08-10T10:20:42","modified_gmt":"2020-08-10T08:20:42","slug":"mascherine-edicola-15-giugno","status":"publish","type":"post","link":"https:\/\/www.intoscana.it\/it\/mascherine-edicola-15-giugno\/","title":{"rendered":"Dal 5 giugno un milione di mascherine in 1200 edicole toscane"},"content":{"rendered":"<p><strong>Saranno un milione al giorno le mascherine gratuite<\/strong> che arriveranno <strong>da venerd\u00ec 5 giugno, nelle 1200 edicole toscane<\/strong> che hanno aderito all&#8217;iniziativa messa in piedi dalla Regione grazie ad <strong>un accordo con distributori e giornalai.<\/strong> Insieme all&#8217;acquisto di quotidiani e agli altri servizi, <strong>i cittadini toscani, previa presentazione della tessera sanitaria, potranno ritirare dal giornalaio due pacchi da cinque mascherine<\/strong>, l&#8217;intera dotazione messa a disposizione dalla Regione fino al 15 giugno. <\/p>\n<p><strong>La tessera sanitaria di ciascun cittadino residente in Toscana e sopra i 6 anni \u00e8 gi\u00e0 stata caricata<\/strong> con la ricetta elettronica ad opera del <strong>Sistema sanitario regionale,<\/strong> mentre tutte le edicole aderenti sono state dotate di appositi lettori tramite smartphone, tablet o pc. Le mascherine arriveranno ogni giorno alle edicole attraverso i distributori di giornali e saranno consegnate nella notte seguendo gli stessi canali dei quotidiani. <\/p>\n<p><strong>La distribuzione della prima tranche sar\u00e0 effettuata fino al 15 giugno<\/strong>. A partire da quella data sar\u00e0 possibile acquisire il resto della dotazione del mese di giugno che, in totale, ammmonter\u00e0 a 25 milioni di dispositivi. <\/p>\n<p>&#8220;Grazie a questo nuovo accordo prosegue la sforzo della Regione &#8211; <strong>commenta il presidente della Regione Enrico Rossi &#8211;<\/strong> che, unica nel panorama naziopnale, ha consentito a tutti di accedere gratis a questo importante strumento di prevenzione del contagio. Un investimento in salute ma anche un costo in meno per il sistema sanitario grazie a un intervento come questo, che permette di preservare la risorsa ospedale. Le mascherine arriveranno tutti i giorni attraverso i distributori. La consegna sar\u00e0 capillare perch\u00e8 pi\u00f9 della met\u00e0 delle edicole ha gi\u00e0 aderito al progetto. Non c&#8217;\u00e8 quindi bisogno di affrettarsi ed \u00e8 bene evitare di formare assembramenti e code&#8221;. <\/p>\n<p><strong>Le mascherine distribuite fino ad oggi in farmacie, grande distribuzione e direttamente dai Comuni sono 55 milioni<\/strong> (43 milioni dalle farmacie, 8 milioni dai Comuni e 4 milioni dalla grande distribuzione). Data la grande mole di dispositivi in circolazione, <strong>sar\u00e0 importante anche usare la massima cautela nel loro smaltimento.<\/strong> &#8220;Non disperdiamole nell&#8217;ambiente &#8211; avverte Rossi &#8211; ricordiamo a tutti che il modo corretto di disfarsi delle mascherioe \u00e8 nei rifiuti non differenziabili&#8221;.<\/p>\n","protected":false},"excerpt":{"rendered":"<p>Ognuno da domani potr\u00e0 ritirarne dieci a testa gratuitamente fino al 15 giugno<\/p>\n","protected":false},"author":525,"featured_media":143679,"comment_status":"open","ping_status":"open","sticky":false,"template":"","format":"standard","meta":{"_acf_changed":false,"footnotes":""},"categories":[18],"tags":[],"class_list":["post-142828","post","type-post","status-publish","format-standard","has-post-thumbnail","hentry","category-salute"],"acf":[],"yoast_head":"<!-- This site is optimized with the Yoast SEO Premium plugin v24.2 (Yoast SEO v25.6) - https:\/\/yoast.com\/wordpress\/plugins\/seo\/ -->\n<title>Dal 5 giugno un milione di mascherine in 1200 edicole toscane - intoscana<\/title>\n<meta name=\"description\" content=\"Mascherine, dal 5 giugno in edicola ognuno da domani potr\u00e0 ritirarne dieci a testa gratuitamente fino al 15 giugno, grazie all&#039;accordo tra Regione e edicole\" \/>\n<meta name=\"robots\" content=\"index, follow, max-snippet:-1, max-image-preview:large, max-video-preview:-1\" \/>\n<link rel=\"canonical\" href=\"https:\/\/www.intoscana.it\/it\/mascherine-edicola-15-giugno\/\" \/>\n<meta property=\"og:locale\" content=\"it_IT\" \/>\n<meta property=\"og:type\" content=\"article\" \/>\n<meta property=\"og:title\" content=\"Dal 5 giugno un milione di mascherine in 1200 edicole toscane\" \/>\n<meta property=\"og:description\" content=\"Mascherine, dal 5 giugno in edicola ognuno da domani potr\u00e0 ritirarne dieci a testa gratuitamente fino al 15 giugno, grazie all&#039;accordo tra Regione e edicole\" \/>\n<meta property=\"og:url\" content=\"https:\/\/www.intoscana.it\/it\/mascherine-edicola-15-giugno\/\" \/>\n<meta property=\"og:site_name\" content=\"intoscana\" \/>\n<meta property=\"article:publisher\" content=\"https:\/\/www.facebook.com\/intoscana.it\" \/>\n<meta property=\"article:published_time\" content=\"2020-06-04T11:59:11+00:00\" \/>\n<meta property=\"article:modified_time\" content=\"2020-08-10T08:20:42+00:00\" \/>\n<meta property=\"og:image\" content=\"https:\/\/www.intoscana.it\/wp-content\/uploads\/shutterstock_1629339433-1.jpg\" \/>\n\t<meta property=\"og:image:width\" content=\"2000\" \/>\n\t<meta property=\"og:image:height\" content=\"1363\" \/>\n\t<meta property=\"og:image:type\" content=\"image\/jpeg\" \/>\n<meta name=\"author\" content=\"Redazione\" \/>\n<meta name=\"twitter:card\" content=\"summary_large_image\" \/>\n<meta name=\"twitter:creator\" content=\"@intoscana\" \/>\n<meta name=\"twitter:site\" content=\"@intoscana\" \/>\n<meta name=\"twitter:label1\" content=\"Written by\" \/>\n\t<meta name=\"twitter:data1\" content=\"Redazione\" \/>\n\t<meta name=\"twitter:label2\" content=\"Est. reading time\" \/>\n\t<meta name=\"twitter:data2\" content=\"2 minuti\" \/>\n<script type=\"application\/ld+json\" class=\"yoast-schema-graph\">{\"@context\":\"https:\/\/schema.org\",\"@graph\":[{\"@type\":\"WebPage\",\"@id\":\"https:\/\/www.intoscana.it\/it\/mascherine-edicola-15-giugno\/\",\"url\":\"https:\/\/www.intoscana.it\/it\/mascherine-edicola-15-giugno\/\",\"name\":\"Dal 5 giugno un milione di mascherine in 1200 edicole toscane - intoscana\",\"isPartOf\":{\"@id\":\"https:\/\/www.intoscana.it\/it\/#website\"},\"primaryImageOfPage\":{\"@id\":\"https:\/\/www.intoscana.it\/it\/mascherine-edicola-15-giugno\/#primaryimage\"},\"image\":{\"@id\":\"https:\/\/www.intoscana.it\/it\/mascherine-edicola-15-giugno\/#primaryimage\"},\"thumbnailUrl\":\"https:\/\/www.intoscana.it\/wp-content\/uploads\/shutterstock_1629339433-1.jpg\",\"datePublished\":\"2020-06-04T11:59:11+00:00\",\"dateModified\":\"2020-08-10T08:20:42+00:00\",\"author\":{\"@id\":\"https:\/\/www.intoscana.it\/it\/#\/schema\/person\/9223810753230f20bd670fdd322661f8\"},\"description\":\"Mascherine, dal 5 giugno in edicola ognuno da domani potr\u00e0 ritirarne dieci a testa gratuitamente fino al 15 giugno, grazie all'accordo tra Regione e edicole\",\"breadcrumb\":{\"@id\":\"https:\/\/www.intoscana.it\/it\/mascherine-edicola-15-giugno\/#breadcrumb\"},\"inLanguage\":\"it-IT\",\"potentialAction\":[{\"@type\":\"ReadAction\",\"target\":[\"https:\/\/www.intoscana.it\/it\/mascherine-edicola-15-giugno\/\"]}]},{\"@type\":\"ImageObject\",\"inLanguage\":\"it-IT\",\"@id\":\"https:\/\/www.intoscana.it\/it\/mascherine-edicola-15-giugno\/#primaryimage\",\"url\":\"https:\/\/www.intoscana.it\/wp-content\/uploads\/shutterstock_1629339433-1.jpg\",\"contentUrl\":\"https:\/\/www.intoscana.it\/wp-content\/uploads\/shutterstock_1629339433-1.jpg\",\"width\":2000,\"height\":1363,\"caption\":\"Mascherine, da domani al 15 giugno in edicola le prime dieci\"},{\"@type\":\"BreadcrumbList\",\"@id\":\"https:\/\/www.intoscana.it\/it\/mascherine-edicola-15-giugno\/#breadcrumb\",\"itemListElement\":[{\"@type\":\"ListItem\",\"position\":1,\"name\":\"Home\",\"item\":\"https:\/\/www.intoscana.it\/it\/\"},{\"@type\":\"ListItem\",\"position\":2,\"name\":\"Dal 5 giugno un milione di mascherine in 1200 edicole toscane\"}]},{\"@type\":\"WebSite\",\"@id\":\"https:\/\/www.intoscana.it\/it\/#website\",\"url\":\"https:\/\/www.intoscana.it\/it\/\",\"name\":\"intoscana\",\"description\":\"\",\"potentialAction\":[{\"@type\":\"SearchAction\",\"target\":{\"@type\":\"EntryPoint\",\"urlTemplate\":\"https:\/\/www.intoscana.it\/it\/?s={search_term_string}\"},\"query-input\":{\"@type\":\"PropertyValueSpecification\",\"valueRequired\":true,\"valueName\":\"search_term_string\"}}],\"inLanguage\":\"it-IT\"},{\"@type\":\"Person\",\"@id\":\"https:\/\/www.intoscana.it\/it\/#\/schema\/person\/9223810753230f20bd670fdd322661f8\",\"name\":\"Redazione\",\"url\":\"https:\/\/www.intoscana.it\/it\/author\/redazione\/\"}]}<\/script>\n<!-- \/ Yoast SEO Premium plugin. -->","yoast_head_json":{"title":"Dal 5 giugno un milione di mascherine in 1200 edicole toscane - intoscana","description":"Mascherine, dal 5 giugno in edicola ognuno da domani potr\u00e0 ritirarne dieci a testa gratuitamente fino al 15 giugno, grazie all'accordo tra Regione e edicole","robots":{"index":"index","follow":"follow","max-snippet":"max-snippet:-1","max-image-preview":"max-image-preview:large","max-video-preview":"max-video-preview:-1"},"canonical":"https:\/\/www.intoscana.it\/it\/mascherine-edicola-15-giugno\/","og_locale":"it_IT","og_type":"article","og_title":"Dal 5 giugno un milione di mascherine in 1200 edicole toscane","og_description":"Mascherine, dal 5 giugno in edicola ognuno da domani potr\u00e0 ritirarne dieci a testa gratuitamente fino al 15 giugno, grazie all'accordo tra Regione e edicole","og_url":"https:\/\/www.intoscana.it\/it\/mascherine-edicola-15-giugno\/","og_site_name":"intoscana","article_publisher":"https:\/\/www.facebook.com\/intoscana.it","article_published_time":"2020-06-04T11:59:11+00:00","article_modified_time":"2020-08-10T08:20:42+00:00","og_image":[{"width":2000,"height":1363,"url":"https:\/\/www.intoscana.it\/wp-content\/uploads\/shutterstock_1629339433-1.jpg","type":"image\/jpeg"}],"author":"Redazione","twitter_card":"summary_large_image","twitter_creator":"@intoscana","twitter_site":"@intoscana","twitter_misc":{"Written by":"Redazione","Est. reading time":"2 minuti"},"schema":{"@context":"https:\/\/schema.org","@graph":[{"@type":"WebPage","@id":"https:\/\/www.intoscana.it\/it\/mascherine-edicola-15-giugno\/","url":"https:\/\/www.intoscana.it\/it\/mascherine-edicola-15-giugno\/","name":"Dal 5 giugno un milione di mascherine in 1200 edicole toscane - intoscana","isPartOf":{"@id":"https:\/\/www.intoscana.it\/it\/#website"},"primaryImageOfPage":{"@id":"https:\/\/www.intoscana.it\/it\/mascherine-edicola-15-giugno\/#primaryimage"},"image":{"@id":"https:\/\/www.intoscana.it\/it\/mascherine-edicola-15-giugno\/#primaryimage"},"thumbnailUrl":"https:\/\/www.intoscana.it\/wp-content\/uploads\/shutterstock_1629339433-1.jpg","datePublished":"2020-06-04T11:59:11+00:00","dateModified":"2020-08-10T08:20:42+00:00","author":{"@id":"https:\/\/www.intoscana.it\/it\/#\/schema\/person\/9223810753230f20bd670fdd322661f8"},"description":"Mascherine, dal 5 giugno in edicola ognuno da domani potr\u00e0 ritirarne dieci a testa gratuitamente fino al 15 giugno, grazie all'accordo tra Regione e edicole","breadcrumb":{"@id":"https:\/\/www.intoscana.it\/it\/mascherine-edicola-15-giugno\/#breadcrumb"},"inLanguage":"it-IT","potentialAction":[{"@type":"ReadAction","target":["https:\/\/www.intoscana.it\/it\/mascherine-edicola-15-giugno\/"]}]},{"@type":"ImageObject","inLanguage":"it-IT","@id":"https:\/\/www.intoscana.it\/it\/mascherine-edicola-15-giugno\/#primaryimage","url":"https:\/\/www.intoscana.it\/wp-content\/uploads\/shutterstock_1629339433-1.jpg","contentUrl":"https:\/\/www.intoscana.it\/wp-content\/uploads\/shutterstock_1629339433-1.jpg","width":2000,"height":1363,"caption":"Mascherine, da domani al 15 giugno in edicola le prime dieci"},{"@type":"BreadcrumbList","@id":"https:\/\/www.intoscana.it\/it\/mascherine-edicola-15-giugno\/#breadcrumb","itemListElement":[{"@type":"ListItem","position":1,"name":"Home","item":"https:\/\/www.intoscana.it\/it\/"},{"@type":"ListItem","position":2,"name":"Dal 5 giugno un milione di mascherine in 1200 edicole toscane"}]},{"@type":"WebSite","@id":"https:\/\/www.intoscana.it\/it\/#website","url":"https:\/\/www.intoscana.it\/it\/","name":"intoscana","description":"","potentialAction":[{"@type":"SearchAction","target":{"@type":"EntryPoint","urlTemplate":"https:\/\/www.intoscana.it\/it\/?s={search_term_string}"},"query-input":{"@type":"PropertyValueSpecification","valueRequired":true,"valueName":"search_term_string"}}],"inLanguage":"it-IT"},{"@type":"Person","@id":"https:\/\/www.intoscana.it\/it\/#\/schema\/person\/9223810753230f20bd670fdd322661f8","name":"Redazione","url":"https:\/\/www.intoscana.it\/it\/author\/redazione\/"}]}},"_links":{"self":[{"href":"https:\/\/www.intoscana.it\/it\/wp-json\/wp\/v2\/posts\/142828","targetHints":{"allow":["GET"]}}],"collection":[{"href":"https:\/\/www.intoscana.it\/it\/wp-json\/wp\/v2\/posts"}],"about":[{"href":"https:\/\/www.intoscana.it\/it\/wp-json\/wp\/v2\/types\/post"}],"author":[{"embeddable":true,"href":"https:\/\/www.intoscana.it\/it\/wp-json\/wp\/v2\/users\/525"}],"replies":[{"embeddable":true,"href":"https:\/\/www.intoscana.it\/it\/wp-json\/wp\/v2\/comments?post=142828"}],"version-history":[{"count":0,"href":"https:\/\/www.intoscana.it\/it\/wp-json\/wp\/v2\/posts\/142828\/revisions"}],"wp:featuredmedia":[{"embeddable":true,"href":"https:\/\/www.intoscana.it\/it\/wp-json\/wp\/v2\/media\/143679"}],"wp:attachment":[{"href":"https:\/\/www.intoscana.it\/it\/wp-json\/wp\/v2\/media?parent=142828"}],"wp:term":[{"taxonomy":"category","embeddable":true,"href":"https:\/\/www.intoscana.it\/it\/wp-json\/wp\/v2\/categories?post=142828"},{"taxonomy":"post_tag","embeddable":true,"href":"https:\/\/www.intoscana.it\/it\/wp-json\/wp\/v2\/tags?post=142828"}],"curies":[{"name":"wp","href":"https:\/\/api.w.org\/{rel}","templated":true}]}}