{"id":142842,"date":"2020-04-24T17:17:20","date_gmt":"2020-04-24T15:17:20","guid":{"rendered":"https:\/\/www.intoscana.it\/nella-fase-2-ci-sposteremo-solo-in-auto-castoldi-santanna-non-sara-sostenibile\/"},"modified":"2020-08-21T11:08:30","modified_gmt":"2020-08-21T09:08:30","slug":"nella-fase-2-ci-sposteremo-in-auto-castoldi-santanna-non-sostenibile","status":"publish","type":"post","link":"https:\/\/www.intoscana.it\/it\/nella-fase-2-ci-sposteremo-in-auto-castoldi-santanna-non-sostenibile\/","title":{"rendered":"Nella fase 2 ci sposteremo solo in auto? Castoldi (Sant&#8217;Anna): &#8216;Non sar\u00e0 sostenibile&#8217;"},"content":{"rendered":"<p><strong>Ricorreremo alla macchina, quando torneremo a spostarci, con molta pi\u00f9 facilit\u00e0.<\/strong> Lo si legge sui giornali, \u00e8 quello che tutti pensiamo: se i prezzi del carburante saranno appetibili, l<strong>\u2019auto sar\u00e0 la protagonista della ripartenza<\/strong>, o 2.<\/p>\n<p>Dopo anni di svolte green, di incentivi <strong>al trasporto pubblico<\/strong> questo potrebbe perdere terreno e tempo prezioso per avere un peso sulle nuove abitudini delle persone. Mentre i gestori stanno cercando di adeguarsi alle nuove esigenze della societ\u00e0 (distanziamento, protezioni, controlli, ecc,) la vera incognita \u00e8 se l\u2019utenza, se noi tutti, <strong>ci fideremo a salire su un bus, a prendere un treno, a salire in metro.<\/strong><\/p>\n<p>Quando usciremo, usciremo da mesi in cui ci hanno chiesto di evitare gli assembramenti, tornare a farlo per spostarci, anche se per lavoro, richieder\u00e0 tempo, forse lo stesso tempo indispensabile a trovare un vaccino.<\/p>\n<p>Nel frattempo le aziende di trasporto devono anche fare i conti con inevitabili difficolt\u00e0 aziendali.<\/p>\n<p><strong>Eddie Wilson, ceo di Ryanair,<\/strong> che ha ridotto quasi completamente il proprio traffico aereo, lasciando a terra quasi tutti i dipendenti, \u00e8 stato chiaro nel suo <strong>no al distanziamento a bordo<\/strong>. Criticato da pi\u00f9 parti, l\u2019amministratore della compagnia aerea ha per\u00f2 sottolineato che uno dei principali problemi con cui dovr\u00e0 fare i conti il trasporto collettivo \u00e8<strong>&nbsp;il distanziamento sui mezzi.<\/strong><\/p>\n<p>Una necessit\u00e0 non derogabile che dovr\u00e0 trovare la quadra con la domanda di un servizio capillare e utile. Se da un lato rispettare le regole (e quindi il distanziamento) \u00e8 scelta obbligata, dall\u2019altro, il rischio \u00e8 vedere circolare mezzi vuoti con tempi di circolazione allungati e sempre pi\u00f9 utenti insoddisfatti. Nel frattempo, l&#8217;auto potrebbe tornare a riconquistare le strade ingolfando ancora di pi\u00f9 il traffico di quelle citt\u00e0 dove la circolazione \u00e8 promiscua e aumentando lo smog per pedoni e ciclisti.<\/p>\n<p><strong>Ma sar\u00e0 davvero uno scenario inevitabile?<\/strong><\/p>\n<p>\u201c<em>L\u2019auto \u00e8 la scelta pi\u00f9 ovvia ma non potr\u00e0 essere la soluzione al problema a lungo termine<\/em>\u201d, <strong>Piero Castoldi \u00e8 docente di Telecomunicazioni alla Sant\u2019Anna di Pisa<\/strong> ed \u00e8 un esperto di tecnologia applicata ai sistemi di trasporto. Per il professore Castoldi alla base di tutto c\u2019\u00e8 la necessit\u00e0 di <strong>rivedere gli stili di vita della popolazione e di adeguare il trasporto pubblico per renderlo ancora pi\u00f9 competitivo<\/strong>.<\/p>\n<p>\u201c<em>Nel transitorio si pongono problemi di distanziamento che si risolvono sia modificando le abitudini che diversificando l\u2019offerta del servizio pubblico di autobus, delle metropolitane leggere, dei treni e anche degli aerei<\/em>\u201d.<\/p>\n<p>Tutto il contrario, insomma, di quanto affermato dal ceo di Ryanair. <strong>Diversificare l\u2019offerta significa anche potenziarla, aumentare il numero di corse e di treni<\/strong>. L\u2019assessore alla Mobilit\u00e0 della Regione Toscana, Vincenzo Ceccarelli, ha annunciato che \u201cNella Fase 2&nbsp;i treni in circolazione in Toscana passeranno dal 30% al 55% del servizio ordinario&#8221;, 100 unit\u00e0 in pi\u00f9 rispetto a quelli oggi circolanti <a href=\"https:\/\/www.intoscana.it\/it\/societa\/.content\/articolo\/articolo_01018.articolo_intoscana\">(LEGGI)<\/a>.<\/p>\n<p><strong>Ma saranno sufficienti? Fino a quanto pu\u00f2 essere incrementata l\u2019offerta della gomma e del ferro?<\/strong><\/p>\n<p>\u201c<em>I treni hanno dei limiti di capacit\u00e0 dovuti ai tempi di frenata, di scambio, ecc. dovranno quindi essere distribuire meglio le corse, magari con orari diversificati pensati per chi non pu\u00f2 fare lo smart working. La capacit\u00e0 di aumentare le corse dei treni c\u2019\u00e8, anche se ovviamente pi\u00f9 limitata rispetto al bus. E potremmo iniziare a pensare a fasce pi\u00f9 ampie di pendolarismo e a come gestire i flussi dei pendolari<\/em>\u201d.<\/p>\n<p>Proprio sulla gestione dei flussi, \u00e8 impegnato in questo momento il Governo. La <strong>Ministra Paola De Micheli<\/strong> ha annunciato che insieme ai colleghi dell\u2019Economia e dello Sviluppo stanno studiano <strong>lo scaglionamento degli orari degli uffici proprio per decongestionare le fasce pi\u00f9 sovraffollate come quella della mattina.<\/strong><\/p>\n<p><strong>Professore serve anche un cambio di mentalit\u00e0?<\/strong><\/p>\n<p>\u201c<em>La pandemia ha portato tutti noi a riflettere molto sulle nostre scelte. Questo periodo ci sta dimostrando che non abbiamo la necessit\u00e0 estrema di andare in ufficio per lavorare, lo smart working non \u00e8 certo la soluzione a tutti i problemi ma alcune cose si possono fare tranquillamente da casa. Credo che in futuro il pendolarismo per esigenze lavorative verr\u00e0 sempre meno e il lavoro da casa sar\u00e0 accettato dai datori con meno diffidenza di prima<\/em>\u201d.<\/p>\n<p><strong>C\u2019\u00e8 un modello cui guardare?<\/strong><\/p>\n<p>\u201c<em>Penso all\u2019Olanda, alla Germania dove effettivamente il trasporto pubblico \u00e8 molto ben organizzato ma non credo si debba parlare di \u2018modello\u2019, in questi Paesi \u00e8 forte la cultura di spostarsi utilizzando i mezzi pubblici. Se guardiamo all\u2019Olanda poi non possiamo non pensare a quanto sia diffuso l\u00ec l\u2019uso della bicicletta<\/em>\u201d.<\/p>\n<p>Ed \u00e8 anche alla bicicletta che pensa la Ministra De Micheli con <strong>incentivi all\u2019acquisto di bici e bici elettriche e aumentando le piste ciclabili<\/strong>. Un po\u2019 come stanno gi\u00e0 facendo all\u2019esterno (<a href=\"https:\/\/www.intoscana.it\/.content\/articolo\/articolo_02739.articolo_intoscana\">LEGGI<\/a>).<\/p>\n<p><strong>Resta un nodo da sciogliere: ci fideremo a tornare a vivere le strade e le citt\u00e0?<\/strong><\/p>\n<p>\u201c<em>Bisogner\u00e0 vincere la diffidenza, questo star\u00e0 nella capacit\u00e0 di ognuno di noi di farlo ma dovr\u00e0 anche essere presentata una valida offerta. Credo che sia fondamentale riflettere sul fatto che questo periodo cos\u00ec difficile ci d\u00e0 per\u00f2 anche la possibilit\u00e0 di trasformare alcune necessit\u00e0 in opportunit\u00e0 e creare nuovi modelli sostenibili per la nostra vita<\/em>.<\/p>\n<p><strong>A cosa si riferisce?<\/strong><\/p>\n<p>\u201c<em>Penso alle telecomunicaizoni. In questo momento di distanziamento sociale hanno avuto un ruolo fondamentale perch\u00e9 ci stanno permettendo di svolgere a distanza la nostra quotidianit\u00e0. Esistono tecniche come la telemedicina e la teledidattica alle quali applicare in maniera proficua le nostre conoscenze. E che penso troveranno sempre pi\u00f9 spazio in futuro<\/em>\u201d.<\/p>\n<p>A tal proposito, nell\u2019immediato, l\u2019istituto TeCIP (Tecnologie della Comunicazione, Informazione, Percezione) del Sant\u2019Anna e dove insegna Castoldi, \u00e8 tra i partner del progetto <strong>Horizon 2020 \u201cOptima\u201d<\/strong> che ha l\u2019obiettivo di realizzare, grazie a finanziamenti europei, una piattaforma <strong>software&nbsp;che permetta di integrare sistemi informativi diversi ed eterogenei di differenti gestori di infrastruttura<\/strong> che gestiscono il monitoraggio di elementi essenziali e non essenziali. La piattaforma sar\u00e0 validata da tre gestori di infrastruttura partner, tra i quali Rete Ferroviaria Italiana (RFI), per monitorare elementi fondamentali del traffico ferroviario.<\/p>\n","protected":false},"excerpt":{"rendered":"<p>Dopo anni di svolte green, nel post emergenza il mezzo privato potrebbe essere quello pi\u00f9 gettonato dalla popolazione. Si pensa allo scaglionamento degli orari, ma serve un cambio di mentalit\u00e0<\/p>\n","protected":false},"author":503,"featured_media":143693,"comment_status":"open","ping_status":"open","sticky":false,"template":"","format":"standard","meta":{"_acf_changed":false,"footnotes":""},"categories":[494,7],"tags":[184,1577],"class_list":["post-142842","post","type-post","status-publish","format-standard","has-post-thumbnail","hentry","category-attualita","category-societa","tag-mobilita","tag-muoversi-in-toscana"],"acf":[],"yoast_head":"<!-- This site is optimized with the Yoast SEO Premium plugin v24.2 (Yoast SEO v25.6) - https:\/\/yoast.com\/wordpress\/plugins\/seo\/ -->\n<title>Nella fase 2 ci sposteremo solo in auto? Castoldi (Sant&#039;Anna): &#039;Non sar\u00e0 sostenibile&#039; - intoscana<\/title>\n<meta name=\"description\" content=\"Intervista al professor Piero Castoldi del Sant&#039;Anna di Pisa, esperto di tecnologia applicata ai sistemi di trasporto\" \/>\n<meta name=\"robots\" content=\"index, follow, max-snippet:-1, max-image-preview:large, max-video-preview:-1\" \/>\n<link rel=\"canonical\" href=\"https:\/\/www.intoscana.it\/it\/nella-fase-2-ci-sposteremo-in-auto-castoldi-santanna-non-sostenibile\/\" \/>\n<meta property=\"og:locale\" content=\"it_IT\" \/>\n<meta property=\"og:type\" content=\"article\" \/>\n<meta property=\"og:title\" content=\"Nella fase 2 ci sposteremo solo in auto? Castoldi (Sant&#039;Anna): &#039;Non sar\u00e0 sostenibile&#039;\" \/>\n<meta property=\"og:description\" content=\"Intervista al professor Piero Castoldi del Sant&#039;Anna di Pisa, esperto di tecnologia applicata ai sistemi di trasporto\" \/>\n<meta property=\"og:url\" content=\"https:\/\/www.intoscana.it\/it\/nella-fase-2-ci-sposteremo-in-auto-castoldi-santanna-non-sostenibile\/\" \/>\n<meta property=\"og:site_name\" content=\"intoscana\" \/>\n<meta property=\"article:publisher\" content=\"https:\/\/www.facebook.com\/intoscana.it\" \/>\n<meta property=\"article:published_time\" content=\"2020-04-24T15:17:20+00:00\" \/>\n<meta property=\"article:modified_time\" content=\"2020-08-21T09:08:30+00:00\" \/>\n<meta property=\"og:image\" content=\"https:\/\/www.intoscana.it\/wp-content\/uploads\/shutterstock_699673723.jpg\" \/>\n\t<meta property=\"og:image:width\" content=\"2000\" \/>\n\t<meta property=\"og:image:height\" content=\"1325\" \/>\n\t<meta property=\"og:image:type\" content=\"image\/jpeg\" \/>\n<meta name=\"author\" content=\"Giulia Rafanelli\" \/>\n<meta name=\"twitter:card\" content=\"summary_large_image\" \/>\n<meta name=\"twitter:creator\" content=\"@intoscana\" \/>\n<meta name=\"twitter:site\" content=\"@intoscana\" \/>\n<meta name=\"twitter:label1\" content=\"Written by\" \/>\n\t<meta name=\"twitter:data1\" content=\"Giulia Rafanelli\" \/>\n\t<meta name=\"twitter:label2\" content=\"Est. reading time\" \/>\n\t<meta name=\"twitter:data2\" content=\"5 minuti\" \/>\n<script type=\"application\/ld+json\" class=\"yoast-schema-graph\">{\"@context\":\"https:\/\/schema.org\",\"@graph\":[{\"@type\":\"WebPage\",\"@id\":\"https:\/\/www.intoscana.it\/it\/nella-fase-2-ci-sposteremo-in-auto-castoldi-santanna-non-sostenibile\/\",\"url\":\"https:\/\/www.intoscana.it\/it\/nella-fase-2-ci-sposteremo-in-auto-castoldi-santanna-non-sostenibile\/\",\"name\":\"Nella fase 2 ci sposteremo solo in auto? Castoldi (Sant'Anna): 'Non sar\u00e0 sostenibile' - intoscana\",\"isPartOf\":{\"@id\":\"https:\/\/www.intoscana.it\/it\/#website\"},\"primaryImageOfPage\":{\"@id\":\"https:\/\/www.intoscana.it\/it\/nella-fase-2-ci-sposteremo-in-auto-castoldi-santanna-non-sostenibile\/#primaryimage\"},\"image\":{\"@id\":\"https:\/\/www.intoscana.it\/it\/nella-fase-2-ci-sposteremo-in-auto-castoldi-santanna-non-sostenibile\/#primaryimage\"},\"thumbnailUrl\":\"https:\/\/www.intoscana.it\/wp-content\/uploads\/shutterstock_699673723.jpg\",\"datePublished\":\"2020-04-24T15:17:20+00:00\",\"dateModified\":\"2020-08-21T09:08:30+00:00\",\"author\":{\"@id\":\"https:\/\/www.intoscana.it\/it\/#\/schema\/person\/333569b367b301e30262defcea56c939\"},\"description\":\"Intervista al professor Piero Castoldi del Sant'Anna di Pisa, esperto di tecnologia applicata ai sistemi di trasporto\",\"breadcrumb\":{\"@id\":\"https:\/\/www.intoscana.it\/it\/nella-fase-2-ci-sposteremo-in-auto-castoldi-santanna-non-sostenibile\/#breadcrumb\"},\"inLanguage\":\"it-IT\",\"potentialAction\":[{\"@type\":\"ReadAction\",\"target\":[\"https:\/\/www.intoscana.it\/it\/nella-fase-2-ci-sposteremo-in-auto-castoldi-santanna-non-sostenibile\/\"]}]},{\"@type\":\"ImageObject\",\"inLanguage\":\"it-IT\",\"@id\":\"https:\/\/www.intoscana.it\/it\/nella-fase-2-ci-sposteremo-in-auto-castoldi-santanna-non-sostenibile\/#primaryimage\",\"url\":\"https:\/\/www.intoscana.it\/wp-content\/uploads\/shutterstock_699673723.jpg\",\"contentUrl\":\"https:\/\/www.intoscana.it\/wp-content\/uploads\/shutterstock_699673723.jpg\",\"width\":2000,\"height\":1325},{\"@type\":\"BreadcrumbList\",\"@id\":\"https:\/\/www.intoscana.it\/it\/nella-fase-2-ci-sposteremo-in-auto-castoldi-santanna-non-sostenibile\/#breadcrumb\",\"itemListElement\":[{\"@type\":\"ListItem\",\"position\":1,\"name\":\"Home\",\"item\":\"https:\/\/www.intoscana.it\/it\/\"},{\"@type\":\"ListItem\",\"position\":2,\"name\":\"Nella fase 2 ci sposteremo solo in auto? Castoldi (Sant&#8217;Anna): &#8216;Non sar\u00e0 sostenibile&#8217;\"}]},{\"@type\":\"WebSite\",\"@id\":\"https:\/\/www.intoscana.it\/it\/#website\",\"url\":\"https:\/\/www.intoscana.it\/it\/\",\"name\":\"intoscana\",\"description\":\"\",\"potentialAction\":[{\"@type\":\"SearchAction\",\"target\":{\"@type\":\"EntryPoint\",\"urlTemplate\":\"https:\/\/www.intoscana.it\/it\/?s={search_term_string}\"},\"query-input\":{\"@type\":\"PropertyValueSpecification\",\"valueRequired\":true,\"valueName\":\"search_term_string\"}}],\"inLanguage\":\"it-IT\"},{\"@type\":\"Person\",\"@id\":\"https:\/\/www.intoscana.it\/it\/#\/schema\/person\/333569b367b301e30262defcea56c939\",\"name\":\"Giulia Rafanelli\",\"url\":\"https:\/\/www.intoscana.it\/it\/author\/giulia-rafanelli\/\"}]}<\/script>\n<!-- \/ Yoast SEO Premium plugin. -->","yoast_head_json":{"title":"Nella fase 2 ci sposteremo solo in auto? Castoldi (Sant'Anna): 'Non sar\u00e0 sostenibile' - intoscana","description":"Intervista al professor Piero Castoldi del Sant'Anna di Pisa, esperto di tecnologia applicata ai sistemi di trasporto","robots":{"index":"index","follow":"follow","max-snippet":"max-snippet:-1","max-image-preview":"max-image-preview:large","max-video-preview":"max-video-preview:-1"},"canonical":"https:\/\/www.intoscana.it\/it\/nella-fase-2-ci-sposteremo-in-auto-castoldi-santanna-non-sostenibile\/","og_locale":"it_IT","og_type":"article","og_title":"Nella fase 2 ci sposteremo solo in auto? Castoldi (Sant'Anna): 'Non sar\u00e0 sostenibile'","og_description":"Intervista al professor Piero Castoldi del Sant'Anna di Pisa, esperto di tecnologia applicata ai sistemi di trasporto","og_url":"https:\/\/www.intoscana.it\/it\/nella-fase-2-ci-sposteremo-in-auto-castoldi-santanna-non-sostenibile\/","og_site_name":"intoscana","article_publisher":"https:\/\/www.facebook.com\/intoscana.it","article_published_time":"2020-04-24T15:17:20+00:00","article_modified_time":"2020-08-21T09:08:30+00:00","og_image":[{"width":2000,"height":1325,"url":"https:\/\/www.intoscana.it\/wp-content\/uploads\/shutterstock_699673723.jpg","type":"image\/jpeg"}],"author":"Giulia Rafanelli","twitter_card":"summary_large_image","twitter_creator":"@intoscana","twitter_site":"@intoscana","twitter_misc":{"Written by":"Giulia Rafanelli","Est. reading time":"5 minuti"},"schema":{"@context":"https:\/\/schema.org","@graph":[{"@type":"WebPage","@id":"https:\/\/www.intoscana.it\/it\/nella-fase-2-ci-sposteremo-in-auto-castoldi-santanna-non-sostenibile\/","url":"https:\/\/www.intoscana.it\/it\/nella-fase-2-ci-sposteremo-in-auto-castoldi-santanna-non-sostenibile\/","name":"Nella fase 2 ci sposteremo solo in auto? Castoldi (Sant'Anna): 'Non sar\u00e0 sostenibile' - intoscana","isPartOf":{"@id":"https:\/\/www.intoscana.it\/it\/#website"},"primaryImageOfPage":{"@id":"https:\/\/www.intoscana.it\/it\/nella-fase-2-ci-sposteremo-in-auto-castoldi-santanna-non-sostenibile\/#primaryimage"},"image":{"@id":"https:\/\/www.intoscana.it\/it\/nella-fase-2-ci-sposteremo-in-auto-castoldi-santanna-non-sostenibile\/#primaryimage"},"thumbnailUrl":"https:\/\/www.intoscana.it\/wp-content\/uploads\/shutterstock_699673723.jpg","datePublished":"2020-04-24T15:17:20+00:00","dateModified":"2020-08-21T09:08:30+00:00","author":{"@id":"https:\/\/www.intoscana.it\/it\/#\/schema\/person\/333569b367b301e30262defcea56c939"},"description":"Intervista al professor Piero Castoldi del Sant'Anna di Pisa, esperto di tecnologia applicata ai sistemi di trasporto","breadcrumb":{"@id":"https:\/\/www.intoscana.it\/it\/nella-fase-2-ci-sposteremo-in-auto-castoldi-santanna-non-sostenibile\/#breadcrumb"},"inLanguage":"it-IT","potentialAction":[{"@type":"ReadAction","target":["https:\/\/www.intoscana.it\/it\/nella-fase-2-ci-sposteremo-in-auto-castoldi-santanna-non-sostenibile\/"]}]},{"@type":"ImageObject","inLanguage":"it-IT","@id":"https:\/\/www.intoscana.it\/it\/nella-fase-2-ci-sposteremo-in-auto-castoldi-santanna-non-sostenibile\/#primaryimage","url":"https:\/\/www.intoscana.it\/wp-content\/uploads\/shutterstock_699673723.jpg","contentUrl":"https:\/\/www.intoscana.it\/wp-content\/uploads\/shutterstock_699673723.jpg","width":2000,"height":1325},{"@type":"BreadcrumbList","@id":"https:\/\/www.intoscana.it\/it\/nella-fase-2-ci-sposteremo-in-auto-castoldi-santanna-non-sostenibile\/#breadcrumb","itemListElement":[{"@type":"ListItem","position":1,"name":"Home","item":"https:\/\/www.intoscana.it\/it\/"},{"@type":"ListItem","position":2,"name":"Nella fase 2 ci sposteremo solo in auto? Castoldi (Sant&#8217;Anna): &#8216;Non sar\u00e0 sostenibile&#8217;"}]},{"@type":"WebSite","@id":"https:\/\/www.intoscana.it\/it\/#website","url":"https:\/\/www.intoscana.it\/it\/","name":"intoscana","description":"","potentialAction":[{"@type":"SearchAction","target":{"@type":"EntryPoint","urlTemplate":"https:\/\/www.intoscana.it\/it\/?s={search_term_string}"},"query-input":{"@type":"PropertyValueSpecification","valueRequired":true,"valueName":"search_term_string"}}],"inLanguage":"it-IT"},{"@type":"Person","@id":"https:\/\/www.intoscana.it\/it\/#\/schema\/person\/333569b367b301e30262defcea56c939","name":"Giulia Rafanelli","url":"https:\/\/www.intoscana.it\/it\/author\/giulia-rafanelli\/"}]}},"_links":{"self":[{"href":"https:\/\/www.intoscana.it\/it\/wp-json\/wp\/v2\/posts\/142842","targetHints":{"allow":["GET"]}}],"collection":[{"href":"https:\/\/www.intoscana.it\/it\/wp-json\/wp\/v2\/posts"}],"about":[{"href":"https:\/\/www.intoscana.it\/it\/wp-json\/wp\/v2\/types\/post"}],"author":[{"embeddable":true,"href":"https:\/\/www.intoscana.it\/it\/wp-json\/wp\/v2\/users\/503"}],"replies":[{"embeddable":true,"href":"https:\/\/www.intoscana.it\/it\/wp-json\/wp\/v2\/comments?post=142842"}],"version-history":[{"count":0,"href":"https:\/\/www.intoscana.it\/it\/wp-json\/wp\/v2\/posts\/142842\/revisions"}],"wp:featuredmedia":[{"embeddable":true,"href":"https:\/\/www.intoscana.it\/it\/wp-json\/wp\/v2\/media\/143693"}],"wp:attachment":[{"href":"https:\/\/www.intoscana.it\/it\/wp-json\/wp\/v2\/media?parent=142842"}],"wp:term":[{"taxonomy":"category","embeddable":true,"href":"https:\/\/www.intoscana.it\/it\/wp-json\/wp\/v2\/categories?post=142842"},{"taxonomy":"post_tag","embeddable":true,"href":"https:\/\/www.intoscana.it\/it\/wp-json\/wp\/v2\/tags?post=142842"}],"curies":[{"name":"wp","href":"https:\/\/api.w.org\/{rel}","templated":true}]}}