{"id":142846,"date":"2020-04-24T16:43:57","date_gmt":"2020-04-24T14:43:57","guid":{"rendered":"https:\/\/www.intoscana.it\/liberazione-barni-trovare-nuove-strade-per-il-nostro-futuro-di-pace\/"},"modified":"2020-08-10T10:20:53","modified_gmt":"2020-08-10T08:20:53","slug":"25-aprile-barni","status":"publish","type":"post","link":"https:\/\/www.intoscana.it\/it\/25-aprile-barni\/","title":{"rendered":"Liberazione, Barni: &#8220;Trovare nuove strade per il nostro futuro di pace&#8217;"},"content":{"rendered":"<p><em>&#8216;Trovare nuove strade per il nostro comune futuro, affinch\u00e8 sia un futuro di pace, di integrazione tra i popoli, di salvaguardia del pianeta, di recupero di solidariet\u00e0 superando, come allora, divisioni e interessi di parte&#8217;<\/em>. Queste le parole della vicepresidente della Regione Toscana <strong>Monica Barni<\/strong> nel suo saluto in occasione del 75esimo anniversario dalla Liberazione dal nazifascismo.&nbsp;<\/p>\n<p><em>\u201cPer celebrare l\u2019anniversario della Liberazione dal nazi-fascismo<\/em> \u2013 prosegue la vicepresidente e assessore alla cultura \u2013 <em>la Regione Toscana \u00e8 sempre stata in piazza accanto alle cittadine e ai cittadini per ricordare la storia del popolo italiano che si \u00e8 battuto per la libert\u00e0 e non ha esitato davanti ad alcun sacrificio per poter conseguire il pieno riconoscimento dei suoi diritti civili. La sua \u00e8 una storia fatta di morti, macerie, dolore e rabbia.&nbsp;Oggi&nbsp;non possiamo celebrarlo come sempre:&nbsp;sar\u00e0 un 25&nbsp;aprile&nbsp;senza piazze. Ci troviamo in un momento in cui le nostre relazioni sociali sono limitate,&nbsp;le libert\u00e0 personali sospese, perch\u00e9 vogliamo salvare gli altri e noi stessi dal rischio di morte. Ma questi momenti ci fanno percepire quanto \u00e8 duro non godere della libert\u00e0\u201d.<\/em><\/p>\n<p><em>\u201cQuella sfida<\/em> \u2013 chiosa <strong>&nbsp;Barni<\/strong> &#8211; <em>75 anni fa fu vinta grazie al sacrificio di tante donne e uomini. Fu necessario superare divergenze e rivalit\u00e0 per lavorare alla rinascita di un paese distrutto, e alla costruzione di uno stato democratico basato sui valori della nostra costituzione. Proprio come allora, anche se in un clima assai diverso, dobbiamo essere consapevoli che non si far\u00e0 mai abbastanza per tutelare e difendere il bene pi\u00f9 grande che l\u2019uomo possiede: la sua libert\u00e0\u201d.<\/em><\/p>\n<p>&nbsp;<\/p>\n<p>&nbsp;<\/p>\n<p>&nbsp;<\/p>\n","protected":false},"excerpt":{"rendered":"<p>Il saluto della vicepresidente della Regione Toscana in occasione del 75esimo anniversario della Liberazione dal nazifascismo. &#8216;Sar\u00e0 un 25&nbsp;aprile&nbsp;senza piazze ma questi momenti ci fanno percepire quanto \u00e8 duro non godere della libert\u00e0&#8217;<\/p>\n","protected":false},"author":525,"featured_media":143697,"comment_status":"open","ping_status":"open","sticky":false,"template":"","format":"standard","meta":{"_acf_changed":false,"footnotes":""},"categories":[494,7],"tags":[],"class_list":["post-142846","post","type-post","status-publish","format-standard","has-post-thumbnail","hentry","category-attualita","category-societa"],"acf":[],"yoast_head":"<!-- This site is optimized with the Yoast SEO Premium plugin v24.2 (Yoast SEO v25.6) - https:\/\/yoast.com\/wordpress\/plugins\/seo\/ -->\n<title>Liberazione, Barni: &quot;Trovare nuove strade per il nostro futuro di pace&#039; - intoscana<\/title>\n<meta name=\"description\" content=\"Toscana, la vicepresidente Monica Barni nel suo saluto spiega che sar\u00e0 un 25\u00a0aprile\u00a0senza piazze ma oggi percepiamo quanto \u00e8 duro non godere della libert\u00e0&#039;.\" \/>\n<meta name=\"robots\" content=\"index, follow, max-snippet:-1, max-image-preview:large, max-video-preview:-1\" \/>\n<link rel=\"canonical\" href=\"https:\/\/www.intoscana.it\/it\/25-aprile-barni\/\" \/>\n<meta property=\"og:locale\" content=\"it_IT\" \/>\n<meta property=\"og:type\" content=\"article\" \/>\n<meta property=\"og:title\" content=\"Liberazione, Barni: &quot;Trovare nuove strade per il nostro futuro di pace&#039;\" \/>\n<meta property=\"og:description\" content=\"Toscana, la vicepresidente Monica Barni nel suo saluto spiega che sar\u00e0 un 25\u00a0aprile\u00a0senza piazze ma oggi percepiamo quanto \u00e8 duro non godere della libert\u00e0&#039;.\" \/>\n<meta property=\"og:url\" content=\"https:\/\/www.intoscana.it\/it\/25-aprile-barni\/\" \/>\n<meta property=\"og:site_name\" content=\"intoscana\" \/>\n<meta property=\"article:publisher\" content=\"https:\/\/www.facebook.com\/intoscana.it\" \/>\n<meta property=\"article:published_time\" content=\"2020-04-24T14:43:57+00:00\" \/>\n<meta property=\"article:modified_time\" content=\"2020-08-10T08:20:53+00:00\" \/>\n<meta property=\"og:image\" content=\"https:\/\/www.intoscana.it\/wp-content\/uploads\/monica-barni-001-1.jpeg\" \/>\n\t<meta property=\"og:image:width\" content=\"650\" \/>\n\t<meta property=\"og:image:height\" content=\"417\" \/>\n\t<meta property=\"og:image:type\" content=\"image\/jpeg\" \/>\n<meta name=\"author\" content=\"Redazione\" \/>\n<meta name=\"twitter:card\" content=\"summary_large_image\" \/>\n<meta name=\"twitter:creator\" content=\"@intoscana\" \/>\n<meta name=\"twitter:site\" content=\"@intoscana\" \/>\n<meta name=\"twitter:label1\" content=\"Written by\" \/>\n\t<meta name=\"twitter:data1\" content=\"Redazione\" \/>\n\t<meta name=\"twitter:label2\" content=\"Est. reading time\" \/>\n\t<meta name=\"twitter:data2\" content=\"1 minuto\" \/>\n<script type=\"application\/ld+json\" class=\"yoast-schema-graph\">{\"@context\":\"https:\/\/schema.org\",\"@graph\":[{\"@type\":\"WebPage\",\"@id\":\"https:\/\/www.intoscana.it\/it\/25-aprile-barni\/\",\"url\":\"https:\/\/www.intoscana.it\/it\/25-aprile-barni\/\",\"name\":\"Liberazione, Barni: \\\"Trovare nuove strade per il nostro futuro di pace' - intoscana\",\"isPartOf\":{\"@id\":\"https:\/\/www.intoscana.it\/it\/#website\"},\"primaryImageOfPage\":{\"@id\":\"https:\/\/www.intoscana.it\/it\/25-aprile-barni\/#primaryimage\"},\"image\":{\"@id\":\"https:\/\/www.intoscana.it\/it\/25-aprile-barni\/#primaryimage\"},\"thumbnailUrl\":\"https:\/\/www.intoscana.it\/wp-content\/uploads\/monica-barni-001-1.jpeg\",\"datePublished\":\"2020-04-24T14:43:57+00:00\",\"dateModified\":\"2020-08-10T08:20:53+00:00\",\"author\":{\"@id\":\"https:\/\/www.intoscana.it\/it\/#\/schema\/person\/9223810753230f20bd670fdd322661f8\"},\"description\":\"Toscana, la vicepresidente Monica Barni nel suo saluto spiega che sar\u00e0 un 25\u00a0aprile\u00a0senza piazze ma oggi percepiamo quanto \u00e8 duro non godere della libert\u00e0'.\",\"breadcrumb\":{\"@id\":\"https:\/\/www.intoscana.it\/it\/25-aprile-barni\/#breadcrumb\"},\"inLanguage\":\"it-IT\",\"potentialAction\":[{\"@type\":\"ReadAction\",\"target\":[\"https:\/\/www.intoscana.it\/it\/25-aprile-barni\/\"]}]},{\"@type\":\"ImageObject\",\"inLanguage\":\"it-IT\",\"@id\":\"https:\/\/www.intoscana.it\/it\/25-aprile-barni\/#primaryimage\",\"url\":\"https:\/\/www.intoscana.it\/wp-content\/uploads\/monica-barni-001-1.jpeg\",\"contentUrl\":\"https:\/\/www.intoscana.it\/wp-content\/uploads\/monica-barni-001-1.jpeg\",\"width\":650,\"height\":417,\"caption\":\"Il saluto della vicepresidente della Regione Toscana Monica Barni per il 25 aprile.\"},{\"@type\":\"BreadcrumbList\",\"@id\":\"https:\/\/www.intoscana.it\/it\/25-aprile-barni\/#breadcrumb\",\"itemListElement\":[{\"@type\":\"ListItem\",\"position\":1,\"name\":\"Home\",\"item\":\"https:\/\/www.intoscana.it\/it\/\"},{\"@type\":\"ListItem\",\"position\":2,\"name\":\"Liberazione, Barni: &#8220;Trovare nuove strade per il nostro futuro di pace&#8217;\"}]},{\"@type\":\"WebSite\",\"@id\":\"https:\/\/www.intoscana.it\/it\/#website\",\"url\":\"https:\/\/www.intoscana.it\/it\/\",\"name\":\"intoscana\",\"description\":\"\",\"potentialAction\":[{\"@type\":\"SearchAction\",\"target\":{\"@type\":\"EntryPoint\",\"urlTemplate\":\"https:\/\/www.intoscana.it\/it\/?s={search_term_string}\"},\"query-input\":{\"@type\":\"PropertyValueSpecification\",\"valueRequired\":true,\"valueName\":\"search_term_string\"}}],\"inLanguage\":\"it-IT\"},{\"@type\":\"Person\",\"@id\":\"https:\/\/www.intoscana.it\/it\/#\/schema\/person\/9223810753230f20bd670fdd322661f8\",\"name\":\"Redazione\",\"url\":\"https:\/\/www.intoscana.it\/it\/author\/redazione\/\"}]}<\/script>\n<!-- \/ Yoast SEO Premium plugin. -->","yoast_head_json":{"title":"Liberazione, Barni: \"Trovare nuove strade per il nostro futuro di pace' - intoscana","description":"Toscana, la vicepresidente Monica Barni nel suo saluto spiega che sar\u00e0 un 25\u00a0aprile\u00a0senza piazze ma oggi percepiamo quanto \u00e8 duro non godere della libert\u00e0'.","robots":{"index":"index","follow":"follow","max-snippet":"max-snippet:-1","max-image-preview":"max-image-preview:large","max-video-preview":"max-video-preview:-1"},"canonical":"https:\/\/www.intoscana.it\/it\/25-aprile-barni\/","og_locale":"it_IT","og_type":"article","og_title":"Liberazione, Barni: \"Trovare nuove strade per il nostro futuro di pace'","og_description":"Toscana, la vicepresidente Monica Barni nel suo saluto spiega che sar\u00e0 un 25\u00a0aprile\u00a0senza piazze ma oggi percepiamo quanto \u00e8 duro non godere della libert\u00e0'.","og_url":"https:\/\/www.intoscana.it\/it\/25-aprile-barni\/","og_site_name":"intoscana","article_publisher":"https:\/\/www.facebook.com\/intoscana.it","article_published_time":"2020-04-24T14:43:57+00:00","article_modified_time":"2020-08-10T08:20:53+00:00","og_image":[{"width":650,"height":417,"url":"https:\/\/www.intoscana.it\/wp-content\/uploads\/monica-barni-001-1.jpeg","type":"image\/jpeg"}],"author":"Redazione","twitter_card":"summary_large_image","twitter_creator":"@intoscana","twitter_site":"@intoscana","twitter_misc":{"Written by":"Redazione","Est. reading time":"1 minuto"},"schema":{"@context":"https:\/\/schema.org","@graph":[{"@type":"WebPage","@id":"https:\/\/www.intoscana.it\/it\/25-aprile-barni\/","url":"https:\/\/www.intoscana.it\/it\/25-aprile-barni\/","name":"Liberazione, Barni: \"Trovare nuove strade per il nostro futuro di pace' - intoscana","isPartOf":{"@id":"https:\/\/www.intoscana.it\/it\/#website"},"primaryImageOfPage":{"@id":"https:\/\/www.intoscana.it\/it\/25-aprile-barni\/#primaryimage"},"image":{"@id":"https:\/\/www.intoscana.it\/it\/25-aprile-barni\/#primaryimage"},"thumbnailUrl":"https:\/\/www.intoscana.it\/wp-content\/uploads\/monica-barni-001-1.jpeg","datePublished":"2020-04-24T14:43:57+00:00","dateModified":"2020-08-10T08:20:53+00:00","author":{"@id":"https:\/\/www.intoscana.it\/it\/#\/schema\/person\/9223810753230f20bd670fdd322661f8"},"description":"Toscana, la vicepresidente Monica Barni nel suo saluto spiega che sar\u00e0 un 25\u00a0aprile\u00a0senza piazze ma oggi percepiamo quanto \u00e8 duro non godere della libert\u00e0'.","breadcrumb":{"@id":"https:\/\/www.intoscana.it\/it\/25-aprile-barni\/#breadcrumb"},"inLanguage":"it-IT","potentialAction":[{"@type":"ReadAction","target":["https:\/\/www.intoscana.it\/it\/25-aprile-barni\/"]}]},{"@type":"ImageObject","inLanguage":"it-IT","@id":"https:\/\/www.intoscana.it\/it\/25-aprile-barni\/#primaryimage","url":"https:\/\/www.intoscana.it\/wp-content\/uploads\/monica-barni-001-1.jpeg","contentUrl":"https:\/\/www.intoscana.it\/wp-content\/uploads\/monica-barni-001-1.jpeg","width":650,"height":417,"caption":"Il saluto della vicepresidente della Regione Toscana Monica Barni per il 25 aprile."},{"@type":"BreadcrumbList","@id":"https:\/\/www.intoscana.it\/it\/25-aprile-barni\/#breadcrumb","itemListElement":[{"@type":"ListItem","position":1,"name":"Home","item":"https:\/\/www.intoscana.it\/it\/"},{"@type":"ListItem","position":2,"name":"Liberazione, Barni: &#8220;Trovare nuove strade per il nostro futuro di pace&#8217;"}]},{"@type":"WebSite","@id":"https:\/\/www.intoscana.it\/it\/#website","url":"https:\/\/www.intoscana.it\/it\/","name":"intoscana","description":"","potentialAction":[{"@type":"SearchAction","target":{"@type":"EntryPoint","urlTemplate":"https:\/\/www.intoscana.it\/it\/?s={search_term_string}"},"query-input":{"@type":"PropertyValueSpecification","valueRequired":true,"valueName":"search_term_string"}}],"inLanguage":"it-IT"},{"@type":"Person","@id":"https:\/\/www.intoscana.it\/it\/#\/schema\/person\/9223810753230f20bd670fdd322661f8","name":"Redazione","url":"https:\/\/www.intoscana.it\/it\/author\/redazione\/"}]}},"_links":{"self":[{"href":"https:\/\/www.intoscana.it\/it\/wp-json\/wp\/v2\/posts\/142846","targetHints":{"allow":["GET"]}}],"collection":[{"href":"https:\/\/www.intoscana.it\/it\/wp-json\/wp\/v2\/posts"}],"about":[{"href":"https:\/\/www.intoscana.it\/it\/wp-json\/wp\/v2\/types\/post"}],"author":[{"embeddable":true,"href":"https:\/\/www.intoscana.it\/it\/wp-json\/wp\/v2\/users\/525"}],"replies":[{"embeddable":true,"href":"https:\/\/www.intoscana.it\/it\/wp-json\/wp\/v2\/comments?post=142846"}],"version-history":[{"count":0,"href":"https:\/\/www.intoscana.it\/it\/wp-json\/wp\/v2\/posts\/142846\/revisions"}],"wp:featuredmedia":[{"embeddable":true,"href":"https:\/\/www.intoscana.it\/it\/wp-json\/wp\/v2\/media\/143697"}],"wp:attachment":[{"href":"https:\/\/www.intoscana.it\/it\/wp-json\/wp\/v2\/media?parent=142846"}],"wp:term":[{"taxonomy":"category","embeddable":true,"href":"https:\/\/www.intoscana.it\/it\/wp-json\/wp\/v2\/categories?post=142846"},{"taxonomy":"post_tag","embeddable":true,"href":"https:\/\/www.intoscana.it\/it\/wp-json\/wp\/v2\/tags?post=142846"}],"curies":[{"name":"wp","href":"https:\/\/api.w.org\/{rel}","templated":true}]}}