{"id":142848,"date":"2020-04-24T17:21:12","date_gmt":"2020-04-24T15:21:12","guid":{"rendered":"https:\/\/www.intoscana.it\/mascherine-gratis-da-lunedi-solo-tramite-farmacie-e-comuni-gia-distribuite-185-milioni\/"},"modified":"2020-08-10T10:20:54","modified_gmt":"2020-08-10T08:20:54","slug":"mascherine-gratis-farmacia","status":"publish","type":"post","link":"https:\/\/www.intoscana.it\/it\/mascherine-gratis-farmacia\/","title":{"rendered":"Mascherine gratis: da luned\u00ec solo tramite farmacie e Comuni. Gi\u00e0 distribuite 18,5 milioni"},"content":{"rendered":"<p><strong>Da luned\u00ec 27 aprile la distribuzione delle mascherine gratis da parte della Regione ai cittadini continuer\u00e0 solo tramite le farmacie e i Comuni<\/strong> e non pi\u00f9 nei canali della grande distribuzione. <br \/><strong>Lo ha annunciato in una diretta su Facebook il presidente della Toscana Enrico Rossi,<\/strong> che ha reso noti i numeri dell\u2019operazione mascherine, unica nel panorama italiano: <strong>sono infatti in tutto 18 milioni e mezzo i dispositivi forniti gratuitamente alla cittadinanza,<\/strong> 8 milioni e mezzo di pezzi li hanno distribuiti i Comuni toscani a domicilio, mentre da luned\u00ec ad oggi sono 10 milioni quelle della Regione che sono state consegnate nelle farmacie e nei centri commerciali.<\/p>\n<p>\u201cSo che sono avvenuti anche abusi e accaparramenti che io condanno duramente, eticamente prima che dal punto di vista legale, sono comportamenti da stigmatizzare\u201d ha commentato il presidente Rossi. Da luned\u00ec le mascherine della Regione saranno distribuite nelle 1200 farmacie che coprono tutto il territorio toscano.<br \/><strong>\u201cIl nostro obiettivo \u00e8 che ogni giorno affluiscano da 1 milione e mezzo a 2 milioni di mascherine, confezionate in pacchetti da cinque \u2013<\/strong> spiega Rossi \u2013 vogliamo garantire ai cittadini della Toscana almeno una mascherina al giorno.\u201d<\/p>\n<p><strong>Per evitare le file e gli assembramenti il presidente Rossi lancia un consiglio: recarsi in farmacia seguendo il criterio alfabetico.<\/strong>&nbsp;Luned\u00ec tutti i cognomi dalla A alla L e marted\u00ec tutti quelli dalla M alla Z e cos\u00ec via, alternandosi nei giorni seguenti con questo criterio. <br \/>\u201cNoi siamo certi che riusciremo a raggiungere tutti quanti, <strong>non lasceremo nessuno solo \u2013 conclude Rossi \u2013 i Comuni continueranno da parte loro a garantire un flusso di mascherine distribuite casa per casa<\/strong>, rivolgendosi in particolare agli anziani, ai disabili, a chi ha difficolt\u00e0 a recarsi nelle farmacie. Anche a loro garantiremo uno stock di mascherine che arriveranno regolarmente.\u201d<br \/>Un\u2019operazione resa possibile anche grazie all\u2019autoproduzione: <strong>circa 1 milione e mezzo di mascherine al giorno infatti vengono realizzate in Toscana.<\/strong><\/p>\n","protected":false},"excerpt":{"rendered":"<p>In Toscana continua la distribuzione delle mascherine a un ritmo di 1,5-2 milioni al giorno. Il presidente Rossi: &#8220;Raggiungeremo tutti quanti, non lasceremo indietro nessuno&#8221;<\/p>\n","protected":false},"author":525,"featured_media":143699,"comment_status":"open","ping_status":"open","sticky":false,"template":"","format":"standard","meta":{"_acf_changed":false,"footnotes":""},"categories":[494,7],"tags":[],"class_list":["post-142848","post","type-post","status-publish","format-standard","has-post-thumbnail","hentry","category-attualita","category-societa"],"acf":[],"yoast_head":"<!-- This site is optimized with the Yoast SEO Premium plugin v24.2 (Yoast SEO v25.6) - https:\/\/yoast.com\/wordpress\/plugins\/seo\/ -->\n<title>Mascherine gratis: da luned\u00ec solo tramite farmacie e Comuni. Gi\u00e0 distribuite 18,5 milioni - intoscana<\/title>\n<meta name=\"robots\" content=\"index, follow, max-snippet:-1, max-image-preview:large, max-video-preview:-1\" \/>\n<link rel=\"canonical\" href=\"https:\/\/www.intoscana.it\/it\/mascherine-gratis-farmacia\/\" \/>\n<meta property=\"og:locale\" content=\"it_IT\" \/>\n<meta property=\"og:type\" content=\"article\" \/>\n<meta property=\"og:title\" content=\"Mascherine gratis: da luned\u00ec solo tramite farmacie e Comuni. Gi\u00e0 distribuite 18,5 milioni\" \/>\n<meta property=\"og:description\" content=\"In Toscana continua la distribuzione delle mascherine a un ritmo di 1,5-2 milioni al giorno. Il presidente Rossi: &quot;Raggiungeremo tutti quanti, non lasceremo indietro nessuno&quot;\" \/>\n<meta property=\"og:url\" content=\"https:\/\/www.intoscana.it\/it\/mascherine-gratis-farmacia\/\" \/>\n<meta property=\"og:site_name\" content=\"intoscana\" \/>\n<meta property=\"article:publisher\" content=\"https:\/\/www.facebook.com\/intoscana.it\" \/>\n<meta property=\"article:published_time\" content=\"2020-04-24T15:21:12+00:00\" \/>\n<meta property=\"article:modified_time\" content=\"2020-08-10T08:20:54+00:00\" \/>\n<meta property=\"og:image\" content=\"https:\/\/www.intoscana.it\/wp-content\/uploads\/shutterstock_1632557005-1.jpg\" \/>\n\t<meta property=\"og:image:width\" content=\"2000\" \/>\n\t<meta property=\"og:image:height\" content=\"1333\" \/>\n\t<meta property=\"og:image:type\" content=\"image\/jpeg\" \/>\n<meta name=\"author\" content=\"Redazione\" \/>\n<meta name=\"twitter:card\" content=\"summary_large_image\" \/>\n<meta name=\"twitter:creator\" content=\"@intoscana\" \/>\n<meta name=\"twitter:site\" content=\"@intoscana\" \/>\n<meta name=\"twitter:label1\" content=\"Written by\" \/>\n\t<meta name=\"twitter:data1\" content=\"Redazione\" \/>\n\t<meta name=\"twitter:label2\" content=\"Est. reading time\" \/>\n\t<meta name=\"twitter:data2\" content=\"2 minuti\" \/>\n<script type=\"application\/ld+json\" class=\"yoast-schema-graph\">{\"@context\":\"https:\/\/schema.org\",\"@graph\":[{\"@type\":\"WebPage\",\"@id\":\"https:\/\/www.intoscana.it\/it\/mascherine-gratis-farmacia\/\",\"url\":\"https:\/\/www.intoscana.it\/it\/mascherine-gratis-farmacia\/\",\"name\":\"Mascherine gratis: da luned\u00ec solo tramite farmacie e Comuni. Gi\u00e0 distribuite 18,5 milioni - intoscana\",\"isPartOf\":{\"@id\":\"https:\/\/www.intoscana.it\/it\/#website\"},\"primaryImageOfPage\":{\"@id\":\"https:\/\/www.intoscana.it\/it\/mascherine-gratis-farmacia\/#primaryimage\"},\"image\":{\"@id\":\"https:\/\/www.intoscana.it\/it\/mascherine-gratis-farmacia\/#primaryimage\"},\"thumbnailUrl\":\"https:\/\/www.intoscana.it\/wp-content\/uploads\/shutterstock_1632557005-1.jpg\",\"datePublished\":\"2020-04-24T15:21:12+00:00\",\"dateModified\":\"2020-08-10T08:20:54+00:00\",\"author\":{\"@id\":\"https:\/\/www.intoscana.it\/it\/#\/schema\/person\/9223810753230f20bd670fdd322661f8\"},\"breadcrumb\":{\"@id\":\"https:\/\/www.intoscana.it\/it\/mascherine-gratis-farmacia\/#breadcrumb\"},\"inLanguage\":\"it-IT\",\"potentialAction\":[{\"@type\":\"ReadAction\",\"target\":[\"https:\/\/www.intoscana.it\/it\/mascherine-gratis-farmacia\/\"]}]},{\"@type\":\"ImageObject\",\"inLanguage\":\"it-IT\",\"@id\":\"https:\/\/www.intoscana.it\/it\/mascherine-gratis-farmacia\/#primaryimage\",\"url\":\"https:\/\/www.intoscana.it\/wp-content\/uploads\/shutterstock_1632557005-1.jpg\",\"contentUrl\":\"https:\/\/www.intoscana.it\/wp-content\/uploads\/shutterstock_1632557005-1.jpg\",\"width\":2000,\"height\":1333,\"caption\":\"Mascherine contro il Coronavirus\"},{\"@type\":\"BreadcrumbList\",\"@id\":\"https:\/\/www.intoscana.it\/it\/mascherine-gratis-farmacia\/#breadcrumb\",\"itemListElement\":[{\"@type\":\"ListItem\",\"position\":1,\"name\":\"Home\",\"item\":\"https:\/\/www.intoscana.it\/it\/\"},{\"@type\":\"ListItem\",\"position\":2,\"name\":\"Mascherine gratis: da luned\u00ec solo tramite farmacie e Comuni. Gi\u00e0 distribuite 18,5 milioni\"}]},{\"@type\":\"WebSite\",\"@id\":\"https:\/\/www.intoscana.it\/it\/#website\",\"url\":\"https:\/\/www.intoscana.it\/it\/\",\"name\":\"intoscana\",\"description\":\"\",\"potentialAction\":[{\"@type\":\"SearchAction\",\"target\":{\"@type\":\"EntryPoint\",\"urlTemplate\":\"https:\/\/www.intoscana.it\/it\/?s={search_term_string}\"},\"query-input\":{\"@type\":\"PropertyValueSpecification\",\"valueRequired\":true,\"valueName\":\"search_term_string\"}}],\"inLanguage\":\"it-IT\"},{\"@type\":\"Person\",\"@id\":\"https:\/\/www.intoscana.it\/it\/#\/schema\/person\/9223810753230f20bd670fdd322661f8\",\"name\":\"Redazione\",\"url\":\"https:\/\/www.intoscana.it\/it\/author\/redazione\/\"}]}<\/script>\n<!-- \/ Yoast SEO Premium plugin. -->","yoast_head_json":{"title":"Mascherine gratis: da luned\u00ec solo tramite farmacie e Comuni. Gi\u00e0 distribuite 18,5 milioni - intoscana","robots":{"index":"index","follow":"follow","max-snippet":"max-snippet:-1","max-image-preview":"max-image-preview:large","max-video-preview":"max-video-preview:-1"},"canonical":"https:\/\/www.intoscana.it\/it\/mascherine-gratis-farmacia\/","og_locale":"it_IT","og_type":"article","og_title":"Mascherine gratis: da luned\u00ec solo tramite farmacie e Comuni. Gi\u00e0 distribuite 18,5 milioni","og_description":"In Toscana continua la distribuzione delle mascherine a un ritmo di 1,5-2 milioni al giorno. Il presidente Rossi: \"Raggiungeremo tutti quanti, non lasceremo indietro nessuno\"","og_url":"https:\/\/www.intoscana.it\/it\/mascherine-gratis-farmacia\/","og_site_name":"intoscana","article_publisher":"https:\/\/www.facebook.com\/intoscana.it","article_published_time":"2020-04-24T15:21:12+00:00","article_modified_time":"2020-08-10T08:20:54+00:00","og_image":[{"width":2000,"height":1333,"url":"https:\/\/www.intoscana.it\/wp-content\/uploads\/shutterstock_1632557005-1.jpg","type":"image\/jpeg"}],"author":"Redazione","twitter_card":"summary_large_image","twitter_creator":"@intoscana","twitter_site":"@intoscana","twitter_misc":{"Written by":"Redazione","Est. reading time":"2 minuti"},"schema":{"@context":"https:\/\/schema.org","@graph":[{"@type":"WebPage","@id":"https:\/\/www.intoscana.it\/it\/mascherine-gratis-farmacia\/","url":"https:\/\/www.intoscana.it\/it\/mascherine-gratis-farmacia\/","name":"Mascherine gratis: da luned\u00ec solo tramite farmacie e Comuni. Gi\u00e0 distribuite 18,5 milioni - intoscana","isPartOf":{"@id":"https:\/\/www.intoscana.it\/it\/#website"},"primaryImageOfPage":{"@id":"https:\/\/www.intoscana.it\/it\/mascherine-gratis-farmacia\/#primaryimage"},"image":{"@id":"https:\/\/www.intoscana.it\/it\/mascherine-gratis-farmacia\/#primaryimage"},"thumbnailUrl":"https:\/\/www.intoscana.it\/wp-content\/uploads\/shutterstock_1632557005-1.jpg","datePublished":"2020-04-24T15:21:12+00:00","dateModified":"2020-08-10T08:20:54+00:00","author":{"@id":"https:\/\/www.intoscana.it\/it\/#\/schema\/person\/9223810753230f20bd670fdd322661f8"},"breadcrumb":{"@id":"https:\/\/www.intoscana.it\/it\/mascherine-gratis-farmacia\/#breadcrumb"},"inLanguage":"it-IT","potentialAction":[{"@type":"ReadAction","target":["https:\/\/www.intoscana.it\/it\/mascherine-gratis-farmacia\/"]}]},{"@type":"ImageObject","inLanguage":"it-IT","@id":"https:\/\/www.intoscana.it\/it\/mascherine-gratis-farmacia\/#primaryimage","url":"https:\/\/www.intoscana.it\/wp-content\/uploads\/shutterstock_1632557005-1.jpg","contentUrl":"https:\/\/www.intoscana.it\/wp-content\/uploads\/shutterstock_1632557005-1.jpg","width":2000,"height":1333,"caption":"Mascherine contro il Coronavirus"},{"@type":"BreadcrumbList","@id":"https:\/\/www.intoscana.it\/it\/mascherine-gratis-farmacia\/#breadcrumb","itemListElement":[{"@type":"ListItem","position":1,"name":"Home","item":"https:\/\/www.intoscana.it\/it\/"},{"@type":"ListItem","position":2,"name":"Mascherine gratis: da luned\u00ec solo tramite farmacie e Comuni. Gi\u00e0 distribuite 18,5 milioni"}]},{"@type":"WebSite","@id":"https:\/\/www.intoscana.it\/it\/#website","url":"https:\/\/www.intoscana.it\/it\/","name":"intoscana","description":"","potentialAction":[{"@type":"SearchAction","target":{"@type":"EntryPoint","urlTemplate":"https:\/\/www.intoscana.it\/it\/?s={search_term_string}"},"query-input":{"@type":"PropertyValueSpecification","valueRequired":true,"valueName":"search_term_string"}}],"inLanguage":"it-IT"},{"@type":"Person","@id":"https:\/\/www.intoscana.it\/it\/#\/schema\/person\/9223810753230f20bd670fdd322661f8","name":"Redazione","url":"https:\/\/www.intoscana.it\/it\/author\/redazione\/"}]}},"_links":{"self":[{"href":"https:\/\/www.intoscana.it\/it\/wp-json\/wp\/v2\/posts\/142848","targetHints":{"allow":["GET"]}}],"collection":[{"href":"https:\/\/www.intoscana.it\/it\/wp-json\/wp\/v2\/posts"}],"about":[{"href":"https:\/\/www.intoscana.it\/it\/wp-json\/wp\/v2\/types\/post"}],"author":[{"embeddable":true,"href":"https:\/\/www.intoscana.it\/it\/wp-json\/wp\/v2\/users\/525"}],"replies":[{"embeddable":true,"href":"https:\/\/www.intoscana.it\/it\/wp-json\/wp\/v2\/comments?post=142848"}],"version-history":[{"count":0,"href":"https:\/\/www.intoscana.it\/it\/wp-json\/wp\/v2\/posts\/142848\/revisions"}],"wp:featuredmedia":[{"embeddable":true,"href":"https:\/\/www.intoscana.it\/it\/wp-json\/wp\/v2\/media\/143699"}],"wp:attachment":[{"href":"https:\/\/www.intoscana.it\/it\/wp-json\/wp\/v2\/media?parent=142848"}],"wp:term":[{"taxonomy":"category","embeddable":true,"href":"https:\/\/www.intoscana.it\/it\/wp-json\/wp\/v2\/categories?post=142848"},{"taxonomy":"post_tag","embeddable":true,"href":"https:\/\/www.intoscana.it\/it\/wp-json\/wp\/v2\/tags?post=142848"}],"curies":[{"name":"wp","href":"https:\/\/api.w.org\/{rel}","templated":true}]}}