{"id":142852,"date":"2020-05-25T10:44:04","date_gmt":"2020-05-25T08:44:04","guid":{"rendered":"https:\/\/www.intoscana.it\/il-covid-la-musica-e-il-nuovo-disco-con-edda-intervista-a-gianni-maroccolo\/"},"modified":"2020-08-07T15:13:56","modified_gmt":"2020-08-07T13:13:56","slug":"il-covid-la-musica-e-il-nuovo-disco-con-edda-intervista-a-gianni-maroccolo","status":"publish","type":"post","link":"https:\/\/www.intoscana.it\/it\/il-covid-la-musica-e-il-nuovo-disco-con-edda-intervista-a-gianni-maroccolo\/","title":{"rendered":"Il Covid, la musica e il nuovo disco con Edda: intervista a Gianni Maroccolo"},"content":{"rendered":"<p><strong>Gianni Maroccolo<\/strong> non ha certo bisogno di presentazioni.\u00a0\u00c8 <strong>una delle personalit\u00e0 pi\u00f9 importanti del rock italiano,<\/strong>\u00a0con il suo basso Fender ha lavorato con <strong>Litfiba, Cccp, poi Csi e infine Prg, Marlene Kuntz e molti altri.<\/strong> <strong>Compositore prolifico e instancabile<\/strong> nel 2004 ha dato il via a una serie di <strong>progetti solisti.\u00a0<\/strong>Insieme al suo <strong>&#8216;amico di scorribande musicali&#8217; Stefano Rampoldi in arte Edda<\/strong> ha da poco &#8216;regalato&#8217; al suo pubblico il disco <strong><em>&#8216;noio; volevam suonar&#8217;<\/em> realizzato in piena quarantena. <\/strong>Il 17 giugno arriva anche &#8216;<em><strong>Alone vol. IV<\/strong><\/em>\u00a0&#8216; con la partecipazione di una serie di ospiti davvero speciali: <strong>Don Backy, Matilde Benvenuti, Giorgio Canali, Flavio Ferri dei Delta V, Umberto Maria Giardini, L\u2019Aura, Teho Teardo<\/strong> e il ritorno, appunto, di<strong> Edda<\/strong>, gi\u00e0 ospite del vol. I.<\/p>\n<p><span style=\"text-decoration: underline;\"><strong>Ecco la nostra intervista.<\/strong><\/span><\/p>\n<p><strong>Ciao Gianni, il mondo della musica sta attraversando un grave crisi, non sappiamo quando potremo tornare a vedere un concerto. Nei giorni scorsi si sono moltiplicati gli appelli dei cantanti per sensibilizzare il Governo sul problema. Tu non hai aderito, come mai?<\/strong><br \/>\nPenso che il Governo, almeno fino a qualche giorno fa, avesse da gestire altre priorit\u00e0 pi\u00f9 impellenti e che tutto sommato il mondo dello spettacolo e dello sport, potessero attendere. Insomma stava accadendo (e in parte accade) qualcosa di molto grave e doloroso e non mi sentivo di richiedere o pretendere qualcosa in un momento dove c\u2019erano persone molto pi\u00f9 in difficolt\u00e0 di me. questo non significa che non ritenessi legittimi appelli e richieste per il mio\/nostro settore; ho pensato che era meglio che in emergenza pensassero prima agli altri.<\/p>\n<p><strong>Il ministro Franceschini nei giorni scorsi ha dichiarato di voler fare una &#8216;Netflix&#8217; della cultura, un termine che fa inorridire tutti gli amanti dell&#8217;arte e della musica. Tu cosa ne pensi?\u00a0<\/strong><br \/>\nNon riesco a decifrare ancora Franceschini.\u00a0\u00c8 intelligente e preparato, ma forse poco adatto a fare il ministro della cultura. L\u2019ipotesi di una Netflix della cultura la trovo inutile e soprattutto lontana dalle reali necessit\u00e0 di chi prova a fare arte e cultura. Invece di grandi proclami basterebbe fare poche cose anche pi\u00f9 semplice come ad esempio permettere alla Siae di utilizzare il fondo di solidariet\u00e0 bloccato da anni per cavilli burocratici.<\/p>\n<p><strong>La cosa peggiore di questa situazione \u00e8 l&#8217;impossibilit\u00e0 di sapere cosa accadr\u00e0 nel futuro, se ne usciremo, quando e come. Il coronavirus ci obbliga a un eterno presente, io mi chiedo quanti danni riporteremo, psicologicamente intendo<\/strong><br \/>\nVivo da sempre il presente, non ho aspettative e non contemplo la speranza. I danni inevitabilmente ci saranno. Dovremmo tirarci su le maniche per l\u2019 ennesima volta e ricostruire. Non sar\u00e0 facile per nessuno, ma non temo il futuro.<\/p>\n<p><strong>Senza voler essere troppo tragici, in questa situazione siamo dei privilegiati, possiamo guardare film, ascoltare musica. Penso che nonostante tutto la musica non si fermer\u00e0, gli artisti continueranno a comporre e sar\u00e0 interessante a distanza di anni vedere come il virus si ripercuoter\u00e0 sull&#8217;arte e sulle opere dei musicisti.<\/strong>\u00a0<strong>Tu stai lavorando a qualcosa in questi giorni?<\/strong><br \/>\nPer fare musica non \u00e8 propriamente un lavoro. lo faccio tutti i giorni e non sempre finalizzato ad un progetto. In questo senso la \u201cquarantena\u201d, ad eccezione dell\u2019 annullamento di tutti i concerti previsti da primavera a ottobre, la mia vita non \u00e8 cambiata molto.<\/p>\n<a class=\"fotogallery\" href=\"#modalgallery\" rel=\"modal:open\">sfoglia la gallery <i class=\"fas fa-chevron-right\"><\/i><\/a>\n    <div class=\"modal\" id=\"modalgallery\">\n        <div class=\"gallery\">\n          <div class=\"galleryimg\">\n            <div class=\"slidegallerybig\"> <div class=\"itemimg\">\n            <div class=\"wrapimg\">\n            <img decoding=\"async\" src=\"https:\/\/www.intoscana.it\/wp-content\/uploads\/le-marina-hd-gpg-2-1.jpg\">\n            <\/div>\n            <\/div> <div class=\"itemimg\">\n            <div class=\"wrapimg\">\n            <img decoding=\"async\" src=\"https:\/\/www.intoscana.it\/wp-content\/uploads\/le-marina-hd-gpg-1-1.jpg\">\n            <\/div>\n            <\/div> <div class=\"itemimg\">\n            <div class=\"wrapimg\">\n            <img decoding=\"async\" src=\"https:\/\/www.intoscana.it\/wp-content\/uploads\/le-marina-hd-gpg-5-copia-1.jpg\">\n            <\/div>\n            <\/div> <div class=\"itemimg\">\n            <div class=\"wrapimg\">\n            <img decoding=\"async\" src=\"https:\/\/www.intoscana.it\/wp-content\/uploads\/lemarina-hd-jpg-1-1.jpg\">\n            <\/div>\n            <\/div> <div class=\"itemimg\">\n            <div class=\"wrapimg\">\n            <img decoding=\"async\" src=\"https:\/\/www.intoscana.it\/wp-content\/uploads\/lemarina-hd-jpg-7-1.jpg\">\n            <\/div>\n            <\/div> <div class=\"itemimg\">\n            <div class=\"wrapimg\">\n            <img decoding=\"async\" src=\"https:\/\/www.intoscana.it\/wp-content\/uploads\/lemarina-hd-jpg-8-1.jpg\">\n            <\/div>\n            <\/div> <div class=\"itemimg\">\n            <div class=\"wrapimg\">\n            <img decoding=\"async\" src=\"https:\/\/www.intoscana.it\/wp-content\/uploads\/le-marina-libera_cover-1.jpg\">\n            <\/div>\n            <\/div> <div class=\"itemimg\">\n            <div class=\"wrapimg\">\n            <img decoding=\"async\" src=\"https:\/\/www.intoscana.it\/wp-content\/uploads\/94889305_2702597329838571_3154402704361521152_n.jpg\">\n            <\/div>\n            <\/div>\n            <\/div>\n          <\/div>\n          <div class=\"asidemenu\">\n            <div class=\"action\">\n              <div class=\"countlidegallery\"><\/div>\n              <div class=\"closegallery\" href=\"#modalgallery\" rel=\"modal:close\"><i class=\"far fa-times\"><\/i><\/div>\n            <\/div>\n            <div class=\"title\">\n              <h2>Il Covid, la musica e il nuovo disco con Edda: intervista a Gianni Maroccolo<\/h2>\n              <div class=\"socialarticolo\"> \n            <div class=\"contsocialico\">\n              <ul>\n                <li><a target=\"_blank\" href=\"https:\/\/www.facebook.com\/sharer\/sharer.php?u=https:\/\/www.intoscana.it\/it\/il-covid-la-musica-e-il-nuovo-disco-con-edda-intervista-a-gianni-maroccolo\/\"> <i class=\"fab fa-facebook-f\"><\/i><\/a><\/li>\n                <li><a target=\"_blank\" href=\"https:\/\/twitter.com\/home?status=https:\/\/www.intoscana.it\/it\/il-covid-la-musica-e-il-nuovo-disco-con-edda-intervista-a-gianni-maroccolo\/\"> <i class=\"fab fa-twitter\"><\/i><\/a><\/li>\n                <li>\n                  <div class=\"shareall\" target=\"_blank\" href=\"\"> <i class=\"fas fa-share-alt\"><\/i><\/div>\n                  <div class=\"sharemore\">\n                    <ul>\n                      <li><a target=\"_blank\" href=\"https:\/\/www.linkedin.com\/shareArticle?url=https:\/\/www.intoscana.it\/it\/il-covid-la-musica-e-il-nuovo-disco-con-edda-intervista-a-gianni-maroccolo\/\"> <i class=\"fab fa-linkedin\"><\/i><\/a><\/li>\n                      <li><a target=\"_blank\" href=\"http:\/\/www.pinterest.com\/pin\/create\/bookmarklet\/?url=https:\/\/www.intoscana.it\/it\/il-covid-la-musica-e-il-nuovo-disco-con-edda-intervista-a-gianni-maroccolo\/\"> <i class=\"fab fa-pinterest\"><\/i><\/a><\/li>\n                      <li><a target=\"_blank\" href=\"mailto?subject=Il Covid, la musica e il nuovo disco con Edda: intervista a Gianni Maroccolo&body=https:\/\/www.intoscana.it\/it\/il-covid-la-musica-e-il-nuovo-disco-con-edda-intervista-a-gianni-maroccolo\/\"> <i class=\"fas fa-envelope\"><\/i><\/a><\/li>\n                    <\/ul>\n                    <div class=\"closesharemore\">\n                    <i class=\"fas fa-times\"><\/i>\n                    <\/div>\n                  <\/div>\n                <\/li>\n              <\/ul>\n            <\/div>\n          <\/div>\n        <\/div>\n          <\/div>\n        <\/div>\n      <\/div>\n<p><strong>Come nasce l&#8217;idea di realizzare un disco insieme a Edda? Come rispondi alle critiche di chi dice che la musica non va mai &#8216;regalata&#8217; perch\u00e8 si svaluta il lavoro di tante persone che lavorano duramente in questo settore?<\/strong><br \/>\nProprio nel periodo di clausura io e Stefano si \u00e8 deciso di fare un disco insieme. Da tempo ci eravamo ripromessi di farlo e lo abbiamo fatto. Con pochissimi mezzi tecnici e a distanza. Stavamo lavorando alla rivisitazione di \u201cSognando\u201d di Don Backy, per alone IV e a quel punto nel giro di poche ore l\u2019idea di un disco insieme. Solo dopo qualche giorno la scelta condivisa di regalare l\u2019 album. Ci chiedevamo cosa avremmo potuto fare, quale contributo mettere a disposizione in un momento di grande difficolt\u00e0. Beh cosa possono fare due musicisti in casi simili se non fare musica ?! E, nel nostro caso, regalarla a chiunque lo desideri. Cos\u00ec \u00e8 nato \u201c<em><strong>noio; volevam suonar&#8221;.\u00a0<\/strong><\/em>Un modo come un altro di fare la nostra parte. E colgo l\u2019occasione per ringraziare la <strong>Contempo Records di Firenze<\/strong> che ha deciso di supportarci pubblicando il disco oltre che in digitale, anche in cd e vinile. Un grande sforzo economico in tempo non certo facili.<\/p>\n<p><a href=\"https:\/\/it-it.facebook.com\/AntonioViscidoFotoGrafico\/\" target=\"_blank\" rel=\"noopener noreferrer\"><span style=\"text-decoration: underline;\"><strong>Foto di Antonio Viscido<\/strong><\/span><\/a><\/p>\n","protected":false},"excerpt":{"rendered":"<p>&#8216;Vivo da sempre il presente, non ho aspettative e non contemplo la speranza&#8217; uno dei rocker pi\u00f9 indomabili della scena italiana ci offre il suo punto di vista sull&#8217;attuale situazione del mondo musicale<\/p>\n","protected":false},"author":518,"featured_media":143703,"comment_status":"open","ping_status":"open","sticky":false,"template":"","format":"standard","meta":{"_acf_changed":false,"footnotes":""},"categories":[14],"tags":[3196],"class_list":["post-142852","post","type-post","status-publish","format-standard","has-post-thumbnail","hentry","category-musica","tag-musicisti"],"acf":[],"yoast_head":"<!-- This site is optimized with the Yoast SEO Premium plugin v24.2 (Yoast SEO v25.6) - https:\/\/yoast.com\/wordpress\/plugins\/seo\/ -->\n<title>Il Covid, la musica e il nuovo disco con Edda: intervista a Gianni Maroccolo - intoscana<\/title>\n<meta name=\"description\" content=\"Il Covid, la musica e il nuovo disco con Edda: intervista a Gianni Maroccolo, in punto di vista di uno dei rocker pi\u00f9 indomabili della scena musicale italiana\" \/>\n<meta name=\"robots\" content=\"index, follow, max-snippet:-1, max-image-preview:large, max-video-preview:-1\" \/>\n<link rel=\"canonical\" href=\"https:\/\/www.intoscana.it\/it\/il-covid-la-musica-e-il-nuovo-disco-con-edda-intervista-a-gianni-maroccolo\/\" \/>\n<meta property=\"og:locale\" content=\"it_IT\" \/>\n<meta property=\"og:type\" content=\"article\" \/>\n<meta property=\"og:title\" content=\"Il Covid, la musica e il nuovo disco con Edda: intervista a Gianni Maroccolo\" \/>\n<meta property=\"og:description\" content=\"Il Covid, la musica e il nuovo disco con Edda: intervista a Gianni Maroccolo, in punto di vista di uno dei rocker pi\u00f9 indomabili della scena musicale italiana\" \/>\n<meta property=\"og:url\" content=\"https:\/\/www.intoscana.it\/it\/il-covid-la-musica-e-il-nuovo-disco-con-edda-intervista-a-gianni-maroccolo\/\" \/>\n<meta property=\"og:site_name\" content=\"intoscana\" \/>\n<meta property=\"article:publisher\" content=\"https:\/\/www.facebook.com\/intoscana.it\" \/>\n<meta property=\"article:published_time\" content=\"2020-05-25T08:44:04+00:00\" \/>\n<meta property=\"article:modified_time\" content=\"2020-08-07T13:13:56+00:00\" \/>\n<meta property=\"og:image\" content=\"https:\/\/www.intoscana.it\/wp-content\/uploads\/85161122_2802059766540928_3414821861601574912_o.jpg\" \/>\n\t<meta property=\"og:image:width\" content=\"1498\" \/>\n\t<meta property=\"og:image:height\" content=\"1000\" \/>\n\t<meta property=\"og:image:type\" content=\"image\/jpeg\" \/>\n<meta name=\"author\" content=\"Costanza Baldini\" \/>\n<meta name=\"twitter:card\" content=\"summary_large_image\" \/>\n<meta name=\"twitter:creator\" content=\"@intoscana\" \/>\n<meta name=\"twitter:site\" content=\"@intoscana\" \/>\n<meta name=\"twitter:label1\" content=\"Written by\" \/>\n\t<meta name=\"twitter:data1\" content=\"Costanza Baldini\" \/>\n\t<meta name=\"twitter:label2\" content=\"Est. reading time\" \/>\n\t<meta name=\"twitter:data2\" content=\"4 minuti\" \/>\n<script type=\"application\/ld+json\" class=\"yoast-schema-graph\">{\"@context\":\"https:\/\/schema.org\",\"@graph\":[{\"@type\":\"WebPage\",\"@id\":\"https:\/\/www.intoscana.it\/it\/il-covid-la-musica-e-il-nuovo-disco-con-edda-intervista-a-gianni-maroccolo\/\",\"url\":\"https:\/\/www.intoscana.it\/it\/il-covid-la-musica-e-il-nuovo-disco-con-edda-intervista-a-gianni-maroccolo\/\",\"name\":\"Il Covid, la musica e il nuovo disco con Edda: intervista a Gianni Maroccolo - intoscana\",\"isPartOf\":{\"@id\":\"https:\/\/www.intoscana.it\/it\/#website\"},\"primaryImageOfPage\":{\"@id\":\"https:\/\/www.intoscana.it\/it\/il-covid-la-musica-e-il-nuovo-disco-con-edda-intervista-a-gianni-maroccolo\/#primaryimage\"},\"image\":{\"@id\":\"https:\/\/www.intoscana.it\/it\/il-covid-la-musica-e-il-nuovo-disco-con-edda-intervista-a-gianni-maroccolo\/#primaryimage\"},\"thumbnailUrl\":\"https:\/\/www.intoscana.it\/wp-content\/uploads\/85161122_2802059766540928_3414821861601574912_o.jpg\",\"datePublished\":\"2020-05-25T08:44:04+00:00\",\"dateModified\":\"2020-08-07T13:13:56+00:00\",\"author\":{\"@id\":\"https:\/\/www.intoscana.it\/it\/#\/schema\/person\/d469f35f09739bdf00bf5dd3f0647a82\"},\"description\":\"Il Covid, la musica e il nuovo disco con Edda: intervista a Gianni Maroccolo, in punto di vista di uno dei rocker pi\u00f9 indomabili della scena musicale italiana\",\"breadcrumb\":{\"@id\":\"https:\/\/www.intoscana.it\/it\/il-covid-la-musica-e-il-nuovo-disco-con-edda-intervista-a-gianni-maroccolo\/#breadcrumb\"},\"inLanguage\":\"it-IT\",\"potentialAction\":[{\"@type\":\"ReadAction\",\"target\":[\"https:\/\/www.intoscana.it\/it\/il-covid-la-musica-e-il-nuovo-disco-con-edda-intervista-a-gianni-maroccolo\/\"]}]},{\"@type\":\"ImageObject\",\"inLanguage\":\"it-IT\",\"@id\":\"https:\/\/www.intoscana.it\/it\/il-covid-la-musica-e-il-nuovo-disco-con-edda-intervista-a-gianni-maroccolo\/#primaryimage\",\"url\":\"https:\/\/www.intoscana.it\/wp-content\/uploads\/85161122_2802059766540928_3414821861601574912_o.jpg\",\"contentUrl\":\"https:\/\/www.intoscana.it\/wp-content\/uploads\/85161122_2802059766540928_3414821861601574912_o.jpg\",\"width\":1498,\"height\":1000,\"caption\":\"Gianni Maroccolo\"},{\"@type\":\"BreadcrumbList\",\"@id\":\"https:\/\/www.intoscana.it\/it\/il-covid-la-musica-e-il-nuovo-disco-con-edda-intervista-a-gianni-maroccolo\/#breadcrumb\",\"itemListElement\":[{\"@type\":\"ListItem\",\"position\":1,\"name\":\"Home\",\"item\":\"https:\/\/www.intoscana.it\/it\/\"},{\"@type\":\"ListItem\",\"position\":2,\"name\":\"Il Covid, la musica e il nuovo disco con Edda: intervista a Gianni Maroccolo\"}]},{\"@type\":\"WebSite\",\"@id\":\"https:\/\/www.intoscana.it\/it\/#website\",\"url\":\"https:\/\/www.intoscana.it\/it\/\",\"name\":\"intoscana\",\"description\":\"\",\"potentialAction\":[{\"@type\":\"SearchAction\",\"target\":{\"@type\":\"EntryPoint\",\"urlTemplate\":\"https:\/\/www.intoscana.it\/it\/?s={search_term_string}\"},\"query-input\":{\"@type\":\"PropertyValueSpecification\",\"valueRequired\":true,\"valueName\":\"search_term_string\"}}],\"inLanguage\":\"it-IT\"},{\"@type\":\"Person\",\"@id\":\"https:\/\/www.intoscana.it\/it\/#\/schema\/person\/d469f35f09739bdf00bf5dd3f0647a82\",\"name\":\"Costanza Baldini\",\"url\":\"https:\/\/www.intoscana.it\/it\/author\/costanza-baldini\/\"}]}<\/script>\n<!-- \/ Yoast SEO Premium plugin. -->","yoast_head_json":{"title":"Il Covid, la musica e il nuovo disco con Edda: intervista a Gianni Maroccolo - intoscana","description":"Il Covid, la musica e il nuovo disco con Edda: intervista a Gianni Maroccolo, in punto di vista di uno dei rocker pi\u00f9 indomabili della scena musicale italiana","robots":{"index":"index","follow":"follow","max-snippet":"max-snippet:-1","max-image-preview":"max-image-preview:large","max-video-preview":"max-video-preview:-1"},"canonical":"https:\/\/www.intoscana.it\/it\/il-covid-la-musica-e-il-nuovo-disco-con-edda-intervista-a-gianni-maroccolo\/","og_locale":"it_IT","og_type":"article","og_title":"Il Covid, la musica e il nuovo disco con Edda: intervista a Gianni Maroccolo","og_description":"Il Covid, la musica e il nuovo disco con Edda: intervista a Gianni Maroccolo, in punto di vista di uno dei rocker pi\u00f9 indomabili della scena musicale italiana","og_url":"https:\/\/www.intoscana.it\/it\/il-covid-la-musica-e-il-nuovo-disco-con-edda-intervista-a-gianni-maroccolo\/","og_site_name":"intoscana","article_publisher":"https:\/\/www.facebook.com\/intoscana.it","article_published_time":"2020-05-25T08:44:04+00:00","article_modified_time":"2020-08-07T13:13:56+00:00","og_image":[{"width":1498,"height":1000,"url":"https:\/\/www.intoscana.it\/wp-content\/uploads\/85161122_2802059766540928_3414821861601574912_o.jpg","type":"image\/jpeg"}],"author":"Costanza Baldini","twitter_card":"summary_large_image","twitter_creator":"@intoscana","twitter_site":"@intoscana","twitter_misc":{"Written by":"Costanza Baldini","Est. reading time":"4 minuti"},"schema":{"@context":"https:\/\/schema.org","@graph":[{"@type":"WebPage","@id":"https:\/\/www.intoscana.it\/it\/il-covid-la-musica-e-il-nuovo-disco-con-edda-intervista-a-gianni-maroccolo\/","url":"https:\/\/www.intoscana.it\/it\/il-covid-la-musica-e-il-nuovo-disco-con-edda-intervista-a-gianni-maroccolo\/","name":"Il Covid, la musica e il nuovo disco con Edda: intervista a Gianni Maroccolo - intoscana","isPartOf":{"@id":"https:\/\/www.intoscana.it\/it\/#website"},"primaryImageOfPage":{"@id":"https:\/\/www.intoscana.it\/it\/il-covid-la-musica-e-il-nuovo-disco-con-edda-intervista-a-gianni-maroccolo\/#primaryimage"},"image":{"@id":"https:\/\/www.intoscana.it\/it\/il-covid-la-musica-e-il-nuovo-disco-con-edda-intervista-a-gianni-maroccolo\/#primaryimage"},"thumbnailUrl":"https:\/\/www.intoscana.it\/wp-content\/uploads\/85161122_2802059766540928_3414821861601574912_o.jpg","datePublished":"2020-05-25T08:44:04+00:00","dateModified":"2020-08-07T13:13:56+00:00","author":{"@id":"https:\/\/www.intoscana.it\/it\/#\/schema\/person\/d469f35f09739bdf00bf5dd3f0647a82"},"description":"Il Covid, la musica e il nuovo disco con Edda: intervista a Gianni Maroccolo, in punto di vista di uno dei rocker pi\u00f9 indomabili della scena musicale italiana","breadcrumb":{"@id":"https:\/\/www.intoscana.it\/it\/il-covid-la-musica-e-il-nuovo-disco-con-edda-intervista-a-gianni-maroccolo\/#breadcrumb"},"inLanguage":"it-IT","potentialAction":[{"@type":"ReadAction","target":["https:\/\/www.intoscana.it\/it\/il-covid-la-musica-e-il-nuovo-disco-con-edda-intervista-a-gianni-maroccolo\/"]}]},{"@type":"ImageObject","inLanguage":"it-IT","@id":"https:\/\/www.intoscana.it\/it\/il-covid-la-musica-e-il-nuovo-disco-con-edda-intervista-a-gianni-maroccolo\/#primaryimage","url":"https:\/\/www.intoscana.it\/wp-content\/uploads\/85161122_2802059766540928_3414821861601574912_o.jpg","contentUrl":"https:\/\/www.intoscana.it\/wp-content\/uploads\/85161122_2802059766540928_3414821861601574912_o.jpg","width":1498,"height":1000,"caption":"Gianni Maroccolo"},{"@type":"BreadcrumbList","@id":"https:\/\/www.intoscana.it\/it\/il-covid-la-musica-e-il-nuovo-disco-con-edda-intervista-a-gianni-maroccolo\/#breadcrumb","itemListElement":[{"@type":"ListItem","position":1,"name":"Home","item":"https:\/\/www.intoscana.it\/it\/"},{"@type":"ListItem","position":2,"name":"Il Covid, la musica e il nuovo disco con Edda: intervista a Gianni Maroccolo"}]},{"@type":"WebSite","@id":"https:\/\/www.intoscana.it\/it\/#website","url":"https:\/\/www.intoscana.it\/it\/","name":"intoscana","description":"","potentialAction":[{"@type":"SearchAction","target":{"@type":"EntryPoint","urlTemplate":"https:\/\/www.intoscana.it\/it\/?s={search_term_string}"},"query-input":{"@type":"PropertyValueSpecification","valueRequired":true,"valueName":"search_term_string"}}],"inLanguage":"it-IT"},{"@type":"Person","@id":"https:\/\/www.intoscana.it\/it\/#\/schema\/person\/d469f35f09739bdf00bf5dd3f0647a82","name":"Costanza Baldini","url":"https:\/\/www.intoscana.it\/it\/author\/costanza-baldini\/"}]}},"_links":{"self":[{"href":"https:\/\/www.intoscana.it\/it\/wp-json\/wp\/v2\/posts\/142852","targetHints":{"allow":["GET"]}}],"collection":[{"href":"https:\/\/www.intoscana.it\/it\/wp-json\/wp\/v2\/posts"}],"about":[{"href":"https:\/\/www.intoscana.it\/it\/wp-json\/wp\/v2\/types\/post"}],"author":[{"embeddable":true,"href":"https:\/\/www.intoscana.it\/it\/wp-json\/wp\/v2\/users\/518"}],"replies":[{"embeddable":true,"href":"https:\/\/www.intoscana.it\/it\/wp-json\/wp\/v2\/comments?post=142852"}],"version-history":[{"count":0,"href":"https:\/\/www.intoscana.it\/it\/wp-json\/wp\/v2\/posts\/142852\/revisions"}],"wp:featuredmedia":[{"embeddable":true,"href":"https:\/\/www.intoscana.it\/it\/wp-json\/wp\/v2\/media\/143703"}],"wp:attachment":[{"href":"https:\/\/www.intoscana.it\/it\/wp-json\/wp\/v2\/media?parent=142852"}],"wp:term":[{"taxonomy":"category","embeddable":true,"href":"https:\/\/www.intoscana.it\/it\/wp-json\/wp\/v2\/categories?post=142852"},{"taxonomy":"post_tag","embeddable":true,"href":"https:\/\/www.intoscana.it\/it\/wp-json\/wp\/v2\/tags?post=142852"}],"curies":[{"name":"wp","href":"https:\/\/api.w.org\/{rel}","templated":true}]}}