{"id":142856,"date":"2020-06-02T21:42:56","date_gmt":"2020-06-02T19:42:56","guid":{"rendered":"https:\/\/www.intoscana.it\/unestate-con-i-concerti-dellorchestra-da-camera-fiorentina\/"},"modified":"2020-08-10T10:20:58","modified_gmt":"2020-08-10T08:20:58","slug":"orchestra-da-camera-fiorentina","status":"publish","type":"post","link":"https:\/\/www.intoscana.it\/it\/orchestra-da-camera-fiorentina\/","title":{"rendered":"Un&#8217;estate con i concerti dell&#8217;Orchestra da Camera Fiorentina"},"content":{"rendered":"<p>Ridimensionata ma non cancellata,<strong> la 40esima stagione dell\u2019Orchestra da Camera Fiorentina prende finalmente il via,<\/strong> nel rispetto delle misure di sicurezza per l\u2019emergenza Coronavirus, grazie al sostegno di Ministero dei beni e delle attivit\u00e0 culturali, Regione Toscana, Citt\u00e0 Metropolitana di Firenze, Comune di Firenze, Fondazione CR Firenze, Intesa Sanpaolo e Leggiero Foundation.<\/p>\n<p><strong>Le grandi colonne sonore del cinema<\/strong> rivivono nella serata inaugurale di <strong>gioved\u00ec 18 giugno all\u2019Auditorium di Santo Stefano al Ponte<\/strong>. In \u201c<strong>Musica dal Grande Schermo\u201d<\/strong> \u2013 questo il titolo &#8211; aleggiano le melodie de \u201c<strong>La vita \u00e8 bella\u201d, \u201cC&#8217;era una volta in America\u201d, \u201cIl Postino\u201d<\/strong> e altre indimenticabile pagine prestate alla settima arte, a firma di <strong>Nicola Piovani, Ennio Morricone, Luis Bacalov e Nino Rota<\/strong>. La direzione \u00e8 affidata a <strong>Giuseppe Lanzetta,<\/strong> solisti Raffaele Chieli alla tromba e Fernando Rams\u00e9s Pe\u00f1a D\u00edaz al pianoforte.<\/p>\n<p>La seconda serata,<strong> gioved\u00ec 25 giugno<\/strong>, sempre alle ore 21 all\u2019<strong>Auditorium di Santo Stefano al Ponte<\/strong>, \u00e8 un omaggio a due grandi cantautori italiani scomparsi, <strong>Lucio Dalla e Pino Daniele,<\/strong> e ai loro tanti fan. Ottima occasione per lasciarsi cullare dalle note di \u201c<strong>Quando\u201d, \u201cNapule \u00e8\u201d, \u201cCaruso\u201d, Piazza Grande\u201d<\/strong> e altri capisaldi dai rispettivi repertori, trascritti in chiave sinfonica da Fernando Rams\u00e9s Pe\u00f1a D\u00edaz, che ritroviamo al pianoforte insieme all\u2019Orchestra.<\/p>\n<p><strong>Rivisitare Mozart e Bach in chiave jazz:<\/strong> impresa audace con risultati meravigliosi, in cui si cimenta l\u2019Orchestra da Camera Fiorentina nel doppio appuntamento di <strong>luned\u00ec 29 e marted\u00ec 30 giugno nel Cortile di Michelozzo di Palazzo Medici Riccardi che apre la stagione en-plein-air.<\/strong> Sul podio il direttore armeno Vahan Mardirossian, in programma il Quarto concerto brandeburghese &#8211; strutturalmente un concerto grosso in cui il violino principale assume un ruolo quasi solistico &#8211; e la \u201cSinfonia n. 29 in la maggiore K. 201\u201d di Wolfgang Amadeus Mozart: architettura elaborata, pervasa da uno spirito leggiadro in cui spiccano i singoli strumenti. <\/p>\n<p>E ancora,<strong> tutto Mozart sabato 11 luglio all\u2019Auditorium di Santo Stefano al Ponte<\/strong> con i Solisti dell\u2019Orchestra da Camera Fiorentina.<strong> Da marted\u00ec 7 a domenica 9 luglio ancora \u201cMusica dal grande schermo\u201d<\/strong> nel cortile di Palazzo Medici Riccardi, <strong>mercoled\u00ec 29 e gioved\u00ec 30 luglio Omaggio ad Astor Piazzolla<\/strong> con solista Mario Stefano Pietrodarchi alla fisarmonica e al bandoneon. <\/p>\n<p><strong>Programma completo su&nbsp;<a href=\"http:\/\/www.orchestrafiorentina.it\">www.orchestrafiorentina.it<\/a><\/strong><\/p>\n<p>&nbsp;<\/p>\n","protected":false},"excerpt":{"rendered":"<p>Il 18 giugno al via la 40esima stagione all&#8217;Auditorium Santo Stefano al Ponte e en-plein-air a Palazzo Medici Riccardi a Firenze<\/p>\n","protected":false},"author":525,"featured_media":143707,"comment_status":"open","ping_status":"open","sticky":false,"template":"","format":"standard","meta":{"_acf_changed":false,"footnotes":""},"categories":[14],"tags":[],"class_list":["post-142856","post","type-post","status-publish","format-standard","has-post-thumbnail","hentry","category-musica"],"acf":[],"yoast_head":"<!-- This site is optimized with the Yoast SEO Premium plugin v24.2 (Yoast SEO v25.6) - https:\/\/yoast.com\/wordpress\/plugins\/seo\/ -->\n<title>Un&#039;estate con i concerti dell&#039;Orchestra da Camera Fiorentina - intoscana<\/title>\n<meta name=\"description\" content=\"Tornano i concerti dell&#039;Orchestra da Camera Fiorentina dal 18 giugno all&#039;Auditorium Santo Stefano al Ponte e en-plein-air a Palazzo Medici Riccardi a Firenze\" \/>\n<meta name=\"robots\" content=\"index, follow, max-snippet:-1, max-image-preview:large, max-video-preview:-1\" \/>\n<link rel=\"canonical\" href=\"https:\/\/www.intoscana.it\/it\/orchestra-da-camera-fiorentina\/\" \/>\n<meta property=\"og:locale\" content=\"it_IT\" \/>\n<meta property=\"og:type\" content=\"article\" \/>\n<meta property=\"og:title\" content=\"Un&#039;estate con i concerti dell&#039;Orchestra da Camera Fiorentina\" \/>\n<meta property=\"og:description\" content=\"Tornano i concerti dell&#039;Orchestra da Camera Fiorentina dal 18 giugno all&#039;Auditorium Santo Stefano al Ponte e en-plein-air a Palazzo Medici Riccardi a Firenze\" \/>\n<meta property=\"og:url\" content=\"https:\/\/www.intoscana.it\/it\/orchestra-da-camera-fiorentina\/\" \/>\n<meta property=\"og:site_name\" content=\"intoscana\" \/>\n<meta property=\"article:publisher\" content=\"https:\/\/www.facebook.com\/intoscana.it\" \/>\n<meta property=\"article:published_time\" content=\"2020-06-02T19:42:56+00:00\" \/>\n<meta property=\"article:modified_time\" content=\"2020-08-10T08:20:58+00:00\" \/>\n<meta property=\"og:image\" content=\"https:\/\/www.intoscana.it\/wp-content\/uploads\/orchestra-da-camera-fiorentina-s-stefano-al-ponte.jpg\" \/>\n\t<meta property=\"og:image:width\" content=\"2000\" \/>\n\t<meta property=\"og:image:height\" content=\"1349\" \/>\n\t<meta property=\"og:image:type\" content=\"image\/jpeg\" \/>\n<meta name=\"author\" content=\"Redazione\" \/>\n<meta name=\"twitter:card\" content=\"summary_large_image\" \/>\n<meta name=\"twitter:creator\" content=\"@intoscana\" \/>\n<meta name=\"twitter:site\" content=\"@intoscana\" \/>\n<meta name=\"twitter:label1\" content=\"Written by\" \/>\n\t<meta name=\"twitter:data1\" content=\"Redazione\" \/>\n\t<meta name=\"twitter:label2\" content=\"Est. reading time\" \/>\n\t<meta name=\"twitter:data2\" content=\"2 minuti\" \/>\n<script type=\"application\/ld+json\" class=\"yoast-schema-graph\">{\"@context\":\"https:\/\/schema.org\",\"@graph\":[{\"@type\":\"WebPage\",\"@id\":\"https:\/\/www.intoscana.it\/it\/orchestra-da-camera-fiorentina\/\",\"url\":\"https:\/\/www.intoscana.it\/it\/orchestra-da-camera-fiorentina\/\",\"name\":\"Un'estate con i concerti dell'Orchestra da Camera Fiorentina - intoscana\",\"isPartOf\":{\"@id\":\"https:\/\/www.intoscana.it\/it\/#website\"},\"primaryImageOfPage\":{\"@id\":\"https:\/\/www.intoscana.it\/it\/orchestra-da-camera-fiorentina\/#primaryimage\"},\"image\":{\"@id\":\"https:\/\/www.intoscana.it\/it\/orchestra-da-camera-fiorentina\/#primaryimage\"},\"thumbnailUrl\":\"https:\/\/www.intoscana.it\/wp-content\/uploads\/orchestra-da-camera-fiorentina-s-stefano-al-ponte.jpg\",\"datePublished\":\"2020-06-02T19:42:56+00:00\",\"dateModified\":\"2020-08-10T08:20:58+00:00\",\"author\":{\"@id\":\"https:\/\/www.intoscana.it\/it\/#\/schema\/person\/9223810753230f20bd670fdd322661f8\"},\"description\":\"Tornano i concerti dell'Orchestra da Camera Fiorentina dal 18 giugno all'Auditorium Santo Stefano al Ponte e en-plein-air a Palazzo Medici Riccardi a Firenze\",\"breadcrumb\":{\"@id\":\"https:\/\/www.intoscana.it\/it\/orchestra-da-camera-fiorentina\/#breadcrumb\"},\"inLanguage\":\"it-IT\",\"potentialAction\":[{\"@type\":\"ReadAction\",\"target\":[\"https:\/\/www.intoscana.it\/it\/orchestra-da-camera-fiorentina\/\"]}]},{\"@type\":\"ImageObject\",\"inLanguage\":\"it-IT\",\"@id\":\"https:\/\/www.intoscana.it\/it\/orchestra-da-camera-fiorentina\/#primaryimage\",\"url\":\"https:\/\/www.intoscana.it\/wp-content\/uploads\/orchestra-da-camera-fiorentina-s-stefano-al-ponte.jpg\",\"contentUrl\":\"https:\/\/www.intoscana.it\/wp-content\/uploads\/orchestra-da-camera-fiorentina-s-stefano-al-ponte.jpg\",\"width\":2000,\"height\":1349,\"caption\":\"Tornano i concerti dell'Orchestra da Camera Fiorentina\"},{\"@type\":\"BreadcrumbList\",\"@id\":\"https:\/\/www.intoscana.it\/it\/orchestra-da-camera-fiorentina\/#breadcrumb\",\"itemListElement\":[{\"@type\":\"ListItem\",\"position\":1,\"name\":\"Home\",\"item\":\"https:\/\/www.intoscana.it\/it\/\"},{\"@type\":\"ListItem\",\"position\":2,\"name\":\"Un&#8217;estate con i concerti dell&#8217;Orchestra da Camera Fiorentina\"}]},{\"@type\":\"WebSite\",\"@id\":\"https:\/\/www.intoscana.it\/it\/#website\",\"url\":\"https:\/\/www.intoscana.it\/it\/\",\"name\":\"intoscana\",\"description\":\"\",\"potentialAction\":[{\"@type\":\"SearchAction\",\"target\":{\"@type\":\"EntryPoint\",\"urlTemplate\":\"https:\/\/www.intoscana.it\/it\/?s={search_term_string}\"},\"query-input\":{\"@type\":\"PropertyValueSpecification\",\"valueRequired\":true,\"valueName\":\"search_term_string\"}}],\"inLanguage\":\"it-IT\"},{\"@type\":\"Person\",\"@id\":\"https:\/\/www.intoscana.it\/it\/#\/schema\/person\/9223810753230f20bd670fdd322661f8\",\"name\":\"Redazione\",\"url\":\"https:\/\/www.intoscana.it\/it\/author\/redazione\/\"}]}<\/script>\n<!-- \/ Yoast SEO Premium plugin. -->","yoast_head_json":{"title":"Un'estate con i concerti dell'Orchestra da Camera Fiorentina - intoscana","description":"Tornano i concerti dell'Orchestra da Camera Fiorentina dal 18 giugno all'Auditorium Santo Stefano al Ponte e en-plein-air a Palazzo Medici Riccardi a Firenze","robots":{"index":"index","follow":"follow","max-snippet":"max-snippet:-1","max-image-preview":"max-image-preview:large","max-video-preview":"max-video-preview:-1"},"canonical":"https:\/\/www.intoscana.it\/it\/orchestra-da-camera-fiorentina\/","og_locale":"it_IT","og_type":"article","og_title":"Un'estate con i concerti dell'Orchestra da Camera Fiorentina","og_description":"Tornano i concerti dell'Orchestra da Camera Fiorentina dal 18 giugno all'Auditorium Santo Stefano al Ponte e en-plein-air a Palazzo Medici Riccardi a Firenze","og_url":"https:\/\/www.intoscana.it\/it\/orchestra-da-camera-fiorentina\/","og_site_name":"intoscana","article_publisher":"https:\/\/www.facebook.com\/intoscana.it","article_published_time":"2020-06-02T19:42:56+00:00","article_modified_time":"2020-08-10T08:20:58+00:00","og_image":[{"width":2000,"height":1349,"url":"https:\/\/www.intoscana.it\/wp-content\/uploads\/orchestra-da-camera-fiorentina-s-stefano-al-ponte.jpg","type":"image\/jpeg"}],"author":"Redazione","twitter_card":"summary_large_image","twitter_creator":"@intoscana","twitter_site":"@intoscana","twitter_misc":{"Written by":"Redazione","Est. reading time":"2 minuti"},"schema":{"@context":"https:\/\/schema.org","@graph":[{"@type":"WebPage","@id":"https:\/\/www.intoscana.it\/it\/orchestra-da-camera-fiorentina\/","url":"https:\/\/www.intoscana.it\/it\/orchestra-da-camera-fiorentina\/","name":"Un'estate con i concerti dell'Orchestra da Camera Fiorentina - intoscana","isPartOf":{"@id":"https:\/\/www.intoscana.it\/it\/#website"},"primaryImageOfPage":{"@id":"https:\/\/www.intoscana.it\/it\/orchestra-da-camera-fiorentina\/#primaryimage"},"image":{"@id":"https:\/\/www.intoscana.it\/it\/orchestra-da-camera-fiorentina\/#primaryimage"},"thumbnailUrl":"https:\/\/www.intoscana.it\/wp-content\/uploads\/orchestra-da-camera-fiorentina-s-stefano-al-ponte.jpg","datePublished":"2020-06-02T19:42:56+00:00","dateModified":"2020-08-10T08:20:58+00:00","author":{"@id":"https:\/\/www.intoscana.it\/it\/#\/schema\/person\/9223810753230f20bd670fdd322661f8"},"description":"Tornano i concerti dell'Orchestra da Camera Fiorentina dal 18 giugno all'Auditorium Santo Stefano al Ponte e en-plein-air a Palazzo Medici Riccardi a Firenze","breadcrumb":{"@id":"https:\/\/www.intoscana.it\/it\/orchestra-da-camera-fiorentina\/#breadcrumb"},"inLanguage":"it-IT","potentialAction":[{"@type":"ReadAction","target":["https:\/\/www.intoscana.it\/it\/orchestra-da-camera-fiorentina\/"]}]},{"@type":"ImageObject","inLanguage":"it-IT","@id":"https:\/\/www.intoscana.it\/it\/orchestra-da-camera-fiorentina\/#primaryimage","url":"https:\/\/www.intoscana.it\/wp-content\/uploads\/orchestra-da-camera-fiorentina-s-stefano-al-ponte.jpg","contentUrl":"https:\/\/www.intoscana.it\/wp-content\/uploads\/orchestra-da-camera-fiorentina-s-stefano-al-ponte.jpg","width":2000,"height":1349,"caption":"Tornano i concerti dell'Orchestra da Camera Fiorentina"},{"@type":"BreadcrumbList","@id":"https:\/\/www.intoscana.it\/it\/orchestra-da-camera-fiorentina\/#breadcrumb","itemListElement":[{"@type":"ListItem","position":1,"name":"Home","item":"https:\/\/www.intoscana.it\/it\/"},{"@type":"ListItem","position":2,"name":"Un&#8217;estate con i concerti dell&#8217;Orchestra da Camera Fiorentina"}]},{"@type":"WebSite","@id":"https:\/\/www.intoscana.it\/it\/#website","url":"https:\/\/www.intoscana.it\/it\/","name":"intoscana","description":"","potentialAction":[{"@type":"SearchAction","target":{"@type":"EntryPoint","urlTemplate":"https:\/\/www.intoscana.it\/it\/?s={search_term_string}"},"query-input":{"@type":"PropertyValueSpecification","valueRequired":true,"valueName":"search_term_string"}}],"inLanguage":"it-IT"},{"@type":"Person","@id":"https:\/\/www.intoscana.it\/it\/#\/schema\/person\/9223810753230f20bd670fdd322661f8","name":"Redazione","url":"https:\/\/www.intoscana.it\/it\/author\/redazione\/"}]}},"_links":{"self":[{"href":"https:\/\/www.intoscana.it\/it\/wp-json\/wp\/v2\/posts\/142856","targetHints":{"allow":["GET"]}}],"collection":[{"href":"https:\/\/www.intoscana.it\/it\/wp-json\/wp\/v2\/posts"}],"about":[{"href":"https:\/\/www.intoscana.it\/it\/wp-json\/wp\/v2\/types\/post"}],"author":[{"embeddable":true,"href":"https:\/\/www.intoscana.it\/it\/wp-json\/wp\/v2\/users\/525"}],"replies":[{"embeddable":true,"href":"https:\/\/www.intoscana.it\/it\/wp-json\/wp\/v2\/comments?post=142856"}],"version-history":[{"count":0,"href":"https:\/\/www.intoscana.it\/it\/wp-json\/wp\/v2\/posts\/142856\/revisions"}],"wp:featuredmedia":[{"embeddable":true,"href":"https:\/\/www.intoscana.it\/it\/wp-json\/wp\/v2\/media\/143707"}],"wp:attachment":[{"href":"https:\/\/www.intoscana.it\/it\/wp-json\/wp\/v2\/media?parent=142856"}],"wp:term":[{"taxonomy":"category","embeddable":true,"href":"https:\/\/www.intoscana.it\/it\/wp-json\/wp\/v2\/categories?post=142856"},{"taxonomy":"post_tag","embeddable":true,"href":"https:\/\/www.intoscana.it\/it\/wp-json\/wp\/v2\/tags?post=142856"}],"curies":[{"name":"wp","href":"https:\/\/api.w.org\/{rel}","templated":true}]}}