{"id":142863,"date":"2020-04-08T11:32:55","date_gmt":"2020-04-08T09:32:55","guid":{"rendered":"https:\/\/www.intoscana.it\/coronavirus-chi-si-ammala-in-toscana-leta-media-e-61-anni\/"},"modified":"2020-08-10T10:21:01","modified_gmt":"2020-08-10T08:21:01","slug":"coronavirus-dati","status":"publish","type":"post","link":"https:\/\/www.intoscana.it\/it\/coronavirus-dati\/","title":{"rendered":"Coronavirus, chi si ammala in Toscana? L&#8217;et\u00e0 media \u00e8 61 anni"},"content":{"rendered":"<p>Le statistiche ufficiali, che derivano dai <strong>dati che la Regione Toscana invia ogni giorno alla Protezione Civile nazionale,<\/strong> posizionano per adesso<strong> la Toscana undicesima regione in Italia, con 16 casi ogni 10.000 abitanti<\/strong> (contro la media italiana di 22 casi per 10.000, Lombardia prima regione con 65&#215;10.000), e con un tasso di letalit\u00e0 (deceduticasi) <strong>tra le pi\u00f9 basse in Italia: 6% contro il 12,8% della media Italia.<\/strong><\/p>\n<p><strong>L\u2019Agenzia regionale di sanit\u00e0, in collaborazione con la Asl Toscana centro,<\/strong> ha analizzato, per conto della Regione Toscana, i dati che gli operatori dei Dipartimenti di Prevenzione delle Asl nord ovest, centro e sud est, hanno informatizzato sulla piattaforma messa a disposizione dall\u2019Istituto superiore di sanit\u00e0 (ISS). <strong>Al 7 di aprile erano 4.812 le schede immesse: l\u201980,5% del totale.<\/strong><\/p>\n<p><strong>I primi casi di malattia Covid-19 risalgono alla fine di febbraio<\/strong> e c\u2019\u00e8 stato un andamento tendenzialmente in crescita delle nuove diagnosi fino al 3 aprile 2020. Questo dato \u00e8 condizionato dall\u2019aumento del numero dei laboratori impegnati nel processare i tamponi (da 3 a 13) e dall\u2019aumento dell\u2019offerta stessa dei tamponi. Il tempo mediano trascorso tra la data di insorgenza dei sintomi e la data di diagnosi \u00e8 di 5 giorni per tutto il periodo considerato.<\/p>\n<p><strong>Et\u00e0 dei casi. <\/strong>L\u2019et\u00e0 mediana dei soggetti risultati positivi a SARS-CoV\u20132 \u00e8 di 61 anni (in Italia \u00e8 di 62 anni). Com\u2019\u00e8 noto, il virus colpisce prevalentemente la popolazione matura ed anziana della popolazione, sia italiana che toscana: solo il 3% ha fortunatamente meno di 18 anni, mentre la fascia di et\u00e0 in cui ricade la maggior parte dei casi \u00e8 quella dei 51-70enni (36,6%), seguita da quella degli ultrasettantenni (34,3% dei casi), e da quella dei 19-50enni (26,1%).<\/p>\n<p><strong>Gravit\u00e0 della malattia. <\/strong>Circa un terzo (31%) dei casi positivi al virus SARS-CoV-2 \u00e8 stato ospedalizzato, l\u20198,8% ricoverato in terapia intensiva. Le persone di et\u00e0 pi\u00f9 avanzata sono particolarmente a rischio di sviluppare manifestazioni pi\u00f9 gravi di Covid-19. Circa la met\u00e0 degli ultrasettantenni positivi al SARS-CoV-2 \u00e8 stato ricoverato, rispetto a circa un terzo dei 51-70enni, al 12% di quelli tra i 19 e i 50 anni e al 5% tra i bambini e gli adolescenti.<\/p>\n<p><strong>Decessi.<\/strong> Oltre l\u201980% dei decessi hanno riguardato la popolazione &gt; 70 anni, in cui la letalit\u00e0, espressa dal numero dei decessi sul totale dei casi positivi, \u00e8 del 12,1%, mentre \u00e8 dell\u20191,5% nella fascia 51-70 anni. La fascia d\u2019et\u00e0 sotto i 20 anni non \u00e8 stata colpita. Oltre l\u201980% di questi aveva almeno una patologia cronica concomitante.<\/p>\n<p><strong>Casi lievi.<\/strong> Interessante \u00e8 l\u2019evoluzione dello stato clinico dei pazienti, soprattutto se analizziamo la situazione nelle diverse settimane: le persone con sintomi lievi o asintomatiche sono passate dal 46% dei casi positivi nella settimana 1-7 marzo a pi\u00f9 del 75% dei casi emersi nell\u2019ultima settimana di aprile. Un dato che, visto in prospettiva, appare molto positivo.<\/p>\n<p>&#8220;I dati che emergono da queste analisi ci restituiscono in modo chiaro il peso che anche la popolazione toscana ha dovuto sostenere in termini di conseguenze sanitarie &#8211; afferma Fabio Voller, coordinatore dell\u2019Osservatorio di Epidemiologia dell\u2019Ars \u2013 e il peso che anche gli operatori sanitari hanno dovuto affrontare: <strong>gli operatori sanitari positivi al virus SARS-CoV-2 sono pi\u00f9 di 500, quasi il 10% di tutti i casi positivi<\/strong>, una popolazione giovane di nemmeno 50 anni in media e molto spesso di sesso femminile. Ma cominciamo ad intravedere la luce in fondo al tunnel: i casi lievi aumentano, mentre diminuiscono i ricoveri, soprattutto in terapia intensiva&#8221;.<\/p>\n","protected":false},"excerpt":{"rendered":"<p>La Toscana \u00e8 l&#8217;undicesima regione in Italia con 16 casi ogni 10 mila abitanti<\/p>\n","protected":false},"author":525,"featured_media":143714,"comment_status":"open","ping_status":"open","sticky":false,"template":"","format":"standard","meta":{"_acf_changed":false,"footnotes":""},"categories":[18],"tags":[],"class_list":["post-142863","post","type-post","status-publish","format-standard","has-post-thumbnail","hentry","category-salute"],"acf":[],"yoast_head":"<!-- This site is optimized with the Yoast SEO Premium plugin v24.2 (Yoast SEO v25.6) - https:\/\/yoast.com\/wordpress\/plugins\/seo\/ -->\n<title>Coronavirus, chi si ammala in Toscana? L&#039;et\u00e0 media \u00e8 61 anni - intoscana<\/title>\n<meta name=\"description\" content=\"Coronavirus, chi si ammala in Toscana? Tutti i dati di Ars: l&#039;et\u00e0 media \u00e8 61 anni. La Toscana \u00e8 l&#039;undicesima regione in Italia con 16 casi ogni 10 mila abitanti\" \/>\n<meta name=\"robots\" content=\"index, follow, max-snippet:-1, max-image-preview:large, max-video-preview:-1\" \/>\n<link rel=\"canonical\" href=\"https:\/\/www.intoscana.it\/it\/coronavirus-dati\/\" \/>\n<meta property=\"og:locale\" content=\"it_IT\" \/>\n<meta property=\"og:type\" content=\"article\" \/>\n<meta property=\"og:title\" content=\"Coronavirus, chi si ammala in Toscana? L&#039;et\u00e0 media \u00e8 61 anni\" \/>\n<meta property=\"og:description\" content=\"Coronavirus, chi si ammala in Toscana? Tutti i dati di Ars: l&#039;et\u00e0 media \u00e8 61 anni. La Toscana \u00e8 l&#039;undicesima regione in Italia con 16 casi ogni 10 mila abitanti\" \/>\n<meta property=\"og:url\" content=\"https:\/\/www.intoscana.it\/it\/coronavirus-dati\/\" \/>\n<meta property=\"og:site_name\" content=\"intoscana\" \/>\n<meta property=\"article:publisher\" content=\"https:\/\/www.facebook.com\/intoscana.it\" \/>\n<meta property=\"article:published_time\" content=\"2020-04-08T09:32:55+00:00\" \/>\n<meta property=\"article:modified_time\" content=\"2020-08-10T08:21:01+00:00\" \/>\n<meta property=\"og:image\" content=\"https:\/\/www.intoscana.it\/wp-content\/uploads\/anziana_malata.jpg\" \/>\n\t<meta property=\"og:image:width\" content=\"2000\" \/>\n\t<meta property=\"og:image:height\" content=\"1331\" \/>\n\t<meta property=\"og:image:type\" content=\"image\/jpeg\" \/>\n<meta name=\"author\" content=\"Redazione\" \/>\n<meta name=\"twitter:card\" content=\"summary_large_image\" \/>\n<meta name=\"twitter:creator\" content=\"@intoscana\" \/>\n<meta name=\"twitter:site\" content=\"@intoscana\" \/>\n<meta name=\"twitter:label1\" content=\"Written by\" \/>\n\t<meta name=\"twitter:data1\" content=\"Redazione\" \/>\n\t<meta name=\"twitter:label2\" content=\"Est. reading time\" \/>\n\t<meta name=\"twitter:data2\" content=\"3 minuti\" \/>\n<script type=\"application\/ld+json\" class=\"yoast-schema-graph\">{\"@context\":\"https:\/\/schema.org\",\"@graph\":[{\"@type\":\"WebPage\",\"@id\":\"https:\/\/www.intoscana.it\/it\/coronavirus-dati\/\",\"url\":\"https:\/\/www.intoscana.it\/it\/coronavirus-dati\/\",\"name\":\"Coronavirus, chi si ammala in Toscana? L'et\u00e0 media \u00e8 61 anni - intoscana\",\"isPartOf\":{\"@id\":\"https:\/\/www.intoscana.it\/it\/#website\"},\"primaryImageOfPage\":{\"@id\":\"https:\/\/www.intoscana.it\/it\/coronavirus-dati\/#primaryimage\"},\"image\":{\"@id\":\"https:\/\/www.intoscana.it\/it\/coronavirus-dati\/#primaryimage\"},\"thumbnailUrl\":\"https:\/\/www.intoscana.it\/wp-content\/uploads\/anziana_malata.jpg\",\"datePublished\":\"2020-04-08T09:32:55+00:00\",\"dateModified\":\"2020-08-10T08:21:01+00:00\",\"author\":{\"@id\":\"https:\/\/www.intoscana.it\/it\/#\/schema\/person\/9223810753230f20bd670fdd322661f8\"},\"description\":\"Coronavirus, chi si ammala in Toscana? Tutti i dati di Ars: l'et\u00e0 media \u00e8 61 anni. La Toscana \u00e8 l'undicesima regione in Italia con 16 casi ogni 10 mila abitanti\",\"breadcrumb\":{\"@id\":\"https:\/\/www.intoscana.it\/it\/coronavirus-dati\/#breadcrumb\"},\"inLanguage\":\"it-IT\",\"potentialAction\":[{\"@type\":\"ReadAction\",\"target\":[\"https:\/\/www.intoscana.it\/it\/coronavirus-dati\/\"]}]},{\"@type\":\"ImageObject\",\"inLanguage\":\"it-IT\",\"@id\":\"https:\/\/www.intoscana.it\/it\/coronavirus-dati\/#primaryimage\",\"url\":\"https:\/\/www.intoscana.it\/wp-content\/uploads\/anziana_malata.jpg\",\"contentUrl\":\"https:\/\/www.intoscana.it\/wp-content\/uploads\/anziana_malata.jpg\",\"width\":2000,\"height\":1331},{\"@type\":\"BreadcrumbList\",\"@id\":\"https:\/\/www.intoscana.it\/it\/coronavirus-dati\/#breadcrumb\",\"itemListElement\":[{\"@type\":\"ListItem\",\"position\":1,\"name\":\"Home\",\"item\":\"https:\/\/www.intoscana.it\/it\/\"},{\"@type\":\"ListItem\",\"position\":2,\"name\":\"Coronavirus, chi si ammala in Toscana? L&#8217;et\u00e0 media \u00e8 61 anni\"}]},{\"@type\":\"WebSite\",\"@id\":\"https:\/\/www.intoscana.it\/it\/#website\",\"url\":\"https:\/\/www.intoscana.it\/it\/\",\"name\":\"intoscana\",\"description\":\"\",\"potentialAction\":[{\"@type\":\"SearchAction\",\"target\":{\"@type\":\"EntryPoint\",\"urlTemplate\":\"https:\/\/www.intoscana.it\/it\/?s={search_term_string}\"},\"query-input\":{\"@type\":\"PropertyValueSpecification\",\"valueRequired\":true,\"valueName\":\"search_term_string\"}}],\"inLanguage\":\"it-IT\"},{\"@type\":\"Person\",\"@id\":\"https:\/\/www.intoscana.it\/it\/#\/schema\/person\/9223810753230f20bd670fdd322661f8\",\"name\":\"Redazione\",\"url\":\"https:\/\/www.intoscana.it\/it\/author\/redazione\/\"}]}<\/script>\n<!-- \/ Yoast SEO Premium plugin. -->","yoast_head_json":{"title":"Coronavirus, chi si ammala in Toscana? L'et\u00e0 media \u00e8 61 anni - intoscana","description":"Coronavirus, chi si ammala in Toscana? Tutti i dati di Ars: l'et\u00e0 media \u00e8 61 anni. La Toscana \u00e8 l'undicesima regione in Italia con 16 casi ogni 10 mila abitanti","robots":{"index":"index","follow":"follow","max-snippet":"max-snippet:-1","max-image-preview":"max-image-preview:large","max-video-preview":"max-video-preview:-1"},"canonical":"https:\/\/www.intoscana.it\/it\/coronavirus-dati\/","og_locale":"it_IT","og_type":"article","og_title":"Coronavirus, chi si ammala in Toscana? L'et\u00e0 media \u00e8 61 anni","og_description":"Coronavirus, chi si ammala in Toscana? Tutti i dati di Ars: l'et\u00e0 media \u00e8 61 anni. La Toscana \u00e8 l'undicesima regione in Italia con 16 casi ogni 10 mila abitanti","og_url":"https:\/\/www.intoscana.it\/it\/coronavirus-dati\/","og_site_name":"intoscana","article_publisher":"https:\/\/www.facebook.com\/intoscana.it","article_published_time":"2020-04-08T09:32:55+00:00","article_modified_time":"2020-08-10T08:21:01+00:00","og_image":[{"width":2000,"height":1331,"url":"https:\/\/www.intoscana.it\/wp-content\/uploads\/anziana_malata.jpg","type":"image\/jpeg"}],"author":"Redazione","twitter_card":"summary_large_image","twitter_creator":"@intoscana","twitter_site":"@intoscana","twitter_misc":{"Written by":"Redazione","Est. reading time":"3 minuti"},"schema":{"@context":"https:\/\/schema.org","@graph":[{"@type":"WebPage","@id":"https:\/\/www.intoscana.it\/it\/coronavirus-dati\/","url":"https:\/\/www.intoscana.it\/it\/coronavirus-dati\/","name":"Coronavirus, chi si ammala in Toscana? L'et\u00e0 media \u00e8 61 anni - intoscana","isPartOf":{"@id":"https:\/\/www.intoscana.it\/it\/#website"},"primaryImageOfPage":{"@id":"https:\/\/www.intoscana.it\/it\/coronavirus-dati\/#primaryimage"},"image":{"@id":"https:\/\/www.intoscana.it\/it\/coronavirus-dati\/#primaryimage"},"thumbnailUrl":"https:\/\/www.intoscana.it\/wp-content\/uploads\/anziana_malata.jpg","datePublished":"2020-04-08T09:32:55+00:00","dateModified":"2020-08-10T08:21:01+00:00","author":{"@id":"https:\/\/www.intoscana.it\/it\/#\/schema\/person\/9223810753230f20bd670fdd322661f8"},"description":"Coronavirus, chi si ammala in Toscana? Tutti i dati di Ars: l'et\u00e0 media \u00e8 61 anni. La Toscana \u00e8 l'undicesima regione in Italia con 16 casi ogni 10 mila abitanti","breadcrumb":{"@id":"https:\/\/www.intoscana.it\/it\/coronavirus-dati\/#breadcrumb"},"inLanguage":"it-IT","potentialAction":[{"@type":"ReadAction","target":["https:\/\/www.intoscana.it\/it\/coronavirus-dati\/"]}]},{"@type":"ImageObject","inLanguage":"it-IT","@id":"https:\/\/www.intoscana.it\/it\/coronavirus-dati\/#primaryimage","url":"https:\/\/www.intoscana.it\/wp-content\/uploads\/anziana_malata.jpg","contentUrl":"https:\/\/www.intoscana.it\/wp-content\/uploads\/anziana_malata.jpg","width":2000,"height":1331},{"@type":"BreadcrumbList","@id":"https:\/\/www.intoscana.it\/it\/coronavirus-dati\/#breadcrumb","itemListElement":[{"@type":"ListItem","position":1,"name":"Home","item":"https:\/\/www.intoscana.it\/it\/"},{"@type":"ListItem","position":2,"name":"Coronavirus, chi si ammala in Toscana? L&#8217;et\u00e0 media \u00e8 61 anni"}]},{"@type":"WebSite","@id":"https:\/\/www.intoscana.it\/it\/#website","url":"https:\/\/www.intoscana.it\/it\/","name":"intoscana","description":"","potentialAction":[{"@type":"SearchAction","target":{"@type":"EntryPoint","urlTemplate":"https:\/\/www.intoscana.it\/it\/?s={search_term_string}"},"query-input":{"@type":"PropertyValueSpecification","valueRequired":true,"valueName":"search_term_string"}}],"inLanguage":"it-IT"},{"@type":"Person","@id":"https:\/\/www.intoscana.it\/it\/#\/schema\/person\/9223810753230f20bd670fdd322661f8","name":"Redazione","url":"https:\/\/www.intoscana.it\/it\/author\/redazione\/"}]}},"_links":{"self":[{"href":"https:\/\/www.intoscana.it\/it\/wp-json\/wp\/v2\/posts\/142863","targetHints":{"allow":["GET"]}}],"collection":[{"href":"https:\/\/www.intoscana.it\/it\/wp-json\/wp\/v2\/posts"}],"about":[{"href":"https:\/\/www.intoscana.it\/it\/wp-json\/wp\/v2\/types\/post"}],"author":[{"embeddable":true,"href":"https:\/\/www.intoscana.it\/it\/wp-json\/wp\/v2\/users\/525"}],"replies":[{"embeddable":true,"href":"https:\/\/www.intoscana.it\/it\/wp-json\/wp\/v2\/comments?post=142863"}],"version-history":[{"count":0,"href":"https:\/\/www.intoscana.it\/it\/wp-json\/wp\/v2\/posts\/142863\/revisions"}],"wp:featuredmedia":[{"embeddable":true,"href":"https:\/\/www.intoscana.it\/it\/wp-json\/wp\/v2\/media\/143714"}],"wp:attachment":[{"href":"https:\/\/www.intoscana.it\/it\/wp-json\/wp\/v2\/media?parent=142863"}],"wp:term":[{"taxonomy":"category","embeddable":true,"href":"https:\/\/www.intoscana.it\/it\/wp-json\/wp\/v2\/categories?post=142863"},{"taxonomy":"post_tag","embeddable":true,"href":"https:\/\/www.intoscana.it\/it\/wp-json\/wp\/v2\/tags?post=142863"}],"curies":[{"name":"wp","href":"https:\/\/api.w.org\/{rel}","templated":true}]}}