{"id":142864,"date":"2020-04-07T19:15:31","date_gmt":"2020-04-07T17:15:31","guid":{"rendered":"https:\/\/www.intoscana.it\/coronavirus-in-toscana-cure-intermedie-per-rsa-e-alberghi-sanitari\/"},"modified":"2020-08-10T10:21:01","modified_gmt":"2020-08-10T08:21:01","slug":"coronavirus-rsa-alberghi-sanitari","status":"publish","type":"post","link":"https:\/\/www.intoscana.it\/it\/coronavirus-rsa-alberghi-sanitari\/","title":{"rendered":"Coronavirus, in Toscana cure intermedie per Rsa e alberghi sanitari"},"content":{"rendered":"<p><strong>Positivi (quelli che ora sono a casa, pi\u00f9 di tremilacinquecento in tutta la Toscana) invitati a trasferirsi negli alberghi sanitari.<\/strong> E positivi delle residenze per anziani o per disabili che d\u2019ora in poi avranno un\u2019assistenza da cure intermedie, in strutture appositamente dedicate o nelle case di riposo dove gi\u00e0 si trovano (se sar\u00e0 possibile). Il tutto a carico del sistema sanitario regionale.<\/p>\n<p>Il presidente della Toscana Enrico Rossi ha firmato due ordinanze con nuove misure per contenere i contagi e combattere il virus. \u201cMa cos\u00ec \u2013 spiega in un video sul suo profilo facebook \u2013 riusciremo a garantire anche una migliore assistenza a chi \u00e8 ammalato\u201d.<\/p>\n<p><iframe loading=\"lazy\" style=\"border: none; overflow: hidden;\" src=\"https:\/\/www.facebook.com\/plugins\/video.php?href=https%3A%2F%2Fwww.facebook.com%2Fenricorossipresidente%2Fvideos%2F938506983219207%2F&amp;show_text=0&amp;width=560\" width=\"560\" height=\"315\" frameborder=\"0\" scrolling=\"no\" allowfullscreen=\"allowfullscreen\"><\/iframe><\/p>\n<p><span style=\"text-decoration: underline;\"><strong>Da casa negli alberghi sanitari<\/strong><\/span><\/p>\n<p>Negli ospedali la situazione sta migliorando: diminuiscono i ricoveri (e non solo quelli in terapia intensiva). Ma non \u00e8 il momento di abbassare la guardia: vanno ridotti in tutti i modi i rischi di nuovi contagi, ripete il presidente. Cos\u00ec la Regione offrir\u00e0 a tutti i pazienti positivi che oggi sono in isolamento nella propria abitazione \u2013 quelli che in ospedale non ci sono mai andati, perch\u00e9 stavano abbastanza bene, e quelli che dall\u2019ospedale sono stati dimessi \u2013 la possibilit\u00e0 di trasferirsi ed essere assistiti in alberghi sanitari, dove le Asl dovranno garantire ogni giorno almeno una visita di medici e infermieri. \u201cGli alberghi sanitari offrono migliori garanzie di isolamento\u201d spiega Rossi. A casa non \u00e8 detto che accada. Trasferirsi in un albergo sanitario protegge anche chi convive con il paziente. \u201cInoltre \u2013 aggiunge il presidente \u2013 le condizioni di salute potranno essere monitora te in modo pi\u00f9 continuo\u201d.<\/p>\n<p><strong>Non \u00e8 un obbligo.<\/strong> Le unit\u00e0 mobili di infermieri e medici, le Usca, che si recheranno nei prossimi giorni a casa dei pazienti, lo proporranno. La scelta sar\u00e0 degli ammalati. \u201cMa vi invito ad accettare l\u2019offerta\u201d dice Rossi. Chi poi volesse rimanere a casa dovr\u00e0 comunque firmare una dichiarazione in cui rinuncia al trattamento proposto.<\/p>\n<p><span style=\"text-decoration: underline;\"><strong>Cure intermedie per i positivi della Rsa<\/strong><\/span><\/p>\n<p>Nuove norme e assistenza potenziata (leggi l&#8217;ordinanza) anche per le residenze per anziani e per quelle per disabili, dove nelle ultime settimane sono cresciuti i contagiati. \u201cGli ospiti positivi \u2013 dice Rossi \u2013 saranno d\u2019ora in poi subito presi in carico dal servizio sanitario regionale, prevedendo per tutti almeno l\u2019assistenza che \u00e8 propria delle cure intermedie\u201d. Infermieri dunque, medici e strumentazione adeguata. E non solo per i sintomatici, si precisa nella nuova ordinanza, ma anche per asintomatici e paucisintomatici, ovvero per chi sta bene e non ha i sintomi tipici della malattia. Rimane chiaramente la necessit\u00e0 di isolare i positivi. Questo potr\u00e0 cos\u00ec avvenire all\u2019interno della residenza &#8211; \u201cse gli spazi consentiranno una separazione senza alcuna commistione\u201d dice Rossi \u2013 altrimenti i malati dovranno essere trasferiti in strutture diverse e a questo proposte, destinate unicamente a malati Covid. Alcune Rsa o Rsd private, d&#8217;intesa con il gestore, potrebbero essere trasformate e rivolte alla sola accoglienza di ospiti positivi.<\/p>\n<p><strong>L\u2019ordinanza affronta infine anche il problema del personale.<\/strong> Se medici, operatori e infermieri delle Asl non fossero sufficienti per la gestione sanitaria degli ospiti positivi, le aziende sanitarie sono autorizzate ad assunzioni con procedura d\u2019urgenza, utilizzando le graduatorie Estar e facendo anche ricorso a contratti tempo indeterminato.<\/p>\n","protected":false},"excerpt":{"rendered":"<p>Due ordinanze firmate dal governatore Enrico Rossi danno il via libera ad altrettanti provvedimenti: il sistema sanitario regionale si far\u00e0 carico dei positivi, anziani e non<\/p>\n","protected":false},"author":525,"featured_media":143715,"comment_status":"open","ping_status":"open","sticky":false,"template":"","format":"standard","meta":{"_acf_changed":false,"footnotes":""},"categories":[18],"tags":[370,418],"class_list":["post-142864","post","type-post","status-publish","format-standard","has-post-thumbnail","hentry","category-salute","tag-anziani","tag-covid-19"],"acf":[],"yoast_head":"<!-- This site is optimized with the Yoast SEO Premium plugin v24.2 (Yoast SEO v25.6) - https:\/\/yoast.com\/wordpress\/plugins\/seo\/ -->\n<title>Coronavirus, in Toscana cure intermedie per Rsa e alberghi sanitari - intoscana<\/title>\n<meta name=\"description\" content=\"Due ordinanze firmate da Enrico Rossi danno via libera ad altrettanti provvedimenti: il sistema sanitario regionale si far\u00e0 carico dei positivi, anziani e non\" \/>\n<meta name=\"robots\" content=\"index, follow, max-snippet:-1, max-image-preview:large, max-video-preview:-1\" \/>\n<link rel=\"canonical\" href=\"https:\/\/www.intoscana.it\/it\/coronavirus-rsa-alberghi-sanitari\/\" \/>\n<meta property=\"og:locale\" content=\"it_IT\" \/>\n<meta property=\"og:type\" content=\"article\" \/>\n<meta property=\"og:title\" content=\"Coronavirus, in Toscana cure intermedie per Rsa e alberghi sanitari\" \/>\n<meta property=\"og:description\" content=\"Due ordinanze firmate da Enrico Rossi danno via libera ad altrettanti provvedimenti: il sistema sanitario regionale si far\u00e0 carico dei positivi, anziani e non\" \/>\n<meta property=\"og:url\" content=\"https:\/\/www.intoscana.it\/it\/coronavirus-rsa-alberghi-sanitari\/\" \/>\n<meta property=\"og:site_name\" content=\"intoscana\" \/>\n<meta property=\"article:publisher\" content=\"https:\/\/www.facebook.com\/intoscana.it\" \/>\n<meta property=\"article:published_time\" content=\"2020-04-07T17:15:31+00:00\" \/>\n<meta property=\"article:modified_time\" content=\"2020-08-10T08:21:01+00:00\" \/>\n<meta property=\"og:image\" content=\"https:\/\/www.intoscana.it\/wp-content\/uploads\/bandiere-regione-toscana.png\" \/>\n\t<meta property=\"og:image:width\" content=\"1332\" \/>\n\t<meta property=\"og:image:height\" content=\"850\" \/>\n\t<meta property=\"og:image:type\" content=\"image\/png\" \/>\n<meta name=\"author\" content=\"Redazione\" \/>\n<meta name=\"twitter:card\" content=\"summary_large_image\" \/>\n<meta name=\"twitter:creator\" content=\"@intoscana\" \/>\n<meta name=\"twitter:site\" content=\"@intoscana\" \/>\n<meta name=\"twitter:label1\" content=\"Written by\" \/>\n\t<meta name=\"twitter:data1\" content=\"Redazione\" \/>\n\t<meta name=\"twitter:label2\" content=\"Est. reading time\" \/>\n\t<meta name=\"twitter:data2\" content=\"3 minuti\" \/>\n<script type=\"application\/ld+json\" class=\"yoast-schema-graph\">{\"@context\":\"https:\/\/schema.org\",\"@graph\":[{\"@type\":\"WebPage\",\"@id\":\"https:\/\/www.intoscana.it\/it\/coronavirus-rsa-alberghi-sanitari\/\",\"url\":\"https:\/\/www.intoscana.it\/it\/coronavirus-rsa-alberghi-sanitari\/\",\"name\":\"Coronavirus, in Toscana cure intermedie per Rsa e alberghi sanitari - intoscana\",\"isPartOf\":{\"@id\":\"https:\/\/www.intoscana.it\/it\/#website\"},\"primaryImageOfPage\":{\"@id\":\"https:\/\/www.intoscana.it\/it\/coronavirus-rsa-alberghi-sanitari\/#primaryimage\"},\"image\":{\"@id\":\"https:\/\/www.intoscana.it\/it\/coronavirus-rsa-alberghi-sanitari\/#primaryimage\"},\"thumbnailUrl\":\"https:\/\/www.intoscana.it\/wp-content\/uploads\/bandiere-regione-toscana.png\",\"datePublished\":\"2020-04-07T17:15:31+00:00\",\"dateModified\":\"2020-08-10T08:21:01+00:00\",\"author\":{\"@id\":\"https:\/\/www.intoscana.it\/it\/#\/schema\/person\/9223810753230f20bd670fdd322661f8\"},\"description\":\"Due ordinanze firmate da Enrico Rossi danno via libera ad altrettanti provvedimenti: il sistema sanitario regionale si far\u00e0 carico dei positivi, anziani e non\",\"breadcrumb\":{\"@id\":\"https:\/\/www.intoscana.it\/it\/coronavirus-rsa-alberghi-sanitari\/#breadcrumb\"},\"inLanguage\":\"it-IT\",\"potentialAction\":[{\"@type\":\"ReadAction\",\"target\":[\"https:\/\/www.intoscana.it\/it\/coronavirus-rsa-alberghi-sanitari\/\"]}]},{\"@type\":\"ImageObject\",\"inLanguage\":\"it-IT\",\"@id\":\"https:\/\/www.intoscana.it\/it\/coronavirus-rsa-alberghi-sanitari\/#primaryimage\",\"url\":\"https:\/\/www.intoscana.it\/wp-content\/uploads\/bandiere-regione-toscana.png\",\"contentUrl\":\"https:\/\/www.intoscana.it\/wp-content\/uploads\/bandiere-regione-toscana.png\",\"width\":1332,\"height\":850},{\"@type\":\"BreadcrumbList\",\"@id\":\"https:\/\/www.intoscana.it\/it\/coronavirus-rsa-alberghi-sanitari\/#breadcrumb\",\"itemListElement\":[{\"@type\":\"ListItem\",\"position\":1,\"name\":\"Home\",\"item\":\"https:\/\/www.intoscana.it\/it\/\"},{\"@type\":\"ListItem\",\"position\":2,\"name\":\"Coronavirus, in Toscana cure intermedie per Rsa e alberghi sanitari\"}]},{\"@type\":\"WebSite\",\"@id\":\"https:\/\/www.intoscana.it\/it\/#website\",\"url\":\"https:\/\/www.intoscana.it\/it\/\",\"name\":\"intoscana\",\"description\":\"\",\"potentialAction\":[{\"@type\":\"SearchAction\",\"target\":{\"@type\":\"EntryPoint\",\"urlTemplate\":\"https:\/\/www.intoscana.it\/it\/?s={search_term_string}\"},\"query-input\":{\"@type\":\"PropertyValueSpecification\",\"valueRequired\":true,\"valueName\":\"search_term_string\"}}],\"inLanguage\":\"it-IT\"},{\"@type\":\"Person\",\"@id\":\"https:\/\/www.intoscana.it\/it\/#\/schema\/person\/9223810753230f20bd670fdd322661f8\",\"name\":\"Redazione\",\"url\":\"https:\/\/www.intoscana.it\/it\/author\/redazione\/\"}]}<\/script>\n<!-- \/ Yoast SEO Premium plugin. -->","yoast_head_json":{"title":"Coronavirus, in Toscana cure intermedie per Rsa e alberghi sanitari - intoscana","description":"Due ordinanze firmate da Enrico Rossi danno via libera ad altrettanti provvedimenti: il sistema sanitario regionale si far\u00e0 carico dei positivi, anziani e non","robots":{"index":"index","follow":"follow","max-snippet":"max-snippet:-1","max-image-preview":"max-image-preview:large","max-video-preview":"max-video-preview:-1"},"canonical":"https:\/\/www.intoscana.it\/it\/coronavirus-rsa-alberghi-sanitari\/","og_locale":"it_IT","og_type":"article","og_title":"Coronavirus, in Toscana cure intermedie per Rsa e alberghi sanitari","og_description":"Due ordinanze firmate da Enrico Rossi danno via libera ad altrettanti provvedimenti: il sistema sanitario regionale si far\u00e0 carico dei positivi, anziani e non","og_url":"https:\/\/www.intoscana.it\/it\/coronavirus-rsa-alberghi-sanitari\/","og_site_name":"intoscana","article_publisher":"https:\/\/www.facebook.com\/intoscana.it","article_published_time":"2020-04-07T17:15:31+00:00","article_modified_time":"2020-08-10T08:21:01+00:00","og_image":[{"width":1332,"height":850,"url":"https:\/\/www.intoscana.it\/wp-content\/uploads\/bandiere-regione-toscana.png","type":"image\/png"}],"author":"Redazione","twitter_card":"summary_large_image","twitter_creator":"@intoscana","twitter_site":"@intoscana","twitter_misc":{"Written by":"Redazione","Est. reading time":"3 minuti"},"schema":{"@context":"https:\/\/schema.org","@graph":[{"@type":"WebPage","@id":"https:\/\/www.intoscana.it\/it\/coronavirus-rsa-alberghi-sanitari\/","url":"https:\/\/www.intoscana.it\/it\/coronavirus-rsa-alberghi-sanitari\/","name":"Coronavirus, in Toscana cure intermedie per Rsa e alberghi sanitari - intoscana","isPartOf":{"@id":"https:\/\/www.intoscana.it\/it\/#website"},"primaryImageOfPage":{"@id":"https:\/\/www.intoscana.it\/it\/coronavirus-rsa-alberghi-sanitari\/#primaryimage"},"image":{"@id":"https:\/\/www.intoscana.it\/it\/coronavirus-rsa-alberghi-sanitari\/#primaryimage"},"thumbnailUrl":"https:\/\/www.intoscana.it\/wp-content\/uploads\/bandiere-regione-toscana.png","datePublished":"2020-04-07T17:15:31+00:00","dateModified":"2020-08-10T08:21:01+00:00","author":{"@id":"https:\/\/www.intoscana.it\/it\/#\/schema\/person\/9223810753230f20bd670fdd322661f8"},"description":"Due ordinanze firmate da Enrico Rossi danno via libera ad altrettanti provvedimenti: il sistema sanitario regionale si far\u00e0 carico dei positivi, anziani e non","breadcrumb":{"@id":"https:\/\/www.intoscana.it\/it\/coronavirus-rsa-alberghi-sanitari\/#breadcrumb"},"inLanguage":"it-IT","potentialAction":[{"@type":"ReadAction","target":["https:\/\/www.intoscana.it\/it\/coronavirus-rsa-alberghi-sanitari\/"]}]},{"@type":"ImageObject","inLanguage":"it-IT","@id":"https:\/\/www.intoscana.it\/it\/coronavirus-rsa-alberghi-sanitari\/#primaryimage","url":"https:\/\/www.intoscana.it\/wp-content\/uploads\/bandiere-regione-toscana.png","contentUrl":"https:\/\/www.intoscana.it\/wp-content\/uploads\/bandiere-regione-toscana.png","width":1332,"height":850},{"@type":"BreadcrumbList","@id":"https:\/\/www.intoscana.it\/it\/coronavirus-rsa-alberghi-sanitari\/#breadcrumb","itemListElement":[{"@type":"ListItem","position":1,"name":"Home","item":"https:\/\/www.intoscana.it\/it\/"},{"@type":"ListItem","position":2,"name":"Coronavirus, in Toscana cure intermedie per Rsa e alberghi sanitari"}]},{"@type":"WebSite","@id":"https:\/\/www.intoscana.it\/it\/#website","url":"https:\/\/www.intoscana.it\/it\/","name":"intoscana","description":"","potentialAction":[{"@type":"SearchAction","target":{"@type":"EntryPoint","urlTemplate":"https:\/\/www.intoscana.it\/it\/?s={search_term_string}"},"query-input":{"@type":"PropertyValueSpecification","valueRequired":true,"valueName":"search_term_string"}}],"inLanguage":"it-IT"},{"@type":"Person","@id":"https:\/\/www.intoscana.it\/it\/#\/schema\/person\/9223810753230f20bd670fdd322661f8","name":"Redazione","url":"https:\/\/www.intoscana.it\/it\/author\/redazione\/"}]}},"_links":{"self":[{"href":"https:\/\/www.intoscana.it\/it\/wp-json\/wp\/v2\/posts\/142864","targetHints":{"allow":["GET"]}}],"collection":[{"href":"https:\/\/www.intoscana.it\/it\/wp-json\/wp\/v2\/posts"}],"about":[{"href":"https:\/\/www.intoscana.it\/it\/wp-json\/wp\/v2\/types\/post"}],"author":[{"embeddable":true,"href":"https:\/\/www.intoscana.it\/it\/wp-json\/wp\/v2\/users\/525"}],"replies":[{"embeddable":true,"href":"https:\/\/www.intoscana.it\/it\/wp-json\/wp\/v2\/comments?post=142864"}],"version-history":[{"count":0,"href":"https:\/\/www.intoscana.it\/it\/wp-json\/wp\/v2\/posts\/142864\/revisions"}],"wp:featuredmedia":[{"embeddable":true,"href":"https:\/\/www.intoscana.it\/it\/wp-json\/wp\/v2\/media\/143715"}],"wp:attachment":[{"href":"https:\/\/www.intoscana.it\/it\/wp-json\/wp\/v2\/media?parent=142864"}],"wp:term":[{"taxonomy":"category","embeddable":true,"href":"https:\/\/www.intoscana.it\/it\/wp-json\/wp\/v2\/categories?post=142864"},{"taxonomy":"post_tag","embeddable":true,"href":"https:\/\/www.intoscana.it\/it\/wp-json\/wp\/v2\/tags?post=142864"}],"curies":[{"name":"wp","href":"https:\/\/api.w.org\/{rel}","templated":true}]}}