{"id":142865,"date":"2020-04-10T09:41:44","date_gmt":"2020-04-10T07:41:44","guid":{"rendered":"https:\/\/www.intoscana.it\/rossi-chiede-la-sedazione-profonda-per-i-malati-terminali-e-cerca-nuovi-laboratori-per-i-test\/"},"modified":"2020-08-10T10:21:02","modified_gmt":"2020-08-10T08:21:02","slug":"malati-terminali-enrico-rossi","status":"publish","type":"post","link":"https:\/\/www.intoscana.it\/it\/malati-terminali-enrico-rossi\/","title":{"rendered":"Rossi chiede la sedazione profonda per i malati terminali e cerca nuovi laboratori per i test"},"content":{"rendered":"<p>&#8220;Sedazione profonda per pazienti terminali.<strong> La morte per Coronavirus \u00e8 terribile<\/strong>. &#8211; <strong>ha scritto il presidente della Regione Toscana Enrico Rossi su Facebook<\/strong> &#8211; I medici dicono che<strong> si soffre moltissimo come si vivesse un annegamento prolungato nel tempo.<\/strong> Per questo <strong>nella mia ordinanza n.20 ho voluto ribadire che anche il medico di medicina generale pu\u00f2 fare cure palliative a domicilio:<\/strong> &#8216;Considerato che il compito della medicina generale \u00e8 anche la gestione dei pazienti affetti da SARS-CoV2, in fase terminale, per i quali \u00e8 opportuno proporre, ove possibile, la gestione nel proprio domicilio, nel rispetto della dignit\u00e0 e dell\u2019autodeterminazione della persona, supportando le cure disponibili nel territorio con l&#8217;attivazione delle cure palliative domiciliari.&#8217; <strong>In Francia il dibattito \u00e8 aperto.<\/strong>&nbsp;Il via libera del governo francese per l&#8217;uso del <strong>Rivotril, farmaco anti-epilessia, per la sedazione terminale di pazienti<\/strong> affetti da Covid-19 apre la riflessione sulle cure di fine in questa crisi.&#8221;<\/p>\n<p>Nel frattempo <strong>Estar<\/strong> l&#8217;Ente di supporto tecnico amministrativo regionale ha pubblicato una &#8216;manifestazione di interesse&#8217; per <strong>chiedere ai laboratori privati di effettuare i test rapidi per la rilevazione del Coronavirus, a tariffe convenzionate.<\/strong>&nbsp; Entro le 18 di sabato 11 aprile <strong>tutti gli istituti di analisi privati che dispongano di un laboratorio idoneo e che vogliano effettuare i test rapidi<\/strong> per la rilevazione del Covid 19, <strong>dovranno inviare ad Estar una posta elettronica certificata<\/strong> indicando la loro <strong>disponibilit\u00e0 e il prezzo richiesto<\/strong> per effettuarli. <\/p>\n<p><strong>Si tratta sia dei tamponi molecolari<\/strong> per la rilevazione della presenza virale <strong>che dei test rapidi Covid19 IgG ed IgM per la rilevazione qualitativa e quantitativa di IgG e IgM anti-SARS-CoV-2<\/strong> in campioni di sangue intero, siero o plasma umano.<\/p>\n<p>Si esplicita che l\u2019accettazione da parte di Regione Toscana della proposta pervenuta, comporta, fermi restando i rapporti contrattuali in essere con aziende private sottoscritti precedentemente al 3 aprile scorso, l\u2019<strong>adesione in via esclusiva alla programmazione della Regione Toscana in tema di prevenzione e controllo della infezione da Covid19<\/strong>, con la quale la Regione stessa dar\u00e0 indicazione alla progressivit\u00e0 dei test da effettuarsi sulla popolazione, identificata attraverso specifici clusters.<\/p>\n<p>Si precisa che, in aggiunta alle indagini commissionate direttamente dalla Regione Toscana e i cui costi saranno sostenuti dalla stessa sulla base delle tariffe concordate, <strong>i laboratori convenzionati avranno la facolt\u00e0 di effettuare prestazioni, alle stesse tariffe, nei confronti di soggetti<\/strong> appartenenti comunque alle categorie delle <strong>filiere produttive essenziali non soggette a chiusura.<\/strong><\/p>\n<p>Nell\u2019aderire al programma regionale<strong> i laboratori convenzionati saranno obbligati a inviare, secondo procedure definite dalla Regione Toscana, i risultati dei test eseguiti,<\/strong> nel rispetto della legge sulla privacy, attraverso l\u2019apposita piattaforma informatica.<\/p>\n<p>Sar\u00e0 cura della Regione Toscana identificare gli ambiti di riferimento da indagare attraverso l\u2019accordo con i singoli operatori privati, tenendo conto anche della loro capacit\u00e0 produttiva e della loro collocazione geografica. <strong>Gli eventuali accordi contrattuali saranno stipulati direttamente dalle Aziende USL<\/strong> competenti territorialmente.<\/p>\n<p>In aggiunta alle indagini commissionate direttamente dalla Regione Toscana, i cui costi saranno sostenuti dalla stessa sulla base delle tariffe concordate, <strong>i laboratori convenzionati avranno la facolt\u00e0 di effettuare prestazioni, alle stesse tariffe, nei confronti di soggetti appartenenti comunque a tutte le categorie<\/strong> identificate dalla Regione Toscana.<\/p>\n","protected":false},"excerpt":{"rendered":"<p>Entro sabato i laboratori interessati ad effettuare i test dovranno dichiararsi disponibili<\/p>\n","protected":false},"author":525,"featured_media":143716,"comment_status":"open","ping_status":"open","sticky":false,"template":"","format":"standard","meta":{"_acf_changed":false,"footnotes":""},"categories":[18],"tags":[],"class_list":["post-142865","post","type-post","status-publish","format-standard","has-post-thumbnail","hentry","category-salute"],"acf":[],"yoast_head":"<!-- This site is optimized with the Yoast SEO Premium plugin v24.2 (Yoast SEO v25.6) - https:\/\/yoast.com\/wordpress\/plugins\/seo\/ -->\n<title>Rossi chiede la sedazione profonda per i malati terminali e cerca nuovi laboratori per i test - intoscana<\/title>\n<meta name=\"description\" content=\"Enrico Rossi presidente della Regione Toscana chiede la sedazione profonda per i malati terminali, nel frattempo si cercano nuovi laboratori per i test Covid\" \/>\n<meta name=\"robots\" content=\"index, follow, max-snippet:-1, max-image-preview:large, max-video-preview:-1\" \/>\n<link rel=\"canonical\" href=\"https:\/\/www.intoscana.it\/it\/malati-terminali-enrico-rossi\/\" \/>\n<meta property=\"og:locale\" content=\"it_IT\" \/>\n<meta property=\"og:type\" content=\"article\" \/>\n<meta property=\"og:title\" content=\"Rossi chiede la sedazione profonda per i malati terminali e cerca nuovi laboratori per i test\" \/>\n<meta property=\"og:description\" content=\"Enrico Rossi presidente della Regione Toscana chiede la sedazione profonda per i malati terminali, nel frattempo si cercano nuovi laboratori per i test Covid\" \/>\n<meta property=\"og:url\" content=\"https:\/\/www.intoscana.it\/it\/malati-terminali-enrico-rossi\/\" \/>\n<meta property=\"og:site_name\" content=\"intoscana\" \/>\n<meta property=\"article:publisher\" content=\"https:\/\/www.facebook.com\/intoscana.it\" \/>\n<meta property=\"article:published_time\" content=\"2020-04-10T07:41:44+00:00\" \/>\n<meta property=\"article:modified_time\" content=\"2020-08-10T08:21:02+00:00\" \/>\n<meta property=\"og:image\" content=\"https:\/\/www.intoscana.it\/wp-content\/uploads\/malato.jpg\" \/>\n\t<meta property=\"og:image:width\" content=\"2000\" \/>\n\t<meta property=\"og:image:height\" content=\"1334\" \/>\n\t<meta property=\"og:image:type\" content=\"image\/jpeg\" \/>\n<meta name=\"author\" content=\"Redazione\" \/>\n<meta name=\"twitter:card\" content=\"summary_large_image\" \/>\n<meta name=\"twitter:creator\" content=\"@intoscana\" \/>\n<meta name=\"twitter:site\" content=\"@intoscana\" \/>\n<meta name=\"twitter:label1\" content=\"Written by\" \/>\n\t<meta name=\"twitter:data1\" content=\"Redazione\" \/>\n\t<meta name=\"twitter:label2\" content=\"Est. reading time\" \/>\n\t<meta name=\"twitter:data2\" content=\"3 minuti\" \/>\n<script type=\"application\/ld+json\" class=\"yoast-schema-graph\">{\"@context\":\"https:\/\/schema.org\",\"@graph\":[{\"@type\":\"WebPage\",\"@id\":\"https:\/\/www.intoscana.it\/it\/malati-terminali-enrico-rossi\/\",\"url\":\"https:\/\/www.intoscana.it\/it\/malati-terminali-enrico-rossi\/\",\"name\":\"Rossi chiede la sedazione profonda per i malati terminali e cerca nuovi laboratori per i test - intoscana\",\"isPartOf\":{\"@id\":\"https:\/\/www.intoscana.it\/it\/#website\"},\"primaryImageOfPage\":{\"@id\":\"https:\/\/www.intoscana.it\/it\/malati-terminali-enrico-rossi\/#primaryimage\"},\"image\":{\"@id\":\"https:\/\/www.intoscana.it\/it\/malati-terminali-enrico-rossi\/#primaryimage\"},\"thumbnailUrl\":\"https:\/\/www.intoscana.it\/wp-content\/uploads\/malato.jpg\",\"datePublished\":\"2020-04-10T07:41:44+00:00\",\"dateModified\":\"2020-08-10T08:21:02+00:00\",\"author\":{\"@id\":\"https:\/\/www.intoscana.it\/it\/#\/schema\/person\/9223810753230f20bd670fdd322661f8\"},\"description\":\"Enrico Rossi presidente della Regione Toscana chiede la sedazione profonda per i malati terminali, nel frattempo si cercano nuovi laboratori per i test Covid\",\"breadcrumb\":{\"@id\":\"https:\/\/www.intoscana.it\/it\/malati-terminali-enrico-rossi\/#breadcrumb\"},\"inLanguage\":\"it-IT\",\"potentialAction\":[{\"@type\":\"ReadAction\",\"target\":[\"https:\/\/www.intoscana.it\/it\/malati-terminali-enrico-rossi\/\"]}]},{\"@type\":\"ImageObject\",\"inLanguage\":\"it-IT\",\"@id\":\"https:\/\/www.intoscana.it\/it\/malati-terminali-enrico-rossi\/#primaryimage\",\"url\":\"https:\/\/www.intoscana.it\/wp-content\/uploads\/malato.jpg\",\"contentUrl\":\"https:\/\/www.intoscana.it\/wp-content\/uploads\/malato.jpg\",\"width\":2000,\"height\":1334},{\"@type\":\"BreadcrumbList\",\"@id\":\"https:\/\/www.intoscana.it\/it\/malati-terminali-enrico-rossi\/#breadcrumb\",\"itemListElement\":[{\"@type\":\"ListItem\",\"position\":1,\"name\":\"Home\",\"item\":\"https:\/\/www.intoscana.it\/it\/\"},{\"@type\":\"ListItem\",\"position\":2,\"name\":\"Rossi chiede la sedazione profonda per i malati terminali e cerca nuovi laboratori per i test\"}]},{\"@type\":\"WebSite\",\"@id\":\"https:\/\/www.intoscana.it\/it\/#website\",\"url\":\"https:\/\/www.intoscana.it\/it\/\",\"name\":\"intoscana\",\"description\":\"\",\"potentialAction\":[{\"@type\":\"SearchAction\",\"target\":{\"@type\":\"EntryPoint\",\"urlTemplate\":\"https:\/\/www.intoscana.it\/it\/?s={search_term_string}\"},\"query-input\":{\"@type\":\"PropertyValueSpecification\",\"valueRequired\":true,\"valueName\":\"search_term_string\"}}],\"inLanguage\":\"it-IT\"},{\"@type\":\"Person\",\"@id\":\"https:\/\/www.intoscana.it\/it\/#\/schema\/person\/9223810753230f20bd670fdd322661f8\",\"name\":\"Redazione\",\"url\":\"https:\/\/www.intoscana.it\/it\/author\/redazione\/\"}]}<\/script>\n<!-- \/ Yoast SEO Premium plugin. -->","yoast_head_json":{"title":"Rossi chiede la sedazione profonda per i malati terminali e cerca nuovi laboratori per i test - intoscana","description":"Enrico Rossi presidente della Regione Toscana chiede la sedazione profonda per i malati terminali, nel frattempo si cercano nuovi laboratori per i test Covid","robots":{"index":"index","follow":"follow","max-snippet":"max-snippet:-1","max-image-preview":"max-image-preview:large","max-video-preview":"max-video-preview:-1"},"canonical":"https:\/\/www.intoscana.it\/it\/malati-terminali-enrico-rossi\/","og_locale":"it_IT","og_type":"article","og_title":"Rossi chiede la sedazione profonda per i malati terminali e cerca nuovi laboratori per i test","og_description":"Enrico Rossi presidente della Regione Toscana chiede la sedazione profonda per i malati terminali, nel frattempo si cercano nuovi laboratori per i test Covid","og_url":"https:\/\/www.intoscana.it\/it\/malati-terminali-enrico-rossi\/","og_site_name":"intoscana","article_publisher":"https:\/\/www.facebook.com\/intoscana.it","article_published_time":"2020-04-10T07:41:44+00:00","article_modified_time":"2020-08-10T08:21:02+00:00","og_image":[{"width":2000,"height":1334,"url":"https:\/\/www.intoscana.it\/wp-content\/uploads\/malato.jpg","type":"image\/jpeg"}],"author":"Redazione","twitter_card":"summary_large_image","twitter_creator":"@intoscana","twitter_site":"@intoscana","twitter_misc":{"Written by":"Redazione","Est. reading time":"3 minuti"},"schema":{"@context":"https:\/\/schema.org","@graph":[{"@type":"WebPage","@id":"https:\/\/www.intoscana.it\/it\/malati-terminali-enrico-rossi\/","url":"https:\/\/www.intoscana.it\/it\/malati-terminali-enrico-rossi\/","name":"Rossi chiede la sedazione profonda per i malati terminali e cerca nuovi laboratori per i test - intoscana","isPartOf":{"@id":"https:\/\/www.intoscana.it\/it\/#website"},"primaryImageOfPage":{"@id":"https:\/\/www.intoscana.it\/it\/malati-terminali-enrico-rossi\/#primaryimage"},"image":{"@id":"https:\/\/www.intoscana.it\/it\/malati-terminali-enrico-rossi\/#primaryimage"},"thumbnailUrl":"https:\/\/www.intoscana.it\/wp-content\/uploads\/malato.jpg","datePublished":"2020-04-10T07:41:44+00:00","dateModified":"2020-08-10T08:21:02+00:00","author":{"@id":"https:\/\/www.intoscana.it\/it\/#\/schema\/person\/9223810753230f20bd670fdd322661f8"},"description":"Enrico Rossi presidente della Regione Toscana chiede la sedazione profonda per i malati terminali, nel frattempo si cercano nuovi laboratori per i test Covid","breadcrumb":{"@id":"https:\/\/www.intoscana.it\/it\/malati-terminali-enrico-rossi\/#breadcrumb"},"inLanguage":"it-IT","potentialAction":[{"@type":"ReadAction","target":["https:\/\/www.intoscana.it\/it\/malati-terminali-enrico-rossi\/"]}]},{"@type":"ImageObject","inLanguage":"it-IT","@id":"https:\/\/www.intoscana.it\/it\/malati-terminali-enrico-rossi\/#primaryimage","url":"https:\/\/www.intoscana.it\/wp-content\/uploads\/malato.jpg","contentUrl":"https:\/\/www.intoscana.it\/wp-content\/uploads\/malato.jpg","width":2000,"height":1334},{"@type":"BreadcrumbList","@id":"https:\/\/www.intoscana.it\/it\/malati-terminali-enrico-rossi\/#breadcrumb","itemListElement":[{"@type":"ListItem","position":1,"name":"Home","item":"https:\/\/www.intoscana.it\/it\/"},{"@type":"ListItem","position":2,"name":"Rossi chiede la sedazione profonda per i malati terminali e cerca nuovi laboratori per i test"}]},{"@type":"WebSite","@id":"https:\/\/www.intoscana.it\/it\/#website","url":"https:\/\/www.intoscana.it\/it\/","name":"intoscana","description":"","potentialAction":[{"@type":"SearchAction","target":{"@type":"EntryPoint","urlTemplate":"https:\/\/www.intoscana.it\/it\/?s={search_term_string}"},"query-input":{"@type":"PropertyValueSpecification","valueRequired":true,"valueName":"search_term_string"}}],"inLanguage":"it-IT"},{"@type":"Person","@id":"https:\/\/www.intoscana.it\/it\/#\/schema\/person\/9223810753230f20bd670fdd322661f8","name":"Redazione","url":"https:\/\/www.intoscana.it\/it\/author\/redazione\/"}]}},"_links":{"self":[{"href":"https:\/\/www.intoscana.it\/it\/wp-json\/wp\/v2\/posts\/142865","targetHints":{"allow":["GET"]}}],"collection":[{"href":"https:\/\/www.intoscana.it\/it\/wp-json\/wp\/v2\/posts"}],"about":[{"href":"https:\/\/www.intoscana.it\/it\/wp-json\/wp\/v2\/types\/post"}],"author":[{"embeddable":true,"href":"https:\/\/www.intoscana.it\/it\/wp-json\/wp\/v2\/users\/525"}],"replies":[{"embeddable":true,"href":"https:\/\/www.intoscana.it\/it\/wp-json\/wp\/v2\/comments?post=142865"}],"version-history":[{"count":0,"href":"https:\/\/www.intoscana.it\/it\/wp-json\/wp\/v2\/posts\/142865\/revisions"}],"wp:featuredmedia":[{"embeddable":true,"href":"https:\/\/www.intoscana.it\/it\/wp-json\/wp\/v2\/media\/143716"}],"wp:attachment":[{"href":"https:\/\/www.intoscana.it\/it\/wp-json\/wp\/v2\/media?parent=142865"}],"wp:term":[{"taxonomy":"category","embeddable":true,"href":"https:\/\/www.intoscana.it\/it\/wp-json\/wp\/v2\/categories?post=142865"},{"taxonomy":"post_tag","embeddable":true,"href":"https:\/\/www.intoscana.it\/it\/wp-json\/wp\/v2\/tags?post=142865"}],"curies":[{"name":"wp","href":"https:\/\/api.w.org\/{rel}","templated":true}]}}