{"id":142866,"date":"2020-04-09T12:39:34","date_gmt":"2020-04-09T10:39:34","guid":{"rendered":"https:\/\/www.intoscana.it\/coronavirus-via-libera-dellaifa-alla-cura-sperimentata-a-livorno\/"},"modified":"2020-08-10T10:21:02","modified_gmt":"2020-08-10T08:21:02","slug":"aifa-sperimentazione-livorno","status":"publish","type":"post","link":"https:\/\/www.intoscana.it\/it\/aifa-sperimentazione-livorno\/","title":{"rendered":"Coronavirus: via libera dell&#8217;Aifa alla cura sperimentata a Livorno"},"content":{"rendered":"<p><strong>Sar\u00e0 estesa a un maggior numero di pazienti&nbsp;l\u2019esperienza terapeutica sperimentata a Livorno sui positivi al Covid-19 e messa a punto da&nbsp;Enrico Capochiani,<\/strong> direttore dell\u2019Unit\u00e0 operativa complessa ematologia dell\u2019Asl Toscana nord ovest. \u00c8 stato lui ad avere l&#8217;intuizione di&nbsp;utilizzare il Ruxolitinib, un farmaco gi\u00e0 usato in ambito ematologico, sui pazienti positivi al Coronavirus per rallentare e bloccare gli effetti della severa reazione infiammatoria chiamata \u201ctempesta di citochine\u201d e che spesso obbliga al ricorso di terapie intensive e ventilazione meccanica.<\/p>\n<p>Ora <strong>l\u2019Agenzia italiana per il farmaco (Aifa) e la ditta produttrice del farmaco Novartis hanno definito un protocollo terapeutico specifico<\/strong> per estendere la cura a pi\u00f9 malati.<br \/>\u201cSappiamo che la vittoria contro il Covid-19 sar\u00e0 difficile e richieder\u00e0 ancora tempo, ma iniziamo a essere fiduciosi che una parte di quel risultato positivo, che tutti indistintamente auspichiamo, passer\u00e0 anche dalla nostra esperienza\u201d ha commentato il dottor&nbsp;Enrico Capochiani.<\/p>\n<p><strong> \u201cAbbiamo ad oggi 10 pazienti in trattamento a Livorno e 4 al Versilia di et\u00e0 compresa tra 25 e 75 anni, con caratteristiche demografiche sovrapponibili ai dati nazionali<\/strong> &#8211; spiega Capochiani &#8211; di questi 11 erano in rapida evoluzione verso procedure di ventilazione meccanica assistita e 3 avevano iniziato la ventilazione assistita da meno di un giorno.<strong> Nessuno degli 11 pazienti in evoluzione clinica ha avuto necessit\u00e0 di ricorrere alla ventilazione polmonare, e dopo circa 5-6 giorni di terapia la met\u00e0 di loro \u00e8 tornata in respiro spontaneo senza alcun supporto di ossigeno<\/strong>, mentre per l&#8217;altra met\u00e0 le necessit\u00e0 di ossigenoterapia sono ad oggi assolutamente minime e a breve potranno essere avviati anch&#8217;essi a respirazione senza ossigeno. In un solo caso abbiamo visto una evoluzione pi\u00f9 lenta, mentre tutti gli altri hanno mostrato un miglioramento vistoso gi\u00e0 dopo pochissime somministrazioni comunque nelle 24-48 ore dall&#8217;inizio della terapia. Anche i pazienti che hanno iniziato il trattamento quando erano gi\u00e0 intubati, hanno tutti potuto lasciare la ventilazione meccanica dopo soli 4-5 giorni, a differenza degli altri casi che invece richiedevano almeno 10-15 giorni di supporto rianimatorio. Questi dati favorevoli ci vengono confermati anche dai colleghi che in molti altri ospedali italiani hanno seguito la nostra esperienza, confermando la positivit\u00e0 della nostra scelta\u201d.<\/p>\n<p><strong> Adesso l&#8217;opportunit\u00e0 di offrire questa esperienza terapeutica \u201cmade in Livorno\u201d \u00e8 stata estesa<\/strong> ad un numero superiore di pazienti grazie al protocollo di Aifa e Novartis. \u201cSaremo parte attiva e propositiva \u2013 conclude Capochiani &#8211; anche di questo ulteriore studio clinico. La nostra esperienza \u00e8 stata accolta con notevole interesse in molti ospedali italiani ed esteri, che hanno voluto condividere con noi dubbi, speranze e aspettative, oltre che, come gi\u00e0 detto, i medesimi risultati favorevoli. <strong>Mi permetto di sottolineare ancora una volta la collaborazione strettissima e continuativa con i colleghi rianimatori, infettivologi e internisti con cui quotidianamente ci confrontiamo e di cui sottolineiamo la straordinaria professionalit\u00e0 e impegno.<\/strong> Ed un ringraziamento particolare va alla direzione aziendale che ci ha sostenuto e a tutti i colleghi ematologi della nostra Azienda che in un momento cos\u00ec complesso della vita del Paese e della nostra professione, hanno deciso di impegnarsi testimoniando ancora una volta il motivo per cui l&#8217;ematologia italiana sia tra le pi\u00f9 apprezzate nel mondo\u201d.<\/p>\n","protected":false},"excerpt":{"rendered":"<p>Sar\u00e0 esteso il protocollo terapeutico sui malati di Covid-19 a base del farmaco&nbsp;Ruxolitinib messo a punto dal dottor Enrico Capochiani nella Asl Toscana nord ovest<\/p>\n","protected":false},"author":525,"featured_media":143717,"comment_status":"open","ping_status":"open","sticky":false,"template":"","format":"standard","meta":{"_acf_changed":false,"footnotes":""},"categories":[18],"tags":[],"class_list":["post-142866","post","type-post","status-publish","format-standard","has-post-thumbnail","hentry","category-salute"],"acf":[],"yoast_head":"<!-- This site is optimized with the Yoast SEO Premium plugin v24.2 (Yoast SEO v25.6) - https:\/\/yoast.com\/wordpress\/plugins\/seo\/ -->\n<title>Coronavirus: via libera dell&#039;Aifa alla cura sperimentata a Livorno - intoscana<\/title>\n<meta name=\"robots\" content=\"index, follow, max-snippet:-1, max-image-preview:large, max-video-preview:-1\" \/>\n<link rel=\"canonical\" href=\"https:\/\/www.intoscana.it\/it\/aifa-sperimentazione-livorno\/\" \/>\n<meta property=\"og:locale\" content=\"it_IT\" \/>\n<meta property=\"og:type\" content=\"article\" \/>\n<meta property=\"og:title\" content=\"Coronavirus: via libera dell&#039;Aifa alla cura sperimentata a Livorno\" \/>\n<meta property=\"og:description\" content=\"Sar\u00e0 esteso il protocollo terapeutico sui malati di Covid-19 a base del farmaco&nbsp;Ruxolitinib messo a punto dal dottor Enrico Capochiani nella Asl Toscana nord ovest\" \/>\n<meta property=\"og:url\" content=\"https:\/\/www.intoscana.it\/it\/aifa-sperimentazione-livorno\/\" \/>\n<meta property=\"og:site_name\" content=\"intoscana\" \/>\n<meta property=\"article:publisher\" content=\"https:\/\/www.facebook.com\/intoscana.it\" \/>\n<meta property=\"article:published_time\" content=\"2020-04-09T10:39:34+00:00\" \/>\n<meta property=\"article:modified_time\" content=\"2020-08-10T08:21:02+00:00\" \/>\n<meta property=\"og:image\" content=\"https:\/\/www.intoscana.it\/wp-content\/uploads\/ospedale-toscana-ordinanza-coronavirus-6.jpg\" \/>\n\t<meta property=\"og:image:width\" content=\"1000\" \/>\n\t<meta property=\"og:image:height\" content=\"667\" \/>\n\t<meta property=\"og:image:type\" content=\"image\/jpeg\" \/>\n<meta name=\"author\" content=\"Redazione\" \/>\n<meta name=\"twitter:card\" content=\"summary_large_image\" \/>\n<meta name=\"twitter:creator\" content=\"@intoscana\" \/>\n<meta name=\"twitter:site\" content=\"@intoscana\" \/>\n<meta name=\"twitter:label1\" content=\"Written by\" \/>\n\t<meta name=\"twitter:data1\" content=\"Redazione\" \/>\n\t<meta name=\"twitter:label2\" content=\"Est. reading time\" \/>\n\t<meta name=\"twitter:data2\" content=\"3 minuti\" \/>\n<script type=\"application\/ld+json\" class=\"yoast-schema-graph\">{\"@context\":\"https:\/\/schema.org\",\"@graph\":[{\"@type\":\"WebPage\",\"@id\":\"https:\/\/www.intoscana.it\/it\/aifa-sperimentazione-livorno\/\",\"url\":\"https:\/\/www.intoscana.it\/it\/aifa-sperimentazione-livorno\/\",\"name\":\"Coronavirus: via libera dell'Aifa alla cura sperimentata a Livorno - intoscana\",\"isPartOf\":{\"@id\":\"https:\/\/www.intoscana.it\/it\/#website\"},\"primaryImageOfPage\":{\"@id\":\"https:\/\/www.intoscana.it\/it\/aifa-sperimentazione-livorno\/#primaryimage\"},\"image\":{\"@id\":\"https:\/\/www.intoscana.it\/it\/aifa-sperimentazione-livorno\/#primaryimage\"},\"thumbnailUrl\":\"https:\/\/www.intoscana.it\/wp-content\/uploads\/ospedale-toscana-ordinanza-coronavirus-6.jpg\",\"datePublished\":\"2020-04-09T10:39:34+00:00\",\"dateModified\":\"2020-08-10T08:21:02+00:00\",\"author\":{\"@id\":\"https:\/\/www.intoscana.it\/it\/#\/schema\/person\/9223810753230f20bd670fdd322661f8\"},\"breadcrumb\":{\"@id\":\"https:\/\/www.intoscana.it\/it\/aifa-sperimentazione-livorno\/#breadcrumb\"},\"inLanguage\":\"it-IT\",\"potentialAction\":[{\"@type\":\"ReadAction\",\"target\":[\"https:\/\/www.intoscana.it\/it\/aifa-sperimentazione-livorno\/\"]}]},{\"@type\":\"ImageObject\",\"inLanguage\":\"it-IT\",\"@id\":\"https:\/\/www.intoscana.it\/it\/aifa-sperimentazione-livorno\/#primaryimage\",\"url\":\"https:\/\/www.intoscana.it\/wp-content\/uploads\/ospedale-toscana-ordinanza-coronavirus-6.jpg\",\"contentUrl\":\"https:\/\/www.intoscana.it\/wp-content\/uploads\/ospedale-toscana-ordinanza-coronavirus-6.jpg\",\"width\":1000,\"height\":667},{\"@type\":\"BreadcrumbList\",\"@id\":\"https:\/\/www.intoscana.it\/it\/aifa-sperimentazione-livorno\/#breadcrumb\",\"itemListElement\":[{\"@type\":\"ListItem\",\"position\":1,\"name\":\"Home\",\"item\":\"https:\/\/www.intoscana.it\/it\/\"},{\"@type\":\"ListItem\",\"position\":2,\"name\":\"Coronavirus: via libera dell&#8217;Aifa alla cura sperimentata a Livorno\"}]},{\"@type\":\"WebSite\",\"@id\":\"https:\/\/www.intoscana.it\/it\/#website\",\"url\":\"https:\/\/www.intoscana.it\/it\/\",\"name\":\"intoscana\",\"description\":\"\",\"potentialAction\":[{\"@type\":\"SearchAction\",\"target\":{\"@type\":\"EntryPoint\",\"urlTemplate\":\"https:\/\/www.intoscana.it\/it\/?s={search_term_string}\"},\"query-input\":{\"@type\":\"PropertyValueSpecification\",\"valueRequired\":true,\"valueName\":\"search_term_string\"}}],\"inLanguage\":\"it-IT\"},{\"@type\":\"Person\",\"@id\":\"https:\/\/www.intoscana.it\/it\/#\/schema\/person\/9223810753230f20bd670fdd322661f8\",\"name\":\"Redazione\",\"url\":\"https:\/\/www.intoscana.it\/it\/author\/redazione\/\"}]}<\/script>\n<!-- \/ Yoast SEO Premium plugin. -->","yoast_head_json":{"title":"Coronavirus: via libera dell'Aifa alla cura sperimentata a Livorno - intoscana","robots":{"index":"index","follow":"follow","max-snippet":"max-snippet:-1","max-image-preview":"max-image-preview:large","max-video-preview":"max-video-preview:-1"},"canonical":"https:\/\/www.intoscana.it\/it\/aifa-sperimentazione-livorno\/","og_locale":"it_IT","og_type":"article","og_title":"Coronavirus: via libera dell'Aifa alla cura sperimentata a Livorno","og_description":"Sar\u00e0 esteso il protocollo terapeutico sui malati di Covid-19 a base del farmaco&nbsp;Ruxolitinib messo a punto dal dottor Enrico Capochiani nella Asl Toscana nord ovest","og_url":"https:\/\/www.intoscana.it\/it\/aifa-sperimentazione-livorno\/","og_site_name":"intoscana","article_publisher":"https:\/\/www.facebook.com\/intoscana.it","article_published_time":"2020-04-09T10:39:34+00:00","article_modified_time":"2020-08-10T08:21:02+00:00","og_image":[{"width":1000,"height":667,"url":"https:\/\/www.intoscana.it\/wp-content\/uploads\/ospedale-toscana-ordinanza-coronavirus-6.jpg","type":"image\/jpeg"}],"author":"Redazione","twitter_card":"summary_large_image","twitter_creator":"@intoscana","twitter_site":"@intoscana","twitter_misc":{"Written by":"Redazione","Est. reading time":"3 minuti"},"schema":{"@context":"https:\/\/schema.org","@graph":[{"@type":"WebPage","@id":"https:\/\/www.intoscana.it\/it\/aifa-sperimentazione-livorno\/","url":"https:\/\/www.intoscana.it\/it\/aifa-sperimentazione-livorno\/","name":"Coronavirus: via libera dell'Aifa alla cura sperimentata a Livorno - intoscana","isPartOf":{"@id":"https:\/\/www.intoscana.it\/it\/#website"},"primaryImageOfPage":{"@id":"https:\/\/www.intoscana.it\/it\/aifa-sperimentazione-livorno\/#primaryimage"},"image":{"@id":"https:\/\/www.intoscana.it\/it\/aifa-sperimentazione-livorno\/#primaryimage"},"thumbnailUrl":"https:\/\/www.intoscana.it\/wp-content\/uploads\/ospedale-toscana-ordinanza-coronavirus-6.jpg","datePublished":"2020-04-09T10:39:34+00:00","dateModified":"2020-08-10T08:21:02+00:00","author":{"@id":"https:\/\/www.intoscana.it\/it\/#\/schema\/person\/9223810753230f20bd670fdd322661f8"},"breadcrumb":{"@id":"https:\/\/www.intoscana.it\/it\/aifa-sperimentazione-livorno\/#breadcrumb"},"inLanguage":"it-IT","potentialAction":[{"@type":"ReadAction","target":["https:\/\/www.intoscana.it\/it\/aifa-sperimentazione-livorno\/"]}]},{"@type":"ImageObject","inLanguage":"it-IT","@id":"https:\/\/www.intoscana.it\/it\/aifa-sperimentazione-livorno\/#primaryimage","url":"https:\/\/www.intoscana.it\/wp-content\/uploads\/ospedale-toscana-ordinanza-coronavirus-6.jpg","contentUrl":"https:\/\/www.intoscana.it\/wp-content\/uploads\/ospedale-toscana-ordinanza-coronavirus-6.jpg","width":1000,"height":667},{"@type":"BreadcrumbList","@id":"https:\/\/www.intoscana.it\/it\/aifa-sperimentazione-livorno\/#breadcrumb","itemListElement":[{"@type":"ListItem","position":1,"name":"Home","item":"https:\/\/www.intoscana.it\/it\/"},{"@type":"ListItem","position":2,"name":"Coronavirus: via libera dell&#8217;Aifa alla cura sperimentata a Livorno"}]},{"@type":"WebSite","@id":"https:\/\/www.intoscana.it\/it\/#website","url":"https:\/\/www.intoscana.it\/it\/","name":"intoscana","description":"","potentialAction":[{"@type":"SearchAction","target":{"@type":"EntryPoint","urlTemplate":"https:\/\/www.intoscana.it\/it\/?s={search_term_string}"},"query-input":{"@type":"PropertyValueSpecification","valueRequired":true,"valueName":"search_term_string"}}],"inLanguage":"it-IT"},{"@type":"Person","@id":"https:\/\/www.intoscana.it\/it\/#\/schema\/person\/9223810753230f20bd670fdd322661f8","name":"Redazione","url":"https:\/\/www.intoscana.it\/it\/author\/redazione\/"}]}},"_links":{"self":[{"href":"https:\/\/www.intoscana.it\/it\/wp-json\/wp\/v2\/posts\/142866","targetHints":{"allow":["GET"]}}],"collection":[{"href":"https:\/\/www.intoscana.it\/it\/wp-json\/wp\/v2\/posts"}],"about":[{"href":"https:\/\/www.intoscana.it\/it\/wp-json\/wp\/v2\/types\/post"}],"author":[{"embeddable":true,"href":"https:\/\/www.intoscana.it\/it\/wp-json\/wp\/v2\/users\/525"}],"replies":[{"embeddable":true,"href":"https:\/\/www.intoscana.it\/it\/wp-json\/wp\/v2\/comments?post=142866"}],"version-history":[{"count":0,"href":"https:\/\/www.intoscana.it\/it\/wp-json\/wp\/v2\/posts\/142866\/revisions"}],"wp:featuredmedia":[{"embeddable":true,"href":"https:\/\/www.intoscana.it\/it\/wp-json\/wp\/v2\/media\/143717"}],"wp:attachment":[{"href":"https:\/\/www.intoscana.it\/it\/wp-json\/wp\/v2\/media?parent=142866"}],"wp:term":[{"taxonomy":"category","embeddable":true,"href":"https:\/\/www.intoscana.it\/it\/wp-json\/wp\/v2\/categories?post=142866"},{"taxonomy":"post_tag","embeddable":true,"href":"https:\/\/www.intoscana.it\/it\/wp-json\/wp\/v2\/tags?post=142866"}],"curies":[{"name":"wp","href":"https:\/\/api.w.org\/{rel}","templated":true}]}}