{"id":142909,"date":"2020-04-29T09:12:46","date_gmt":"2020-04-29T07:12:46","guid":{"rendered":"https:\/\/www.intoscana.it\/coronavirus-enrico-rossi-in-toscana-rinascita-lenta-graduale-con-attenzione-e-prudenza\/"},"modified":"2020-08-10T10:21:24","modified_gmt":"2020-08-10T08:21:24","slug":"coronavirus-enrico-rossi-in-toscana-rinascita-lenta-graduale-con-attenzione-e-prudenza","status":"publish","type":"post","link":"https:\/\/www.intoscana.it\/it\/coronavirus-enrico-rossi-in-toscana-rinascita-lenta-graduale-con-attenzione-e-prudenza\/","title":{"rendered":"Coronavirus, Enrico Rossi: &#8216;In Toscana rinascita lenta, graduale con attenzione e prudenza&#8217;"},"content":{"rendered":"<p><strong>Il presidente della Regione Toscana<\/strong> su Facebook ha fatto il punto sulla situazione del Coronavirus in Toscana e sulla Fase 2 che stiamo per affrontare.&nbsp;<\/p>\n<p>&#8220;<strong>Rinascere lentamente, conciliando la ripresa delle attivit\u00e0 e dei movimenti personali con la sicurezza e con la riduzione dei contagi.<\/strong><br \/>Io credo che la fase della rinascita -voglio chiamarla cos\u00ec e non burocraticamente fase 2- <strong>dovr\u00e0 essere necessariamente lenta se non vogliamo bruschi ritorni indietro e nuove ondate di contagi.<\/strong><br \/>Dovr\u00e0 essere <strong>una rinascita graduale, sia per le libert\u00e0 personali, sia per le aperture delle attivit\u00e0 economiche.<\/strong><br \/>In questo senso, non tutte le regioni sono allo stesso livello di riduzione dei contagi e differenti soluzioni potranno essere adottate.<br \/>Ad esempio: Il Piemonte questa settimana ha superato l\u2019Emilia-Romagna per numero di contagi, ma ha visto diminuire i nuovi casi del 18%. Pi\u00f9 consistente il rallentamento dei casi in Veneto (-33%) e <strong>Toscana (-42%).<\/strong> Nella regione pi\u00f9 colpita, la Lombardia, i nuovi contagi sono diminuiti solo del 3% mentre \u00e8 in controtendenza la Liguria, dove i casi aumentano del 5%.<br \/><strong>Ci vorr\u00e0 comunque molta attenzione e prudenza.<\/strong><br \/>Soprattutto dovr\u00e0 essere tenuto sotto <strong>monitoraggio l\u2019andamento dei contagi sul territorio in modo da poter intervenire e spegnere subito ogni ripresa di focolaio<\/strong>; immediatamente adottando <strong>azioni di contenimento.<\/strong><br \/>Conteranno i <strong>test seriologici<\/strong> che in Toscana si stanno facendo a centinaia di migliaia di persone.<br \/>Conter\u00e0 la prevenzione e conteranno ancora le quarantene dei positivi e gli isolamenti di chi ha avuto con loro contatti stretti.<br \/><strong>Conter\u00e0 infine il senso di responsabilit\u00e0 e di disciplina delle persone, il rispetto della distanza \u00e8 l\u2019uso delle mascherine.<\/strong><br \/>Io penso che occorre assolutamente porsi prioritariamente il problema dell\u2019educazione e dell\u2019affidamento in sicurezza dei bambini e dei ragazzi.<br \/>Rispetto a quello che ha fatto il governo su di un piano nazionale, credo che <strong>in regione Toscana, dove il rallentamento dei contagi \u00e8 pi\u00f9 netto e dove le misure di protezione che abbiamo preso sono pi\u00f9 rigorose che nel resto del Paese<\/strong>, potremo assumere qualche limitato e ben misurato allentamento in pi\u00f9 delle restrizioni.<br \/>Ma<strong> senza esagerazioni, senza rincorse, senza quella tendenza di certa politica ad assecondare per un facile consenso<\/strong> ogni richiesta di apertura che viene dalle categorie e di sblocco totale ai limiti di movimento delle persone.<br \/>Apprezzo molti sindaci che, forse per il fatto di vivere concretamente il dramma sul territorio, mantengono un atteggiamento sobrio e di cautela.<br \/><strong>Gestire questa rinascita non sar\u00e0 certo facile ma io ho fiducia.<\/strong><br \/><strong>Non dico che andr\u00e0 tutto bene. Dico che insieme ce la faremo<\/strong>.&#8221;<\/p>\n","protected":false},"excerpt":{"rendered":"<p>Il presidente della Regione Toscana parla della rinascita lenta che concili la ripresa delle attivit\u00e0 e dei movimenti con la riduzione dei contagi<\/p>\n","protected":false},"author":525,"featured_media":143760,"comment_status":"open","ping_status":"open","sticky":false,"template":"","format":"standard","meta":{"_acf_changed":false,"footnotes":""},"categories":[494,7],"tags":[],"class_list":["post-142909","post","type-post","status-publish","format-standard","has-post-thumbnail","hentry","category-attualita","category-societa"],"acf":[],"yoast_head":"<!-- This site is optimized with the Yoast SEO Premium plugin v24.2 (Yoast SEO v25.6) - https:\/\/yoast.com\/wordpress\/plugins\/seo\/ -->\n<title>Coronavirus, Enrico Rossi: &#039;In Toscana rinascita lenta, graduale con attenzione e prudenza&#039; - intoscana<\/title>\n<meta name=\"description\" content=\"Covid, Enrico Rossi: In Toscana misure pi\u00f9 rigorose che nel resto del paese. Una rinascita che concili la ripresa delle attivit\u00e0 con la riduzione dei contagi\" \/>\n<meta name=\"robots\" content=\"index, follow, max-snippet:-1, max-image-preview:large, max-video-preview:-1\" \/>\n<link rel=\"canonical\" href=\"https:\/\/www.intoscana.it\/it\/coronavirus-enrico-rossi-in-toscana-rinascita-lenta-graduale-con-attenzione-e-prudenza\/\" \/>\n<meta property=\"og:locale\" content=\"it_IT\" \/>\n<meta property=\"og:type\" content=\"article\" \/>\n<meta property=\"og:title\" content=\"Coronavirus, Enrico Rossi: &#039;In Toscana rinascita lenta, graduale con attenzione e prudenza&#039;\" \/>\n<meta property=\"og:description\" content=\"Covid, Enrico Rossi: In Toscana misure pi\u00f9 rigorose che nel resto del paese. Una rinascita che concili la ripresa delle attivit\u00e0 con la riduzione dei contagi\" \/>\n<meta property=\"og:url\" content=\"https:\/\/www.intoscana.it\/it\/coronavirus-enrico-rossi-in-toscana-rinascita-lenta-graduale-con-attenzione-e-prudenza\/\" \/>\n<meta property=\"og:site_name\" content=\"intoscana\" \/>\n<meta property=\"article:publisher\" content=\"https:\/\/www.facebook.com\/intoscana.it\" \/>\n<meta property=\"article:published_time\" content=\"2020-04-29T07:12:46+00:00\" \/>\n<meta property=\"article:modified_time\" content=\"2020-08-10T08:21:24+00:00\" \/>\n<meta property=\"og:image\" content=\"https:\/\/www.intoscana.it\/wp-content\/uploads\/image-11.jpg\" \/>\n\t<meta property=\"og:image:width\" content=\"648\" \/>\n\t<meta property=\"og:image:height\" content=\"430\" \/>\n\t<meta property=\"og:image:type\" content=\"image\/jpeg\" \/>\n<meta name=\"author\" content=\"Redazione\" \/>\n<meta name=\"twitter:card\" content=\"summary_large_image\" \/>\n<meta name=\"twitter:creator\" content=\"@intoscana\" \/>\n<meta name=\"twitter:site\" content=\"@intoscana\" \/>\n<meta name=\"twitter:label1\" content=\"Written by\" \/>\n\t<meta name=\"twitter:data1\" content=\"Redazione\" \/>\n\t<meta name=\"twitter:label2\" content=\"Est. reading time\" \/>\n\t<meta name=\"twitter:data2\" content=\"2 minuti\" \/>\n<script type=\"application\/ld+json\" class=\"yoast-schema-graph\">{\"@context\":\"https:\/\/schema.org\",\"@graph\":[{\"@type\":\"WebPage\",\"@id\":\"https:\/\/www.intoscana.it\/it\/coronavirus-enrico-rossi-in-toscana-rinascita-lenta-graduale-con-attenzione-e-prudenza\/\",\"url\":\"https:\/\/www.intoscana.it\/it\/coronavirus-enrico-rossi-in-toscana-rinascita-lenta-graduale-con-attenzione-e-prudenza\/\",\"name\":\"Coronavirus, Enrico Rossi: 'In Toscana rinascita lenta, graduale con attenzione e prudenza' - intoscana\",\"isPartOf\":{\"@id\":\"https:\/\/www.intoscana.it\/it\/#website\"},\"primaryImageOfPage\":{\"@id\":\"https:\/\/www.intoscana.it\/it\/coronavirus-enrico-rossi-in-toscana-rinascita-lenta-graduale-con-attenzione-e-prudenza\/#primaryimage\"},\"image\":{\"@id\":\"https:\/\/www.intoscana.it\/it\/coronavirus-enrico-rossi-in-toscana-rinascita-lenta-graduale-con-attenzione-e-prudenza\/#primaryimage\"},\"thumbnailUrl\":\"https:\/\/www.intoscana.it\/wp-content\/uploads\/image-11.jpg\",\"datePublished\":\"2020-04-29T07:12:46+00:00\",\"dateModified\":\"2020-08-10T08:21:24+00:00\",\"author\":{\"@id\":\"https:\/\/www.intoscana.it\/it\/#\/schema\/person\/9223810753230f20bd670fdd322661f8\"},\"description\":\"Covid, Enrico Rossi: In Toscana misure pi\u00f9 rigorose che nel resto del paese. Una rinascita che concili la ripresa delle attivit\u00e0 con la riduzione dei contagi\",\"breadcrumb\":{\"@id\":\"https:\/\/www.intoscana.it\/it\/coronavirus-enrico-rossi-in-toscana-rinascita-lenta-graduale-con-attenzione-e-prudenza\/#breadcrumb\"},\"inLanguage\":\"it-IT\",\"potentialAction\":[{\"@type\":\"ReadAction\",\"target\":[\"https:\/\/www.intoscana.it\/it\/coronavirus-enrico-rossi-in-toscana-rinascita-lenta-graduale-con-attenzione-e-prudenza\/\"]}]},{\"@type\":\"ImageObject\",\"inLanguage\":\"it-IT\",\"@id\":\"https:\/\/www.intoscana.it\/it\/coronavirus-enrico-rossi-in-toscana-rinascita-lenta-graduale-con-attenzione-e-prudenza\/#primaryimage\",\"url\":\"https:\/\/www.intoscana.it\/wp-content\/uploads\/image-11.jpg\",\"contentUrl\":\"https:\/\/www.intoscana.it\/wp-content\/uploads\/image-11.jpg\",\"width\":648,\"height\":430,\"caption\":\"Enrico Rossi\"},{\"@type\":\"BreadcrumbList\",\"@id\":\"https:\/\/www.intoscana.it\/it\/coronavirus-enrico-rossi-in-toscana-rinascita-lenta-graduale-con-attenzione-e-prudenza\/#breadcrumb\",\"itemListElement\":[{\"@type\":\"ListItem\",\"position\":1,\"name\":\"Home\",\"item\":\"https:\/\/www.intoscana.it\/it\/\"},{\"@type\":\"ListItem\",\"position\":2,\"name\":\"Coronavirus, Enrico Rossi: &#8216;In Toscana rinascita lenta, graduale con attenzione e prudenza&#8217;\"}]},{\"@type\":\"WebSite\",\"@id\":\"https:\/\/www.intoscana.it\/it\/#website\",\"url\":\"https:\/\/www.intoscana.it\/it\/\",\"name\":\"intoscana\",\"description\":\"\",\"potentialAction\":[{\"@type\":\"SearchAction\",\"target\":{\"@type\":\"EntryPoint\",\"urlTemplate\":\"https:\/\/www.intoscana.it\/it\/?s={search_term_string}\"},\"query-input\":{\"@type\":\"PropertyValueSpecification\",\"valueRequired\":true,\"valueName\":\"search_term_string\"}}],\"inLanguage\":\"it-IT\"},{\"@type\":\"Person\",\"@id\":\"https:\/\/www.intoscana.it\/it\/#\/schema\/person\/9223810753230f20bd670fdd322661f8\",\"name\":\"Redazione\",\"url\":\"https:\/\/www.intoscana.it\/it\/author\/redazione\/\"}]}<\/script>\n<!-- \/ Yoast SEO Premium plugin. -->","yoast_head_json":{"title":"Coronavirus, Enrico Rossi: 'In Toscana rinascita lenta, graduale con attenzione e prudenza' - intoscana","description":"Covid, Enrico Rossi: In Toscana misure pi\u00f9 rigorose che nel resto del paese. Una rinascita che concili la ripresa delle attivit\u00e0 con la riduzione dei contagi","robots":{"index":"index","follow":"follow","max-snippet":"max-snippet:-1","max-image-preview":"max-image-preview:large","max-video-preview":"max-video-preview:-1"},"canonical":"https:\/\/www.intoscana.it\/it\/coronavirus-enrico-rossi-in-toscana-rinascita-lenta-graduale-con-attenzione-e-prudenza\/","og_locale":"it_IT","og_type":"article","og_title":"Coronavirus, Enrico Rossi: 'In Toscana rinascita lenta, graduale con attenzione e prudenza'","og_description":"Covid, Enrico Rossi: In Toscana misure pi\u00f9 rigorose che nel resto del paese. Una rinascita che concili la ripresa delle attivit\u00e0 con la riduzione dei contagi","og_url":"https:\/\/www.intoscana.it\/it\/coronavirus-enrico-rossi-in-toscana-rinascita-lenta-graduale-con-attenzione-e-prudenza\/","og_site_name":"intoscana","article_publisher":"https:\/\/www.facebook.com\/intoscana.it","article_published_time":"2020-04-29T07:12:46+00:00","article_modified_time":"2020-08-10T08:21:24+00:00","og_image":[{"width":648,"height":430,"url":"https:\/\/www.intoscana.it\/wp-content\/uploads\/image-11.jpg","type":"image\/jpeg"}],"author":"Redazione","twitter_card":"summary_large_image","twitter_creator":"@intoscana","twitter_site":"@intoscana","twitter_misc":{"Written by":"Redazione","Est. reading time":"2 minuti"},"schema":{"@context":"https:\/\/schema.org","@graph":[{"@type":"WebPage","@id":"https:\/\/www.intoscana.it\/it\/coronavirus-enrico-rossi-in-toscana-rinascita-lenta-graduale-con-attenzione-e-prudenza\/","url":"https:\/\/www.intoscana.it\/it\/coronavirus-enrico-rossi-in-toscana-rinascita-lenta-graduale-con-attenzione-e-prudenza\/","name":"Coronavirus, Enrico Rossi: 'In Toscana rinascita lenta, graduale con attenzione e prudenza' - intoscana","isPartOf":{"@id":"https:\/\/www.intoscana.it\/it\/#website"},"primaryImageOfPage":{"@id":"https:\/\/www.intoscana.it\/it\/coronavirus-enrico-rossi-in-toscana-rinascita-lenta-graduale-con-attenzione-e-prudenza\/#primaryimage"},"image":{"@id":"https:\/\/www.intoscana.it\/it\/coronavirus-enrico-rossi-in-toscana-rinascita-lenta-graduale-con-attenzione-e-prudenza\/#primaryimage"},"thumbnailUrl":"https:\/\/www.intoscana.it\/wp-content\/uploads\/image-11.jpg","datePublished":"2020-04-29T07:12:46+00:00","dateModified":"2020-08-10T08:21:24+00:00","author":{"@id":"https:\/\/www.intoscana.it\/it\/#\/schema\/person\/9223810753230f20bd670fdd322661f8"},"description":"Covid, Enrico Rossi: In Toscana misure pi\u00f9 rigorose che nel resto del paese. Una rinascita che concili la ripresa delle attivit\u00e0 con la riduzione dei contagi","breadcrumb":{"@id":"https:\/\/www.intoscana.it\/it\/coronavirus-enrico-rossi-in-toscana-rinascita-lenta-graduale-con-attenzione-e-prudenza\/#breadcrumb"},"inLanguage":"it-IT","potentialAction":[{"@type":"ReadAction","target":["https:\/\/www.intoscana.it\/it\/coronavirus-enrico-rossi-in-toscana-rinascita-lenta-graduale-con-attenzione-e-prudenza\/"]}]},{"@type":"ImageObject","inLanguage":"it-IT","@id":"https:\/\/www.intoscana.it\/it\/coronavirus-enrico-rossi-in-toscana-rinascita-lenta-graduale-con-attenzione-e-prudenza\/#primaryimage","url":"https:\/\/www.intoscana.it\/wp-content\/uploads\/image-11.jpg","contentUrl":"https:\/\/www.intoscana.it\/wp-content\/uploads\/image-11.jpg","width":648,"height":430,"caption":"Enrico Rossi"},{"@type":"BreadcrumbList","@id":"https:\/\/www.intoscana.it\/it\/coronavirus-enrico-rossi-in-toscana-rinascita-lenta-graduale-con-attenzione-e-prudenza\/#breadcrumb","itemListElement":[{"@type":"ListItem","position":1,"name":"Home","item":"https:\/\/www.intoscana.it\/it\/"},{"@type":"ListItem","position":2,"name":"Coronavirus, Enrico Rossi: &#8216;In Toscana rinascita lenta, graduale con attenzione e prudenza&#8217;"}]},{"@type":"WebSite","@id":"https:\/\/www.intoscana.it\/it\/#website","url":"https:\/\/www.intoscana.it\/it\/","name":"intoscana","description":"","potentialAction":[{"@type":"SearchAction","target":{"@type":"EntryPoint","urlTemplate":"https:\/\/www.intoscana.it\/it\/?s={search_term_string}"},"query-input":{"@type":"PropertyValueSpecification","valueRequired":true,"valueName":"search_term_string"}}],"inLanguage":"it-IT"},{"@type":"Person","@id":"https:\/\/www.intoscana.it\/it\/#\/schema\/person\/9223810753230f20bd670fdd322661f8","name":"Redazione","url":"https:\/\/www.intoscana.it\/it\/author\/redazione\/"}]}},"_links":{"self":[{"href":"https:\/\/www.intoscana.it\/it\/wp-json\/wp\/v2\/posts\/142909","targetHints":{"allow":["GET"]}}],"collection":[{"href":"https:\/\/www.intoscana.it\/it\/wp-json\/wp\/v2\/posts"}],"about":[{"href":"https:\/\/www.intoscana.it\/it\/wp-json\/wp\/v2\/types\/post"}],"author":[{"embeddable":true,"href":"https:\/\/www.intoscana.it\/it\/wp-json\/wp\/v2\/users\/525"}],"replies":[{"embeddable":true,"href":"https:\/\/www.intoscana.it\/it\/wp-json\/wp\/v2\/comments?post=142909"}],"version-history":[{"count":0,"href":"https:\/\/www.intoscana.it\/it\/wp-json\/wp\/v2\/posts\/142909\/revisions"}],"wp:featuredmedia":[{"embeddable":true,"href":"https:\/\/www.intoscana.it\/it\/wp-json\/wp\/v2\/media\/143760"}],"wp:attachment":[{"href":"https:\/\/www.intoscana.it\/it\/wp-json\/wp\/v2\/media?parent=142909"}],"wp:term":[{"taxonomy":"category","embeddable":true,"href":"https:\/\/www.intoscana.it\/it\/wp-json\/wp\/v2\/categories?post=142909"},{"taxonomy":"post_tag","embeddable":true,"href":"https:\/\/www.intoscana.it\/it\/wp-json\/wp\/v2\/tags?post=142909"}],"curies":[{"name":"wp","href":"https:\/\/api.w.org\/{rel}","templated":true}]}}