{"id":142910,"date":"2020-04-29T13:57:09","date_gmt":"2020-04-29T11:57:09","guid":{"rendered":"https:\/\/www.intoscana.it\/coronavirus-gli-stranieri-in-toscana-meno-colpiti-perche-piu-giovani\/"},"modified":"2020-08-10T10:21:25","modified_gmt":"2020-08-10T08:21:25","slug":"stranieri-coronavirus-toscana","status":"publish","type":"post","link":"https:\/\/www.intoscana.it\/it\/stranieri-coronavirus-toscana\/","title":{"rendered":"Coronavirus: gli stranieri in Toscana meno colpiti, perch\u00e9 pi\u00f9 giovani"},"content":{"rendered":"<p><strong>Et\u00e0 pi\u00f9 giovane, fattori genetici protettivi, minor numero di comorbidit\u00e0:<\/strong> sono alcuni dei fattori che secondo uno studio dell&#8217;Agenzia regionale di sanit\u00e0 della Toscana possono spiegare l&#8217;impatto meno grave dell&#8217;epidemia di Coronavirus sulla popolazione migrante e straniera in generale.<\/p>\n<p><strong>In Toscana 347 stranieri sono risultati positivi al Coronavirus, e 6 sono morti,<\/strong> su un totale di 811 decessi in regione. La popolazione straniera residente ha un&#8217;et\u00e0 media di 34,6 anni: l&#8217;et\u00e0 media dei positivi stranieri \u00e8 di 45,9 anni, contro il dato di 60,9 anni per gli italiani. Rispetto agli italiani l&#8217;indice di letalit\u00e0 \u00e8 molto pi\u00f9 basso fra gli stranieri (1,7% contro 8%).&nbsp;Trattandosi di persone giovani, non stupisce nemmeno la presenza di un minor numero di comorbidit\u00e0 (in particolare patologie croniche come il diabete, l\u2019ipertensione, la broncopneumopatia cronica ostruttiva e l\u2019insufficienza renale) che interessano soltanto il 18,2% degli stranieri (italiani: 32,4%).<\/p>\n<p>&#8220;I dati riferiti alla nostra regione &#8211; \u00e8 il commento di Fabio Voller, coordinatore dell&#8217;Osservatorio di epidemiologia di Ars Toscana &#8211; sembrano confermare che la giovane et\u00e0 e la mancanza di comorbidit\u00e0 dei cittadini stranieri rappresentano fattori protettivi nei confronti dell&#8217;infezione da Sars-CoV-2, <strong>nonostante questi cittadini abbiano lavorato in ambienti particolarmente attaccati dal virus, come le Rsa e gli ospedali&#8221;.<\/strong><\/p>\n<p><strong>I paesi di provenienza riflettono le etnie che maggiormente risiedono sul territorio toscano, ad eccezione di quella cinese.<\/strong> I dati, infatti, mostrano ben 64 nazionalit\u00e0 presenti nella casistica toscana: il <strong>18,4% dei casi Covid-19 provengono dall\u2019Albania, il 15,3% dalla Romania, il 14,1% dal Per\u00f9, il 5,5%<\/strong> dalle Filippine e il 3,7% dal Brasile India e Marocco. <br \/><strong>Tra i cittadini cinesi (che rappresentano il 13% dei residenti stranieri in Toscana) \u00e8 stato registrato soltanto 1 caso.&nbsp;<\/strong> Quest\u2019ultima informazione risulta oltremodo interessante, alla luce del fatto che la citt\u00e0 di Prato ospita una delle pi\u00f9 grandi comunit\u00e0 cinesi d\u2019Europa e che, dato l\u2019esordio dell\u2019infezione, sembrava destinata a diventare un epicentro di Covid-19.<\/p>\n<p>Per quanto riguarda il luogo in cui \u00e8 avvenuta l\u2019esposizione tra gli stranieri, <strong>81 persone hanno contratto l\u2019infezione sul luogo di lavoro e, di queste, 57 risultano operatori sanitari che operano prevalentemente all\u2019interno di Residenze sanitarie per anziani<\/strong> (46). Dato che sono soprattutto le donne provenienti dai Paesi dell\u2019est Europa e sud America (Per\u00f9) a svolgere professioni di natura assistenziale (in prevalenza agli anziani), l\u2019informazione riguardante il luogo di contagio spiega, in parte, il maggior coinvolgimento del genere femminile fra gli stranieri provenienti da questi Paesi.<\/p>\n","protected":false},"excerpt":{"rendered":"<p>Lo studio dell&#8217;Agenzia regionale di sanit\u00e0 mostra che solo 347 persone di nazionalit\u00e0 straniera si sono ammalate di Covid-19, con 6 morti<\/p>\n","protected":false},"author":525,"featured_media":143761,"comment_status":"open","ping_status":"open","sticky":false,"template":"","format":"standard","meta":{"_acf_changed":false,"footnotes":""},"categories":[494,7],"tags":[],"class_list":["post-142910","post","type-post","status-publish","format-standard","has-post-thumbnail","hentry","category-attualita","category-societa"],"acf":[],"yoast_head":"<!-- This site is optimized with the Yoast SEO Premium plugin v24.2 (Yoast SEO v25.6) - https:\/\/yoast.com\/wordpress\/plugins\/seo\/ -->\n<title>Coronavirus: gli stranieri in Toscana meno colpiti, perch\u00e9 pi\u00f9 giovani - intoscana<\/title>\n<meta name=\"robots\" content=\"index, follow, max-snippet:-1, max-image-preview:large, max-video-preview:-1\" \/>\n<link rel=\"canonical\" href=\"https:\/\/www.intoscana.it\/it\/stranieri-coronavirus-toscana\/\" \/>\n<meta property=\"og:locale\" content=\"it_IT\" \/>\n<meta property=\"og:type\" content=\"article\" \/>\n<meta property=\"og:title\" content=\"Coronavirus: gli stranieri in Toscana meno colpiti, perch\u00e9 pi\u00f9 giovani\" \/>\n<meta property=\"og:description\" content=\"Lo studio dell&#039;Agenzia regionale di sanit\u00e0 mostra che solo 347 persone di nazionalit\u00e0 straniera si sono ammalate di Covid-19, con 6 morti\" \/>\n<meta property=\"og:url\" content=\"https:\/\/www.intoscana.it\/it\/stranieri-coronavirus-toscana\/\" \/>\n<meta property=\"og:site_name\" content=\"intoscana\" \/>\n<meta property=\"article:publisher\" content=\"https:\/\/www.facebook.com\/intoscana.it\" \/>\n<meta property=\"article:published_time\" content=\"2020-04-29T11:57:09+00:00\" \/>\n<meta property=\"article:modified_time\" content=\"2020-08-10T08:21:25+00:00\" \/>\n<meta property=\"og:image\" content=\"https:\/\/www.intoscana.it\/wp-content\/uploads\/Migranti-3.jpg\" \/>\n\t<meta property=\"og:image:width\" content=\"650\" \/>\n\t<meta property=\"og:image:height\" content=\"420\" \/>\n\t<meta property=\"og:image:type\" content=\"image\/jpeg\" \/>\n<meta name=\"author\" content=\"Redazione\" \/>\n<meta name=\"twitter:card\" content=\"summary_large_image\" \/>\n<meta name=\"twitter:creator\" content=\"@intoscana\" \/>\n<meta name=\"twitter:site\" content=\"@intoscana\" \/>\n<meta name=\"twitter:label1\" content=\"Written by\" \/>\n\t<meta name=\"twitter:data1\" content=\"Redazione\" \/>\n\t<meta name=\"twitter:label2\" content=\"Est. reading time\" \/>\n\t<meta name=\"twitter:data2\" content=\"2 minuti\" \/>\n<script type=\"application\/ld+json\" class=\"yoast-schema-graph\">{\"@context\":\"https:\/\/schema.org\",\"@graph\":[{\"@type\":\"WebPage\",\"@id\":\"https:\/\/www.intoscana.it\/it\/stranieri-coronavirus-toscana\/\",\"url\":\"https:\/\/www.intoscana.it\/it\/stranieri-coronavirus-toscana\/\",\"name\":\"Coronavirus: gli stranieri in Toscana meno colpiti, perch\u00e9 pi\u00f9 giovani - intoscana\",\"isPartOf\":{\"@id\":\"https:\/\/www.intoscana.it\/it\/#website\"},\"primaryImageOfPage\":{\"@id\":\"https:\/\/www.intoscana.it\/it\/stranieri-coronavirus-toscana\/#primaryimage\"},\"image\":{\"@id\":\"https:\/\/www.intoscana.it\/it\/stranieri-coronavirus-toscana\/#primaryimage\"},\"thumbnailUrl\":\"https:\/\/www.intoscana.it\/wp-content\/uploads\/Migranti-3.jpg\",\"datePublished\":\"2020-04-29T11:57:09+00:00\",\"dateModified\":\"2020-08-10T08:21:25+00:00\",\"author\":{\"@id\":\"https:\/\/www.intoscana.it\/it\/#\/schema\/person\/9223810753230f20bd670fdd322661f8\"},\"breadcrumb\":{\"@id\":\"https:\/\/www.intoscana.it\/it\/stranieri-coronavirus-toscana\/#breadcrumb\"},\"inLanguage\":\"it-IT\",\"potentialAction\":[{\"@type\":\"ReadAction\",\"target\":[\"https:\/\/www.intoscana.it\/it\/stranieri-coronavirus-toscana\/\"]}]},{\"@type\":\"ImageObject\",\"inLanguage\":\"it-IT\",\"@id\":\"https:\/\/www.intoscana.it\/it\/stranieri-coronavirus-toscana\/#primaryimage\",\"url\":\"https:\/\/www.intoscana.it\/wp-content\/uploads\/Migranti-3.jpg\",\"contentUrl\":\"https:\/\/www.intoscana.it\/wp-content\/uploads\/Migranti-3.jpg\",\"width\":650,\"height\":420},{\"@type\":\"BreadcrumbList\",\"@id\":\"https:\/\/www.intoscana.it\/it\/stranieri-coronavirus-toscana\/#breadcrumb\",\"itemListElement\":[{\"@type\":\"ListItem\",\"position\":1,\"name\":\"Home\",\"item\":\"https:\/\/www.intoscana.it\/it\/\"},{\"@type\":\"ListItem\",\"position\":2,\"name\":\"Coronavirus: gli stranieri in Toscana meno colpiti, perch\u00e9 pi\u00f9 giovani\"}]},{\"@type\":\"WebSite\",\"@id\":\"https:\/\/www.intoscana.it\/it\/#website\",\"url\":\"https:\/\/www.intoscana.it\/it\/\",\"name\":\"intoscana\",\"description\":\"\",\"potentialAction\":[{\"@type\":\"SearchAction\",\"target\":{\"@type\":\"EntryPoint\",\"urlTemplate\":\"https:\/\/www.intoscana.it\/it\/?s={search_term_string}\"},\"query-input\":{\"@type\":\"PropertyValueSpecification\",\"valueRequired\":true,\"valueName\":\"search_term_string\"}}],\"inLanguage\":\"it-IT\"},{\"@type\":\"Person\",\"@id\":\"https:\/\/www.intoscana.it\/it\/#\/schema\/person\/9223810753230f20bd670fdd322661f8\",\"name\":\"Redazione\",\"url\":\"https:\/\/www.intoscana.it\/it\/author\/redazione\/\"}]}<\/script>\n<!-- \/ Yoast SEO Premium plugin. -->","yoast_head_json":{"title":"Coronavirus: gli stranieri in Toscana meno colpiti, perch\u00e9 pi\u00f9 giovani - intoscana","robots":{"index":"index","follow":"follow","max-snippet":"max-snippet:-1","max-image-preview":"max-image-preview:large","max-video-preview":"max-video-preview:-1"},"canonical":"https:\/\/www.intoscana.it\/it\/stranieri-coronavirus-toscana\/","og_locale":"it_IT","og_type":"article","og_title":"Coronavirus: gli stranieri in Toscana meno colpiti, perch\u00e9 pi\u00f9 giovani","og_description":"Lo studio dell'Agenzia regionale di sanit\u00e0 mostra che solo 347 persone di nazionalit\u00e0 straniera si sono ammalate di Covid-19, con 6 morti","og_url":"https:\/\/www.intoscana.it\/it\/stranieri-coronavirus-toscana\/","og_site_name":"intoscana","article_publisher":"https:\/\/www.facebook.com\/intoscana.it","article_published_time":"2020-04-29T11:57:09+00:00","article_modified_time":"2020-08-10T08:21:25+00:00","og_image":[{"width":650,"height":420,"url":"https:\/\/www.intoscana.it\/wp-content\/uploads\/Migranti-3.jpg","type":"image\/jpeg"}],"author":"Redazione","twitter_card":"summary_large_image","twitter_creator":"@intoscana","twitter_site":"@intoscana","twitter_misc":{"Written by":"Redazione","Est. reading time":"2 minuti"},"schema":{"@context":"https:\/\/schema.org","@graph":[{"@type":"WebPage","@id":"https:\/\/www.intoscana.it\/it\/stranieri-coronavirus-toscana\/","url":"https:\/\/www.intoscana.it\/it\/stranieri-coronavirus-toscana\/","name":"Coronavirus: gli stranieri in Toscana meno colpiti, perch\u00e9 pi\u00f9 giovani - intoscana","isPartOf":{"@id":"https:\/\/www.intoscana.it\/it\/#website"},"primaryImageOfPage":{"@id":"https:\/\/www.intoscana.it\/it\/stranieri-coronavirus-toscana\/#primaryimage"},"image":{"@id":"https:\/\/www.intoscana.it\/it\/stranieri-coronavirus-toscana\/#primaryimage"},"thumbnailUrl":"https:\/\/www.intoscana.it\/wp-content\/uploads\/Migranti-3.jpg","datePublished":"2020-04-29T11:57:09+00:00","dateModified":"2020-08-10T08:21:25+00:00","author":{"@id":"https:\/\/www.intoscana.it\/it\/#\/schema\/person\/9223810753230f20bd670fdd322661f8"},"breadcrumb":{"@id":"https:\/\/www.intoscana.it\/it\/stranieri-coronavirus-toscana\/#breadcrumb"},"inLanguage":"it-IT","potentialAction":[{"@type":"ReadAction","target":["https:\/\/www.intoscana.it\/it\/stranieri-coronavirus-toscana\/"]}]},{"@type":"ImageObject","inLanguage":"it-IT","@id":"https:\/\/www.intoscana.it\/it\/stranieri-coronavirus-toscana\/#primaryimage","url":"https:\/\/www.intoscana.it\/wp-content\/uploads\/Migranti-3.jpg","contentUrl":"https:\/\/www.intoscana.it\/wp-content\/uploads\/Migranti-3.jpg","width":650,"height":420},{"@type":"BreadcrumbList","@id":"https:\/\/www.intoscana.it\/it\/stranieri-coronavirus-toscana\/#breadcrumb","itemListElement":[{"@type":"ListItem","position":1,"name":"Home","item":"https:\/\/www.intoscana.it\/it\/"},{"@type":"ListItem","position":2,"name":"Coronavirus: gli stranieri in Toscana meno colpiti, perch\u00e9 pi\u00f9 giovani"}]},{"@type":"WebSite","@id":"https:\/\/www.intoscana.it\/it\/#website","url":"https:\/\/www.intoscana.it\/it\/","name":"intoscana","description":"","potentialAction":[{"@type":"SearchAction","target":{"@type":"EntryPoint","urlTemplate":"https:\/\/www.intoscana.it\/it\/?s={search_term_string}"},"query-input":{"@type":"PropertyValueSpecification","valueRequired":true,"valueName":"search_term_string"}}],"inLanguage":"it-IT"},{"@type":"Person","@id":"https:\/\/www.intoscana.it\/it\/#\/schema\/person\/9223810753230f20bd670fdd322661f8","name":"Redazione","url":"https:\/\/www.intoscana.it\/it\/author\/redazione\/"}]}},"_links":{"self":[{"href":"https:\/\/www.intoscana.it\/it\/wp-json\/wp\/v2\/posts\/142910","targetHints":{"allow":["GET"]}}],"collection":[{"href":"https:\/\/www.intoscana.it\/it\/wp-json\/wp\/v2\/posts"}],"about":[{"href":"https:\/\/www.intoscana.it\/it\/wp-json\/wp\/v2\/types\/post"}],"author":[{"embeddable":true,"href":"https:\/\/www.intoscana.it\/it\/wp-json\/wp\/v2\/users\/525"}],"replies":[{"embeddable":true,"href":"https:\/\/www.intoscana.it\/it\/wp-json\/wp\/v2\/comments?post=142910"}],"version-history":[{"count":0,"href":"https:\/\/www.intoscana.it\/it\/wp-json\/wp\/v2\/posts\/142910\/revisions"}],"wp:featuredmedia":[{"embeddable":true,"href":"https:\/\/www.intoscana.it\/it\/wp-json\/wp\/v2\/media\/143761"}],"wp:attachment":[{"href":"https:\/\/www.intoscana.it\/it\/wp-json\/wp\/v2\/media?parent=142910"}],"wp:term":[{"taxonomy":"category","embeddable":true,"href":"https:\/\/www.intoscana.it\/it\/wp-json\/wp\/v2\/categories?post=142910"},{"taxonomy":"post_tag","embeddable":true,"href":"https:\/\/www.intoscana.it\/it\/wp-json\/wp\/v2\/tags?post=142910"}],"curies":[{"name":"wp","href":"https:\/\/api.w.org\/{rel}","templated":true}]}}