{"id":142916,"date":"2020-05-19T09:36:42","date_gmt":"2020-05-19T07:36:42","guid":{"rendered":"https:\/\/www.intoscana.it\/annullati-tutti-i-festival-estivi-il-mondo-della-musica-si-ferma\/"},"modified":"2020-08-10T10:21:28","modified_gmt":"2020-08-10T08:21:28","slug":"estate-2020-addio-ai-festival","status":"publish","type":"post","link":"https:\/\/www.intoscana.it\/it\/estate-2020-addio-ai-festival\/","title":{"rendered":"Annullati tutti i festival estivi: il mondo della musica si ferma"},"content":{"rendered":"<p>Dopo il tanto atteso <strong>Decreto Legge n.33 del 16 maggio 2020<\/strong> che vieta gli assembramenti di persone fino al 31 luglio 2020 e <strong>autorizza gli spettacoli dal vivo, ma con un massimo di 200 persone al chiuso e 1000 all\u2019aperto,<\/strong> <strong>il mondo della musica fa un passo indietro.<br \/><\/strong><br \/>Dagli Afterhours a Baglioni, da Benji e Fede ad Andrea Bocelli, da Enrico Brignano a Brunori Sas, da Nick Cave a Eric Clapton a Francesco De Gregori, dai Deep Purple a Celin Dion a Billie Eilish, da Emma a Tiziano Ferro, da Ligabue al Volo, da Pearl Jam ai Simple Minds, da Ultimo a Zucchero <strong>sono soprattutto i grandi eventi a doversi necessariamente fermare per l\u2019estate 2020.<\/strong><\/p>\n<p><strong>Assomusica ha dichiarato in una nota<\/strong> che \u00e8 stata &#8220;<strong>una decisione condivisa dalla gran parte dei produttori e organizzatori di spettacoli di musica dal vivo<\/strong>, che fanno sentire unita la loro voce. Un segnale necessario che non significa che la musica dal vivo si arrender\u00e0. <strong>L&#8217;appuntamento con i grandi eventi live dell&#8217;estate 2020 \u00e8 infatti rimandato al 2021\u201d.<br \/><\/strong><br \/>A pioggia, anche tutti i festival toscani hanno inviato un comunicato per annullare e spostare tutti i concerti (quando possibile) all\u2019estate del 2021. <strong>Non avr\u00e0 luogo il Lucca Summer Festival,<\/strong> la rassegna musicale che avrebbe tra l&#8217;altro dovuto portare nella citt\u00e0 toscana <strong>Paul McCartney.<\/strong> Questo l\u2019annuncio degli organizzatori&nbsp;<strong>D&#8217;Alessandro &amp; Galli<\/strong>: &#8220;Ci fermiamo per la prima volta nella nostra storia, e fa ancora pi\u00f9 male in considerazione dello straordinario cartellone che eravamo riusciti ad allestire per questo 2020&#8221;. &#8220;Purtroppo il concerto di Paul McCartney &#8211; spiegano gli organizzatori in una nota &#8211; non potr\u00e0 essere recuperato ma siamo al lavoro per riprogrammare tutti gli altri concerti dell&#8217;edizione 2020 al 2021, vi chiediamo ancora un po&#8217; di pazienza prima di comunicarvi tutte le nuove date&#8221;. Tra gli altri eventi del cartellone 2020 i concerti di <strong>John Legend, Ben Harper, Yusuf Cat Stevens, Celine Dion e Patti Smith.<\/strong> I biglietti per i concerti che verranno recuperati resteranno validi per gli stessi eventi spostati al 2021 mentre quelli per i concerti cancellati saranno rimborsati attraverso un voucher da utilizzare nell&#8217;arco di 18 mesi per tutti i concerti organizzati da D&#8217;Alessandro e Galli.<\/p>\n<p>Rinviata al 2021, per l&#8217;emergenza Coronavirus, anche l&#8217;edizione di quest&#8217;anno del <strong>Musart festival in programma a luglio in piazza della Santissima Annunziata a Firenze.<\/strong> Si svolgeranno a luglio 2021, dunque, gli spettacoli di <strong>Roberto Bolle, LP, Goran Bregovic e Orchestra Galilei, Stefano Bollani, Edoardo Bennato e Ort, Rock The Opera vol. II e Fiorella Mannoia<\/strong> per i quali restano validi i biglietti gi\u00e0 acquistati. Unica eccezione, <strong>il concerto all&#8217;alba della pianista Rita Marcotulli<\/strong> che resta in programma quest&#8217;anno: si svolger\u00e0 sabato 25 luglio 2020 (ore 4.45) nel cortile degli uomini dell&#8217;istituto degli Innocenti.<strong> Il concerto di Paul Weller, infine, sar\u00e0 recuperato nei prossimi mesi<\/strong> in un altro spazio.<\/p>\n<p>&#8220;\u00c8 con enorme dispiacere che annunciamo che <strong>Pistoia Blues Festival non potr\u00e0 tenersi, come previsto, a luglio 2020 ma sar\u00e0 rinviato all&#8217;anno successivo, il 2021&#8243;<\/strong>. Cos\u00ec gli organizzatori del festival a causa della grave crisi sanitaria rimandano l&#8217;appuntamento al prossimo anno. &#8220;\u00c8 stata una decisione sofferta &#8211; spiega una nota &#8211; per l&#8217;amministrazione comunale di Pistoia, per l&#8217;Associazione Blues In, Live Nation e per tutto il team organizzativo che ha sperato fino all&#8217;ultimo momento di poter realizzare la 41esima edizione ma il corso dell&#8217;epidemia non ha lasciato possibilit\u00e0&#8221;. <strong>L&#8217;edizione 2021, fanno sapere gli organizzatori, \u00e8 gi\u00e0 in lavorazione e sono gi\u00e0 in corso le attivit\u00e0 per riprogrammare calendario e artisti<\/strong>. Nelle prossime settimane saranno annunciati i dettagli con le nuove date che come da tradizione si terranno in luglio.&nbsp;<\/p>\n<p>A causa del perdurare dello stato d&#8217;emergenza dovuto alla pandemia di Covid-19,<strong> il live speciale di Gianna Nannini previsto il 30 maggio 2020 allo stadio Artemio Franchi di Firenze \u00e8 stato posticipato al 29 maggio 2021.<\/strong> I biglietti acquistati per lo show di quest&#8217;anno -spiega una nota &#8211; rimangono validi per il concerto dell&#8217;anno prossimo. Anche i tre grandi eventi dal vivo di <strong>Andrea Bocelli<\/strong> previsti nei prossimi mesi in Italia &#8211; Terme di Caracalla di Roma 21 giugno, <strong>Teatro del Silenzio di Lajatico 24 e 26 luglio<\/strong>, Piazza Castello di Marostica 16 settembre &#8211; sono stati rinviati al 2021. Tutti i concerti <strong>non vengono cancellati ma solamente posticipati.<br \/><\/strong><br \/>Anche il<strong> Firenze Rocks che avrebbe dovuto tenersi dal 10 al 13 giugno<\/strong>, sopster\u00e0 tutti i concerti al 2021. Questa la dichiarazione ufficiale: &#8220;A seguito della pubblicazione sulla GU del DL n.33 del 16\/5\/2020 che, per fronteggiare l\u2019emergenza epidemiologica scaturita dal virus Covid-19, vieta gli assembramenti di persone fino al 31 luglio 2020, l\u2019edizione 2020 di Firenze Rocks che avrebbe dovuto avere luogo dal 10 al 13 giugno alla Visarno Arena \u00e8 cancellata. <strong>Stiamo lavorando per poter annunciare quanto prima l\u2019edizione del 2021, siamo fiduciosi di poter confermare la stessa line-up del 2020 e vicini ad una comunicazione ufficiale. I biglietti dell\u2019edizione 2020 saranno validi per l\u2019edizione 2021<\/strong>.&#8221;<\/p>\n<p><strong>Resta la speranza che qualcuno abbia il coraggio di prendersi la responsabilit\u00e0 per organizzare piccoli eventi da 200 persone, in caso alternativo questa rischia di essere una lunga estate silenziosa.<\/strong><\/p>\n","protected":false},"excerpt":{"rendered":"<p>Lucca Summer Festival, Musart, Pistoia Blues e anche il Firenze Rocks spostano tutti i live all\u2019estate 2021<\/p>\n","protected":false},"author":518,"featured_media":143767,"comment_status":"open","ping_status":"open","sticky":false,"template":"","format":"standard","meta":{"_acf_changed":false,"footnotes":""},"categories":[14],"tags":[235,228],"class_list":["post-142916","post","type-post","status-publish","format-standard","has-post-thumbnail","hentry","category-musica","tag-estate","tag-festival"],"acf":[],"yoast_head":"<!-- This site is optimized with the Yoast SEO Premium plugin v24.2 (Yoast SEO v25.6) - https:\/\/yoast.com\/wordpress\/plugins\/seo\/ -->\n<title>Annullati tutti i festival estivi: il mondo della musica si ferma - intoscana<\/title>\n<meta name=\"description\" content=\"Coronavirus: annullati tutti i festival estivi. Lucca Summer Festival, Musart, Pistoia Blues e a breve anche il Firenze Rocks spostano i live all\u2019estate 2021\" \/>\n<meta name=\"robots\" content=\"index, follow, max-snippet:-1, max-image-preview:large, max-video-preview:-1\" \/>\n<link rel=\"canonical\" href=\"https:\/\/www.intoscana.it\/it\/estate-2020-addio-ai-festival\/\" \/>\n<meta property=\"og:locale\" content=\"it_IT\" \/>\n<meta property=\"og:type\" content=\"article\" \/>\n<meta property=\"og:title\" content=\"Annullati tutti i festival estivi: il mondo della musica si ferma\" \/>\n<meta property=\"og:description\" content=\"Coronavirus: annullati tutti i festival estivi. Lucca Summer Festival, Musart, Pistoia Blues e a breve anche il Firenze Rocks spostano i live all\u2019estate 2021\" \/>\n<meta property=\"og:url\" content=\"https:\/\/www.intoscana.it\/it\/estate-2020-addio-ai-festival\/\" \/>\n<meta property=\"og:site_name\" content=\"intoscana\" \/>\n<meta property=\"article:publisher\" content=\"https:\/\/www.facebook.com\/intoscana.it\" \/>\n<meta property=\"article:published_time\" content=\"2020-05-19T07:36:42+00:00\" \/>\n<meta property=\"article:modified_time\" content=\"2020-08-10T08:21:28+00:00\" \/>\n<meta property=\"og:image\" content=\"https:\/\/www.intoscana.it\/wp-content\/uploads\/firenze-rocks-day-3-15-giugno-2019-prandoni-5012-2.jpg\" \/>\n\t<meta property=\"og:image:width\" content=\"1620\" \/>\n\t<meta property=\"og:image:height\" content=\"1080\" \/>\n\t<meta property=\"og:image:type\" content=\"image\/jpeg\" \/>\n<meta name=\"author\" content=\"Costanza Baldini\" \/>\n<meta name=\"twitter:card\" content=\"summary_large_image\" \/>\n<meta name=\"twitter:creator\" content=\"@intoscana\" \/>\n<meta name=\"twitter:site\" content=\"@intoscana\" \/>\n<meta name=\"twitter:label1\" content=\"Written by\" \/>\n\t<meta name=\"twitter:data1\" content=\"Costanza Baldini\" \/>\n\t<meta name=\"twitter:label2\" content=\"Est. reading time\" \/>\n\t<meta name=\"twitter:data2\" content=\"4 minuti\" \/>\n<script type=\"application\/ld+json\" class=\"yoast-schema-graph\">{\"@context\":\"https:\/\/schema.org\",\"@graph\":[{\"@type\":\"WebPage\",\"@id\":\"https:\/\/www.intoscana.it\/it\/estate-2020-addio-ai-festival\/\",\"url\":\"https:\/\/www.intoscana.it\/it\/estate-2020-addio-ai-festival\/\",\"name\":\"Annullati tutti i festival estivi: il mondo della musica si ferma - intoscana\",\"isPartOf\":{\"@id\":\"https:\/\/www.intoscana.it\/it\/#website\"},\"primaryImageOfPage\":{\"@id\":\"https:\/\/www.intoscana.it\/it\/estate-2020-addio-ai-festival\/#primaryimage\"},\"image\":{\"@id\":\"https:\/\/www.intoscana.it\/it\/estate-2020-addio-ai-festival\/#primaryimage\"},\"thumbnailUrl\":\"https:\/\/www.intoscana.it\/wp-content\/uploads\/firenze-rocks-day-3-15-giugno-2019-prandoni-5012-2.jpg\",\"datePublished\":\"2020-05-19T07:36:42+00:00\",\"dateModified\":\"2020-08-10T08:21:28+00:00\",\"author\":{\"@id\":\"https:\/\/www.intoscana.it\/it\/#\/schema\/person\/d469f35f09739bdf00bf5dd3f0647a82\"},\"description\":\"Coronavirus: annullati tutti i festival estivi. Lucca Summer Festival, Musart, Pistoia Blues e a breve anche il Firenze Rocks spostano i live all\u2019estate 2021\",\"breadcrumb\":{\"@id\":\"https:\/\/www.intoscana.it\/it\/estate-2020-addio-ai-festival\/#breadcrumb\"},\"inLanguage\":\"it-IT\",\"potentialAction\":[{\"@type\":\"ReadAction\",\"target\":[\"https:\/\/www.intoscana.it\/it\/estate-2020-addio-ai-festival\/\"]}]},{\"@type\":\"ImageObject\",\"inLanguage\":\"it-IT\",\"@id\":\"https:\/\/www.intoscana.it\/it\/estate-2020-addio-ai-festival\/#primaryimage\",\"url\":\"https:\/\/www.intoscana.it\/wp-content\/uploads\/firenze-rocks-day-3-15-giugno-2019-prandoni-5012-2.jpg\",\"contentUrl\":\"https:\/\/www.intoscana.it\/wp-content\/uploads\/firenze-rocks-day-3-15-giugno-2019-prandoni-5012-2.jpg\",\"width\":1620,\"height\":1080},{\"@type\":\"BreadcrumbList\",\"@id\":\"https:\/\/www.intoscana.it\/it\/estate-2020-addio-ai-festival\/#breadcrumb\",\"itemListElement\":[{\"@type\":\"ListItem\",\"position\":1,\"name\":\"Home\",\"item\":\"https:\/\/www.intoscana.it\/it\/\"},{\"@type\":\"ListItem\",\"position\":2,\"name\":\"Annullati tutti i festival estivi: il mondo della musica si ferma\"}]},{\"@type\":\"WebSite\",\"@id\":\"https:\/\/www.intoscana.it\/it\/#website\",\"url\":\"https:\/\/www.intoscana.it\/it\/\",\"name\":\"intoscana\",\"description\":\"\",\"potentialAction\":[{\"@type\":\"SearchAction\",\"target\":{\"@type\":\"EntryPoint\",\"urlTemplate\":\"https:\/\/www.intoscana.it\/it\/?s={search_term_string}\"},\"query-input\":{\"@type\":\"PropertyValueSpecification\",\"valueRequired\":true,\"valueName\":\"search_term_string\"}}],\"inLanguage\":\"it-IT\"},{\"@type\":\"Person\",\"@id\":\"https:\/\/www.intoscana.it\/it\/#\/schema\/person\/d469f35f09739bdf00bf5dd3f0647a82\",\"name\":\"Costanza Baldini\",\"url\":\"https:\/\/www.intoscana.it\/it\/author\/costanza-baldini\/\"}]}<\/script>\n<!-- \/ Yoast SEO Premium plugin. -->","yoast_head_json":{"title":"Annullati tutti i festival estivi: il mondo della musica si ferma - intoscana","description":"Coronavirus: annullati tutti i festival estivi. Lucca Summer Festival, Musart, Pistoia Blues e a breve anche il Firenze Rocks spostano i live all\u2019estate 2021","robots":{"index":"index","follow":"follow","max-snippet":"max-snippet:-1","max-image-preview":"max-image-preview:large","max-video-preview":"max-video-preview:-1"},"canonical":"https:\/\/www.intoscana.it\/it\/estate-2020-addio-ai-festival\/","og_locale":"it_IT","og_type":"article","og_title":"Annullati tutti i festival estivi: il mondo della musica si ferma","og_description":"Coronavirus: annullati tutti i festival estivi. Lucca Summer Festival, Musart, Pistoia Blues e a breve anche il Firenze Rocks spostano i live all\u2019estate 2021","og_url":"https:\/\/www.intoscana.it\/it\/estate-2020-addio-ai-festival\/","og_site_name":"intoscana","article_publisher":"https:\/\/www.facebook.com\/intoscana.it","article_published_time":"2020-05-19T07:36:42+00:00","article_modified_time":"2020-08-10T08:21:28+00:00","og_image":[{"width":1620,"height":1080,"url":"https:\/\/www.intoscana.it\/wp-content\/uploads\/firenze-rocks-day-3-15-giugno-2019-prandoni-5012-2.jpg","type":"image\/jpeg"}],"author":"Costanza Baldini","twitter_card":"summary_large_image","twitter_creator":"@intoscana","twitter_site":"@intoscana","twitter_misc":{"Written by":"Costanza Baldini","Est. reading time":"4 minuti"},"schema":{"@context":"https:\/\/schema.org","@graph":[{"@type":"WebPage","@id":"https:\/\/www.intoscana.it\/it\/estate-2020-addio-ai-festival\/","url":"https:\/\/www.intoscana.it\/it\/estate-2020-addio-ai-festival\/","name":"Annullati tutti i festival estivi: il mondo della musica si ferma - intoscana","isPartOf":{"@id":"https:\/\/www.intoscana.it\/it\/#website"},"primaryImageOfPage":{"@id":"https:\/\/www.intoscana.it\/it\/estate-2020-addio-ai-festival\/#primaryimage"},"image":{"@id":"https:\/\/www.intoscana.it\/it\/estate-2020-addio-ai-festival\/#primaryimage"},"thumbnailUrl":"https:\/\/www.intoscana.it\/wp-content\/uploads\/firenze-rocks-day-3-15-giugno-2019-prandoni-5012-2.jpg","datePublished":"2020-05-19T07:36:42+00:00","dateModified":"2020-08-10T08:21:28+00:00","author":{"@id":"https:\/\/www.intoscana.it\/it\/#\/schema\/person\/d469f35f09739bdf00bf5dd3f0647a82"},"description":"Coronavirus: annullati tutti i festival estivi. Lucca Summer Festival, Musart, Pistoia Blues e a breve anche il Firenze Rocks spostano i live all\u2019estate 2021","breadcrumb":{"@id":"https:\/\/www.intoscana.it\/it\/estate-2020-addio-ai-festival\/#breadcrumb"},"inLanguage":"it-IT","potentialAction":[{"@type":"ReadAction","target":["https:\/\/www.intoscana.it\/it\/estate-2020-addio-ai-festival\/"]}]},{"@type":"ImageObject","inLanguage":"it-IT","@id":"https:\/\/www.intoscana.it\/it\/estate-2020-addio-ai-festival\/#primaryimage","url":"https:\/\/www.intoscana.it\/wp-content\/uploads\/firenze-rocks-day-3-15-giugno-2019-prandoni-5012-2.jpg","contentUrl":"https:\/\/www.intoscana.it\/wp-content\/uploads\/firenze-rocks-day-3-15-giugno-2019-prandoni-5012-2.jpg","width":1620,"height":1080},{"@type":"BreadcrumbList","@id":"https:\/\/www.intoscana.it\/it\/estate-2020-addio-ai-festival\/#breadcrumb","itemListElement":[{"@type":"ListItem","position":1,"name":"Home","item":"https:\/\/www.intoscana.it\/it\/"},{"@type":"ListItem","position":2,"name":"Annullati tutti i festival estivi: il mondo della musica si ferma"}]},{"@type":"WebSite","@id":"https:\/\/www.intoscana.it\/it\/#website","url":"https:\/\/www.intoscana.it\/it\/","name":"intoscana","description":"","potentialAction":[{"@type":"SearchAction","target":{"@type":"EntryPoint","urlTemplate":"https:\/\/www.intoscana.it\/it\/?s={search_term_string}"},"query-input":{"@type":"PropertyValueSpecification","valueRequired":true,"valueName":"search_term_string"}}],"inLanguage":"it-IT"},{"@type":"Person","@id":"https:\/\/www.intoscana.it\/it\/#\/schema\/person\/d469f35f09739bdf00bf5dd3f0647a82","name":"Costanza Baldini","url":"https:\/\/www.intoscana.it\/it\/author\/costanza-baldini\/"}]}},"_links":{"self":[{"href":"https:\/\/www.intoscana.it\/it\/wp-json\/wp\/v2\/posts\/142916","targetHints":{"allow":["GET"]}}],"collection":[{"href":"https:\/\/www.intoscana.it\/it\/wp-json\/wp\/v2\/posts"}],"about":[{"href":"https:\/\/www.intoscana.it\/it\/wp-json\/wp\/v2\/types\/post"}],"author":[{"embeddable":true,"href":"https:\/\/www.intoscana.it\/it\/wp-json\/wp\/v2\/users\/518"}],"replies":[{"embeddable":true,"href":"https:\/\/www.intoscana.it\/it\/wp-json\/wp\/v2\/comments?post=142916"}],"version-history":[{"count":0,"href":"https:\/\/www.intoscana.it\/it\/wp-json\/wp\/v2\/posts\/142916\/revisions"}],"wp:featuredmedia":[{"embeddable":true,"href":"https:\/\/www.intoscana.it\/it\/wp-json\/wp\/v2\/media\/143767"}],"wp:attachment":[{"href":"https:\/\/www.intoscana.it\/it\/wp-json\/wp\/v2\/media?parent=142916"}],"wp:term":[{"taxonomy":"category","embeddable":true,"href":"https:\/\/www.intoscana.it\/it\/wp-json\/wp\/v2\/categories?post=142916"},{"taxonomy":"post_tag","embeddable":true,"href":"https:\/\/www.intoscana.it\/it\/wp-json\/wp\/v2\/tags?post=142916"}],"curies":[{"name":"wp","href":"https:\/\/api.w.org\/{rel}","templated":true}]}}