{"id":142920,"date":"2020-05-22T10:49:46","date_gmt":"2020-05-22T08:49:46","guid":{"rendered":"https:\/\/www.intoscana.it\/lestate-fiesolana-si-fara-ecco-il-nuovo-cartellone-estivo\/"},"modified":"2020-08-10T10:21:30","modified_gmt":"2020-08-10T08:21:30","slug":"estate-fiesolana-2020-2","status":"publish","type":"post","link":"https:\/\/www.intoscana.it\/it\/estate-fiesolana-2020-2\/","title":{"rendered":"L&#8217;Estate Fiesolana si far\u00e0! Ecco il nuovo cartellone estivo"},"content":{"rendered":"<p><strong>L&#8217;Estate fiesolana non \u00e8 cancellata dal Covid-19, lo conferma l&#8217;organizzazione della 73 edizione<\/strong> formata da <strong>PRG Srl e Associazione&nbsp;Music Pool,<\/strong> aggiudicatarie dei bandi indetti dal&nbsp;Comune di Fiesole&nbsp;per la gestione del&nbsp;Teatro Romano Fiesole&nbsp;fino al 2022.&nbsp;<strong>Neri Marcor\u00e8,&nbsp;Edoardo Leo official,&nbsp;Lella Costa,&nbsp;Chiara Francini&nbsp;<\/strong>saranno sul palco del Teatro Romano insieme ad altri protagonisti di questa edizione. <strong>Tutti gli eventi dell&#8217; Estate Fiesolana presenti su facebook sono stati aggiornati<\/strong>, indicando rinvii (con date da definire) e le nuove date disponibili.&nbsp;<\/p>\n<p><strong>La 73 edizione dell&#8217;Estate fiesolana si concentrer\u00e0 quindi tra il 21 giugno ed il 30 agosto<\/strong> con serate di <strong>concerti, eventi teatrali e proiezioni cinematografiche,<\/strong> con alcuni tra i pi\u00f9 popolare personaggi dello spettacolo dal vivo.<strong>I biglietti sono a posto unico, assegnato ma non numerato<\/strong>, e<strong> la capienza del teatro \u00e8 prevista per un massimo di 380 posti,<\/strong> al fine di mantenere la distanza sociale e rientrare nei parametri di garanzia allo spettatore.<\/p>\n<p><strong>Gli spettacoli precedentemente in programma che non verranno rappresentati questa estate sono tutti rinviati alla prossima edizione 2021<\/strong>. Rimangono validi quindi i biglietti acquistati per&nbsp;<strong>Niccol\u00f2 Fabi,&nbsp;Devendra Banhart,&nbsp;Angelo Branduardi,&nbsp;Dee Dee Bridgewater | Estate Fiesolana 2020,&nbsp;Shine! Pink Floyd Moon | Estate Fiesolana 2020&nbsp;,&nbsp;Fantastic Negrito,&nbsp;Uto Ughi&nbsp;e I Solisti Veneti e&nbsp;Ensemble SymphonyOrchestra<\/strong>; questi spettacoli sono stati riprogrammati per il 2021 e le nuove date sono in via di definizione. <\/p>\n<p>Si conferma l&#8217;appuntamento con il<strong> Teatro Pubblico Ligure nelle 4 serate dedicate al&nbsp;Decameron<\/strong> | Estate Fiesolana 2020&nbsp;Un racconto italiano in tempo di peste, scritto da&nbsp;Sergio Maifredi, e le due&nbsp;Lezioni di Storia | Estate Fiesolana&nbsp;a cura della&nbsp;Casa Editrice Laterza&nbsp;e con Amedeo Feniello e Alessandro Vanoli. <\/p>\n<p><strong>Ad agosto il Teatro Romano sar\u00e0 nuovamente cinema all&#8217;aperto,<\/strong> tornato dopo tanti anni protagonista con una rassegna di tre settimane curata dalla&nbsp;Fondazione Stensen.<\/p>\n<p><strong>Prevendite in corso su&nbsp;<a href=\"http:\/\/www.estatefiesolana.it\" target=\"_blank\" rel=\"noopener noreferrer\"><span style=\"text-decoration: underline;\">www.estatefiesolana.it<\/span><\/a><\/strong><\/p>\n","protected":false},"excerpt":{"rendered":"<p>Dal 21 giugno al 30 agosto 21 serate di spettacoli, la capienza \u00e8 prevista per un massimo di 380 posti per mantenere la distanza sociale<\/p>\n","protected":false},"author":525,"featured_media":143771,"comment_status":"open","ping_status":"open","sticky":false,"template":"","format":"standard","meta":{"_acf_changed":false,"footnotes":""},"categories":[14],"tags":[216,235,167,236],"class_list":["post-142920","post","type-post","status-publish","format-standard","has-post-thumbnail","hentry","category-musica","tag-concerti","tag-estate","tag-musica","tag-teatro"],"acf":[],"yoast_head":"<!-- This site is optimized with the Yoast SEO Premium plugin v24.2 (Yoast SEO v25.6) - https:\/\/yoast.com\/wordpress\/plugins\/seo\/ -->\n<title>L&#039;Estate Fiesolana si far\u00e0! Ecco il nuovo cartellone estivo - intoscana<\/title>\n<meta name=\"description\" content=\"L&#039;Estate Fiesolana si far\u00e0! In arrivo un nuovo cartellone estivo, dal 21 giugno al 30 agosto 21 serate di spettacoli, la capienza \u00e8 per un massimo di 380 posti\" \/>\n<meta name=\"robots\" content=\"index, follow, max-snippet:-1, max-image-preview:large, max-video-preview:-1\" \/>\n<link rel=\"canonical\" href=\"https:\/\/www.intoscana.it\/it\/estate-fiesolana-2020-2\/\" \/>\n<meta property=\"og:locale\" content=\"it_IT\" \/>\n<meta property=\"og:type\" content=\"article\" \/>\n<meta property=\"og:title\" content=\"L&#039;Estate Fiesolana si far\u00e0! Ecco il nuovo cartellone estivo\" \/>\n<meta property=\"og:description\" content=\"L&#039;Estate Fiesolana si far\u00e0! In arrivo un nuovo cartellone estivo, dal 21 giugno al 30 agosto 21 serate di spettacoli, la capienza \u00e8 per un massimo di 380 posti\" \/>\n<meta property=\"og:url\" content=\"https:\/\/www.intoscana.it\/it\/estate-fiesolana-2020-2\/\" \/>\n<meta property=\"og:site_name\" content=\"intoscana\" \/>\n<meta property=\"article:publisher\" content=\"https:\/\/www.facebook.com\/intoscana.it\" \/>\n<meta property=\"article:published_time\" content=\"2020-05-22T08:49:46+00:00\" \/>\n<meta property=\"article:modified_time\" content=\"2020-08-10T08:21:30+00:00\" \/>\n<meta property=\"og:image\" content=\"https:\/\/www.intoscana.it\/wp-content\/uploads\/78801679_2738041862906233_7000666928633085952_o.jpeg\" \/>\n\t<meta property=\"og:image:width\" content=\"756\" \/>\n\t<meta property=\"og:image:height\" content=\"482\" \/>\n\t<meta property=\"og:image:type\" content=\"image\/jpeg\" \/>\n<meta name=\"author\" content=\"Redazione\" \/>\n<meta name=\"twitter:card\" content=\"summary_large_image\" \/>\n<meta name=\"twitter:creator\" content=\"@intoscana\" \/>\n<meta name=\"twitter:site\" content=\"@intoscana\" \/>\n<meta name=\"twitter:label1\" content=\"Written by\" \/>\n\t<meta name=\"twitter:data1\" content=\"Redazione\" \/>\n\t<meta name=\"twitter:label2\" content=\"Est. reading time\" \/>\n\t<meta name=\"twitter:data2\" content=\"2 minuti\" \/>\n<script type=\"application\/ld+json\" class=\"yoast-schema-graph\">{\"@context\":\"https:\/\/schema.org\",\"@graph\":[{\"@type\":\"WebPage\",\"@id\":\"https:\/\/www.intoscana.it\/it\/estate-fiesolana-2020-2\/\",\"url\":\"https:\/\/www.intoscana.it\/it\/estate-fiesolana-2020-2\/\",\"name\":\"L'Estate Fiesolana si far\u00e0! Ecco il nuovo cartellone estivo - intoscana\",\"isPartOf\":{\"@id\":\"https:\/\/www.intoscana.it\/it\/#website\"},\"primaryImageOfPage\":{\"@id\":\"https:\/\/www.intoscana.it\/it\/estate-fiesolana-2020-2\/#primaryimage\"},\"image\":{\"@id\":\"https:\/\/www.intoscana.it\/it\/estate-fiesolana-2020-2\/#primaryimage\"},\"thumbnailUrl\":\"https:\/\/www.intoscana.it\/wp-content\/uploads\/78801679_2738041862906233_7000666928633085952_o.jpeg\",\"datePublished\":\"2020-05-22T08:49:46+00:00\",\"dateModified\":\"2020-08-10T08:21:30+00:00\",\"author\":{\"@id\":\"https:\/\/www.intoscana.it\/it\/#\/schema\/person\/9223810753230f20bd670fdd322661f8\"},\"description\":\"L'Estate Fiesolana si far\u00e0! In arrivo un nuovo cartellone estivo, dal 21 giugno al 30 agosto 21 serate di spettacoli, la capienza \u00e8 per un massimo di 380 posti\",\"breadcrumb\":{\"@id\":\"https:\/\/www.intoscana.it\/it\/estate-fiesolana-2020-2\/#breadcrumb\"},\"inLanguage\":\"it-IT\",\"potentialAction\":[{\"@type\":\"ReadAction\",\"target\":[\"https:\/\/www.intoscana.it\/it\/estate-fiesolana-2020-2\/\"]}]},{\"@type\":\"ImageObject\",\"inLanguage\":\"it-IT\",\"@id\":\"https:\/\/www.intoscana.it\/it\/estate-fiesolana-2020-2\/#primaryimage\",\"url\":\"https:\/\/www.intoscana.it\/wp-content\/uploads\/78801679_2738041862906233_7000666928633085952_o.jpeg\",\"contentUrl\":\"https:\/\/www.intoscana.it\/wp-content\/uploads\/78801679_2738041862906233_7000666928633085952_o.jpeg\",\"width\":756,\"height\":482,\"caption\":\"Estate fiesolana\"},{\"@type\":\"BreadcrumbList\",\"@id\":\"https:\/\/www.intoscana.it\/it\/estate-fiesolana-2020-2\/#breadcrumb\",\"itemListElement\":[{\"@type\":\"ListItem\",\"position\":1,\"name\":\"Home\",\"item\":\"https:\/\/www.intoscana.it\/it\/\"},{\"@type\":\"ListItem\",\"position\":2,\"name\":\"L&#8217;Estate Fiesolana si far\u00e0! Ecco il nuovo cartellone estivo\"}]},{\"@type\":\"WebSite\",\"@id\":\"https:\/\/www.intoscana.it\/it\/#website\",\"url\":\"https:\/\/www.intoscana.it\/it\/\",\"name\":\"intoscana\",\"description\":\"\",\"potentialAction\":[{\"@type\":\"SearchAction\",\"target\":{\"@type\":\"EntryPoint\",\"urlTemplate\":\"https:\/\/www.intoscana.it\/it\/?s={search_term_string}\"},\"query-input\":{\"@type\":\"PropertyValueSpecification\",\"valueRequired\":true,\"valueName\":\"search_term_string\"}}],\"inLanguage\":\"it-IT\"},{\"@type\":\"Person\",\"@id\":\"https:\/\/www.intoscana.it\/it\/#\/schema\/person\/9223810753230f20bd670fdd322661f8\",\"name\":\"Redazione\",\"url\":\"https:\/\/www.intoscana.it\/it\/author\/redazione\/\"}]}<\/script>\n<!-- \/ Yoast SEO Premium plugin. -->","yoast_head_json":{"title":"L'Estate Fiesolana si far\u00e0! Ecco il nuovo cartellone estivo - intoscana","description":"L'Estate Fiesolana si far\u00e0! In arrivo un nuovo cartellone estivo, dal 21 giugno al 30 agosto 21 serate di spettacoli, la capienza \u00e8 per un massimo di 380 posti","robots":{"index":"index","follow":"follow","max-snippet":"max-snippet:-1","max-image-preview":"max-image-preview:large","max-video-preview":"max-video-preview:-1"},"canonical":"https:\/\/www.intoscana.it\/it\/estate-fiesolana-2020-2\/","og_locale":"it_IT","og_type":"article","og_title":"L'Estate Fiesolana si far\u00e0! Ecco il nuovo cartellone estivo","og_description":"L'Estate Fiesolana si far\u00e0! In arrivo un nuovo cartellone estivo, dal 21 giugno al 30 agosto 21 serate di spettacoli, la capienza \u00e8 per un massimo di 380 posti","og_url":"https:\/\/www.intoscana.it\/it\/estate-fiesolana-2020-2\/","og_site_name":"intoscana","article_publisher":"https:\/\/www.facebook.com\/intoscana.it","article_published_time":"2020-05-22T08:49:46+00:00","article_modified_time":"2020-08-10T08:21:30+00:00","og_image":[{"width":756,"height":482,"url":"https:\/\/www.intoscana.it\/wp-content\/uploads\/78801679_2738041862906233_7000666928633085952_o.jpeg","type":"image\/jpeg"}],"author":"Redazione","twitter_card":"summary_large_image","twitter_creator":"@intoscana","twitter_site":"@intoscana","twitter_misc":{"Written by":"Redazione","Est. reading time":"2 minuti"},"schema":{"@context":"https:\/\/schema.org","@graph":[{"@type":"WebPage","@id":"https:\/\/www.intoscana.it\/it\/estate-fiesolana-2020-2\/","url":"https:\/\/www.intoscana.it\/it\/estate-fiesolana-2020-2\/","name":"L'Estate Fiesolana si far\u00e0! Ecco il nuovo cartellone estivo - intoscana","isPartOf":{"@id":"https:\/\/www.intoscana.it\/it\/#website"},"primaryImageOfPage":{"@id":"https:\/\/www.intoscana.it\/it\/estate-fiesolana-2020-2\/#primaryimage"},"image":{"@id":"https:\/\/www.intoscana.it\/it\/estate-fiesolana-2020-2\/#primaryimage"},"thumbnailUrl":"https:\/\/www.intoscana.it\/wp-content\/uploads\/78801679_2738041862906233_7000666928633085952_o.jpeg","datePublished":"2020-05-22T08:49:46+00:00","dateModified":"2020-08-10T08:21:30+00:00","author":{"@id":"https:\/\/www.intoscana.it\/it\/#\/schema\/person\/9223810753230f20bd670fdd322661f8"},"description":"L'Estate Fiesolana si far\u00e0! In arrivo un nuovo cartellone estivo, dal 21 giugno al 30 agosto 21 serate di spettacoli, la capienza \u00e8 per un massimo di 380 posti","breadcrumb":{"@id":"https:\/\/www.intoscana.it\/it\/estate-fiesolana-2020-2\/#breadcrumb"},"inLanguage":"it-IT","potentialAction":[{"@type":"ReadAction","target":["https:\/\/www.intoscana.it\/it\/estate-fiesolana-2020-2\/"]}]},{"@type":"ImageObject","inLanguage":"it-IT","@id":"https:\/\/www.intoscana.it\/it\/estate-fiesolana-2020-2\/#primaryimage","url":"https:\/\/www.intoscana.it\/wp-content\/uploads\/78801679_2738041862906233_7000666928633085952_o.jpeg","contentUrl":"https:\/\/www.intoscana.it\/wp-content\/uploads\/78801679_2738041862906233_7000666928633085952_o.jpeg","width":756,"height":482,"caption":"Estate fiesolana"},{"@type":"BreadcrumbList","@id":"https:\/\/www.intoscana.it\/it\/estate-fiesolana-2020-2\/#breadcrumb","itemListElement":[{"@type":"ListItem","position":1,"name":"Home","item":"https:\/\/www.intoscana.it\/it\/"},{"@type":"ListItem","position":2,"name":"L&#8217;Estate Fiesolana si far\u00e0! Ecco il nuovo cartellone estivo"}]},{"@type":"WebSite","@id":"https:\/\/www.intoscana.it\/it\/#website","url":"https:\/\/www.intoscana.it\/it\/","name":"intoscana","description":"","potentialAction":[{"@type":"SearchAction","target":{"@type":"EntryPoint","urlTemplate":"https:\/\/www.intoscana.it\/it\/?s={search_term_string}"},"query-input":{"@type":"PropertyValueSpecification","valueRequired":true,"valueName":"search_term_string"}}],"inLanguage":"it-IT"},{"@type":"Person","@id":"https:\/\/www.intoscana.it\/it\/#\/schema\/person\/9223810753230f20bd670fdd322661f8","name":"Redazione","url":"https:\/\/www.intoscana.it\/it\/author\/redazione\/"}]}},"_links":{"self":[{"href":"https:\/\/www.intoscana.it\/it\/wp-json\/wp\/v2\/posts\/142920","targetHints":{"allow":["GET"]}}],"collection":[{"href":"https:\/\/www.intoscana.it\/it\/wp-json\/wp\/v2\/posts"}],"about":[{"href":"https:\/\/www.intoscana.it\/it\/wp-json\/wp\/v2\/types\/post"}],"author":[{"embeddable":true,"href":"https:\/\/www.intoscana.it\/it\/wp-json\/wp\/v2\/users\/525"}],"replies":[{"embeddable":true,"href":"https:\/\/www.intoscana.it\/it\/wp-json\/wp\/v2\/comments?post=142920"}],"version-history":[{"count":0,"href":"https:\/\/www.intoscana.it\/it\/wp-json\/wp\/v2\/posts\/142920\/revisions"}],"wp:featuredmedia":[{"embeddable":true,"href":"https:\/\/www.intoscana.it\/it\/wp-json\/wp\/v2\/media\/143771"}],"wp:attachment":[{"href":"https:\/\/www.intoscana.it\/it\/wp-json\/wp\/v2\/media?parent=142920"}],"wp:term":[{"taxonomy":"category","embeddable":true,"href":"https:\/\/www.intoscana.it\/it\/wp-json\/wp\/v2\/categories?post=142920"},{"taxonomy":"post_tag","embeddable":true,"href":"https:\/\/www.intoscana.it\/it\/wp-json\/wp\/v2\/tags?post=142920"}],"curies":[{"name":"wp","href":"https:\/\/api.w.org\/{rel}","templated":true}]}}