{"id":142921,"date":"2020-05-08T10:38:36","date_gmt":"2020-05-08T08:38:36","guid":{"rendered":"https:\/\/www.intoscana.it\/il-wom-fest-lascia-villa-bottini-a-lucca-per-trasferirsi-online\/"},"modified":"2020-08-10T10:21:31","modified_gmt":"2020-08-10T08:21:31","slug":"w%c3%b8m-fest-online","status":"publish","type":"post","link":"https:\/\/www.intoscana.it\/it\/w%c3%b8m-fest-online\/","title":{"rendered":"Il W\u00d8M FEST lascia villa Bottini a Lucca per trasferirsi online"},"content":{"rendered":"<p><strong>Il coronavirus ha cambiato per sempre la nostra vita quitidiana<\/strong> e purtroppo <strong>ha imposto uno stop a tutti gli eventi dal vivo.<\/strong> Anche il <strong>W\u00d8M FEST<\/strong> come tanti altri festival estivi ha dovuto cancellare l&#8217;edizione 2020, ma gli organizzatori non si sono persi d&#8217;animo e offrono a tutti i loro fan un&#8217;occasione impoerdibile.<\/p>\n<p><strong>A partire da venerd\u00ec 15 maggio, ogni 2-3 giorni, W\u00d8M FEST<\/strong> pubblicher\u00e0 sui propri canali social <strong>una serie di video pillole<\/strong> che vedranno la partecipazione di sei artisti provenienti da mondi artistici diversi. <strong>Sei video diversificati tra live da casa, against the clock, tutorial e altro<\/strong>, comporranno il palinsesto della quarta edizione dell\u2019evento organizzato dalla Associazione WOM.<\/p>\n<p>Le settimane di reclusione forzata, dovute all\u2019avvento del Coronavirus, hanno convinto<strong> gli organizzatori a non rimanere con le mani in mano, rinviando semplicemente il tutto all\u2019anno prossimo<\/strong> ma, di cogliere l\u2019occasione per continuare a <strong>valorizzare quello spirito di talent scouting che da sempre caratterizza l\u2019anima di W\u00d8M FEST.<\/strong> Gli artisti coinvolti, infatti, saranno per lo pi\u00f9 <strong>giovani promesse di quella scena musicale italiana che spazia dal cantautorato, al r&#8217;n&#8217;b fino all&#8217;elettronica.<\/strong> Inoltre ci saranno dei contenuti speciali come reading e tutorial realizzati da cari amici del festival.<\/p>\n<p>Inoltre <strong>W\u00d8M FEST &#8211; home edition<\/strong> insieme agli amici del <strong>Consiglio FRATRES Provinciale del territorio di Lucca e Piana<\/strong> vuole cogliere l\u2019opportunit\u00e0 di sensibilizzare sul tema della <strong>donazione di sangue<\/strong> che, nel periodo di crisi sanitaria attuale, si rivela essere ancora pi\u00f9 importante. La volontaria di FRATRES, Elena Amato, sar\u00e0 la protagonista di una video intervista nella quale spiegher\u00e0 l\u2019importanza di garantire la continuit\u00e0 del servizio trasfusionale e i protocolli messi in atto per donare in sicurezza.<\/p>\n<p><strong>PROGRAMMA:<\/strong><br \/><strong>15.05 &#8211; live da casa &#8211; SGRO\u2019<\/strong><br \/><strong>18.05 &#8211; racconto &#8211; NOVI<\/strong><br \/><strong>20.05 &#8211; against the clock &#8211; PUSH<\/strong><br \/><strong>22.05 &#8211; live da casa &#8211; ETHAN<\/strong><br \/><strong>25.05 &#8211; fare musica da casa &#8211; ANDREA CIACCHINI<\/strong><br \/><strong>27.05 &#8211; live da casa &#8211; EDOARDO FLORIO DI GRAZIA<\/strong><\/p>\n","protected":false},"excerpt":{"rendered":"<p>Dal 15 maggio in onda sui social del festival sei &#8216;pillole&#8217; video di sei musicisti italiani per una &#8216;home edition&#8217;<\/p>\n","protected":false},"author":525,"featured_media":143772,"comment_status":"open","ping_status":"open","sticky":false,"template":"","format":"standard","meta":{"_acf_changed":false,"footnotes":""},"categories":[14],"tags":[],"class_list":["post-142921","post","type-post","status-publish","format-standard","has-post-thumbnail","hentry","category-musica"],"acf":[],"yoast_head":"<!-- This site is optimized with the Yoast SEO Premium plugin v24.2 (Yoast SEO v25.6) - https:\/\/yoast.com\/wordpress\/plugins\/seo\/ -->\n<title>Il W\u00d8M FEST lascia villa Bottini a Lucca per trasferirsi online - intoscana<\/title>\n<meta name=\"description\" content=\"Il W\u00d8M FEST lascia villa Bottini a Lucca per trasferirsi online. Dal 15 maggio in onda sui social del festival sei &#039;pillole&#039; video di sei musicisti toscani\" \/>\n<meta name=\"robots\" content=\"index, follow, max-snippet:-1, max-image-preview:large, max-video-preview:-1\" \/>\n<link rel=\"canonical\" href=\"https:\/\/www.intoscana.it\/it\/w\u00f8m-fest-online\/\" \/>\n<meta property=\"og:locale\" content=\"it_IT\" \/>\n<meta property=\"og:type\" content=\"article\" \/>\n<meta property=\"og:title\" content=\"Il W\u00d8M FEST lascia villa Bottini a Lucca per trasferirsi online\" \/>\n<meta property=\"og:description\" content=\"Il W\u00d8M FEST lascia villa Bottini a Lucca per trasferirsi online. Dal 15 maggio in onda sui social del festival sei &#039;pillole&#039; video di sei musicisti toscani\" \/>\n<meta property=\"og:url\" content=\"https:\/\/www.intoscana.it\/it\/w\u00f8m-fest-online\/\" \/>\n<meta property=\"og:site_name\" content=\"intoscana\" \/>\n<meta property=\"article:publisher\" content=\"https:\/\/www.facebook.com\/intoscana.it\" \/>\n<meta property=\"article:published_time\" content=\"2020-05-08T08:38:36+00:00\" \/>\n<meta property=\"article:modified_time\" content=\"2020-08-10T08:21:31+00:00\" \/>\n<meta property=\"og:image\" content=\"https:\/\/www.intoscana.it\/wp-content\/uploads\/schermata-2020-05-08-alle-10.33.01.jpeg\" \/>\n\t<meta property=\"og:image:width\" content=\"2000\" \/>\n\t<meta property=\"og:image:height\" content=\"1132\" \/>\n\t<meta property=\"og:image:type\" content=\"image\/jpeg\" \/>\n<meta name=\"author\" content=\"Redazione\" \/>\n<meta name=\"twitter:card\" content=\"summary_large_image\" \/>\n<meta name=\"twitter:creator\" content=\"@intoscana\" \/>\n<meta name=\"twitter:site\" content=\"@intoscana\" \/>\n<meta name=\"twitter:label1\" content=\"Written by\" \/>\n\t<meta name=\"twitter:data1\" content=\"Redazione\" \/>\n\t<meta name=\"twitter:label2\" content=\"Est. reading time\" \/>\n\t<meta name=\"twitter:data2\" content=\"2 minuti\" \/>\n<script type=\"application\/ld+json\" class=\"yoast-schema-graph\">{\"@context\":\"https:\/\/schema.org\",\"@graph\":[{\"@type\":\"WebPage\",\"@id\":\"https:\/\/www.intoscana.it\/it\/w%c3%b8m-fest-online\/\",\"url\":\"https:\/\/www.intoscana.it\/it\/w%c3%b8m-fest-online\/\",\"name\":\"Il W\u00d8M FEST lascia villa Bottini a Lucca per trasferirsi online - intoscana\",\"isPartOf\":{\"@id\":\"https:\/\/www.intoscana.it\/it\/#website\"},\"primaryImageOfPage\":{\"@id\":\"https:\/\/www.intoscana.it\/it\/w%c3%b8m-fest-online\/#primaryimage\"},\"image\":{\"@id\":\"https:\/\/www.intoscana.it\/it\/w%c3%b8m-fest-online\/#primaryimage\"},\"thumbnailUrl\":\"https:\/\/www.intoscana.it\/wp-content\/uploads\/schermata-2020-05-08-alle-10.33.01.jpeg\",\"datePublished\":\"2020-05-08T08:38:36+00:00\",\"dateModified\":\"2020-08-10T08:21:31+00:00\",\"author\":{\"@id\":\"https:\/\/www.intoscana.it\/it\/#\/schema\/person\/9223810753230f20bd670fdd322661f8\"},\"description\":\"Il W\u00d8M FEST lascia villa Bottini a Lucca per trasferirsi online. Dal 15 maggio in onda sui social del festival sei 'pillole' video di sei musicisti toscani\",\"breadcrumb\":{\"@id\":\"https:\/\/www.intoscana.it\/it\/w%c3%b8m-fest-online\/#breadcrumb\"},\"inLanguage\":\"it-IT\",\"potentialAction\":[{\"@type\":\"ReadAction\",\"target\":[\"https:\/\/www.intoscana.it\/it\/w%c3%b8m-fest-online\/\"]}]},{\"@type\":\"ImageObject\",\"inLanguage\":\"it-IT\",\"@id\":\"https:\/\/www.intoscana.it\/it\/w%c3%b8m-fest-online\/#primaryimage\",\"url\":\"https:\/\/www.intoscana.it\/wp-content\/uploads\/schermata-2020-05-08-alle-10.33.01.jpeg\",\"contentUrl\":\"https:\/\/www.intoscana.it\/wp-content\/uploads\/schermata-2020-05-08-alle-10.33.01.jpeg\",\"width\":2000,\"height\":1132,\"caption\":\"WOM Festival\"},{\"@type\":\"BreadcrumbList\",\"@id\":\"https:\/\/www.intoscana.it\/it\/w%c3%b8m-fest-online\/#breadcrumb\",\"itemListElement\":[{\"@type\":\"ListItem\",\"position\":1,\"name\":\"Home\",\"item\":\"https:\/\/www.intoscana.it\/it\/\"},{\"@type\":\"ListItem\",\"position\":2,\"name\":\"Il W\u00d8M FEST lascia villa Bottini a Lucca per trasferirsi online\"}]},{\"@type\":\"WebSite\",\"@id\":\"https:\/\/www.intoscana.it\/it\/#website\",\"url\":\"https:\/\/www.intoscana.it\/it\/\",\"name\":\"intoscana\",\"description\":\"\",\"potentialAction\":[{\"@type\":\"SearchAction\",\"target\":{\"@type\":\"EntryPoint\",\"urlTemplate\":\"https:\/\/www.intoscana.it\/it\/?s={search_term_string}\"},\"query-input\":{\"@type\":\"PropertyValueSpecification\",\"valueRequired\":true,\"valueName\":\"search_term_string\"}}],\"inLanguage\":\"it-IT\"},{\"@type\":\"Person\",\"@id\":\"https:\/\/www.intoscana.it\/it\/#\/schema\/person\/9223810753230f20bd670fdd322661f8\",\"name\":\"Redazione\",\"url\":\"https:\/\/www.intoscana.it\/it\/author\/redazione\/\"}]}<\/script>\n<!-- \/ Yoast SEO Premium plugin. -->","yoast_head_json":{"title":"Il W\u00d8M FEST lascia villa Bottini a Lucca per trasferirsi online - intoscana","description":"Il W\u00d8M FEST lascia villa Bottini a Lucca per trasferirsi online. Dal 15 maggio in onda sui social del festival sei 'pillole' video di sei musicisti toscani","robots":{"index":"index","follow":"follow","max-snippet":"max-snippet:-1","max-image-preview":"max-image-preview:large","max-video-preview":"max-video-preview:-1"},"canonical":"https:\/\/www.intoscana.it\/it\/w\u00f8m-fest-online\/","og_locale":"it_IT","og_type":"article","og_title":"Il W\u00d8M FEST lascia villa Bottini a Lucca per trasferirsi online","og_description":"Il W\u00d8M FEST lascia villa Bottini a Lucca per trasferirsi online. Dal 15 maggio in onda sui social del festival sei 'pillole' video di sei musicisti toscani","og_url":"https:\/\/www.intoscana.it\/it\/w\u00f8m-fest-online\/","og_site_name":"intoscana","article_publisher":"https:\/\/www.facebook.com\/intoscana.it","article_published_time":"2020-05-08T08:38:36+00:00","article_modified_time":"2020-08-10T08:21:31+00:00","og_image":[{"width":2000,"height":1132,"url":"https:\/\/www.intoscana.it\/wp-content\/uploads\/schermata-2020-05-08-alle-10.33.01.jpeg","type":"image\/jpeg"}],"author":"Redazione","twitter_card":"summary_large_image","twitter_creator":"@intoscana","twitter_site":"@intoscana","twitter_misc":{"Written by":"Redazione","Est. reading time":"2 minuti"},"schema":{"@context":"https:\/\/schema.org","@graph":[{"@type":"WebPage","@id":"https:\/\/www.intoscana.it\/it\/w%c3%b8m-fest-online\/","url":"https:\/\/www.intoscana.it\/it\/w%c3%b8m-fest-online\/","name":"Il W\u00d8M FEST lascia villa Bottini a Lucca per trasferirsi online - intoscana","isPartOf":{"@id":"https:\/\/www.intoscana.it\/it\/#website"},"primaryImageOfPage":{"@id":"https:\/\/www.intoscana.it\/it\/w%c3%b8m-fest-online\/#primaryimage"},"image":{"@id":"https:\/\/www.intoscana.it\/it\/w%c3%b8m-fest-online\/#primaryimage"},"thumbnailUrl":"https:\/\/www.intoscana.it\/wp-content\/uploads\/schermata-2020-05-08-alle-10.33.01.jpeg","datePublished":"2020-05-08T08:38:36+00:00","dateModified":"2020-08-10T08:21:31+00:00","author":{"@id":"https:\/\/www.intoscana.it\/it\/#\/schema\/person\/9223810753230f20bd670fdd322661f8"},"description":"Il W\u00d8M FEST lascia villa Bottini a Lucca per trasferirsi online. Dal 15 maggio in onda sui social del festival sei 'pillole' video di sei musicisti toscani","breadcrumb":{"@id":"https:\/\/www.intoscana.it\/it\/w%c3%b8m-fest-online\/#breadcrumb"},"inLanguage":"it-IT","potentialAction":[{"@type":"ReadAction","target":["https:\/\/www.intoscana.it\/it\/w%c3%b8m-fest-online\/"]}]},{"@type":"ImageObject","inLanguage":"it-IT","@id":"https:\/\/www.intoscana.it\/it\/w%c3%b8m-fest-online\/#primaryimage","url":"https:\/\/www.intoscana.it\/wp-content\/uploads\/schermata-2020-05-08-alle-10.33.01.jpeg","contentUrl":"https:\/\/www.intoscana.it\/wp-content\/uploads\/schermata-2020-05-08-alle-10.33.01.jpeg","width":2000,"height":1132,"caption":"WOM Festival"},{"@type":"BreadcrumbList","@id":"https:\/\/www.intoscana.it\/it\/w%c3%b8m-fest-online\/#breadcrumb","itemListElement":[{"@type":"ListItem","position":1,"name":"Home","item":"https:\/\/www.intoscana.it\/it\/"},{"@type":"ListItem","position":2,"name":"Il W\u00d8M FEST lascia villa Bottini a Lucca per trasferirsi online"}]},{"@type":"WebSite","@id":"https:\/\/www.intoscana.it\/it\/#website","url":"https:\/\/www.intoscana.it\/it\/","name":"intoscana","description":"","potentialAction":[{"@type":"SearchAction","target":{"@type":"EntryPoint","urlTemplate":"https:\/\/www.intoscana.it\/it\/?s={search_term_string}"},"query-input":{"@type":"PropertyValueSpecification","valueRequired":true,"valueName":"search_term_string"}}],"inLanguage":"it-IT"},{"@type":"Person","@id":"https:\/\/www.intoscana.it\/it\/#\/schema\/person\/9223810753230f20bd670fdd322661f8","name":"Redazione","url":"https:\/\/www.intoscana.it\/it\/author\/redazione\/"}]}},"_links":{"self":[{"href":"https:\/\/www.intoscana.it\/it\/wp-json\/wp\/v2\/posts\/142921","targetHints":{"allow":["GET"]}}],"collection":[{"href":"https:\/\/www.intoscana.it\/it\/wp-json\/wp\/v2\/posts"}],"about":[{"href":"https:\/\/www.intoscana.it\/it\/wp-json\/wp\/v2\/types\/post"}],"author":[{"embeddable":true,"href":"https:\/\/www.intoscana.it\/it\/wp-json\/wp\/v2\/users\/525"}],"replies":[{"embeddable":true,"href":"https:\/\/www.intoscana.it\/it\/wp-json\/wp\/v2\/comments?post=142921"}],"version-history":[{"count":0,"href":"https:\/\/www.intoscana.it\/it\/wp-json\/wp\/v2\/posts\/142921\/revisions"}],"wp:featuredmedia":[{"embeddable":true,"href":"https:\/\/www.intoscana.it\/it\/wp-json\/wp\/v2\/media\/143772"}],"wp:attachment":[{"href":"https:\/\/www.intoscana.it\/it\/wp-json\/wp\/v2\/media?parent=142921"}],"wp:term":[{"taxonomy":"category","embeddable":true,"href":"https:\/\/www.intoscana.it\/it\/wp-json\/wp\/v2\/categories?post=142921"},{"taxonomy":"post_tag","embeddable":true,"href":"https:\/\/www.intoscana.it\/it\/wp-json\/wp\/v2\/tags?post=142921"}],"curies":[{"name":"wp","href":"https:\/\/api.w.org\/{rel}","templated":true}]}}