{"id":142926,"date":"2020-04-06T09:13:48","date_gmt":"2020-04-06T07:13:48","guid":{"rendered":"https:\/\/www.intoscana.it\/coronavirus-la-toscana-sperimenta-una-cura-con-il-plasma-dei-guariti\/"},"modified":"2020-08-10T10:21:33","modified_gmt":"2020-08-10T08:21:33","slug":"coronavirus-plasma-cura","status":"publish","type":"post","link":"https:\/\/www.intoscana.it\/it\/coronavirus-plasma-cura\/","title":{"rendered":"Coronavirus: la Toscana sperimenta una cura con il plasma dei guariti"},"content":{"rendered":"<p><strong>La Toscana <\/strong>sperimenter\u00e0&nbsp;<strong>una cura che utilizza il plasma e gli anticorpi sviluppati dai guariti<\/strong> per curare i pazienti ancora infetti e ricoverati in condizioni critiche e gi\u00e0 in ventilazione assistita. Sar\u00e0 <strong>capofila di un progetto<\/strong> che coinvolge anche altre quattro regioni, <strong>Lazio, Campania, Marche e Molise<\/strong> e che regala nuove speranze nella lotta all&#8217;epidemia da coronavirus. &#8220;Partiremo nei prossimi giorni &#8211; ha assicurato il governatore toscano <strong>Enrico Rossi<\/strong> &#8211; quando avremo tutte le autorizzazioni necessarie&#8221;. Lo studio si chiama <strong>Tsunami Study &#8211; dove Tsunami \u00e8 l\u2019acronimo di TranSfUsion of coNvalescent plAsma for the treatment of severe pneuMonIa due to SARS-CoV2<\/strong>.<\/p>\n<p><strong>Il concetto di base \u00e8 piuttosto semplice<\/strong>: inserire &#8220;con <strong>una trasfusione nell&#8217;organismo dei malati gli anticorpi sviluppati da coloro che sono guariti,<\/strong> dunque sostanze immunizzate e immunizzanti&#8221;, spiega <strong>l&#8217;infettivologo Francesco Menichetti dell&#8217;Azienda ospedaliero universitaria pisana<\/strong>, che coordiner\u00e0 e promuover\u00e0 la sperimentazione a livello regionale. <strong>Lo studio ha ottenuto il via libera dal Cnt-Centro nazionale sangue<\/strong>: ha autorizzato protocolli di selezione dei donatori in ogni regione.<\/p>\n<p><br \/><strong>&#8220;La cura dunque si fonda anche sulla donazione di plasma<\/strong> &#8211; prosegue Menichetti &#8211; e la generosit\u00e0 \u00e8 molto importante visto che ogni donatore pu\u00f2 aiutare tre malati critici&#8221;.<strong> Nei prossimi giorni l&#8217;Aoup selezioner\u00e0 i pazienti candidati alla plasmaferesi,<\/strong> ossia la tecnica che permette di estrarre dal sangue il plasma, la cui inattivazione verr\u00e0 centralizzata tramite trasporto di sacche di sangue (non di pazienti) nell&#8217;Officina trasfusionale dell&#8217;Area vasta nord-ovest, all&#8217;ospedale Cisanello di Pisa.<\/p>\n<p><strong>&#8220;L&#8217;uso di plasma da donatori convalescenti<\/strong> &#8211; aggiunge l&#8217;infettivologo &#8211; <strong>potrebbe avere un ruolo terapeutico<\/strong>, senza gravi eventi avversi, anche nei pazienti critici affetti da Covid-19, come \u00e8 gi\u00e0 avvenuto in Cina e si sta avviando a Pavia. E <strong>la possibilit\u00e0 di disporre di donatori locali offre il valore aggiunto<\/strong> di dare un&#8217;immunit\u00e0 specifica acquisita contro l&#8217;agente infettivo proprio del ceppo locale, in considerazione del fatto che in altre aree potrebbe essere differente&#8221;. L&#8217;obiettivo della plasmaterapia \u00e8 anche quello di valutare il decorso clinico dei pazienti trattati in termini di intervallo di tempo per l&#8217;estubazione, durata di degenza in terapia intensiva, giorni in ventilazione meccanica, durata della ventilazione con casco Cpap.<\/p>\n<p>La sopravvivenza, conclude l&#8217;Aoup, &#8220;<strong>sar\u00e0 valutata anche in base a et\u00e0 e presenza di altre patologie pregresse<\/strong> e si valuter\u00e0 la riduzione della carica virale nel tampone nasofaringeo, espettorato e lavaggio broncoalveolare a 1,3 e 7 giorni dopo infusione di plasma, monitorando viremia e risposta immune&#8221;.<strong> I pazienti selezionati saranno adulti positivi al Covid-19, con polmonite grave da almeno 10 giorni<\/strong> attestata da imaging radiologico, insufficienza respiratoria grave e necessit\u00e0 di ventilazione assistita.<\/p>\n<a class=\"fotogallery\" href=\"#modalgallery\" rel=\"modal:open\">sfoglia la gallery <i class=\"fas fa-chevron-right\"><\/i><\/a>\n    <div class=\"modal\" id=\"modalgallery\">\n        <div class=\"gallery\">\n          <div class=\"galleryimg\">\n            <div class=\"slidegallerybig\"> <div class=\"itemimg\">\n            <div class=\"wrapimg\">\n            <img decoding=\"async\" src=\"https:\/\/www.intoscana.it\/wp-content\/uploads\/foto-2rossi_pisa.jpg\">\n            <\/div>\n            <\/div> <div class=\"itemimg\">\n            <div class=\"wrapimg\">\n            <img decoding=\"async\" src=\"https:\/\/www.intoscana.it\/wp-content\/uploads\/foto-3rossi_pisa.jpg\">\n            <\/div>\n            <\/div> <div class=\"itemimg\">\n            <div class=\"wrapimg\">\n            <img decoding=\"async\" src=\"https:\/\/www.intoscana.it\/wp-content\/uploads\/foto-1rossi_pisa.jpg\">\n            <\/div>\n            <\/div>\n            <\/div>\n          <\/div>\n          <div class=\"asidemenu\">\n            <div class=\"action\">\n              <div class=\"countlidegallery\"><\/div>\n              <div class=\"closegallery\" href=\"#modalgallery\" rel=\"modal:close\"><i class=\"far fa-times\"><\/i><\/div>\n            <\/div>\n            <div class=\"title\">\n              <h2>Coronavirus: la Toscana sperimenta una cura con il plasma dei guariti<\/h2>\n              <div class=\"socialarticolo\"> \n            <div class=\"contsocialico\">\n              <ul>\n                <li><a target=\"_blank\" href=\"https:\/\/www.facebook.com\/sharer\/sharer.php?u=https:\/\/www.intoscana.it\/it\/coronavirus-plasma-cura\/\"> <i class=\"fab fa-facebook-f\"><\/i><\/a><\/li>\n                <li><a target=\"_blank\" href=\"https:\/\/twitter.com\/home?status=https:\/\/www.intoscana.it\/it\/coronavirus-plasma-cura\/\"> <i class=\"fab fa-twitter\"><\/i><\/a><\/li>\n                <li>\n                  <div class=\"shareall\" target=\"_blank\" href=\"\"> <i class=\"fas fa-share-alt\"><\/i><\/div>\n                  <div class=\"sharemore\">\n                    <ul>\n                      <li><a target=\"_blank\" href=\"https:\/\/www.linkedin.com\/shareArticle?url=https:\/\/www.intoscana.it\/it\/coronavirus-plasma-cura\/\"> <i class=\"fab fa-linkedin\"><\/i><\/a><\/li>\n                      <li><a target=\"_blank\" href=\"http:\/\/www.pinterest.com\/pin\/create\/bookmarklet\/?url=https:\/\/www.intoscana.it\/it\/coronavirus-plasma-cura\/\"> <i class=\"fab fa-pinterest\"><\/i><\/a><\/li>\n                      <li><a target=\"_blank\" href=\"mailto?subject=Coronavirus: la Toscana sperimenta una cura con il plasma dei guariti&body=https:\/\/www.intoscana.it\/it\/coronavirus-plasma-cura\/\"> <i class=\"fas fa-envelope\"><\/i><\/a><\/li>\n                    <\/ul>\n                    <div class=\"closesharemore\">\n                    <i class=\"fas fa-times\"><\/i>\n                    <\/div>\n                  <\/div>\n                <\/li>\n              <\/ul>\n            <\/div>\n          <\/div>\n        <\/div>\n          <\/div>\n        <\/div>\n      <\/div>\n<p><strong>\u201cLa notizia che Pisa, come centro di eccellenza in questo settore,<\/strong> cominci la sperimentazione di questa possibilit\u00e0 di guarire nel primo giorno in cui, in Toscana, il numero dei guariti supera quello dei morti \u2013 <strong>ha dichiarato il presidente della Regione Enrico Rossi, che ha incontrato il professor Menichetti insieme al direttore generale dell\u2019Aoup Silvia Briani<\/strong> \u2013 \u00e8 sicuramente di buon auspicio. Qui a Pisa si stanno sperimentando ben 2 farmaci dei 7 protocolli Aifa e il fatto che Pisa guidi questa sperimentazione \u2013 che potrebbe partire gi\u00e0 la prossima settimana &#8211; significa che aumentano le possibilit\u00e0 di cura. <strong>Noi abbiamo deciso di tentare ogni strada. In questo senso si inserisce anche la decisione degli screening sierologici che, pur nei limiti dello strumento, abbiamo intrapreso<\/strong> innanzitutto per fare un sondaggio su gruppi comunitari di popolazione e tracciare un quadro plausibile sulla diffusione del contagio, fermo restando che la parola ultima spetti all\u2019esame microbiologico. E poi anche per <strong>effettuare una mappatura delle Rsa<\/strong> dove baster\u00e0 che emerga un solo caso positivo e ci comporteremo come se fosse l\u2019esito di un esame microbiologico\u201d.<\/p>\n<p>&nbsp;<\/p>\n","protected":false},"excerpt":{"rendered":"<p>L&#8217;Azienda ospedaliero universitaria pisana coordiner\u00e0 il progetto che coinvolge altre quattro regioni italiane&nbsp;<\/p>\n","protected":false},"author":525,"featured_media":143777,"comment_status":"open","ping_status":"open","sticky":false,"template":"","format":"standard","meta":{"_acf_changed":false,"footnotes":""},"categories":[18],"tags":[],"class_list":["post-142926","post","type-post","status-publish","format-standard","has-post-thumbnail","hentry","category-salute"],"acf":[],"yoast_head":"<!-- This site is optimized with the Yoast SEO Premium plugin v24.2 (Yoast SEO v25.6) - https:\/\/yoast.com\/wordpress\/plugins\/seo\/ -->\n<title>Coronavirus: la Toscana sperimenta una cura con il plasma dei guariti - intoscana<\/title>\n<meta name=\"description\" content=\"Coronavirus: la Toscana sperimenter\u00e0 una cura con il plasma dei guariti, l&#039;Azienda ospedaliera pisana coordiner\u00e0 il progetto che coinvolge altre 4 regioni\" \/>\n<meta name=\"robots\" content=\"index, follow, max-snippet:-1, max-image-preview:large, max-video-preview:-1\" \/>\n<link rel=\"canonical\" href=\"https:\/\/www.intoscana.it\/it\/coronavirus-plasma-cura\/\" \/>\n<meta property=\"og:locale\" content=\"it_IT\" \/>\n<meta property=\"og:type\" content=\"article\" \/>\n<meta property=\"og:title\" content=\"Coronavirus: la Toscana sperimenta una cura con il plasma dei guariti\" \/>\n<meta property=\"og:description\" content=\"Coronavirus: la Toscana sperimenter\u00e0 una cura con il plasma dei guariti, l&#039;Azienda ospedaliera pisana coordiner\u00e0 il progetto che coinvolge altre 4 regioni\" \/>\n<meta property=\"og:url\" content=\"https:\/\/www.intoscana.it\/it\/coronavirus-plasma-cura\/\" \/>\n<meta property=\"og:site_name\" content=\"intoscana\" \/>\n<meta property=\"article:publisher\" content=\"https:\/\/www.facebook.com\/intoscana.it\" \/>\n<meta property=\"article:published_time\" content=\"2020-04-06T07:13:48+00:00\" \/>\n<meta property=\"article:modified_time\" content=\"2020-08-10T08:21:33+00:00\" \/>\n<meta property=\"og:image\" content=\"https:\/\/www.intoscana.it\/wp-content\/uploads\/trasfusione.jpg\" \/>\n\t<meta property=\"og:image:width\" content=\"2000\" \/>\n\t<meta property=\"og:image:height\" content=\"1333\" \/>\n\t<meta property=\"og:image:type\" content=\"image\/jpeg\" \/>\n<meta name=\"author\" content=\"Redazione\" \/>\n<meta name=\"twitter:card\" content=\"summary_large_image\" \/>\n<meta name=\"twitter:creator\" content=\"@intoscana\" \/>\n<meta name=\"twitter:site\" content=\"@intoscana\" \/>\n<meta name=\"twitter:label1\" content=\"Written by\" \/>\n\t<meta name=\"twitter:data1\" content=\"Redazione\" \/>\n\t<meta name=\"twitter:label2\" content=\"Est. reading time\" \/>\n\t<meta name=\"twitter:data2\" content=\"3 minuti\" \/>\n<script type=\"application\/ld+json\" class=\"yoast-schema-graph\">{\"@context\":\"https:\/\/schema.org\",\"@graph\":[{\"@type\":\"WebPage\",\"@id\":\"https:\/\/www.intoscana.it\/it\/coronavirus-plasma-cura\/\",\"url\":\"https:\/\/www.intoscana.it\/it\/coronavirus-plasma-cura\/\",\"name\":\"Coronavirus: la Toscana sperimenta una cura con il plasma dei guariti - intoscana\",\"isPartOf\":{\"@id\":\"https:\/\/www.intoscana.it\/it\/#website\"},\"primaryImageOfPage\":{\"@id\":\"https:\/\/www.intoscana.it\/it\/coronavirus-plasma-cura\/#primaryimage\"},\"image\":{\"@id\":\"https:\/\/www.intoscana.it\/it\/coronavirus-plasma-cura\/#primaryimage\"},\"thumbnailUrl\":\"https:\/\/www.intoscana.it\/wp-content\/uploads\/trasfusione.jpg\",\"datePublished\":\"2020-04-06T07:13:48+00:00\",\"dateModified\":\"2020-08-10T08:21:33+00:00\",\"author\":{\"@id\":\"https:\/\/www.intoscana.it\/it\/#\/schema\/person\/9223810753230f20bd670fdd322661f8\"},\"description\":\"Coronavirus: la Toscana sperimenter\u00e0 una cura con il plasma dei guariti, l'Azienda ospedaliera pisana coordiner\u00e0 il progetto che coinvolge altre 4 regioni\",\"breadcrumb\":{\"@id\":\"https:\/\/www.intoscana.it\/it\/coronavirus-plasma-cura\/#breadcrumb\"},\"inLanguage\":\"it-IT\",\"potentialAction\":[{\"@type\":\"ReadAction\",\"target\":[\"https:\/\/www.intoscana.it\/it\/coronavirus-plasma-cura\/\"]}]},{\"@type\":\"ImageObject\",\"inLanguage\":\"it-IT\",\"@id\":\"https:\/\/www.intoscana.it\/it\/coronavirus-plasma-cura\/#primaryimage\",\"url\":\"https:\/\/www.intoscana.it\/wp-content\/uploads\/trasfusione.jpg\",\"contentUrl\":\"https:\/\/www.intoscana.it\/wp-content\/uploads\/trasfusione.jpg\",\"width\":2000,\"height\":1333,\"caption\":\"Coronavirus: la Toscana sperimenta una cura con il plasma dei guariti\"},{\"@type\":\"BreadcrumbList\",\"@id\":\"https:\/\/www.intoscana.it\/it\/coronavirus-plasma-cura\/#breadcrumb\",\"itemListElement\":[{\"@type\":\"ListItem\",\"position\":1,\"name\":\"Home\",\"item\":\"https:\/\/www.intoscana.it\/it\/\"},{\"@type\":\"ListItem\",\"position\":2,\"name\":\"Coronavirus: la Toscana sperimenta una cura con il plasma dei guariti\"}]},{\"@type\":\"WebSite\",\"@id\":\"https:\/\/www.intoscana.it\/it\/#website\",\"url\":\"https:\/\/www.intoscana.it\/it\/\",\"name\":\"intoscana\",\"description\":\"\",\"potentialAction\":[{\"@type\":\"SearchAction\",\"target\":{\"@type\":\"EntryPoint\",\"urlTemplate\":\"https:\/\/www.intoscana.it\/it\/?s={search_term_string}\"},\"query-input\":{\"@type\":\"PropertyValueSpecification\",\"valueRequired\":true,\"valueName\":\"search_term_string\"}}],\"inLanguage\":\"it-IT\"},{\"@type\":\"Person\",\"@id\":\"https:\/\/www.intoscana.it\/it\/#\/schema\/person\/9223810753230f20bd670fdd322661f8\",\"name\":\"Redazione\",\"url\":\"https:\/\/www.intoscana.it\/it\/author\/redazione\/\"}]}<\/script>\n<!-- \/ Yoast SEO Premium plugin. -->","yoast_head_json":{"title":"Coronavirus: la Toscana sperimenta una cura con il plasma dei guariti - intoscana","description":"Coronavirus: la Toscana sperimenter\u00e0 una cura con il plasma dei guariti, l'Azienda ospedaliera pisana coordiner\u00e0 il progetto che coinvolge altre 4 regioni","robots":{"index":"index","follow":"follow","max-snippet":"max-snippet:-1","max-image-preview":"max-image-preview:large","max-video-preview":"max-video-preview:-1"},"canonical":"https:\/\/www.intoscana.it\/it\/coronavirus-plasma-cura\/","og_locale":"it_IT","og_type":"article","og_title":"Coronavirus: la Toscana sperimenta una cura con il plasma dei guariti","og_description":"Coronavirus: la Toscana sperimenter\u00e0 una cura con il plasma dei guariti, l'Azienda ospedaliera pisana coordiner\u00e0 il progetto che coinvolge altre 4 regioni","og_url":"https:\/\/www.intoscana.it\/it\/coronavirus-plasma-cura\/","og_site_name":"intoscana","article_publisher":"https:\/\/www.facebook.com\/intoscana.it","article_published_time":"2020-04-06T07:13:48+00:00","article_modified_time":"2020-08-10T08:21:33+00:00","og_image":[{"width":2000,"height":1333,"url":"https:\/\/www.intoscana.it\/wp-content\/uploads\/trasfusione.jpg","type":"image\/jpeg"}],"author":"Redazione","twitter_card":"summary_large_image","twitter_creator":"@intoscana","twitter_site":"@intoscana","twitter_misc":{"Written by":"Redazione","Est. reading time":"3 minuti"},"schema":{"@context":"https:\/\/schema.org","@graph":[{"@type":"WebPage","@id":"https:\/\/www.intoscana.it\/it\/coronavirus-plasma-cura\/","url":"https:\/\/www.intoscana.it\/it\/coronavirus-plasma-cura\/","name":"Coronavirus: la Toscana sperimenta una cura con il plasma dei guariti - intoscana","isPartOf":{"@id":"https:\/\/www.intoscana.it\/it\/#website"},"primaryImageOfPage":{"@id":"https:\/\/www.intoscana.it\/it\/coronavirus-plasma-cura\/#primaryimage"},"image":{"@id":"https:\/\/www.intoscana.it\/it\/coronavirus-plasma-cura\/#primaryimage"},"thumbnailUrl":"https:\/\/www.intoscana.it\/wp-content\/uploads\/trasfusione.jpg","datePublished":"2020-04-06T07:13:48+00:00","dateModified":"2020-08-10T08:21:33+00:00","author":{"@id":"https:\/\/www.intoscana.it\/it\/#\/schema\/person\/9223810753230f20bd670fdd322661f8"},"description":"Coronavirus: la Toscana sperimenter\u00e0 una cura con il plasma dei guariti, l'Azienda ospedaliera pisana coordiner\u00e0 il progetto che coinvolge altre 4 regioni","breadcrumb":{"@id":"https:\/\/www.intoscana.it\/it\/coronavirus-plasma-cura\/#breadcrumb"},"inLanguage":"it-IT","potentialAction":[{"@type":"ReadAction","target":["https:\/\/www.intoscana.it\/it\/coronavirus-plasma-cura\/"]}]},{"@type":"ImageObject","inLanguage":"it-IT","@id":"https:\/\/www.intoscana.it\/it\/coronavirus-plasma-cura\/#primaryimage","url":"https:\/\/www.intoscana.it\/wp-content\/uploads\/trasfusione.jpg","contentUrl":"https:\/\/www.intoscana.it\/wp-content\/uploads\/trasfusione.jpg","width":2000,"height":1333,"caption":"Coronavirus: la Toscana sperimenta una cura con il plasma dei guariti"},{"@type":"BreadcrumbList","@id":"https:\/\/www.intoscana.it\/it\/coronavirus-plasma-cura\/#breadcrumb","itemListElement":[{"@type":"ListItem","position":1,"name":"Home","item":"https:\/\/www.intoscana.it\/it\/"},{"@type":"ListItem","position":2,"name":"Coronavirus: la Toscana sperimenta una cura con il plasma dei guariti"}]},{"@type":"WebSite","@id":"https:\/\/www.intoscana.it\/it\/#website","url":"https:\/\/www.intoscana.it\/it\/","name":"intoscana","description":"","potentialAction":[{"@type":"SearchAction","target":{"@type":"EntryPoint","urlTemplate":"https:\/\/www.intoscana.it\/it\/?s={search_term_string}"},"query-input":{"@type":"PropertyValueSpecification","valueRequired":true,"valueName":"search_term_string"}}],"inLanguage":"it-IT"},{"@type":"Person","@id":"https:\/\/www.intoscana.it\/it\/#\/schema\/person\/9223810753230f20bd670fdd322661f8","name":"Redazione","url":"https:\/\/www.intoscana.it\/it\/author\/redazione\/"}]}},"_links":{"self":[{"href":"https:\/\/www.intoscana.it\/it\/wp-json\/wp\/v2\/posts\/142926","targetHints":{"allow":["GET"]}}],"collection":[{"href":"https:\/\/www.intoscana.it\/it\/wp-json\/wp\/v2\/posts"}],"about":[{"href":"https:\/\/www.intoscana.it\/it\/wp-json\/wp\/v2\/types\/post"}],"author":[{"embeddable":true,"href":"https:\/\/www.intoscana.it\/it\/wp-json\/wp\/v2\/users\/525"}],"replies":[{"embeddable":true,"href":"https:\/\/www.intoscana.it\/it\/wp-json\/wp\/v2\/comments?post=142926"}],"version-history":[{"count":0,"href":"https:\/\/www.intoscana.it\/it\/wp-json\/wp\/v2\/posts\/142926\/revisions"}],"wp:featuredmedia":[{"embeddable":true,"href":"https:\/\/www.intoscana.it\/it\/wp-json\/wp\/v2\/media\/143777"}],"wp:attachment":[{"href":"https:\/\/www.intoscana.it\/it\/wp-json\/wp\/v2\/media?parent=142926"}],"wp:term":[{"taxonomy":"category","embeddable":true,"href":"https:\/\/www.intoscana.it\/it\/wp-json\/wp\/v2\/categories?post=142926"},{"taxonomy":"post_tag","embeddable":true,"href":"https:\/\/www.intoscana.it\/it\/wp-json\/wp\/v2\/tags?post=142926"}],"curies":[{"name":"wp","href":"https:\/\/api.w.org\/{rel}","templated":true}]}}