{"id":142931,"date":"2020-04-05T10:06:14","date_gmt":"2020-04-05T08:06:14","guid":{"rendered":"https:\/\/www.intoscana.it\/coronavirus-in-toscana-il-minor-aumento-di-decessi-di-tutta-italia\/"},"modified":"2020-08-10T10:21:35","modified_gmt":"2020-08-10T08:21:35","slug":"coronavirus-aumento-decessi","status":"publish","type":"post","link":"https:\/\/www.intoscana.it\/it\/coronavirus-aumento-decessi\/","title":{"rendered":"Coronavirus: in Toscana il minor aumento di decessi di tutta Italia"},"content":{"rendered":"<p><strong>La Toscana \u00e8 la regione italiana con il minor aumento di decessi causati dal Coronavirus.<\/strong>&nbsp;In Toscana infatti l&#8217;emergenza Covid-19 ha causato <strong>nel mese di marzo un aumento del tasso di mortalit\u00e0 rispetto alla media dei 4 anni precedenti del 40,5% equivalente a 238 morti in pi\u00f9<\/strong>, ma la regione si conferma quella con il minor incremento di decessi a livello nazionale.<\/p>\n<p>Questa, sottolinea Fabio Voller, coordinatore dell&#8217;Osservatorio di epidemiologia della Regione Toscana, in estrema sintesi la lettura fornita dall&#8217;Agenzia regionale di sanit\u00e0 <strong>dei dati che l&#8217;Istat l&#8217;1 aprile ha messo a disposizione sul proprio sito, per aiutare a comprendere la situazione legata all&#8217;emergenza sanitaria da Coronavirus.<\/strong> In particolare la Toscana presenta nel mese di marzo un incremento della mortalit\u00e0 (2020 vs 2019) contenuto: \u00e8 una delle sei regioni ad essere sotto il 50% di incremento di mortalit\u00e0, la quintultima precisamente, e diventa l&#8217;ultima regione se si prende come riferimento il periodo 2015-2020.<\/p>\n<p>L&#8217;analisi condotta ha portato a <strong>comparare le informazioni sui decessi avvenuti dall&#8217;1 gennaio al 21 marzo scorsi all&#8217;andamento degli stessi mesi dal 2015 al 2019.<\/strong> Per la Toscana sono stati forniti i dati relativi a 58 comuni &#8211; pari al 22.6% della popolazione regionale &#8211; tra cui due capoluoghi di provincia, Pistoia e Grosseto. In questi 58 comuni da inizio anno al 21 marzo ci sono stati 2553 decessi totali. Considerando separatamente i mesi dell&#8217;anno, il raffronto con gli anni precedenti mostra chiaramente un aumento dei decessi a marzo sebbene con percentuali non uniformi: la variazione pi\u00f9 alta si registra nel confronto con il 2016 (+64.5%), quella pi\u00f9 bassa con il 2018 (27.5), la media \u00e8 appunto del 40.5% equivalente a 238 decessi in pi\u00f9.<\/p>\n<p><strong>Quest&#8217;aumento di marzo 2020 \u00e8 pi\u00f9 consistente nei maschi (127 decessi in pi\u00f9, il 46.5%) rispetto alle donne (110 casi in pi\u00f9 per un 35.1%).<\/strong> Emerge inoltre che nei primi due mesi di quest&#8217;anno la mortalit\u00e0 nei 58 comuni \u00e8 pi\u00f9 bassa rispetto agli anni precedenti, specie a gennaio. Un fenomeno che pu\u00f2 ritenersi attribuibile al ridotto impatto dei fattori di rischio stagionali. L&#8217;inversione di tendenza inizia poi nella settimana tra il 23 e il 29 febbraio, e diventa pi\u00f9 consistente nella settimana successiva (1-7 marzo). <br \/><strong>Nel mese di marzo l&#8217;aumento di mortalit\u00e0 \u00e8 osservabile in tutte le classi d&#8217;et\u00e0, ad eccezione delle persone sotto i 40 anni,<\/strong> nel confronto tra il 2020 e la media del periodo 2015-2019. Il maggior incremento di mortalit\u00e0 nel mese di marzo si osserva nell&#8217;Ausl Nord Ovest (+49.3% rispetto alla media 2015-2019 e +55.2% rispetto al 2019), il pi\u00f9 basso nell&#8217;Ausl Sud Est, corrispondente anche ai dati di letalit\u00e0 e mortalit\u00e0 chiaramente attribuibili a Covid-19.<\/p>\n<p>&#8220;Relativamente al luogo di decesso dei casi non attribuibili al Covid-19, tema di forte discussione nelle regioni che hanno sperimentato la maggior mortalit\u00e0 &#8211; aggiunge Voller &#8211; dobbiamo per\u00f2 sottolineare che <strong>il carico sostenuto dalle strutture ospedaliere toscane fino ad oggi dall&#8217;inizio dell&#8217;epidemia non \u00e8 mai andato oltre il livello di saturazione dei posti letto disponibili<\/strong> e questo consente di ipotizzare, seppur ancora in via indiziaria, per una presa in carico da parte dei servizi territoriali e di emergenza urgenza delle persone poi decedute&#8221;.<\/p>\n","protected":false},"excerpt":{"rendered":"<p>Secondo i dati Istat \u00e8 la regione dove a marzo il tasso di mortalit\u00e0 \u00e8 aumentato meno che nel resto del paese per colpa del Covid-19<\/p>\n","protected":false},"author":525,"featured_media":143782,"comment_status":"open","ping_status":"open","sticky":false,"template":"","format":"standard","meta":{"_acf_changed":false,"footnotes":""},"categories":[18],"tags":[418,349],"class_list":["post-142931","post","type-post","status-publish","format-standard","has-post-thumbnail","hentry","category-salute","tag-covid-19","tag-sanita"],"acf":[],"yoast_head":"<!-- This site is optimized with the Yoast SEO Premium plugin v24.2 (Yoast SEO v25.6) - https:\/\/yoast.com\/wordpress\/plugins\/seo\/ -->\n<title>Coronavirus: in Toscana il minor aumento di decessi di tutta Italia - intoscana<\/title>\n<meta name=\"robots\" content=\"index, follow, max-snippet:-1, max-image-preview:large, max-video-preview:-1\" \/>\n<link rel=\"canonical\" href=\"https:\/\/www.intoscana.it\/it\/coronavirus-aumento-decessi\/\" \/>\n<meta property=\"og:locale\" content=\"it_IT\" \/>\n<meta property=\"og:type\" content=\"article\" \/>\n<meta property=\"og:title\" content=\"Coronavirus: in Toscana il minor aumento di decessi di tutta Italia\" \/>\n<meta property=\"og:description\" content=\"Secondo i dati Istat \u00e8 la regione dove a marzo il tasso di mortalit\u00e0 \u00e8 aumentato meno che nel resto del paese per colpa del Covid-19\" \/>\n<meta property=\"og:url\" content=\"https:\/\/www.intoscana.it\/it\/coronavirus-aumento-decessi\/\" \/>\n<meta property=\"og:site_name\" content=\"intoscana\" \/>\n<meta property=\"article:publisher\" content=\"https:\/\/www.facebook.com\/intoscana.it\" \/>\n<meta property=\"article:published_time\" content=\"2020-04-05T08:06:14+00:00\" \/>\n<meta property=\"article:modified_time\" content=\"2020-08-10T08:21:35+00:00\" \/>\n<meta property=\"og:image\" content=\"https:\/\/www.intoscana.it\/wp-content\/uploads\/ospedale-toscana-ordinanza-coronavirus-7.jpg\" \/>\n\t<meta property=\"og:image:width\" content=\"1000\" \/>\n\t<meta property=\"og:image:height\" content=\"667\" \/>\n\t<meta property=\"og:image:type\" content=\"image\/jpeg\" \/>\n<meta name=\"author\" content=\"Redazione\" \/>\n<meta name=\"twitter:card\" content=\"summary_large_image\" \/>\n<meta name=\"twitter:creator\" content=\"@intoscana\" \/>\n<meta name=\"twitter:site\" content=\"@intoscana\" \/>\n<meta name=\"twitter:label1\" content=\"Written by\" \/>\n\t<meta name=\"twitter:data1\" content=\"Redazione\" \/>\n\t<meta name=\"twitter:label2\" content=\"Est. reading time\" \/>\n\t<meta name=\"twitter:data2\" content=\"2 minuti\" \/>\n<script type=\"application\/ld+json\" class=\"yoast-schema-graph\">{\"@context\":\"https:\/\/schema.org\",\"@graph\":[{\"@type\":\"WebPage\",\"@id\":\"https:\/\/www.intoscana.it\/it\/coronavirus-aumento-decessi\/\",\"url\":\"https:\/\/www.intoscana.it\/it\/coronavirus-aumento-decessi\/\",\"name\":\"Coronavirus: in Toscana il minor aumento di decessi di tutta Italia - intoscana\",\"isPartOf\":{\"@id\":\"https:\/\/www.intoscana.it\/it\/#website\"},\"primaryImageOfPage\":{\"@id\":\"https:\/\/www.intoscana.it\/it\/coronavirus-aumento-decessi\/#primaryimage\"},\"image\":{\"@id\":\"https:\/\/www.intoscana.it\/it\/coronavirus-aumento-decessi\/#primaryimage\"},\"thumbnailUrl\":\"https:\/\/www.intoscana.it\/wp-content\/uploads\/ospedale-toscana-ordinanza-coronavirus-7.jpg\",\"datePublished\":\"2020-04-05T08:06:14+00:00\",\"dateModified\":\"2020-08-10T08:21:35+00:00\",\"author\":{\"@id\":\"https:\/\/www.intoscana.it\/it\/#\/schema\/person\/9223810753230f20bd670fdd322661f8\"},\"breadcrumb\":{\"@id\":\"https:\/\/www.intoscana.it\/it\/coronavirus-aumento-decessi\/#breadcrumb\"},\"inLanguage\":\"it-IT\",\"potentialAction\":[{\"@type\":\"ReadAction\",\"target\":[\"https:\/\/www.intoscana.it\/it\/coronavirus-aumento-decessi\/\"]}]},{\"@type\":\"ImageObject\",\"inLanguage\":\"it-IT\",\"@id\":\"https:\/\/www.intoscana.it\/it\/coronavirus-aumento-decessi\/#primaryimage\",\"url\":\"https:\/\/www.intoscana.it\/wp-content\/uploads\/ospedale-toscana-ordinanza-coronavirus-7.jpg\",\"contentUrl\":\"https:\/\/www.intoscana.it\/wp-content\/uploads\/ospedale-toscana-ordinanza-coronavirus-7.jpg\",\"width\":1000,\"height\":667},{\"@type\":\"BreadcrumbList\",\"@id\":\"https:\/\/www.intoscana.it\/it\/coronavirus-aumento-decessi\/#breadcrumb\",\"itemListElement\":[{\"@type\":\"ListItem\",\"position\":1,\"name\":\"Home\",\"item\":\"https:\/\/www.intoscana.it\/it\/\"},{\"@type\":\"ListItem\",\"position\":2,\"name\":\"Coronavirus: in Toscana il minor aumento di decessi di tutta Italia\"}]},{\"@type\":\"WebSite\",\"@id\":\"https:\/\/www.intoscana.it\/it\/#website\",\"url\":\"https:\/\/www.intoscana.it\/it\/\",\"name\":\"intoscana\",\"description\":\"\",\"potentialAction\":[{\"@type\":\"SearchAction\",\"target\":{\"@type\":\"EntryPoint\",\"urlTemplate\":\"https:\/\/www.intoscana.it\/it\/?s={search_term_string}\"},\"query-input\":{\"@type\":\"PropertyValueSpecification\",\"valueRequired\":true,\"valueName\":\"search_term_string\"}}],\"inLanguage\":\"it-IT\"},{\"@type\":\"Person\",\"@id\":\"https:\/\/www.intoscana.it\/it\/#\/schema\/person\/9223810753230f20bd670fdd322661f8\",\"name\":\"Redazione\",\"url\":\"https:\/\/www.intoscana.it\/it\/author\/redazione\/\"}]}<\/script>\n<!-- \/ Yoast SEO Premium plugin. -->","yoast_head_json":{"title":"Coronavirus: in Toscana il minor aumento di decessi di tutta Italia - intoscana","robots":{"index":"index","follow":"follow","max-snippet":"max-snippet:-1","max-image-preview":"max-image-preview:large","max-video-preview":"max-video-preview:-1"},"canonical":"https:\/\/www.intoscana.it\/it\/coronavirus-aumento-decessi\/","og_locale":"it_IT","og_type":"article","og_title":"Coronavirus: in Toscana il minor aumento di decessi di tutta Italia","og_description":"Secondo i dati Istat \u00e8 la regione dove a marzo il tasso di mortalit\u00e0 \u00e8 aumentato meno che nel resto del paese per colpa del Covid-19","og_url":"https:\/\/www.intoscana.it\/it\/coronavirus-aumento-decessi\/","og_site_name":"intoscana","article_publisher":"https:\/\/www.facebook.com\/intoscana.it","article_published_time":"2020-04-05T08:06:14+00:00","article_modified_time":"2020-08-10T08:21:35+00:00","og_image":[{"width":1000,"height":667,"url":"https:\/\/www.intoscana.it\/wp-content\/uploads\/ospedale-toscana-ordinanza-coronavirus-7.jpg","type":"image\/jpeg"}],"author":"Redazione","twitter_card":"summary_large_image","twitter_creator":"@intoscana","twitter_site":"@intoscana","twitter_misc":{"Written by":"Redazione","Est. reading time":"2 minuti"},"schema":{"@context":"https:\/\/schema.org","@graph":[{"@type":"WebPage","@id":"https:\/\/www.intoscana.it\/it\/coronavirus-aumento-decessi\/","url":"https:\/\/www.intoscana.it\/it\/coronavirus-aumento-decessi\/","name":"Coronavirus: in Toscana il minor aumento di decessi di tutta Italia - intoscana","isPartOf":{"@id":"https:\/\/www.intoscana.it\/it\/#website"},"primaryImageOfPage":{"@id":"https:\/\/www.intoscana.it\/it\/coronavirus-aumento-decessi\/#primaryimage"},"image":{"@id":"https:\/\/www.intoscana.it\/it\/coronavirus-aumento-decessi\/#primaryimage"},"thumbnailUrl":"https:\/\/www.intoscana.it\/wp-content\/uploads\/ospedale-toscana-ordinanza-coronavirus-7.jpg","datePublished":"2020-04-05T08:06:14+00:00","dateModified":"2020-08-10T08:21:35+00:00","author":{"@id":"https:\/\/www.intoscana.it\/it\/#\/schema\/person\/9223810753230f20bd670fdd322661f8"},"breadcrumb":{"@id":"https:\/\/www.intoscana.it\/it\/coronavirus-aumento-decessi\/#breadcrumb"},"inLanguage":"it-IT","potentialAction":[{"@type":"ReadAction","target":["https:\/\/www.intoscana.it\/it\/coronavirus-aumento-decessi\/"]}]},{"@type":"ImageObject","inLanguage":"it-IT","@id":"https:\/\/www.intoscana.it\/it\/coronavirus-aumento-decessi\/#primaryimage","url":"https:\/\/www.intoscana.it\/wp-content\/uploads\/ospedale-toscana-ordinanza-coronavirus-7.jpg","contentUrl":"https:\/\/www.intoscana.it\/wp-content\/uploads\/ospedale-toscana-ordinanza-coronavirus-7.jpg","width":1000,"height":667},{"@type":"BreadcrumbList","@id":"https:\/\/www.intoscana.it\/it\/coronavirus-aumento-decessi\/#breadcrumb","itemListElement":[{"@type":"ListItem","position":1,"name":"Home","item":"https:\/\/www.intoscana.it\/it\/"},{"@type":"ListItem","position":2,"name":"Coronavirus: in Toscana il minor aumento di decessi di tutta Italia"}]},{"@type":"WebSite","@id":"https:\/\/www.intoscana.it\/it\/#website","url":"https:\/\/www.intoscana.it\/it\/","name":"intoscana","description":"","potentialAction":[{"@type":"SearchAction","target":{"@type":"EntryPoint","urlTemplate":"https:\/\/www.intoscana.it\/it\/?s={search_term_string}"},"query-input":{"@type":"PropertyValueSpecification","valueRequired":true,"valueName":"search_term_string"}}],"inLanguage":"it-IT"},{"@type":"Person","@id":"https:\/\/www.intoscana.it\/it\/#\/schema\/person\/9223810753230f20bd670fdd322661f8","name":"Redazione","url":"https:\/\/www.intoscana.it\/it\/author\/redazione\/"}]}},"_links":{"self":[{"href":"https:\/\/www.intoscana.it\/it\/wp-json\/wp\/v2\/posts\/142931","targetHints":{"allow":["GET"]}}],"collection":[{"href":"https:\/\/www.intoscana.it\/it\/wp-json\/wp\/v2\/posts"}],"about":[{"href":"https:\/\/www.intoscana.it\/it\/wp-json\/wp\/v2\/types\/post"}],"author":[{"embeddable":true,"href":"https:\/\/www.intoscana.it\/it\/wp-json\/wp\/v2\/users\/525"}],"replies":[{"embeddable":true,"href":"https:\/\/www.intoscana.it\/it\/wp-json\/wp\/v2\/comments?post=142931"}],"version-history":[{"count":0,"href":"https:\/\/www.intoscana.it\/it\/wp-json\/wp\/v2\/posts\/142931\/revisions"}],"wp:featuredmedia":[{"embeddable":true,"href":"https:\/\/www.intoscana.it\/it\/wp-json\/wp\/v2\/media\/143782"}],"wp:attachment":[{"href":"https:\/\/www.intoscana.it\/it\/wp-json\/wp\/v2\/media?parent=142931"}],"wp:term":[{"taxonomy":"category","embeddable":true,"href":"https:\/\/www.intoscana.it\/it\/wp-json\/wp\/v2\/categories?post=142931"},{"taxonomy":"post_tag","embeddable":true,"href":"https:\/\/www.intoscana.it\/it\/wp-json\/wp\/v2\/tags?post=142931"}],"curies":[{"name":"wp","href":"https:\/\/api.w.org\/{rel}","templated":true}]}}