{"id":142932,"date":"2020-04-03T19:21:11","date_gmt":"2020-04-03T17:21:11","guid":{"rendered":"https:\/\/www.intoscana.it\/test-sierologico-no-ai-laboratori-privati-se-non-convenzionati\/"},"modified":"2020-08-10T10:21:36","modified_gmt":"2020-08-10T08:21:36","slug":"test-sieriologici-ordinanza","status":"publish","type":"post","link":"https:\/\/www.intoscana.it\/it\/test-sieriologici-ordinanza\/","title":{"rendered":"Test sierologico: no ai laboratori privati se non convenzionati"},"content":{"rendered":"<p><strong>In Toscana i test sierologici rapidi per il Coronavirus saranno fatti a chi appartiene alle categorie con maggior rischio espositivo,<\/strong> come chi lavora nella<strong> sanit\u00e0, pubblica e privata, nelle farmacie, nei penitenziari, alle forze dell&#8217;ordine e ai vigili del fuoco, oltre che ai volontari<\/strong> impegnati nell&#8217;emergenza sanitaria e nella protezione sociale. E ancora, ai badanti e chi si occupa di persone anziane e fragili, e anche a operatori e degenti di Rsa, Rsd e strutture di accoglienza. Oppure, su richiesta del medico o pediatra di famiglia, ai singoli individui che manifestino sintomi di infezione da Covid. <br \/><strong>I test sierologici fatti dai privati non avranno nessun valore. La Regione \u00e8 disposta a convenzionarsi con i privati che lo vorranno.<\/strong> Ma se invece questi procederanno a fare i test in autonomia, la Regione li denuncer\u00e0 alla Protezione civle nazionale, chiedendo la requisizione dei kit per i test sierologici.<\/p>\n<p>Lo decide la nuova ordinanza firmata oggi del presidente della Regione Enrico Rossi. &#8220;Abbiamo deciso di mettere ordine nel campo dei test sierologici &#8211; ha detto Rossi nel videomessaggio inviato tramite la sua pagina Facebook &#8211; faremo il test sierologico secondo un ordine di priorit\u00e0 che in futuro potr\u00e0 anche allargarsi. <strong>Prima di tutto abbiamo pensato agli operatori sanitari, e poi a quelli delle Rsa, Rsd, strutture socio-sanitarie e di accoglienza; al volontariato, le farmacie, le forze dell&#8217;ordine, il personale penitenziario. Anche ai singoli cittadini,<\/strong> se il medico o pediatra di famiglia lo riterr\u00e0 necessario. Ma al di fuori di queste categorie, non si potranno fare i test rapidi. E i privati che vorranno farli, dovranno convenzionarsi con noi. Se il test viene effettuato al di fuori della sanit\u00e0 pubblica, dove viene fatto gratuitamente, per noi non ha nessun valore. Noi siamo disponibili a collaborare con il privato, ma non possiamo permettere che i cittadini vengano turlupinati, n\u00e9 che ci sia spreco di risorse al di fuori di un quadro di priorit\u00e0 stabilito dalla sanit\u00e0 pubblica&#8221;.<\/p>\n<p><strong>Il test sierologico rapido da solo non ha valenza diagnostica: a seguito di esito positivo o dubbio del test, si dovr\u00e0 procedere al tampone.<\/strong>&nbsp;I test sierologici rapidi verranno distribuiti alle aziende ed enti del SSR, in base alla disponibilit\u00e0; aziende ed enti definiranno le modalit\u00e0 di somministrazione e distribuzione del test sierologico.<br \/>Quanto ai test sierologici rapidi fatti dai privati, l&#8217;ordinanza dice chiaramente che, anche a causa della scarsit\u00e0 dei test sierologici rapidi a disposizione,<strong> \u00e8 fatto divieto di procedere all&#8217;effettuazione dei test al di fuori degli ambiti indicati dall&#8217;ordinanza stessa.<\/strong> E stabilisce che, nel caso vengano prese iniziative diverse, venga adottata ogni misura correttiva necessaria, compresa la proposizione da parte del presidente della Regione al capo dipartimento della Protezione civile, della requisizione dei test sierologici rapidi dei laboratori privati.<\/p>\n<p>&nbsp;<\/p>\n<p><iframe loading=\"lazy\" style=\"border: none; overflow: hidden;\" src=\"https:\/\/www.facebook.com\/plugins\/video.php?href=https%3A%2F%2Fwww.facebook.com%2Fenricorossipresidente%2Fvideos%2F2643273462617956%2F&amp;show_text=0&amp;width=560\" width=\"560\" height=\"315\" frameborder=\"0\" scrolling=\"no\" allowfullscreen=\"allowfullscreen\"><\/iframe><\/p>\n<p>&nbsp;<\/p>\n","protected":false},"excerpt":{"rendered":"<p>La nuova ordinanza firmata dal presidente della Regione Enrico Rossi stabilisce che il test rapido per il Coronavirus verr\u00e0 fatto a personale sanitario, socio-assistenziale e volontariato e anche ai cittadini se il medico lo riterr\u00e0 necessario<\/p>\n","protected":false},"author":525,"featured_media":143783,"comment_status":"open","ping_status":"open","sticky":false,"template":"","format":"standard","meta":{"_acf_changed":false,"footnotes":""},"categories":[18],"tags":[],"class_list":["post-142932","post","type-post","status-publish","format-standard","has-post-thumbnail","hentry","category-salute"],"acf":[],"yoast_head":"<!-- This site is optimized with the Yoast SEO Premium plugin v24.2 (Yoast SEO v25.6) - https:\/\/yoast.com\/wordpress\/plugins\/seo\/ -->\n<title>Test sierologico: no ai laboratori privati se non convenzionati - intoscana<\/title>\n<meta name=\"robots\" content=\"index, follow, max-snippet:-1, max-image-preview:large, max-video-preview:-1\" \/>\n<link rel=\"canonical\" href=\"https:\/\/www.intoscana.it\/it\/test-sieriologici-ordinanza\/\" \/>\n<meta property=\"og:locale\" content=\"it_IT\" \/>\n<meta property=\"og:type\" content=\"article\" \/>\n<meta property=\"og:title\" content=\"Test sierologico: no ai laboratori privati se non convenzionati\" \/>\n<meta property=\"og:description\" content=\"La nuova ordinanza firmata dal presidente della Regione Enrico Rossi stabilisce che il test rapido per il Coronavirus verr\u00e0 fatto a personale sanitario, socio-assistenziale e volontariato e anche ai cittadini se il medico lo riterr\u00e0 necessario\" \/>\n<meta property=\"og:url\" content=\"https:\/\/www.intoscana.it\/it\/test-sieriologici-ordinanza\/\" \/>\n<meta property=\"og:site_name\" content=\"intoscana\" \/>\n<meta property=\"article:publisher\" content=\"https:\/\/www.facebook.com\/intoscana.it\" \/>\n<meta property=\"article:published_time\" content=\"2020-04-03T17:21:11+00:00\" \/>\n<meta property=\"article:modified_time\" content=\"2020-08-10T08:21:36+00:00\" \/>\n<meta property=\"og:image\" content=\"https:\/\/www.intoscana.it\/wp-content\/uploads\/shutterstock_1624635628-3.jpg\" \/>\n\t<meta property=\"og:image:width\" content=\"2000\" \/>\n\t<meta property=\"og:image:height\" content=\"1125\" \/>\n\t<meta property=\"og:image:type\" content=\"image\/jpeg\" \/>\n<meta name=\"author\" content=\"Redazione\" \/>\n<meta name=\"twitter:card\" content=\"summary_large_image\" \/>\n<meta name=\"twitter:creator\" content=\"@intoscana\" \/>\n<meta name=\"twitter:site\" content=\"@intoscana\" \/>\n<meta name=\"twitter:label1\" content=\"Written by\" \/>\n\t<meta name=\"twitter:data1\" content=\"Redazione\" \/>\n\t<meta name=\"twitter:label2\" content=\"Est. reading time\" \/>\n\t<meta name=\"twitter:data2\" content=\"2 minuti\" \/>\n<script type=\"application\/ld+json\" class=\"yoast-schema-graph\">{\"@context\":\"https:\/\/schema.org\",\"@graph\":[{\"@type\":\"WebPage\",\"@id\":\"https:\/\/www.intoscana.it\/it\/test-sieriologici-ordinanza\/\",\"url\":\"https:\/\/www.intoscana.it\/it\/test-sieriologici-ordinanza\/\",\"name\":\"Test sierologico: no ai laboratori privati se non convenzionati - intoscana\",\"isPartOf\":{\"@id\":\"https:\/\/www.intoscana.it\/it\/#website\"},\"primaryImageOfPage\":{\"@id\":\"https:\/\/www.intoscana.it\/it\/test-sieriologici-ordinanza\/#primaryimage\"},\"image\":{\"@id\":\"https:\/\/www.intoscana.it\/it\/test-sieriologici-ordinanza\/#primaryimage\"},\"thumbnailUrl\":\"https:\/\/www.intoscana.it\/wp-content\/uploads\/shutterstock_1624635628-3.jpg\",\"datePublished\":\"2020-04-03T17:21:11+00:00\",\"dateModified\":\"2020-08-10T08:21:36+00:00\",\"author\":{\"@id\":\"https:\/\/www.intoscana.it\/it\/#\/schema\/person\/9223810753230f20bd670fdd322661f8\"},\"breadcrumb\":{\"@id\":\"https:\/\/www.intoscana.it\/it\/test-sieriologici-ordinanza\/#breadcrumb\"},\"inLanguage\":\"it-IT\",\"potentialAction\":[{\"@type\":\"ReadAction\",\"target\":[\"https:\/\/www.intoscana.it\/it\/test-sieriologici-ordinanza\/\"]}]},{\"@type\":\"ImageObject\",\"inLanguage\":\"it-IT\",\"@id\":\"https:\/\/www.intoscana.it\/it\/test-sieriologici-ordinanza\/#primaryimage\",\"url\":\"https:\/\/www.intoscana.it\/wp-content\/uploads\/shutterstock_1624635628-3.jpg\",\"contentUrl\":\"https:\/\/www.intoscana.it\/wp-content\/uploads\/shutterstock_1624635628-3.jpg\",\"width\":2000,\"height\":1125,\"caption\":\"Test Coronavirus\"},{\"@type\":\"BreadcrumbList\",\"@id\":\"https:\/\/www.intoscana.it\/it\/test-sieriologici-ordinanza\/#breadcrumb\",\"itemListElement\":[{\"@type\":\"ListItem\",\"position\":1,\"name\":\"Home\",\"item\":\"https:\/\/www.intoscana.it\/it\/\"},{\"@type\":\"ListItem\",\"position\":2,\"name\":\"Test sierologico: no ai laboratori privati se non convenzionati\"}]},{\"@type\":\"WebSite\",\"@id\":\"https:\/\/www.intoscana.it\/it\/#website\",\"url\":\"https:\/\/www.intoscana.it\/it\/\",\"name\":\"intoscana\",\"description\":\"\",\"potentialAction\":[{\"@type\":\"SearchAction\",\"target\":{\"@type\":\"EntryPoint\",\"urlTemplate\":\"https:\/\/www.intoscana.it\/it\/?s={search_term_string}\"},\"query-input\":{\"@type\":\"PropertyValueSpecification\",\"valueRequired\":true,\"valueName\":\"search_term_string\"}}],\"inLanguage\":\"it-IT\"},{\"@type\":\"Person\",\"@id\":\"https:\/\/www.intoscana.it\/it\/#\/schema\/person\/9223810753230f20bd670fdd322661f8\",\"name\":\"Redazione\",\"url\":\"https:\/\/www.intoscana.it\/it\/author\/redazione\/\"}]}<\/script>\n<!-- \/ Yoast SEO Premium plugin. -->","yoast_head_json":{"title":"Test sierologico: no ai laboratori privati se non convenzionati - intoscana","robots":{"index":"index","follow":"follow","max-snippet":"max-snippet:-1","max-image-preview":"max-image-preview:large","max-video-preview":"max-video-preview:-1"},"canonical":"https:\/\/www.intoscana.it\/it\/test-sieriologici-ordinanza\/","og_locale":"it_IT","og_type":"article","og_title":"Test sierologico: no ai laboratori privati se non convenzionati","og_description":"La nuova ordinanza firmata dal presidente della Regione Enrico Rossi stabilisce che il test rapido per il Coronavirus verr\u00e0 fatto a personale sanitario, socio-assistenziale e volontariato e anche ai cittadini se il medico lo riterr\u00e0 necessario","og_url":"https:\/\/www.intoscana.it\/it\/test-sieriologici-ordinanza\/","og_site_name":"intoscana","article_publisher":"https:\/\/www.facebook.com\/intoscana.it","article_published_time":"2020-04-03T17:21:11+00:00","article_modified_time":"2020-08-10T08:21:36+00:00","og_image":[{"width":2000,"height":1125,"url":"https:\/\/www.intoscana.it\/wp-content\/uploads\/shutterstock_1624635628-3.jpg","type":"image\/jpeg"}],"author":"Redazione","twitter_card":"summary_large_image","twitter_creator":"@intoscana","twitter_site":"@intoscana","twitter_misc":{"Written by":"Redazione","Est. reading time":"2 minuti"},"schema":{"@context":"https:\/\/schema.org","@graph":[{"@type":"WebPage","@id":"https:\/\/www.intoscana.it\/it\/test-sieriologici-ordinanza\/","url":"https:\/\/www.intoscana.it\/it\/test-sieriologici-ordinanza\/","name":"Test sierologico: no ai laboratori privati se non convenzionati - intoscana","isPartOf":{"@id":"https:\/\/www.intoscana.it\/it\/#website"},"primaryImageOfPage":{"@id":"https:\/\/www.intoscana.it\/it\/test-sieriologici-ordinanza\/#primaryimage"},"image":{"@id":"https:\/\/www.intoscana.it\/it\/test-sieriologici-ordinanza\/#primaryimage"},"thumbnailUrl":"https:\/\/www.intoscana.it\/wp-content\/uploads\/shutterstock_1624635628-3.jpg","datePublished":"2020-04-03T17:21:11+00:00","dateModified":"2020-08-10T08:21:36+00:00","author":{"@id":"https:\/\/www.intoscana.it\/it\/#\/schema\/person\/9223810753230f20bd670fdd322661f8"},"breadcrumb":{"@id":"https:\/\/www.intoscana.it\/it\/test-sieriologici-ordinanza\/#breadcrumb"},"inLanguage":"it-IT","potentialAction":[{"@type":"ReadAction","target":["https:\/\/www.intoscana.it\/it\/test-sieriologici-ordinanza\/"]}]},{"@type":"ImageObject","inLanguage":"it-IT","@id":"https:\/\/www.intoscana.it\/it\/test-sieriologici-ordinanza\/#primaryimage","url":"https:\/\/www.intoscana.it\/wp-content\/uploads\/shutterstock_1624635628-3.jpg","contentUrl":"https:\/\/www.intoscana.it\/wp-content\/uploads\/shutterstock_1624635628-3.jpg","width":2000,"height":1125,"caption":"Test Coronavirus"},{"@type":"BreadcrumbList","@id":"https:\/\/www.intoscana.it\/it\/test-sieriologici-ordinanza\/#breadcrumb","itemListElement":[{"@type":"ListItem","position":1,"name":"Home","item":"https:\/\/www.intoscana.it\/it\/"},{"@type":"ListItem","position":2,"name":"Test sierologico: no ai laboratori privati se non convenzionati"}]},{"@type":"WebSite","@id":"https:\/\/www.intoscana.it\/it\/#website","url":"https:\/\/www.intoscana.it\/it\/","name":"intoscana","description":"","potentialAction":[{"@type":"SearchAction","target":{"@type":"EntryPoint","urlTemplate":"https:\/\/www.intoscana.it\/it\/?s={search_term_string}"},"query-input":{"@type":"PropertyValueSpecification","valueRequired":true,"valueName":"search_term_string"}}],"inLanguage":"it-IT"},{"@type":"Person","@id":"https:\/\/www.intoscana.it\/it\/#\/schema\/person\/9223810753230f20bd670fdd322661f8","name":"Redazione","url":"https:\/\/www.intoscana.it\/it\/author\/redazione\/"}]}},"_links":{"self":[{"href":"https:\/\/www.intoscana.it\/it\/wp-json\/wp\/v2\/posts\/142932","targetHints":{"allow":["GET"]}}],"collection":[{"href":"https:\/\/www.intoscana.it\/it\/wp-json\/wp\/v2\/posts"}],"about":[{"href":"https:\/\/www.intoscana.it\/it\/wp-json\/wp\/v2\/types\/post"}],"author":[{"embeddable":true,"href":"https:\/\/www.intoscana.it\/it\/wp-json\/wp\/v2\/users\/525"}],"replies":[{"embeddable":true,"href":"https:\/\/www.intoscana.it\/it\/wp-json\/wp\/v2\/comments?post=142932"}],"version-history":[{"count":0,"href":"https:\/\/www.intoscana.it\/it\/wp-json\/wp\/v2\/posts\/142932\/revisions"}],"wp:featuredmedia":[{"embeddable":true,"href":"https:\/\/www.intoscana.it\/it\/wp-json\/wp\/v2\/media\/143783"}],"wp:attachment":[{"href":"https:\/\/www.intoscana.it\/it\/wp-json\/wp\/v2\/media?parent=142932"}],"wp:term":[{"taxonomy":"category","embeddable":true,"href":"https:\/\/www.intoscana.it\/it\/wp-json\/wp\/v2\/categories?post=142932"},{"taxonomy":"post_tag","embeddable":true,"href":"https:\/\/www.intoscana.it\/it\/wp-json\/wp\/v2\/tags?post=142932"}],"curies":[{"name":"wp","href":"https:\/\/api.w.org\/{rel}","templated":true}]}}