{"id":142934,"date":"2020-04-24T14:25:13","date_gmt":"2020-04-24T12:25:13","guid":{"rendered":"https:\/\/www.intoscana.it\/coronavirus-meno-casi-e-ricoveri-determinante-isolamento-e-risposta-del-servizio-sanitario-regionale\/"},"modified":"2020-08-10T10:21:37","modified_gmt":"2020-08-10T08:21:37","slug":"coronavirus-diminuzione-casi","status":"publish","type":"post","link":"https:\/\/www.intoscana.it\/it\/coronavirus-diminuzione-casi\/","title":{"rendered":"Coronavirus, meno casi e ricoveri: determinante isolamento e risposta del servizio sanitario regionale"},"content":{"rendered":"<p><strong>I casi di Coronavirus e i ricoveri ospedalieri in Toscana stanno scendendo, grazie alla risposta del servizio sanitario regionale e alle misure di isolamento sociale e di contenimento<\/strong>. \u00c8 questa in sintesi la fotografia che scatta oggi l\u2019<strong>Agenzia regionale di sanit\u00e0<\/strong> sui dati raccolti e messi a disposizione dall\u2019Unit\u00e0 di crisi Coronavirus e da quelli alimentati dai dipartimenti di prevenzione delle aziende sanitarie.<\/p>\n<p><strong> Da tre giorni in Toscana i nuovi casi positivi rilevati dai 13 laboratori di analisi sono sempre sotto i 100: il numero di nuovi casi non era cos\u00ec contenuto dal 13 marzo.<\/strong> <br \/>Rimane sempre alto il numero di tamponi effettuati: sono 3.800 in media i tamponi effettuati nell\u2019ultima settimana, erano 2.700 solo un mese fa, 380 nella prima settimana di marzo. <strong>Il tasso grezzo di tamponi eseguiti nella nostra regione \u00e8 di 3,2 ogni 100 abitanti,<\/strong> dato sovrapponibile a quello dell\u2019Emilia-Romagna; tra le regioni pi\u00f9 colpite solo il Veneto mostra un tasso superiore (5,2 per 100 abitanti) a quello toscano.<\/p>\n<p><strong>\u201cSiamo di fronte all\u2019inversione di tendenza che tanto stavamo aspettando anche in Toscana.<\/strong> Rispetto all\u2019emergere di nuovi casi, il sistema ospedaliero riesce a rispondere con minor difficolt\u00e0 all\u2019emersione dei nuovi casi gravi, e quelli territoriali stanno sempre pi\u00f9 intercettando la sintomatologia lieve, anche grazie all\u2019effetto delle misure di distanziamento sociale &#8211; osserva Fabio Voller, cooordinatore dell\u2019Osservatorio di epidemiologia dell\u2019Ars Toscana \u2013 a questo punto l\u2019attenzione si sposta gradualmente verso il sistema di monitoraggio e di presa in carico dei nuovi casi nel momento in cui ci sar\u00e0 la riapertura\u201d.<\/p>\n<p><strong>L\u2019epidemia sembra stia davvero perdendo la sua forza in Toscana<\/strong>. La figura qui sotto riporta la stima dei nuovi casi in Toscana (% dei nuovi casi sul totale dei casi analizzati con tampone sottratte le guarigioni virali): <strong>nell\u2019ultimo mese e mezzo la percentuale di nuovi casi sta fortemente diminuendo ed \u00e8 passata dal 27% del 20 di marzo al 4% di ieri.<\/strong><\/p>\n<p>&nbsp;<\/p>\n<p><strong><\/p>\n<p><\/strong>&nbsp;<img decoding=\"async\" alt=\"Nuovi positivi su tampone analizzato (1)\" style=\"width: 599px;\" title=\"Nuovi positivi su tampone analizzato (1)\" src=\"https:\/\/www.intoscana.it\/shared\/intoscana\/immagini\/nuovi-positivi-su-tampone-analizzato-1.jpg\" height=\"358\" \/><\/p>\n<p>&nbsp;<\/p>\n<p><strong>Riguardo invece il totale di casi positivi diagnosticati, in Toscana sono arrivati ieri a 8.780,<\/strong> classificando la nostra regione come la quinta pi\u00f9 colpita in Italia. <br \/>Considerando il 31 di marzo come la data a partire dalla quale le <strong>misure di distanziamento sociale e di contenimento si stima abbiano avuto un effetto, la Toscana ha diminuito la percentuale di nuovi casi positivi del 60%<\/strong>, contro il 36% della Lombardia, il 50% dell\u2019Emilia-Romagna, mentre il Piemonte ha visto addirittura un aumento del 5%.<\/p>\n<p><strong>La circolazione del virus in Toscana si presenta fortemente differenziata: l\u2019area corrispondente all\u2019Asl nord ovest<\/strong> \u00e8 senza dubbio quella pi\u00f9 colpita, con 276 casi per 100.000 abitanti (le province di Massa e Lucca in particolar modo, rispettivamente con 492 e 316 casi circa per 100.000 abitanti); segue la zona dell\u2019Asl centro con 238 casi per 100.000 abitanti (Firenze \u00e8 la provincia pi\u00f9 colpita con 278 casi circa per 100.000 abitanti); infine la zona dell\u2019Asl sud est con 143,5 casi per 100.000 abitanti.<\/p>\n<p><strong>Ma quali sono le caratteristiche dei casi toscani?<\/strong> I maschi sono il 47% dei casi totali, valore allineato a quello nazionale (50%). L\u2019et\u00e0 mediana dei casi \u00e8 di 60 anni (61 negli uomini e 60 nelle donne), anche questa coerente con il valore nazionale di 62 anni. In generale, la fascia di et\u00e0 in cui si osserva la maggior parte dei casi \u00e8 quella dei 50-59enni (19,8%), seguita da quella dei 60-69enni (15,5% dei casi), e quindi da quella dei 70-79enni e degli 80-89enni (entrambe il 14,7% dei casi di SARS-CoV-2). Nella fascia di et\u00e0 0-19 \u00e8 stato rilevato appena il 3,2% dei casi totali, in quella 0-10 abbiamo l&#8217;1,2% dei casi totali.<\/p>\n<p>Molto interessanti le informazioni che provengono dallo stato clinico storicizzato: <strong>nelle ultime 8 settimane i casi lievi e paucisintomatici sono passati dal 25% al 76%, dimostrando come oramai i servizi territoriali riescono ad intercettare sempre prima la casistica lieve e a trattarla a domicilio,<\/strong> con una minor pressione sugli ospedali. Per i soggetti positivi al virus SARS-CoV-2, per i quali \u00e8 presente l\u2019informazione su eventuali patologie concomitanti, un terzo ha almeno una condizione clinica pre-esistente; circa uno su cinque \u00e8 affetto da 2 patologie croniche e il 14,1% da 3 o pi\u00f9 patologie croniche. I tempi di guarigione sono di 28 giorni in media totale dalla comparsa dei sintomi, variando pochissimo tra i vari stati clinici dal lieve al severo.<\/p>\n<p><img decoding=\"async\" alt=\"coronavirus ospedale\" style=\"width: 599px;\" title=\"coronavirus ospedale\" src=\"https:\/\/www.intoscana.it\/shared\/intoscana\/immagini\/coronavirus-ospedale.jpg\" height=\"337\" \/><\/p>\n<p>Per quanto riguarda la risposta messa in campo dalla Regione attraverso il proprio sistema ospedaliero, <strong>il numero massimo di ricoverati contemporaneamente presenti in reparti medici, in Toscana, si \u00e8 osservato tra il 2 e il 7 aprile<\/strong> (1.099 il 3\/4). Sempre al culmine della curva la richiesta di letti di terapia intensiva \u00e8 stata di 281 ricoveri il 2 aprile. Dopo questa fase, si \u00e8 osservata una <strong>decisa diminuzione della pressione sulle strutture ospedaliere, con una graduale riduzione delle presenze di Covid-19<\/strong> sia in reparti medici che in terapia intensiva. Il 23 aprile si contano 715 ricoveri in area medica (con una riduzione del 35% rispetto al picco) e 160 ricoveri in terapia intensiva (riduzione del 43%). <strong>Nell\u2019ultimo mese la riduzione dei ricoveri totali Covid-19 \u00e8 stato in media del 14% in Italia, del 16% in Lombardia, del 25% in Toscana.<\/strong><\/p>\n<p>Per quanto riguarda i deceduti, che ad oggi sono 716 (pi\u00f9 7 pazienti provenienti da fuori Toscana ma deceduti nella nostra regione), <strong>l\u2019attuale tasso di mortalit\u00e0 grezzo per Covid-19 in Toscana \u00e8 pari a 19,4 per 100mila abitanti, contro il 42,3 della media italiana<\/strong>. Al momento, si tratta di un valore molto inferiore a quello osservato in Lombardia (128,6 per 100mila), Emilia-Romagna (73,3 per 100mila) e in molte altre regioni italiane. <br \/>L\u2019andamento provinciale dei decessi risente ovviamente di quanto osservato per i contagiati totali.<strong> La provincia di Massa e Carrara \u00e8 quella pi\u00f9 colpita, seguita da Lucca, Pistoia e Firenze.<\/strong>&nbsp;<br \/>Riguardo le caratteristiche dei deceduti toscani, il 60% \u00e8 di genere maschile, con un&#8217;et\u00e0 media pi\u00f9 bassa dei deceduti femmine (79 contro 85). Per i soggetti in cui \u00e8 stata recuperata l\u2019informazione (415), <strong>tre su quattro avevano almeno una comorbosit\u00e0 (pi\u00f9 patologie concomitanti),<\/strong> uno su quattro ne aveva due, quasi la met\u00e0 ne aveva tre o pi\u00f9. Le patologie prevalenti: diabete mellito e le malattie cardiovascolari e respiratorie croniche.<\/p>\n","protected":false},"excerpt":{"rendered":"<p>L&#8217;epidemia in Toscana sta perdendo la sua forza, secondo l&#8217;analisi dell&#8217;Agenzia regionale della sanit\u00e0: da tre giorni i nuovi casi positivi sono sempre sotto i 100, un numero mai cos\u00ec contenuto dal 13 marzo.<\/p>\n","protected":false},"author":525,"featured_media":143785,"comment_status":"open","ping_status":"open","sticky":false,"template":"","format":"standard","meta":{"_acf_changed":false,"footnotes":""},"categories":[18],"tags":[349],"class_list":["post-142934","post","type-post","status-publish","format-standard","has-post-thumbnail","hentry","category-salute","tag-sanita"],"acf":[],"yoast_head":"<!-- This site is optimized with the Yoast SEO Premium plugin v24.2 (Yoast SEO v25.6) - https:\/\/yoast.com\/wordpress\/plugins\/seo\/ -->\n<title>Coronavirus, meno casi e ricoveri: determinante isolamento e risposta del servizio sanitario regionale - intoscana<\/title>\n<meta name=\"robots\" content=\"index, follow, max-snippet:-1, max-image-preview:large, max-video-preview:-1\" \/>\n<link rel=\"canonical\" href=\"https:\/\/www.intoscana.it\/it\/coronavirus-diminuzione-casi\/\" \/>\n<meta property=\"og:locale\" content=\"it_IT\" \/>\n<meta property=\"og:type\" content=\"article\" \/>\n<meta property=\"og:title\" content=\"Coronavirus, meno casi e ricoveri: determinante isolamento e risposta del servizio sanitario regionale\" \/>\n<meta property=\"og:description\" content=\"L&#039;epidemia in Toscana sta perdendo la sua forza, secondo l&#039;analisi dell&#039;Agenzia regionale della sanit\u00e0: da tre giorni i nuovi casi positivi sono sempre sotto i 100, un numero mai cos\u00ec contenuto dal 13 marzo.\" \/>\n<meta property=\"og:url\" content=\"https:\/\/www.intoscana.it\/it\/coronavirus-diminuzione-casi\/\" \/>\n<meta property=\"og:site_name\" content=\"intoscana\" \/>\n<meta property=\"article:publisher\" content=\"https:\/\/www.facebook.com\/intoscana.it\" \/>\n<meta property=\"article:published_time\" content=\"2020-04-24T12:25:13+00:00\" \/>\n<meta property=\"article:modified_time\" content=\"2020-08-10T08:21:37+00:00\" \/>\n<meta property=\"og:image\" content=\"https:\/\/www.intoscana.it\/wp-content\/uploads\/shutterstock_1641184882-4.jpg\" \/>\n\t<meta property=\"og:image:width\" content=\"2000\" \/>\n\t<meta property=\"og:image:height\" content=\"1333\" \/>\n\t<meta property=\"og:image:type\" content=\"image\/jpeg\" \/>\n<meta name=\"author\" content=\"Redazione\" \/>\n<meta name=\"twitter:card\" content=\"summary_large_image\" \/>\n<meta name=\"twitter:creator\" content=\"@intoscana\" \/>\n<meta name=\"twitter:site\" content=\"@intoscana\" \/>\n<meta name=\"twitter:label1\" content=\"Written by\" \/>\n\t<meta name=\"twitter:data1\" content=\"Redazione\" \/>\n\t<meta name=\"twitter:label2\" content=\"Est. reading time\" \/>\n\t<meta name=\"twitter:data2\" content=\"5 minuti\" \/>\n<script type=\"application\/ld+json\" class=\"yoast-schema-graph\">{\"@context\":\"https:\/\/schema.org\",\"@graph\":[{\"@type\":\"WebPage\",\"@id\":\"https:\/\/www.intoscana.it\/it\/coronavirus-diminuzione-casi\/\",\"url\":\"https:\/\/www.intoscana.it\/it\/coronavirus-diminuzione-casi\/\",\"name\":\"Coronavirus, meno casi e ricoveri: determinante isolamento e risposta del servizio sanitario regionale - intoscana\",\"isPartOf\":{\"@id\":\"https:\/\/www.intoscana.it\/it\/#website\"},\"primaryImageOfPage\":{\"@id\":\"https:\/\/www.intoscana.it\/it\/coronavirus-diminuzione-casi\/#primaryimage\"},\"image\":{\"@id\":\"https:\/\/www.intoscana.it\/it\/coronavirus-diminuzione-casi\/#primaryimage\"},\"thumbnailUrl\":\"https:\/\/www.intoscana.it\/wp-content\/uploads\/shutterstock_1641184882-4.jpg\",\"datePublished\":\"2020-04-24T12:25:13+00:00\",\"dateModified\":\"2020-08-10T08:21:37+00:00\",\"author\":{\"@id\":\"https:\/\/www.intoscana.it\/it\/#\/schema\/person\/9223810753230f20bd670fdd322661f8\"},\"breadcrumb\":{\"@id\":\"https:\/\/www.intoscana.it\/it\/coronavirus-diminuzione-casi\/#breadcrumb\"},\"inLanguage\":\"it-IT\",\"potentialAction\":[{\"@type\":\"ReadAction\",\"target\":[\"https:\/\/www.intoscana.it\/it\/coronavirus-diminuzione-casi\/\"]}]},{\"@type\":\"ImageObject\",\"inLanguage\":\"it-IT\",\"@id\":\"https:\/\/www.intoscana.it\/it\/coronavirus-diminuzione-casi\/#primaryimage\",\"url\":\"https:\/\/www.intoscana.it\/wp-content\/uploads\/shutterstock_1641184882-4.jpg\",\"contentUrl\":\"https:\/\/www.intoscana.it\/wp-content\/uploads\/shutterstock_1641184882-4.jpg\",\"width\":2000,\"height\":1333},{\"@type\":\"BreadcrumbList\",\"@id\":\"https:\/\/www.intoscana.it\/it\/coronavirus-diminuzione-casi\/#breadcrumb\",\"itemListElement\":[{\"@type\":\"ListItem\",\"position\":1,\"name\":\"Home\",\"item\":\"https:\/\/www.intoscana.it\/it\/\"},{\"@type\":\"ListItem\",\"position\":2,\"name\":\"Coronavirus, meno casi e ricoveri: determinante isolamento e risposta del servizio sanitario regionale\"}]},{\"@type\":\"WebSite\",\"@id\":\"https:\/\/www.intoscana.it\/it\/#website\",\"url\":\"https:\/\/www.intoscana.it\/it\/\",\"name\":\"intoscana\",\"description\":\"\",\"potentialAction\":[{\"@type\":\"SearchAction\",\"target\":{\"@type\":\"EntryPoint\",\"urlTemplate\":\"https:\/\/www.intoscana.it\/it\/?s={search_term_string}\"},\"query-input\":{\"@type\":\"PropertyValueSpecification\",\"valueRequired\":true,\"valueName\":\"search_term_string\"}}],\"inLanguage\":\"it-IT\"},{\"@type\":\"Person\",\"@id\":\"https:\/\/www.intoscana.it\/it\/#\/schema\/person\/9223810753230f20bd670fdd322661f8\",\"name\":\"Redazione\",\"url\":\"https:\/\/www.intoscana.it\/it\/author\/redazione\/\"}]}<\/script>\n<!-- \/ Yoast SEO Premium plugin. -->","yoast_head_json":{"title":"Coronavirus, meno casi e ricoveri: determinante isolamento e risposta del servizio sanitario regionale - intoscana","robots":{"index":"index","follow":"follow","max-snippet":"max-snippet:-1","max-image-preview":"max-image-preview:large","max-video-preview":"max-video-preview:-1"},"canonical":"https:\/\/www.intoscana.it\/it\/coronavirus-diminuzione-casi\/","og_locale":"it_IT","og_type":"article","og_title":"Coronavirus, meno casi e ricoveri: determinante isolamento e risposta del servizio sanitario regionale","og_description":"L'epidemia in Toscana sta perdendo la sua forza, secondo l'analisi dell'Agenzia regionale della sanit\u00e0: da tre giorni i nuovi casi positivi sono sempre sotto i 100, un numero mai cos\u00ec contenuto dal 13 marzo.","og_url":"https:\/\/www.intoscana.it\/it\/coronavirus-diminuzione-casi\/","og_site_name":"intoscana","article_publisher":"https:\/\/www.facebook.com\/intoscana.it","article_published_time":"2020-04-24T12:25:13+00:00","article_modified_time":"2020-08-10T08:21:37+00:00","og_image":[{"width":2000,"height":1333,"url":"https:\/\/www.intoscana.it\/wp-content\/uploads\/shutterstock_1641184882-4.jpg","type":"image\/jpeg"}],"author":"Redazione","twitter_card":"summary_large_image","twitter_creator":"@intoscana","twitter_site":"@intoscana","twitter_misc":{"Written by":"Redazione","Est. reading time":"5 minuti"},"schema":{"@context":"https:\/\/schema.org","@graph":[{"@type":"WebPage","@id":"https:\/\/www.intoscana.it\/it\/coronavirus-diminuzione-casi\/","url":"https:\/\/www.intoscana.it\/it\/coronavirus-diminuzione-casi\/","name":"Coronavirus, meno casi e ricoveri: determinante isolamento e risposta del servizio sanitario regionale - intoscana","isPartOf":{"@id":"https:\/\/www.intoscana.it\/it\/#website"},"primaryImageOfPage":{"@id":"https:\/\/www.intoscana.it\/it\/coronavirus-diminuzione-casi\/#primaryimage"},"image":{"@id":"https:\/\/www.intoscana.it\/it\/coronavirus-diminuzione-casi\/#primaryimage"},"thumbnailUrl":"https:\/\/www.intoscana.it\/wp-content\/uploads\/shutterstock_1641184882-4.jpg","datePublished":"2020-04-24T12:25:13+00:00","dateModified":"2020-08-10T08:21:37+00:00","author":{"@id":"https:\/\/www.intoscana.it\/it\/#\/schema\/person\/9223810753230f20bd670fdd322661f8"},"breadcrumb":{"@id":"https:\/\/www.intoscana.it\/it\/coronavirus-diminuzione-casi\/#breadcrumb"},"inLanguage":"it-IT","potentialAction":[{"@type":"ReadAction","target":["https:\/\/www.intoscana.it\/it\/coronavirus-diminuzione-casi\/"]}]},{"@type":"ImageObject","inLanguage":"it-IT","@id":"https:\/\/www.intoscana.it\/it\/coronavirus-diminuzione-casi\/#primaryimage","url":"https:\/\/www.intoscana.it\/wp-content\/uploads\/shutterstock_1641184882-4.jpg","contentUrl":"https:\/\/www.intoscana.it\/wp-content\/uploads\/shutterstock_1641184882-4.jpg","width":2000,"height":1333},{"@type":"BreadcrumbList","@id":"https:\/\/www.intoscana.it\/it\/coronavirus-diminuzione-casi\/#breadcrumb","itemListElement":[{"@type":"ListItem","position":1,"name":"Home","item":"https:\/\/www.intoscana.it\/it\/"},{"@type":"ListItem","position":2,"name":"Coronavirus, meno casi e ricoveri: determinante isolamento e risposta del servizio sanitario regionale"}]},{"@type":"WebSite","@id":"https:\/\/www.intoscana.it\/it\/#website","url":"https:\/\/www.intoscana.it\/it\/","name":"intoscana","description":"","potentialAction":[{"@type":"SearchAction","target":{"@type":"EntryPoint","urlTemplate":"https:\/\/www.intoscana.it\/it\/?s={search_term_string}"},"query-input":{"@type":"PropertyValueSpecification","valueRequired":true,"valueName":"search_term_string"}}],"inLanguage":"it-IT"},{"@type":"Person","@id":"https:\/\/www.intoscana.it\/it\/#\/schema\/person\/9223810753230f20bd670fdd322661f8","name":"Redazione","url":"https:\/\/www.intoscana.it\/it\/author\/redazione\/"}]}},"_links":{"self":[{"href":"https:\/\/www.intoscana.it\/it\/wp-json\/wp\/v2\/posts\/142934","targetHints":{"allow":["GET"]}}],"collection":[{"href":"https:\/\/www.intoscana.it\/it\/wp-json\/wp\/v2\/posts"}],"about":[{"href":"https:\/\/www.intoscana.it\/it\/wp-json\/wp\/v2\/types\/post"}],"author":[{"embeddable":true,"href":"https:\/\/www.intoscana.it\/it\/wp-json\/wp\/v2\/users\/525"}],"replies":[{"embeddable":true,"href":"https:\/\/www.intoscana.it\/it\/wp-json\/wp\/v2\/comments?post=142934"}],"version-history":[{"count":0,"href":"https:\/\/www.intoscana.it\/it\/wp-json\/wp\/v2\/posts\/142934\/revisions"}],"wp:featuredmedia":[{"embeddable":true,"href":"https:\/\/www.intoscana.it\/it\/wp-json\/wp\/v2\/media\/143785"}],"wp:attachment":[{"href":"https:\/\/www.intoscana.it\/it\/wp-json\/wp\/v2\/media?parent=142934"}],"wp:term":[{"taxonomy":"category","embeddable":true,"href":"https:\/\/www.intoscana.it\/it\/wp-json\/wp\/v2\/categories?post=142934"},{"taxonomy":"post_tag","embeddable":true,"href":"https:\/\/www.intoscana.it\/it\/wp-json\/wp\/v2\/tags?post=142934"}],"curies":[{"name":"wp","href":"https:\/\/api.w.org\/{rel}","templated":true}]}}