{"id":142945,"date":"2020-05-09T16:30:49","date_gmt":"2020-05-09T14:30:49","guid":{"rendered":"https:\/\/www.intoscana.it\/coronavirus-in-toscana-24-nuovi-positivi-e-7-decessi-e-il-tasso-piu-basso\/"},"modified":"2020-08-10T10:21:41","modified_gmt":"2020-08-10T08:21:41","slug":"covid-9-maggio","status":"publish","type":"post","link":"https:\/\/www.intoscana.it\/it\/covid-9-maggio\/","title":{"rendered":"Coronavirus in Toscana, 24 nuovi positivi (e 7 decessi). \u00c8 il tasso pi\u00f9 basso"},"content":{"rendered":"<p><strong>Sono 9.745 i casi di positivit\u00e0 al Coronavirus in Toscana, 24 in pi\u00f9 rispetto a ieri, il punto pi\u00f9 basso dal 4 di marzo 2020.<\/strong> I nuovi casi sono lo 0,2% in pi\u00f9 rispetto al totale del giorno precedente. I guariti crescono del 3,8% e raggiungono quota 4.360 (il 44,7% dei casi totali). I test eseguiti hanno raggiunto quota 174.596, 4.300 in pi\u00f9 rispetto a ieri, quelli analizzati oggi sono 4.285. Gli attualmente positivi sono oggi 4.448, il 3,1% in meno di ieri. Si registrano 7 nuovi decessi: 6 uomini e 1 donna, con un\u2019et\u00e0 media di 80,3 anni.<\/p>\n<p>Questi i dati &#8211; accertati alle ore 12 di oggi sulla base delle richieste della Protezione Civile Nazionale &#8211; relativi all\u2019andamento dell\u2019epidemia in regione.<\/p>\n<p><img decoding=\"async\" alt=\"Bollettino_Covid19_09_05_2020\" style=\"width: 600px;\" title=\"Bollettino_Covid19_09_05_2020\" src=\"https:\/\/www.intoscana.it\/shared\/intoscana\/immagini\/bollettino_covid19_09_05_2020.jpg\" \/><\/p>\n<p>Di seguito i casi di positivit\u00e0 sul territorio con la variazione rispetto a ieri, ricordando che si riferiscono non alla provincia di residenza ma a quella in cui \u00e8 stata fatta la diagnosi. <strong>Sono 3.305 i casi complessivi ad oggi a Firenze<\/strong> (9 in pi\u00f9 rispetto a ieri), 536 a Prato, 652 a Pistoia (4 in pi\u00f9), 1.022 a Massa Carrara, 1.324 a Lucca (5 in pi\u00f9), 867 a Pisa (2 in pi\u00f9), 535 a Livorno (4 in pi\u00f9), 660 ad Arezzo, 427 a Siena, 417 a Grosseto. Sono 13 in pi\u00f9 quindi i casi riscontrati oggi nell\u2019Asl centro, 11 nella nord ovest, nessun nuovo caso nella sud est.<\/p>\n<p><strong>La Toscana si conferma al decimo posto in Italia come numerosit\u00e0 di casi, con circa 261 casi per 100.000 abitanti<\/strong> (media italiana circa 360 x 100.000, dato di ieri). Le province di notifica con il tasso pi\u00f9 alto sono Massa Carrara con 524 casi x 100.000 abitanti, Lucca con 341, Firenze con 327, le pi\u00f9 basse Arezzo e Livorno con 160.<\/p>\n<p><strong>Complessivamente, 4.005 persone sono in isolamento a casa<\/strong>, poich\u00e9 presentano sintomi lievi che non richiedono cure ospedaliere, o risultano prive di sintomi (104 in meno rispetto a ieri, il 2,5%). Sono 7.759 (meno 3.650 rispetto a ieri, meno 32%) le persone, anch\u2019esse isolate, in sorveglianza attiva perch\u00e9 hanno avuto contatti con persone contagiate (Asl centro 2.182, nord ovest 4.889, sud est 688).<\/p>\n<p><strong>Si riducono ancora le persone ricoverate nei posti letto dedicati ai pazienti Covid che oggi sono complessivamente 443, 40 in meno di ieri (meno 8,3%), di cui 79 in terapia intensiva (meno 5 rispetto a ieri).<\/strong> E\u2019 il punto pi\u00f9 basso raggiunto dal 16 di marzo 2020 per i ricoveri totali, dal 13 di marzo per le terapie intensive.<\/p>\n<p><strong>Le persone complessivamente guarite salgono a 4.360 (pi\u00f9 161 rispetto a ieri, il 3,8% in pi\u00f9):<\/strong> 1.234 persone \u201cclinicamente guarite\u201d (-111), divenute cio\u00e8 asintomatiche dopo aver presentato manifestazioni cliniche associate all\u2019infezione e 3.126 (+272 persone, pi\u00f9 9,5% ) dichiarate guarite a tutti gli effetti, le cosiddette guarigioni virali, con doppio tampone negativo.<\/p>\n<p><strong>Si registrano 7 nuovi decessi:<\/strong> 6 uomini e 1 donna con un\u2019et\u00e0 media di 80,3 anni. Relativamente alla provincia di notifica del decesso, 4 le persone decedute nella provincia di Firenze, 1 a Lucca, 2 ad Arezzo. Sono 937 i deceduti dall\u2019inizio dell\u2019epidemia cosi ripartiti: 334 a Firenze 43 a Prato, 76 a Pistoia, 134 a Massa Carrara, 127 a Lucca, 77 a Pisa, 50 a Livorno, 44 ad Arezzo, 28 a Siena, 16 a Grosseto, 8 persone sono decedute sul suolo toscano ma erano residenti fuori regione.<\/p>\n<p>Il tasso grezzo di mortalit\u00e0 toscano (numero di deceduti\/popolazione residente) per Covid-19 \u00e8 di 25,1 x 100.000 residenti contro il 50 x 100.000 della media italiana (12esima regione). Per quanto riguarda le province, il tasso di mortalit\u00e0 pi\u00f9 alto si riscontra a Massa Carrara (68,8 x 100.000), Lucca (28,9 x 100.000) e Firenze (32,7 x 100.000), il pi\u00f9 basso a Grosseto (7,2x 100.000).<\/p>\n","protected":false},"excerpt":{"rendered":"<p>Oltre ai nuovi casi si registrano 7 decessi e 272 guarigioni virali. Dall&#8217;inizio dell&#8217;epidemia i casi sono 9.745, 937 i deceduti, 4.360 i guariti, 174.569 i tamponi<\/p>\n","protected":false},"author":525,"featured_media":143796,"comment_status":"open","ping_status":"open","sticky":false,"template":"","format":"standard","meta":{"_acf_changed":false,"footnotes":""},"categories":[18],"tags":[418,153],"class_list":["post-142945","post","type-post","status-publish","format-standard","has-post-thumbnail","hentry","category-salute","tag-covid-19","tag-toscana"],"acf":[],"yoast_head":"<!-- This site is optimized with the Yoast SEO Premium plugin v24.2 (Yoast SEO v25.6) - https:\/\/yoast.com\/wordpress\/plugins\/seo\/ -->\n<title>Coronavirus in Toscana, 24 nuovi positivi (e 7 decessi). \u00c8 il tasso pi\u00f9 basso - intoscana<\/title>\n<meta name=\"description\" content=\"Oltre ai nuovi casi si registrano 7 decessi e 272 guarigioni virali. Dall&#039;inizio dell&#039;epidemia i casi sono 9.745, 937 deceduti, 4.360 guariti, 174.569 tamponi\" \/>\n<meta name=\"robots\" content=\"index, follow, max-snippet:-1, max-image-preview:large, max-video-preview:-1\" \/>\n<link rel=\"canonical\" href=\"https:\/\/www.intoscana.it\/it\/covid-9-maggio\/\" \/>\n<meta property=\"og:locale\" content=\"it_IT\" \/>\n<meta property=\"og:type\" content=\"article\" \/>\n<meta property=\"og:title\" content=\"Coronavirus in Toscana, 24 nuovi positivi (e 7 decessi). \u00c8 il tasso pi\u00f9 basso\" \/>\n<meta property=\"og:description\" content=\"Oltre ai nuovi casi si registrano 7 decessi e 272 guarigioni virali. Dall&#039;inizio dell&#039;epidemia i casi sono 9.745, 937 deceduti, 4.360 guariti, 174.569 tamponi\" \/>\n<meta property=\"og:url\" content=\"https:\/\/www.intoscana.it\/it\/covid-9-maggio\/\" \/>\n<meta property=\"og:site_name\" content=\"intoscana\" \/>\n<meta property=\"article:publisher\" content=\"https:\/\/www.facebook.com\/intoscana.it\" \/>\n<meta property=\"article:published_time\" content=\"2020-05-09T14:30:49+00:00\" \/>\n<meta property=\"article:modified_time\" content=\"2020-08-10T08:21:41+00:00\" \/>\n<meta property=\"og:image\" content=\"https:\/\/www.intoscana.it\/wp-content\/uploads\/bambino-arcobaleno-finestra.jpg\" \/>\n\t<meta property=\"og:image:width\" content=\"1000\" \/>\n\t<meta property=\"og:image:height\" content=\"667\" \/>\n\t<meta property=\"og:image:type\" content=\"image\/jpeg\" \/>\n<meta name=\"author\" content=\"Redazione\" \/>\n<meta name=\"twitter:card\" content=\"summary_large_image\" \/>\n<meta name=\"twitter:creator\" content=\"@intoscana\" \/>\n<meta name=\"twitter:site\" content=\"@intoscana\" \/>\n<meta name=\"twitter:label1\" content=\"Written by\" \/>\n\t<meta name=\"twitter:data1\" content=\"Redazione\" \/>\n\t<meta name=\"twitter:label2\" content=\"Est. reading time\" \/>\n\t<meta name=\"twitter:data2\" content=\"3 minuti\" \/>\n<script type=\"application\/ld+json\" class=\"yoast-schema-graph\">{\"@context\":\"https:\/\/schema.org\",\"@graph\":[{\"@type\":\"WebPage\",\"@id\":\"https:\/\/www.intoscana.it\/it\/covid-9-maggio\/\",\"url\":\"https:\/\/www.intoscana.it\/it\/covid-9-maggio\/\",\"name\":\"Coronavirus in Toscana, 24 nuovi positivi (e 7 decessi). \u00c8 il tasso pi\u00f9 basso - intoscana\",\"isPartOf\":{\"@id\":\"https:\/\/www.intoscana.it\/it\/#website\"},\"primaryImageOfPage\":{\"@id\":\"https:\/\/www.intoscana.it\/it\/covid-9-maggio\/#primaryimage\"},\"image\":{\"@id\":\"https:\/\/www.intoscana.it\/it\/covid-9-maggio\/#primaryimage\"},\"thumbnailUrl\":\"https:\/\/www.intoscana.it\/wp-content\/uploads\/bambino-arcobaleno-finestra.jpg\",\"datePublished\":\"2020-05-09T14:30:49+00:00\",\"dateModified\":\"2020-08-10T08:21:41+00:00\",\"author\":{\"@id\":\"https:\/\/www.intoscana.it\/it\/#\/schema\/person\/9223810753230f20bd670fdd322661f8\"},\"description\":\"Oltre ai nuovi casi si registrano 7 decessi e 272 guarigioni virali. Dall'inizio dell'epidemia i casi sono 9.745, 937 deceduti, 4.360 guariti, 174.569 tamponi\",\"breadcrumb\":{\"@id\":\"https:\/\/www.intoscana.it\/it\/covid-9-maggio\/#breadcrumb\"},\"inLanguage\":\"it-IT\",\"potentialAction\":[{\"@type\":\"ReadAction\",\"target\":[\"https:\/\/www.intoscana.it\/it\/covid-9-maggio\/\"]}]},{\"@type\":\"ImageObject\",\"inLanguage\":\"it-IT\",\"@id\":\"https:\/\/www.intoscana.it\/it\/covid-9-maggio\/#primaryimage\",\"url\":\"https:\/\/www.intoscana.it\/wp-content\/uploads\/bambino-arcobaleno-finestra.jpg\",\"contentUrl\":\"https:\/\/www.intoscana.it\/wp-content\/uploads\/bambino-arcobaleno-finestra.jpg\",\"width\":1000,\"height\":667},{\"@type\":\"BreadcrumbList\",\"@id\":\"https:\/\/www.intoscana.it\/it\/covid-9-maggio\/#breadcrumb\",\"itemListElement\":[{\"@type\":\"ListItem\",\"position\":1,\"name\":\"Home\",\"item\":\"https:\/\/www.intoscana.it\/it\/\"},{\"@type\":\"ListItem\",\"position\":2,\"name\":\"Coronavirus in Toscana, 24 nuovi positivi (e 7 decessi). \u00c8 il tasso pi\u00f9 basso\"}]},{\"@type\":\"WebSite\",\"@id\":\"https:\/\/www.intoscana.it\/it\/#website\",\"url\":\"https:\/\/www.intoscana.it\/it\/\",\"name\":\"intoscana\",\"description\":\"\",\"potentialAction\":[{\"@type\":\"SearchAction\",\"target\":{\"@type\":\"EntryPoint\",\"urlTemplate\":\"https:\/\/www.intoscana.it\/it\/?s={search_term_string}\"},\"query-input\":{\"@type\":\"PropertyValueSpecification\",\"valueRequired\":true,\"valueName\":\"search_term_string\"}}],\"inLanguage\":\"it-IT\"},{\"@type\":\"Person\",\"@id\":\"https:\/\/www.intoscana.it\/it\/#\/schema\/person\/9223810753230f20bd670fdd322661f8\",\"name\":\"Redazione\",\"url\":\"https:\/\/www.intoscana.it\/it\/author\/redazione\/\"}]}<\/script>\n<!-- \/ Yoast SEO Premium plugin. -->","yoast_head_json":{"title":"Coronavirus in Toscana, 24 nuovi positivi (e 7 decessi). \u00c8 il tasso pi\u00f9 basso - intoscana","description":"Oltre ai nuovi casi si registrano 7 decessi e 272 guarigioni virali. Dall'inizio dell'epidemia i casi sono 9.745, 937 deceduti, 4.360 guariti, 174.569 tamponi","robots":{"index":"index","follow":"follow","max-snippet":"max-snippet:-1","max-image-preview":"max-image-preview:large","max-video-preview":"max-video-preview:-1"},"canonical":"https:\/\/www.intoscana.it\/it\/covid-9-maggio\/","og_locale":"it_IT","og_type":"article","og_title":"Coronavirus in Toscana, 24 nuovi positivi (e 7 decessi). \u00c8 il tasso pi\u00f9 basso","og_description":"Oltre ai nuovi casi si registrano 7 decessi e 272 guarigioni virali. Dall'inizio dell'epidemia i casi sono 9.745, 937 deceduti, 4.360 guariti, 174.569 tamponi","og_url":"https:\/\/www.intoscana.it\/it\/covid-9-maggio\/","og_site_name":"intoscana","article_publisher":"https:\/\/www.facebook.com\/intoscana.it","article_published_time":"2020-05-09T14:30:49+00:00","article_modified_time":"2020-08-10T08:21:41+00:00","og_image":[{"width":1000,"height":667,"url":"https:\/\/www.intoscana.it\/wp-content\/uploads\/bambino-arcobaleno-finestra.jpg","type":"image\/jpeg"}],"author":"Redazione","twitter_card":"summary_large_image","twitter_creator":"@intoscana","twitter_site":"@intoscana","twitter_misc":{"Written by":"Redazione","Est. reading time":"3 minuti"},"schema":{"@context":"https:\/\/schema.org","@graph":[{"@type":"WebPage","@id":"https:\/\/www.intoscana.it\/it\/covid-9-maggio\/","url":"https:\/\/www.intoscana.it\/it\/covid-9-maggio\/","name":"Coronavirus in Toscana, 24 nuovi positivi (e 7 decessi). \u00c8 il tasso pi\u00f9 basso - intoscana","isPartOf":{"@id":"https:\/\/www.intoscana.it\/it\/#website"},"primaryImageOfPage":{"@id":"https:\/\/www.intoscana.it\/it\/covid-9-maggio\/#primaryimage"},"image":{"@id":"https:\/\/www.intoscana.it\/it\/covid-9-maggio\/#primaryimage"},"thumbnailUrl":"https:\/\/www.intoscana.it\/wp-content\/uploads\/bambino-arcobaleno-finestra.jpg","datePublished":"2020-05-09T14:30:49+00:00","dateModified":"2020-08-10T08:21:41+00:00","author":{"@id":"https:\/\/www.intoscana.it\/it\/#\/schema\/person\/9223810753230f20bd670fdd322661f8"},"description":"Oltre ai nuovi casi si registrano 7 decessi e 272 guarigioni virali. Dall'inizio dell'epidemia i casi sono 9.745, 937 deceduti, 4.360 guariti, 174.569 tamponi","breadcrumb":{"@id":"https:\/\/www.intoscana.it\/it\/covid-9-maggio\/#breadcrumb"},"inLanguage":"it-IT","potentialAction":[{"@type":"ReadAction","target":["https:\/\/www.intoscana.it\/it\/covid-9-maggio\/"]}]},{"@type":"ImageObject","inLanguage":"it-IT","@id":"https:\/\/www.intoscana.it\/it\/covid-9-maggio\/#primaryimage","url":"https:\/\/www.intoscana.it\/wp-content\/uploads\/bambino-arcobaleno-finestra.jpg","contentUrl":"https:\/\/www.intoscana.it\/wp-content\/uploads\/bambino-arcobaleno-finestra.jpg","width":1000,"height":667},{"@type":"BreadcrumbList","@id":"https:\/\/www.intoscana.it\/it\/covid-9-maggio\/#breadcrumb","itemListElement":[{"@type":"ListItem","position":1,"name":"Home","item":"https:\/\/www.intoscana.it\/it\/"},{"@type":"ListItem","position":2,"name":"Coronavirus in Toscana, 24 nuovi positivi (e 7 decessi). \u00c8 il tasso pi\u00f9 basso"}]},{"@type":"WebSite","@id":"https:\/\/www.intoscana.it\/it\/#website","url":"https:\/\/www.intoscana.it\/it\/","name":"intoscana","description":"","potentialAction":[{"@type":"SearchAction","target":{"@type":"EntryPoint","urlTemplate":"https:\/\/www.intoscana.it\/it\/?s={search_term_string}"},"query-input":{"@type":"PropertyValueSpecification","valueRequired":true,"valueName":"search_term_string"}}],"inLanguage":"it-IT"},{"@type":"Person","@id":"https:\/\/www.intoscana.it\/it\/#\/schema\/person\/9223810753230f20bd670fdd322661f8","name":"Redazione","url":"https:\/\/www.intoscana.it\/it\/author\/redazione\/"}]}},"_links":{"self":[{"href":"https:\/\/www.intoscana.it\/it\/wp-json\/wp\/v2\/posts\/142945","targetHints":{"allow":["GET"]}}],"collection":[{"href":"https:\/\/www.intoscana.it\/it\/wp-json\/wp\/v2\/posts"}],"about":[{"href":"https:\/\/www.intoscana.it\/it\/wp-json\/wp\/v2\/types\/post"}],"author":[{"embeddable":true,"href":"https:\/\/www.intoscana.it\/it\/wp-json\/wp\/v2\/users\/525"}],"replies":[{"embeddable":true,"href":"https:\/\/www.intoscana.it\/it\/wp-json\/wp\/v2\/comments?post=142945"}],"version-history":[{"count":0,"href":"https:\/\/www.intoscana.it\/it\/wp-json\/wp\/v2\/posts\/142945\/revisions"}],"wp:featuredmedia":[{"embeddable":true,"href":"https:\/\/www.intoscana.it\/it\/wp-json\/wp\/v2\/media\/143796"}],"wp:attachment":[{"href":"https:\/\/www.intoscana.it\/it\/wp-json\/wp\/v2\/media?parent=142945"}],"wp:term":[{"taxonomy":"category","embeddable":true,"href":"https:\/\/www.intoscana.it\/it\/wp-json\/wp\/v2\/categories?post=142945"},{"taxonomy":"post_tag","embeddable":true,"href":"https:\/\/www.intoscana.it\/it\/wp-json\/wp\/v2\/tags?post=142945"}],"curies":[{"name":"wp","href":"https:\/\/api.w.org\/{rel}","templated":true}]}}