{"id":142950,"date":"2020-05-08T12:29:18","date_gmt":"2020-05-08T10:29:18","guid":{"rendered":"https:\/\/www.intoscana.it\/riabilitazione-post-covid-19-in-toscana-un-percorso-ad-hoc-per-i-pazienti\/"},"modified":"2020-08-10T10:21:44","modified_gmt":"2020-08-10T08:21:44","slug":"riabilitazione-pazienti-covid","status":"publish","type":"post","link":"https:\/\/www.intoscana.it\/it\/riabilitazione-pazienti-covid\/","title":{"rendered":"Riabilitazione post Covid-19: in Toscana un percorso ad hoc per i pazienti"},"content":{"rendered":"<p><strong>Al via in Toscana un percorso riabilitativo pensato per i pazienti guariti dal Coronavirus.<\/strong> A lanciare il servizio \u00e8 il dipartimento Medicina Fisica e Riabilitativa della <strong>Asl Toscana Centro<\/strong>, che ha strutturato a<strong>mbulatori dedicati per un percorso di riabilitazione mirato al recupero dopo la fase acuta della malattia<\/strong> nei&nbsp;negativizzati post Covid-19 (cio\u00e8 dopo due tamponi successivi negativi), in dimissione dall&#8217;ospedale o da percorsi di Low Care Covid.<\/p>\n<p>A questi pazienti ma anche a chi una volta tornato a casa necessita di riabilitazione, il dipartimento, diretto da Bruna Lombardi, offre <strong>un percorso di rapida presa in carico con ambulatori su tutto il territorio aziendale, a Prato, Pistoia, Firenze, Empoli,<\/strong> per una visita fisiatrica in priorit\u00e0 U percorso fast track (le altre casistiche trovano spazio nelle agende di visita fisiatrica ordinaria).<\/p>\n<p><strong>Le agende dedicate ai pazienti negativizzati post Covid 19, sono gi\u00e0 attive e rimarranno aperte fino al 1\u00b0 novembre 2020<\/strong>. La chiamata deve essere effettuata con numero telefonico dedicato da parte del medico prescrittore su impegnativa dematerializzata. Le agende per le prenotazioni saranno accessibili al medico di medicina generale e anche agli specialisti che alla dimissione da setting ospedalieri o dalle Low Care Covid, possono offrire al paziente un completamento del percorso di cura. <br \/><strong>Gli ambulatori sono aperti nelle varie sedi in giorni diversi della settimana, in modo che l&#8217;utente possa trovare un&#8217;offerta ambulatoriale nella sede preferita.<\/strong> Le sedi di attivit\u00e0 sono a Pistoia presso il presidio Valdibrana il luned\u00ec dalle 8.30; a Pescia presso il presidio ex Filanda il marted\u00ec dalle 8.30; a Firenze presso il presidio Santa Rosa mercoled\u00ec dalle 9.00 e presso il presidio Canova il mercoled\u00ec dalle 9.00; a Empoli presso il presidio Rozzalupi il gioved\u00ec dalle 9.00; a Prato presso il presidio Giovannini il venerd\u00ec dalle 9.00.<\/p>\n<p><strong>Le visite saranno programmate ogni 45 minuti per evitare affollamento<\/strong> nelle sale d&#8217;attesa e dare modo di effettuare la necessaria disinfezione. I pazienti dovranno indossare mascherina e guanti, cos\u00ec come il medico fisiatra indosser\u00e0 i previsti DPI. Verranno rispettate misure di lavaggio delle mani. <\/p>\n<p>L&#8217;infezione da Covid 19 infatti pu\u00f2 determinare limitazione funzionale. <strong>Gli esiti non sono solo a carico dell&#8217;apparato respiratorio ma anche del sistema nervoso, cardiocircolatorio, e osteomuscolare, spesso con quadri di insufficienza multiorgano.<\/strong> L&#8217;infezione spesso si presenta in pazienti che hanno gi\u00e0 precedenti patologie croniche che in corso di Covid costituiscono multimorbilit\u00e0 e complessit\u00e0 nella gestione clinica e necessitano di una presa in carico riabilitativa nei vari setting ospedalieri e territoriali.<br \/><strong> Gli ambulatori dedicati nascono per aiutare, ad esempio, chi ha affrontato un percorso in terapia intensiva, a recuperare efficienza fisica e una buona qualit\u00e0 di vita.<\/strong> Questi pazienti in molti casi possono essere seguiti, sotto il profilo riabilitativo, nei setting ambulatoriali e domiciliari. Per i pazienti pi\u00f9 giovani e motivati alla autocura pu\u00f2 essere sufficiente anche solo un approccio educazionale mirato.&nbsp;<\/p>\n","protected":false},"excerpt":{"rendered":"<p>La Asl Toscana Centro ha strutturato un servizio a Prato, Pistoia, Firenze e Empoli per chi \u00e8 guarito dal Coronavirus ma ha bisogno di recuperare la mobilit\u00e0&nbsp;<\/p>\n","protected":false},"author":525,"featured_media":143801,"comment_status":"open","ping_status":"open","sticky":false,"template":"","format":"standard","meta":{"_acf_changed":false,"footnotes":""},"categories":[18],"tags":[],"class_list":["post-142950","post","type-post","status-publish","format-standard","has-post-thumbnail","hentry","category-salute"],"acf":[],"yoast_head":"<!-- This site is optimized with the Yoast SEO Premium plugin v24.2 (Yoast SEO v25.6) - https:\/\/yoast.com\/wordpress\/plugins\/seo\/ -->\n<title>Riabilitazione post Covid-19: in Toscana un percorso ad hoc per i pazienti - intoscana<\/title>\n<meta name=\"robots\" content=\"index, follow, max-snippet:-1, max-image-preview:large, max-video-preview:-1\" \/>\n<link rel=\"canonical\" href=\"https:\/\/www.intoscana.it\/it\/riabilitazione-pazienti-covid\/\" \/>\n<meta property=\"og:locale\" content=\"it_IT\" \/>\n<meta property=\"og:type\" content=\"article\" \/>\n<meta property=\"og:title\" content=\"Riabilitazione post Covid-19: in Toscana un percorso ad hoc per i pazienti\" \/>\n<meta property=\"og:description\" content=\"La Asl Toscana Centro ha strutturato un servizio a Prato, Pistoia, Firenze e Empoli per chi \u00e8 guarito dal Coronavirus ma ha bisogno di recuperare la mobilit\u00e0&nbsp;\" \/>\n<meta property=\"og:url\" content=\"https:\/\/www.intoscana.it\/it\/riabilitazione-pazienti-covid\/\" \/>\n<meta property=\"og:site_name\" content=\"intoscana\" \/>\n<meta property=\"article:publisher\" content=\"https:\/\/www.facebook.com\/intoscana.it\" \/>\n<meta property=\"article:published_time\" content=\"2020-05-08T10:29:18+00:00\" \/>\n<meta property=\"article:modified_time\" content=\"2020-08-10T08:21:44+00:00\" \/>\n<meta property=\"og:image\" content=\"https:\/\/www.intoscana.it\/wp-content\/uploads\/shutterstock_426677089.jpg\" \/>\n\t<meta property=\"og:image:width\" content=\"2000\" \/>\n\t<meta property=\"og:image:height\" content=\"1333\" \/>\n\t<meta property=\"og:image:type\" content=\"image\/jpeg\" \/>\n<meta name=\"author\" content=\"Redazione\" \/>\n<meta name=\"twitter:card\" content=\"summary_large_image\" \/>\n<meta name=\"twitter:creator\" content=\"@intoscana\" \/>\n<meta name=\"twitter:site\" content=\"@intoscana\" \/>\n<meta name=\"twitter:label1\" content=\"Written by\" \/>\n\t<meta name=\"twitter:data1\" content=\"Redazione\" \/>\n\t<meta name=\"twitter:label2\" content=\"Est. reading time\" \/>\n\t<meta name=\"twitter:data2\" content=\"2 minuti\" \/>\n<script type=\"application\/ld+json\" class=\"yoast-schema-graph\">{\"@context\":\"https:\/\/schema.org\",\"@graph\":[{\"@type\":\"WebPage\",\"@id\":\"https:\/\/www.intoscana.it\/it\/riabilitazione-pazienti-covid\/\",\"url\":\"https:\/\/www.intoscana.it\/it\/riabilitazione-pazienti-covid\/\",\"name\":\"Riabilitazione post Covid-19: in Toscana un percorso ad hoc per i pazienti - intoscana\",\"isPartOf\":{\"@id\":\"https:\/\/www.intoscana.it\/it\/#website\"},\"primaryImageOfPage\":{\"@id\":\"https:\/\/www.intoscana.it\/it\/riabilitazione-pazienti-covid\/#primaryimage\"},\"image\":{\"@id\":\"https:\/\/www.intoscana.it\/it\/riabilitazione-pazienti-covid\/#primaryimage\"},\"thumbnailUrl\":\"https:\/\/www.intoscana.it\/wp-content\/uploads\/shutterstock_426677089.jpg\",\"datePublished\":\"2020-05-08T10:29:18+00:00\",\"dateModified\":\"2020-08-10T08:21:44+00:00\",\"author\":{\"@id\":\"https:\/\/www.intoscana.it\/it\/#\/schema\/person\/9223810753230f20bd670fdd322661f8\"},\"breadcrumb\":{\"@id\":\"https:\/\/www.intoscana.it\/it\/riabilitazione-pazienti-covid\/#breadcrumb\"},\"inLanguage\":\"it-IT\",\"potentialAction\":[{\"@type\":\"ReadAction\",\"target\":[\"https:\/\/www.intoscana.it\/it\/riabilitazione-pazienti-covid\/\"]}]},{\"@type\":\"ImageObject\",\"inLanguage\":\"it-IT\",\"@id\":\"https:\/\/www.intoscana.it\/it\/riabilitazione-pazienti-covid\/#primaryimage\",\"url\":\"https:\/\/www.intoscana.it\/wp-content\/uploads\/shutterstock_426677089.jpg\",\"contentUrl\":\"https:\/\/www.intoscana.it\/wp-content\/uploads\/shutterstock_426677089.jpg\",\"width\":2000,\"height\":1333},{\"@type\":\"BreadcrumbList\",\"@id\":\"https:\/\/www.intoscana.it\/it\/riabilitazione-pazienti-covid\/#breadcrumb\",\"itemListElement\":[{\"@type\":\"ListItem\",\"position\":1,\"name\":\"Home\",\"item\":\"https:\/\/www.intoscana.it\/it\/\"},{\"@type\":\"ListItem\",\"position\":2,\"name\":\"Riabilitazione post Covid-19: in Toscana un percorso ad hoc per i pazienti\"}]},{\"@type\":\"WebSite\",\"@id\":\"https:\/\/www.intoscana.it\/it\/#website\",\"url\":\"https:\/\/www.intoscana.it\/it\/\",\"name\":\"intoscana\",\"description\":\"\",\"potentialAction\":[{\"@type\":\"SearchAction\",\"target\":{\"@type\":\"EntryPoint\",\"urlTemplate\":\"https:\/\/www.intoscana.it\/it\/?s={search_term_string}\"},\"query-input\":{\"@type\":\"PropertyValueSpecification\",\"valueRequired\":true,\"valueName\":\"search_term_string\"}}],\"inLanguage\":\"it-IT\"},{\"@type\":\"Person\",\"@id\":\"https:\/\/www.intoscana.it\/it\/#\/schema\/person\/9223810753230f20bd670fdd322661f8\",\"name\":\"Redazione\",\"url\":\"https:\/\/www.intoscana.it\/it\/author\/redazione\/\"}]}<\/script>\n<!-- \/ Yoast SEO Premium plugin. -->","yoast_head_json":{"title":"Riabilitazione post Covid-19: in Toscana un percorso ad hoc per i pazienti - intoscana","robots":{"index":"index","follow":"follow","max-snippet":"max-snippet:-1","max-image-preview":"max-image-preview:large","max-video-preview":"max-video-preview:-1"},"canonical":"https:\/\/www.intoscana.it\/it\/riabilitazione-pazienti-covid\/","og_locale":"it_IT","og_type":"article","og_title":"Riabilitazione post Covid-19: in Toscana un percorso ad hoc per i pazienti","og_description":"La Asl Toscana Centro ha strutturato un servizio a Prato, Pistoia, Firenze e Empoli per chi \u00e8 guarito dal Coronavirus ma ha bisogno di recuperare la mobilit\u00e0&nbsp;","og_url":"https:\/\/www.intoscana.it\/it\/riabilitazione-pazienti-covid\/","og_site_name":"intoscana","article_publisher":"https:\/\/www.facebook.com\/intoscana.it","article_published_time":"2020-05-08T10:29:18+00:00","article_modified_time":"2020-08-10T08:21:44+00:00","og_image":[{"width":2000,"height":1333,"url":"https:\/\/www.intoscana.it\/wp-content\/uploads\/shutterstock_426677089.jpg","type":"image\/jpeg"}],"author":"Redazione","twitter_card":"summary_large_image","twitter_creator":"@intoscana","twitter_site":"@intoscana","twitter_misc":{"Written by":"Redazione","Est. reading time":"2 minuti"},"schema":{"@context":"https:\/\/schema.org","@graph":[{"@type":"WebPage","@id":"https:\/\/www.intoscana.it\/it\/riabilitazione-pazienti-covid\/","url":"https:\/\/www.intoscana.it\/it\/riabilitazione-pazienti-covid\/","name":"Riabilitazione post Covid-19: in Toscana un percorso ad hoc per i pazienti - intoscana","isPartOf":{"@id":"https:\/\/www.intoscana.it\/it\/#website"},"primaryImageOfPage":{"@id":"https:\/\/www.intoscana.it\/it\/riabilitazione-pazienti-covid\/#primaryimage"},"image":{"@id":"https:\/\/www.intoscana.it\/it\/riabilitazione-pazienti-covid\/#primaryimage"},"thumbnailUrl":"https:\/\/www.intoscana.it\/wp-content\/uploads\/shutterstock_426677089.jpg","datePublished":"2020-05-08T10:29:18+00:00","dateModified":"2020-08-10T08:21:44+00:00","author":{"@id":"https:\/\/www.intoscana.it\/it\/#\/schema\/person\/9223810753230f20bd670fdd322661f8"},"breadcrumb":{"@id":"https:\/\/www.intoscana.it\/it\/riabilitazione-pazienti-covid\/#breadcrumb"},"inLanguage":"it-IT","potentialAction":[{"@type":"ReadAction","target":["https:\/\/www.intoscana.it\/it\/riabilitazione-pazienti-covid\/"]}]},{"@type":"ImageObject","inLanguage":"it-IT","@id":"https:\/\/www.intoscana.it\/it\/riabilitazione-pazienti-covid\/#primaryimage","url":"https:\/\/www.intoscana.it\/wp-content\/uploads\/shutterstock_426677089.jpg","contentUrl":"https:\/\/www.intoscana.it\/wp-content\/uploads\/shutterstock_426677089.jpg","width":2000,"height":1333},{"@type":"BreadcrumbList","@id":"https:\/\/www.intoscana.it\/it\/riabilitazione-pazienti-covid\/#breadcrumb","itemListElement":[{"@type":"ListItem","position":1,"name":"Home","item":"https:\/\/www.intoscana.it\/it\/"},{"@type":"ListItem","position":2,"name":"Riabilitazione post Covid-19: in Toscana un percorso ad hoc per i pazienti"}]},{"@type":"WebSite","@id":"https:\/\/www.intoscana.it\/it\/#website","url":"https:\/\/www.intoscana.it\/it\/","name":"intoscana","description":"","potentialAction":[{"@type":"SearchAction","target":{"@type":"EntryPoint","urlTemplate":"https:\/\/www.intoscana.it\/it\/?s={search_term_string}"},"query-input":{"@type":"PropertyValueSpecification","valueRequired":true,"valueName":"search_term_string"}}],"inLanguage":"it-IT"},{"@type":"Person","@id":"https:\/\/www.intoscana.it\/it\/#\/schema\/person\/9223810753230f20bd670fdd322661f8","name":"Redazione","url":"https:\/\/www.intoscana.it\/it\/author\/redazione\/"}]}},"_links":{"self":[{"href":"https:\/\/www.intoscana.it\/it\/wp-json\/wp\/v2\/posts\/142950","targetHints":{"allow":["GET"]}}],"collection":[{"href":"https:\/\/www.intoscana.it\/it\/wp-json\/wp\/v2\/posts"}],"about":[{"href":"https:\/\/www.intoscana.it\/it\/wp-json\/wp\/v2\/types\/post"}],"author":[{"embeddable":true,"href":"https:\/\/www.intoscana.it\/it\/wp-json\/wp\/v2\/users\/525"}],"replies":[{"embeddable":true,"href":"https:\/\/www.intoscana.it\/it\/wp-json\/wp\/v2\/comments?post=142950"}],"version-history":[{"count":0,"href":"https:\/\/www.intoscana.it\/it\/wp-json\/wp\/v2\/posts\/142950\/revisions"}],"wp:featuredmedia":[{"embeddable":true,"href":"https:\/\/www.intoscana.it\/it\/wp-json\/wp\/v2\/media\/143801"}],"wp:attachment":[{"href":"https:\/\/www.intoscana.it\/it\/wp-json\/wp\/v2\/media?parent=142950"}],"wp:term":[{"taxonomy":"category","embeddable":true,"href":"https:\/\/www.intoscana.it\/it\/wp-json\/wp\/v2\/categories?post=142950"},{"taxonomy":"post_tag","embeddable":true,"href":"https:\/\/www.intoscana.it\/it\/wp-json\/wp\/v2\/tags?post=142950"}],"curies":[{"name":"wp","href":"https:\/\/api.w.org\/{rel}","templated":true}]}}