{"id":142951,"date":"2020-05-10T13:46:39","date_gmt":"2020-05-10T11:46:39","guid":{"rendered":"https:\/\/www.intoscana.it\/plasmaterapia-la-toscana-modello-per-la-sperimentazione-nazionale\/"},"modified":"2020-08-10T10:21:44","modified_gmt":"2020-08-10T08:21:44","slug":"coronavirus-plasmaterapia","status":"publish","type":"post","link":"https:\/\/www.intoscana.it\/it\/coronavirus-plasmaterapia\/","title":{"rendered":"Plasmaterapia, la Toscana modello per la sperimentazione nazionale"},"content":{"rendered":"<p><strong>Lo studio toscano sulla plasmaterapia diventa capofila della sperimentazione nazionale per la cura del Covid-19.<\/strong> Su indicazione del <strong>Ministero della Salute, Aifa (Agenzia italiana del farmaco) e Iss (Istituto superiore di sanit\u00e0)<\/strong> hanno deciso di proporre la sperimentazione della <strong>plasmaterapia con siero iperimmune da donatori convalescenti da Covid-19 su tutto il territorio nazionale<\/strong>. E il protocollo toscano<strong> TSUNAMI (acronimo di TranSfUsion of coNvaleScent plAsma for the treatment of severe pneuMonIa due to SARS.CoV2)<\/strong>, che gi\u00e0 aveva raccolto l&#8217;adesione delle Regioni Lazio, Campania, Marche ed Umbria, oltrech\u00e9 della Sanit\u00e0 Militare, \u00e8 stato scelto quale <strong>modello metodologico di riferimento per il nuovo studio.<\/strong><\/p>\n<p>L&#8217;Iss, in collaborazione con il <strong>professor Francesco Menichetti, direttore di Malattie infettive dell&#8217;Azienda ospedaliero universitaria di Pisa,<\/strong> che sar\u00e0 <strong>Principal Investigator<\/strong> anche della sperimentazione nazionale, sta definendo gli emendamenti necessari.<\/p>\n<p>&#8220;La Regione Toscana &#8211;<strong> \u00e8 il commento soddisfatto del presidente Enrico Rossi<\/strong> &#8211; si \u00e8 impegnata tempestivamente e su pi\u00f9 fronti per fronteggiare il Covid-19: <strong>disponibilit\u00e0 adeguata di posti letto in area medica e in terapia intensiva, disponibilit\u00e0 dei test diagnostici molecolari e sierologici su tutto il territorio,<\/strong> interventi della sanit\u00e0 territoriale per cure dispensate a domicilio, ma anche <strong>intervento diretto della sanit\u00e0 pubblica nella gestione delle Rsa private e distribuzione di mascherine a titolo gratuito per tutti i cittadini,<\/strong> rappresentano i cardini di un intervento a tutto campo, che ha saputo anche cogliere e supportare la ricerca di qualit\u00e0 promossa dai professionisti che operano nelle strutture pubbliche.&nbsp;\u00c8 il caso della <strong>sperimentazione della plasmaterapia che si sta conducendo a Pisa e che contribuisce ad aumentare le possibilit\u00e0 di cura per i pazienti critici&#8221;.<\/strong><\/p>\n<p>La sperimentazione nazionale ricever\u00e0 la validazione di Aifa e l&#8217;approvazione da parte del Comitato etico dell&#8217;INMI Spallanzani, Istituto Nazionale Malattie Infettive, che sar\u00e0 utilizzabile da tutti i centri aderenti. Di rilievo, in accordo con il recente Decreto legge specifico, il fatto che<strong> la sperimentazione non richieder\u00e0 che vengano stipulati contratti di assicurazione locali specifici.<\/strong><\/p>\n<p><strong>Il professor Menichetti si \u00e8 dichiarato orgoglioso della scelta operata da Aifa e Iss, che conferma la qualit\u00e0 della ricerca scientifica toscana<\/strong>, e soddisfatto della possibilit\u00e0 per tutti i centri gi\u00e0 aderenti a TSUNAMI di continuare il loro impegno nel quadro della sperimentazione nazionale. <strong>L&#8217;arruolamento dei primi pazienti guariti che si erano resi disponibili per la donazione di plasma \u00e8 gi\u00e0 partito un mese fa,<\/strong> dall&#8217;11 aprile scorso.<\/p>\n","protected":false},"excerpt":{"rendered":"<p>Lo studio &#8216;Tsunami&#8217; sar\u00e0 capofila per la cura del Covid-19 su indicazione del Ministero della Salute, Aifa e Iss<\/p>\n","protected":false},"author":525,"featured_media":143802,"comment_status":"open","ping_status":"open","sticky":false,"template":"","format":"standard","meta":{"_acf_changed":false,"footnotes":""},"categories":[18],"tags":[],"class_list":["post-142951","post","type-post","status-publish","format-standard","has-post-thumbnail","hentry","category-salute"],"acf":[],"yoast_head":"<!-- This site is optimized with the Yoast SEO Premium plugin v24.2 (Yoast SEO v25.6) - https:\/\/yoast.com\/wordpress\/plugins\/seo\/ -->\n<title>Plasmaterapia, la Toscana modello per la sperimentazione nazionale - intoscana<\/title>\n<meta name=\"description\" content=\"Plasmaterapia, lo studio toscano &#039;Tsunami&#039; sar\u00e0 capofila per la sperimentazione nazionale per la cura su indicazione del Ministero della Salute, Aifa e Iss\" \/>\n<meta name=\"robots\" content=\"index, follow, max-snippet:-1, max-image-preview:large, max-video-preview:-1\" \/>\n<link rel=\"canonical\" href=\"https:\/\/www.intoscana.it\/it\/coronavirus-plasmaterapia\/\" \/>\n<meta property=\"og:locale\" content=\"it_IT\" \/>\n<meta property=\"og:type\" content=\"article\" \/>\n<meta property=\"og:title\" content=\"Plasmaterapia, la Toscana modello per la sperimentazione nazionale\" \/>\n<meta property=\"og:description\" content=\"Plasmaterapia, lo studio toscano &#039;Tsunami&#039; sar\u00e0 capofila per la sperimentazione nazionale per la cura su indicazione del Ministero della Salute, Aifa e Iss\" \/>\n<meta property=\"og:url\" content=\"https:\/\/www.intoscana.it\/it\/coronavirus-plasmaterapia\/\" \/>\n<meta property=\"og:site_name\" content=\"intoscana\" \/>\n<meta property=\"article:publisher\" content=\"https:\/\/www.facebook.com\/intoscana.it\" \/>\n<meta property=\"article:published_time\" content=\"2020-05-10T11:46:39+00:00\" \/>\n<meta property=\"article:modified_time\" content=\"2020-08-10T08:21:44+00:00\" \/>\n<meta property=\"og:image\" content=\"https:\/\/www.intoscana.it\/wp-content\/uploads\/plasma-1.jpg\" \/>\n\t<meta property=\"og:image:width\" content=\"2000\" \/>\n\t<meta property=\"og:image:height\" content=\"1335\" \/>\n\t<meta property=\"og:image:type\" content=\"image\/jpeg\" \/>\n<meta name=\"author\" content=\"Redazione\" \/>\n<meta name=\"twitter:card\" content=\"summary_large_image\" \/>\n<meta name=\"twitter:creator\" content=\"@intoscana\" \/>\n<meta name=\"twitter:site\" content=\"@intoscana\" \/>\n<meta name=\"twitter:label1\" content=\"Written by\" \/>\n\t<meta name=\"twitter:data1\" content=\"Redazione\" \/>\n\t<meta name=\"twitter:label2\" content=\"Est. reading time\" \/>\n\t<meta name=\"twitter:data2\" content=\"2 minuti\" \/>\n<script type=\"application\/ld+json\" class=\"yoast-schema-graph\">{\"@context\":\"https:\/\/schema.org\",\"@graph\":[{\"@type\":\"WebPage\",\"@id\":\"https:\/\/www.intoscana.it\/it\/coronavirus-plasmaterapia\/\",\"url\":\"https:\/\/www.intoscana.it\/it\/coronavirus-plasmaterapia\/\",\"name\":\"Plasmaterapia, la Toscana modello per la sperimentazione nazionale - intoscana\",\"isPartOf\":{\"@id\":\"https:\/\/www.intoscana.it\/it\/#website\"},\"primaryImageOfPage\":{\"@id\":\"https:\/\/www.intoscana.it\/it\/coronavirus-plasmaterapia\/#primaryimage\"},\"image\":{\"@id\":\"https:\/\/www.intoscana.it\/it\/coronavirus-plasmaterapia\/#primaryimage\"},\"thumbnailUrl\":\"https:\/\/www.intoscana.it\/wp-content\/uploads\/plasma-1.jpg\",\"datePublished\":\"2020-05-10T11:46:39+00:00\",\"dateModified\":\"2020-08-10T08:21:44+00:00\",\"author\":{\"@id\":\"https:\/\/www.intoscana.it\/it\/#\/schema\/person\/9223810753230f20bd670fdd322661f8\"},\"description\":\"Plasmaterapia, lo studio toscano 'Tsunami' sar\u00e0 capofila per la sperimentazione nazionale per la cura su indicazione del Ministero della Salute, Aifa e Iss\",\"breadcrumb\":{\"@id\":\"https:\/\/www.intoscana.it\/it\/coronavirus-plasmaterapia\/#breadcrumb\"},\"inLanguage\":\"it-IT\",\"potentialAction\":[{\"@type\":\"ReadAction\",\"target\":[\"https:\/\/www.intoscana.it\/it\/coronavirus-plasmaterapia\/\"]}]},{\"@type\":\"ImageObject\",\"inLanguage\":\"it-IT\",\"@id\":\"https:\/\/www.intoscana.it\/it\/coronavirus-plasmaterapia\/#primaryimage\",\"url\":\"https:\/\/www.intoscana.it\/wp-content\/uploads\/plasma-1.jpg\",\"contentUrl\":\"https:\/\/www.intoscana.it\/wp-content\/uploads\/plasma-1.jpg\",\"width\":2000,\"height\":1335},{\"@type\":\"BreadcrumbList\",\"@id\":\"https:\/\/www.intoscana.it\/it\/coronavirus-plasmaterapia\/#breadcrumb\",\"itemListElement\":[{\"@type\":\"ListItem\",\"position\":1,\"name\":\"Home\",\"item\":\"https:\/\/www.intoscana.it\/it\/\"},{\"@type\":\"ListItem\",\"position\":2,\"name\":\"Plasmaterapia, la Toscana modello per la sperimentazione nazionale\"}]},{\"@type\":\"WebSite\",\"@id\":\"https:\/\/www.intoscana.it\/it\/#website\",\"url\":\"https:\/\/www.intoscana.it\/it\/\",\"name\":\"intoscana\",\"description\":\"\",\"potentialAction\":[{\"@type\":\"SearchAction\",\"target\":{\"@type\":\"EntryPoint\",\"urlTemplate\":\"https:\/\/www.intoscana.it\/it\/?s={search_term_string}\"},\"query-input\":{\"@type\":\"PropertyValueSpecification\",\"valueRequired\":true,\"valueName\":\"search_term_string\"}}],\"inLanguage\":\"it-IT\"},{\"@type\":\"Person\",\"@id\":\"https:\/\/www.intoscana.it\/it\/#\/schema\/person\/9223810753230f20bd670fdd322661f8\",\"name\":\"Redazione\",\"url\":\"https:\/\/www.intoscana.it\/it\/author\/redazione\/\"}]}<\/script>\n<!-- \/ Yoast SEO Premium plugin. -->","yoast_head_json":{"title":"Plasmaterapia, la Toscana modello per la sperimentazione nazionale - intoscana","description":"Plasmaterapia, lo studio toscano 'Tsunami' sar\u00e0 capofila per la sperimentazione nazionale per la cura su indicazione del Ministero della Salute, Aifa e Iss","robots":{"index":"index","follow":"follow","max-snippet":"max-snippet:-1","max-image-preview":"max-image-preview:large","max-video-preview":"max-video-preview:-1"},"canonical":"https:\/\/www.intoscana.it\/it\/coronavirus-plasmaterapia\/","og_locale":"it_IT","og_type":"article","og_title":"Plasmaterapia, la Toscana modello per la sperimentazione nazionale","og_description":"Plasmaterapia, lo studio toscano 'Tsunami' sar\u00e0 capofila per la sperimentazione nazionale per la cura su indicazione del Ministero della Salute, Aifa e Iss","og_url":"https:\/\/www.intoscana.it\/it\/coronavirus-plasmaterapia\/","og_site_name":"intoscana","article_publisher":"https:\/\/www.facebook.com\/intoscana.it","article_published_time":"2020-05-10T11:46:39+00:00","article_modified_time":"2020-08-10T08:21:44+00:00","og_image":[{"width":2000,"height":1335,"url":"https:\/\/www.intoscana.it\/wp-content\/uploads\/plasma-1.jpg","type":"image\/jpeg"}],"author":"Redazione","twitter_card":"summary_large_image","twitter_creator":"@intoscana","twitter_site":"@intoscana","twitter_misc":{"Written by":"Redazione","Est. reading time":"2 minuti"},"schema":{"@context":"https:\/\/schema.org","@graph":[{"@type":"WebPage","@id":"https:\/\/www.intoscana.it\/it\/coronavirus-plasmaterapia\/","url":"https:\/\/www.intoscana.it\/it\/coronavirus-plasmaterapia\/","name":"Plasmaterapia, la Toscana modello per la sperimentazione nazionale - intoscana","isPartOf":{"@id":"https:\/\/www.intoscana.it\/it\/#website"},"primaryImageOfPage":{"@id":"https:\/\/www.intoscana.it\/it\/coronavirus-plasmaterapia\/#primaryimage"},"image":{"@id":"https:\/\/www.intoscana.it\/it\/coronavirus-plasmaterapia\/#primaryimage"},"thumbnailUrl":"https:\/\/www.intoscana.it\/wp-content\/uploads\/plasma-1.jpg","datePublished":"2020-05-10T11:46:39+00:00","dateModified":"2020-08-10T08:21:44+00:00","author":{"@id":"https:\/\/www.intoscana.it\/it\/#\/schema\/person\/9223810753230f20bd670fdd322661f8"},"description":"Plasmaterapia, lo studio toscano 'Tsunami' sar\u00e0 capofila per la sperimentazione nazionale per la cura su indicazione del Ministero della Salute, Aifa e Iss","breadcrumb":{"@id":"https:\/\/www.intoscana.it\/it\/coronavirus-plasmaterapia\/#breadcrumb"},"inLanguage":"it-IT","potentialAction":[{"@type":"ReadAction","target":["https:\/\/www.intoscana.it\/it\/coronavirus-plasmaterapia\/"]}]},{"@type":"ImageObject","inLanguage":"it-IT","@id":"https:\/\/www.intoscana.it\/it\/coronavirus-plasmaterapia\/#primaryimage","url":"https:\/\/www.intoscana.it\/wp-content\/uploads\/plasma-1.jpg","contentUrl":"https:\/\/www.intoscana.it\/wp-content\/uploads\/plasma-1.jpg","width":2000,"height":1335},{"@type":"BreadcrumbList","@id":"https:\/\/www.intoscana.it\/it\/coronavirus-plasmaterapia\/#breadcrumb","itemListElement":[{"@type":"ListItem","position":1,"name":"Home","item":"https:\/\/www.intoscana.it\/it\/"},{"@type":"ListItem","position":2,"name":"Plasmaterapia, la Toscana modello per la sperimentazione nazionale"}]},{"@type":"WebSite","@id":"https:\/\/www.intoscana.it\/it\/#website","url":"https:\/\/www.intoscana.it\/it\/","name":"intoscana","description":"","potentialAction":[{"@type":"SearchAction","target":{"@type":"EntryPoint","urlTemplate":"https:\/\/www.intoscana.it\/it\/?s={search_term_string}"},"query-input":{"@type":"PropertyValueSpecification","valueRequired":true,"valueName":"search_term_string"}}],"inLanguage":"it-IT"},{"@type":"Person","@id":"https:\/\/www.intoscana.it\/it\/#\/schema\/person\/9223810753230f20bd670fdd322661f8","name":"Redazione","url":"https:\/\/www.intoscana.it\/it\/author\/redazione\/"}]}},"_links":{"self":[{"href":"https:\/\/www.intoscana.it\/it\/wp-json\/wp\/v2\/posts\/142951","targetHints":{"allow":["GET"]}}],"collection":[{"href":"https:\/\/www.intoscana.it\/it\/wp-json\/wp\/v2\/posts"}],"about":[{"href":"https:\/\/www.intoscana.it\/it\/wp-json\/wp\/v2\/types\/post"}],"author":[{"embeddable":true,"href":"https:\/\/www.intoscana.it\/it\/wp-json\/wp\/v2\/users\/525"}],"replies":[{"embeddable":true,"href":"https:\/\/www.intoscana.it\/it\/wp-json\/wp\/v2\/comments?post=142951"}],"version-history":[{"count":0,"href":"https:\/\/www.intoscana.it\/it\/wp-json\/wp\/v2\/posts\/142951\/revisions"}],"wp:featuredmedia":[{"embeddable":true,"href":"https:\/\/www.intoscana.it\/it\/wp-json\/wp\/v2\/media\/143802"}],"wp:attachment":[{"href":"https:\/\/www.intoscana.it\/it\/wp-json\/wp\/v2\/media?parent=142951"}],"wp:term":[{"taxonomy":"category","embeddable":true,"href":"https:\/\/www.intoscana.it\/it\/wp-json\/wp\/v2\/categories?post=142951"},{"taxonomy":"post_tag","embeddable":true,"href":"https:\/\/www.intoscana.it\/it\/wp-json\/wp\/v2\/tags?post=142951"}],"curies":[{"name":"wp","href":"https:\/\/api.w.org\/{rel}","templated":true}]}}