{"id":142954,"date":"2020-06-06T14:33:31","date_gmt":"2020-06-06T12:33:31","guid":{"rendered":"https:\/\/www.intoscana.it\/coronavirus-in-toscana-5-nuovi-casi-5-decessi-e-129-guarigioni\/"},"modified":"2020-08-10T10:21:45","modified_gmt":"2020-08-10T08:21:45","slug":"coronavirus-6-giugno","status":"publish","type":"post","link":"https:\/\/www.intoscana.it\/it\/coronavirus-6-giugno\/","title":{"rendered":"Coronavirus in Toscana: 5 nuovi casi, 5 decessi e 129 guarigioni"},"content":{"rendered":"<div class=\"row\">\n<div id=\"column-1\" class=\"col-md-12 portlet-column portlet-column-only\">\n<section class=\"rt-subheader rt-subheader--news\">\n<div class=\"rt-subheader__wrapper\">\n<div class=\"rt-subheader__title-wrapper\"><strong>Sono 5 i nuovi casi di Coronavirus oggi in Toscana, lo 0,05% in pi\u00f9 rispetto al giorno precedente<\/strong> per un totale di 10.134 casi di positivit\u00e0 dall&#8217;inizio dell&#8217;epidemia.&nbsp;<strong>I guariti<\/strong>&nbsp;crescono del 0,9% e raggiungono quota&nbsp;<strong>8.281&nbsp;<\/strong>(81,7% dei casi totali). I<strong>&nbsp;test eseguiti<\/strong>&nbsp;hanno raggiunto quota&nbsp;<strong>269.298<\/strong>,&nbsp;<strong>2.790 in pi\u00f9 rispetto a ieri<\/strong>, quelli analizzati oggi sono 2.260. Gli attualmente positivi sono oggi 785, -8,4% rispetto a ieri. Si registrano<strong>&nbsp;5 nuovi decessi<\/strong>: 3 uomini e 2 donne, con un\u2019et\u00e0 media di 74 anni.<br \/>Questi i dati &#8211; accertati alle ore 12 di oggi sulla base delle richieste della Protezione civile nazionale &#8211; relativi all\u2019andamento dell\u2019epidemia in regione.<\/div>\n<\/div>\n<\/section>\n<\/div>\n<\/div>\n<div class=\"row has-sidebar\">\n<div id=\"column-2\" class=\"col-md-12 col-lg-9 portlet-column portlet-column-first\">\n<div class=\"rt-page__content rt-page-content--left\">\n<div class=\"rt-page__content-text\">\n<p><strong>Di seguito i casi di positivit\u00e0 sul territorio con la variazione rispetto a ieri,<\/strong>&nbsp;ricordando che si riferiscono non alla provincia di residenza ma a quella in cui \u00e8 stata fatta la diagnosi. Sono 3.482 i casi complessivi ad oggi a Firenze (4 in pi\u00f9 rispetto a ieri), 567 a Prato (1 in pi\u00f9), 677 a Pistoia, 1.050 a Massa-Carrara, 1.364 a Lucca, 896 a Pisa, 557 a Livorno, 677 ad Arezzo, 438 a Siena, 426 a Grosseto.<br \/>Sono 5 in pi\u00f9 quindi i casi riscontrati oggi nella Asl Centro, 0 nella Nord Ovest, 0 nella Sud Est.<br \/><strong>La Toscana si conferma al 10\u00b0 posto in Italia come numerosit\u00e0 di casi,<\/strong> con circa 272 casi per 100.000 abitanti (media italiana circa 389 x100.000, dato di ieri). Le province di notifica con il tasso pi\u00f9 alto sono Massa-Carrara con 539 casi x100.000 abitanti, Lucca con 352, Firenze con 344, la pi\u00f9 bassa Siena con 164.<\/p>\n<p>Complessivamente,&nbsp;<strong>714 persone sono in isolamento a casa<\/strong>, poich\u00e9 presentano sintomi lievi che non richiedono cure ospedaliere, o risultano prive di sintomi&nbsp; (meno 65 rispetto a ieri, meno 8,3%).<br \/>Sono&nbsp;<strong>4.397<\/strong>&nbsp;(meno 431 rispetto a ieri, meno 8,9%) le persone, anch\u2019esse isolate, in<strong>&nbsp;sorveglianza attiva<\/strong>&nbsp;perch\u00e9 hanno avuto contatti con persone contagiate (ASL Centro 1.949, Nord Ovest 2.370, Sud Est 78).<\/p>\n<p><img decoding=\"async\" style=\"width: 599px;\" title=\"Bollettino_Covid19_06_06_2020\" src=\"https:\/\/www.intoscana.it\/shared\/intoscana\/immagini\/bollettino_covid19_06_06_2020.jpg\" alt=\"Bollettino_Covid19_06_06_2020\" height=\"847\" \/><\/p>\n<p><strong>Si riducono ancora le persone ricoverate<\/strong>&nbsp;nei posti letto dedicati ai pazienti COVID che oggi sono complessivamente<strong>&nbsp;71<\/strong>, 7 in meno di ieri (meno 9%) di cui<strong>&nbsp;22 in terapia intensiva<\/strong>&nbsp;(1 in meno rispetto a ieri, meno 4,3%). \u00c8 il punto pi\u00f9 basso dal 9 marzo 2020 per le terapie intensive. \u00c8 il punto pi\u00f9 basso raggiunto dal 7 marzo 2020 per i ricoveri totali.<\/p>\n<p><strong>Le persone complessivamente guarite salgono a 8.281<\/strong>&nbsp;(pi\u00f9 72 rispetto a ieri, pi\u00f9 0,9%):&nbsp;<strong>820 persone clinicamente guarite<\/strong>&nbsp;(meno 57 rispetto a ieri, meno 6,5%), divenute cio\u00e8 asintomatiche dopo aver presentato manifestazioni cliniche associate all\u2019infezione e&nbsp;<strong>7.461<\/strong>&nbsp;(pi\u00f9 129 rispetto a ieri, pi\u00f9 1,8%) dichiarate&nbsp;<strong>guarite a tutti gli effetti, le cosiddette guarigioni virali<\/strong>, con doppio tampone negativo.<\/p>\n<p>Si registrano<strong>&nbsp;5 nuovi decessi: 3 uomini e 2 donne, con un\u2019et\u00e0 media di 74 anni.<\/strong><br \/>Relativamente alla provincia di notifica, le persone decedute sono: 2 a Massa-Carrara, 1 a Lucca, 2 a Livorno.<br \/><strong>Sono 1.068 i deceduti dall\u2019inizio dell\u2019epidemia&nbsp;<\/strong>cosi ripartiti: 389 a Firenze, 48 a Prato, 80 a Pistoia, 160 a Massa-Carrara, 136 a Lucca, 87 a Pisa, 61 a Livorno, 46 ad Arezzo, 30 a Siena, 23 a Grosseto, 8 persone sono decedute sul suolo toscano ma erano residenti fuori regione.<\/p>\n<p>Il tasso grezzo di mortalit\u00e0 toscano (numero di deceduti\/popolazione residente) per Covid-19 \u00e8 di 28,6 x100.000 residenti contro il 56,0 x100.000 della media italiana (11\u00b0 regione). Per quanto riguarda le province, il tasso di mortalit\u00e0 pi\u00f9 alto si riscontra a Massa-Carrara (82,1 x100.000), Firenze (38,5 x100.000) e Lucca (35,1 x100.000), il pi\u00f9 basso a Grosseto (10,4 x100.000).<\/p>\n<\/div>\n<\/div>\n<\/div>\n<\/div>\n","protected":false},"excerpt":{"rendered":"<p>I nuovi casi sono lo 0,05% in pi\u00f9 rispetto al totale del giorno precedente mentre i&nbsp;guariti&nbsp;crescono del 0,9% e raggiungono quota&nbsp;8.281&nbsp;<\/p>\n","protected":false},"author":525,"featured_media":143805,"comment_status":"open","ping_status":"open","sticky":false,"template":"","format":"standard","meta":{"_acf_changed":false,"footnotes":""},"categories":[18],"tags":[],"class_list":["post-142954","post","type-post","status-publish","format-standard","has-post-thumbnail","hentry","category-salute"],"acf":[],"yoast_head":"<!-- This site is optimized with the Yoast SEO Premium plugin v24.2 (Yoast SEO v25.6) - https:\/\/yoast.com\/wordpress\/plugins\/seo\/ -->\n<title>Coronavirus in Toscana: 5 nuovi casi, 5 decessi e 129 guarigioni - intoscana<\/title>\n<meta name=\"robots\" content=\"index, follow, max-snippet:-1, max-image-preview:large, max-video-preview:-1\" \/>\n<link rel=\"canonical\" href=\"https:\/\/www.intoscana.it\/it\/coronavirus-6-giugno\/\" \/>\n<meta property=\"og:locale\" content=\"it_IT\" \/>\n<meta property=\"og:type\" content=\"article\" \/>\n<meta property=\"og:title\" content=\"Coronavirus in Toscana: 5 nuovi casi, 5 decessi e 129 guarigioni\" \/>\n<meta property=\"og:description\" content=\"I nuovi casi sono lo 0,05% in pi\u00f9 rispetto al totale del giorno precedente mentre i&nbsp;guariti&nbsp;crescono del 0,9% e raggiungono quota&nbsp;8.281&nbsp;\" \/>\n<meta property=\"og:url\" content=\"https:\/\/www.intoscana.it\/it\/coronavirus-6-giugno\/\" \/>\n<meta property=\"og:site_name\" content=\"intoscana\" \/>\n<meta property=\"article:publisher\" content=\"https:\/\/www.facebook.com\/intoscana.it\" \/>\n<meta property=\"article:published_time\" content=\"2020-06-06T12:33:31+00:00\" \/>\n<meta property=\"article:modified_time\" content=\"2020-08-10T08:21:45+00:00\" \/>\n<meta property=\"og:image\" content=\"https:\/\/www.intoscana.it\/wp-content\/uploads\/shutterstock_1682465650-3.jpg\" \/>\n\t<meta property=\"og:image:width\" content=\"2000\" \/>\n\t<meta property=\"og:image:height\" content=\"1333\" \/>\n\t<meta property=\"og:image:type\" content=\"image\/jpeg\" \/>\n<meta name=\"author\" content=\"Redazione\" \/>\n<meta name=\"twitter:card\" content=\"summary_large_image\" \/>\n<meta name=\"twitter:creator\" content=\"@intoscana\" \/>\n<meta name=\"twitter:site\" content=\"@intoscana\" \/>\n<meta name=\"twitter:label1\" content=\"Written by\" \/>\n\t<meta name=\"twitter:data1\" content=\"Redazione\" \/>\n\t<meta name=\"twitter:label2\" content=\"Est. reading time\" \/>\n\t<meta name=\"twitter:data2\" content=\"3 minuti\" \/>\n<script type=\"application\/ld+json\" class=\"yoast-schema-graph\">{\"@context\":\"https:\/\/schema.org\",\"@graph\":[{\"@type\":\"WebPage\",\"@id\":\"https:\/\/www.intoscana.it\/it\/coronavirus-6-giugno\/\",\"url\":\"https:\/\/www.intoscana.it\/it\/coronavirus-6-giugno\/\",\"name\":\"Coronavirus in Toscana: 5 nuovi casi, 5 decessi e 129 guarigioni - intoscana\",\"isPartOf\":{\"@id\":\"https:\/\/www.intoscana.it\/it\/#website\"},\"primaryImageOfPage\":{\"@id\":\"https:\/\/www.intoscana.it\/it\/coronavirus-6-giugno\/#primaryimage\"},\"image\":{\"@id\":\"https:\/\/www.intoscana.it\/it\/coronavirus-6-giugno\/#primaryimage\"},\"thumbnailUrl\":\"https:\/\/www.intoscana.it\/wp-content\/uploads\/shutterstock_1682465650-3.jpg\",\"datePublished\":\"2020-06-06T12:33:31+00:00\",\"dateModified\":\"2020-08-10T08:21:45+00:00\",\"author\":{\"@id\":\"https:\/\/www.intoscana.it\/it\/#\/schema\/person\/9223810753230f20bd670fdd322661f8\"},\"breadcrumb\":{\"@id\":\"https:\/\/www.intoscana.it\/it\/coronavirus-6-giugno\/#breadcrumb\"},\"inLanguage\":\"it-IT\",\"potentialAction\":[{\"@type\":\"ReadAction\",\"target\":[\"https:\/\/www.intoscana.it\/it\/coronavirus-6-giugno\/\"]}]},{\"@type\":\"ImageObject\",\"inLanguage\":\"it-IT\",\"@id\":\"https:\/\/www.intoscana.it\/it\/coronavirus-6-giugno\/#primaryimage\",\"url\":\"https:\/\/www.intoscana.it\/wp-content\/uploads\/shutterstock_1682465650-3.jpg\",\"contentUrl\":\"https:\/\/www.intoscana.it\/wp-content\/uploads\/shutterstock_1682465650-3.jpg\",\"width\":2000,\"height\":1333},{\"@type\":\"BreadcrumbList\",\"@id\":\"https:\/\/www.intoscana.it\/it\/coronavirus-6-giugno\/#breadcrumb\",\"itemListElement\":[{\"@type\":\"ListItem\",\"position\":1,\"name\":\"Home\",\"item\":\"https:\/\/www.intoscana.it\/it\/\"},{\"@type\":\"ListItem\",\"position\":2,\"name\":\"Coronavirus in Toscana: 5 nuovi casi, 5 decessi e 129 guarigioni\"}]},{\"@type\":\"WebSite\",\"@id\":\"https:\/\/www.intoscana.it\/it\/#website\",\"url\":\"https:\/\/www.intoscana.it\/it\/\",\"name\":\"intoscana\",\"description\":\"\",\"potentialAction\":[{\"@type\":\"SearchAction\",\"target\":{\"@type\":\"EntryPoint\",\"urlTemplate\":\"https:\/\/www.intoscana.it\/it\/?s={search_term_string}\"},\"query-input\":{\"@type\":\"PropertyValueSpecification\",\"valueRequired\":true,\"valueName\":\"search_term_string\"}}],\"inLanguage\":\"it-IT\"},{\"@type\":\"Person\",\"@id\":\"https:\/\/www.intoscana.it\/it\/#\/schema\/person\/9223810753230f20bd670fdd322661f8\",\"name\":\"Redazione\",\"url\":\"https:\/\/www.intoscana.it\/it\/author\/redazione\/\"}]}<\/script>\n<!-- \/ Yoast SEO Premium plugin. -->","yoast_head_json":{"title":"Coronavirus in Toscana: 5 nuovi casi, 5 decessi e 129 guarigioni - intoscana","robots":{"index":"index","follow":"follow","max-snippet":"max-snippet:-1","max-image-preview":"max-image-preview:large","max-video-preview":"max-video-preview:-1"},"canonical":"https:\/\/www.intoscana.it\/it\/coronavirus-6-giugno\/","og_locale":"it_IT","og_type":"article","og_title":"Coronavirus in Toscana: 5 nuovi casi, 5 decessi e 129 guarigioni","og_description":"I nuovi casi sono lo 0,05% in pi\u00f9 rispetto al totale del giorno precedente mentre i&nbsp;guariti&nbsp;crescono del 0,9% e raggiungono quota&nbsp;8.281&nbsp;","og_url":"https:\/\/www.intoscana.it\/it\/coronavirus-6-giugno\/","og_site_name":"intoscana","article_publisher":"https:\/\/www.facebook.com\/intoscana.it","article_published_time":"2020-06-06T12:33:31+00:00","article_modified_time":"2020-08-10T08:21:45+00:00","og_image":[{"width":2000,"height":1333,"url":"https:\/\/www.intoscana.it\/wp-content\/uploads\/shutterstock_1682465650-3.jpg","type":"image\/jpeg"}],"author":"Redazione","twitter_card":"summary_large_image","twitter_creator":"@intoscana","twitter_site":"@intoscana","twitter_misc":{"Written by":"Redazione","Est. reading time":"3 minuti"},"schema":{"@context":"https:\/\/schema.org","@graph":[{"@type":"WebPage","@id":"https:\/\/www.intoscana.it\/it\/coronavirus-6-giugno\/","url":"https:\/\/www.intoscana.it\/it\/coronavirus-6-giugno\/","name":"Coronavirus in Toscana: 5 nuovi casi, 5 decessi e 129 guarigioni - intoscana","isPartOf":{"@id":"https:\/\/www.intoscana.it\/it\/#website"},"primaryImageOfPage":{"@id":"https:\/\/www.intoscana.it\/it\/coronavirus-6-giugno\/#primaryimage"},"image":{"@id":"https:\/\/www.intoscana.it\/it\/coronavirus-6-giugno\/#primaryimage"},"thumbnailUrl":"https:\/\/www.intoscana.it\/wp-content\/uploads\/shutterstock_1682465650-3.jpg","datePublished":"2020-06-06T12:33:31+00:00","dateModified":"2020-08-10T08:21:45+00:00","author":{"@id":"https:\/\/www.intoscana.it\/it\/#\/schema\/person\/9223810753230f20bd670fdd322661f8"},"breadcrumb":{"@id":"https:\/\/www.intoscana.it\/it\/coronavirus-6-giugno\/#breadcrumb"},"inLanguage":"it-IT","potentialAction":[{"@type":"ReadAction","target":["https:\/\/www.intoscana.it\/it\/coronavirus-6-giugno\/"]}]},{"@type":"ImageObject","inLanguage":"it-IT","@id":"https:\/\/www.intoscana.it\/it\/coronavirus-6-giugno\/#primaryimage","url":"https:\/\/www.intoscana.it\/wp-content\/uploads\/shutterstock_1682465650-3.jpg","contentUrl":"https:\/\/www.intoscana.it\/wp-content\/uploads\/shutterstock_1682465650-3.jpg","width":2000,"height":1333},{"@type":"BreadcrumbList","@id":"https:\/\/www.intoscana.it\/it\/coronavirus-6-giugno\/#breadcrumb","itemListElement":[{"@type":"ListItem","position":1,"name":"Home","item":"https:\/\/www.intoscana.it\/it\/"},{"@type":"ListItem","position":2,"name":"Coronavirus in Toscana: 5 nuovi casi, 5 decessi e 129 guarigioni"}]},{"@type":"WebSite","@id":"https:\/\/www.intoscana.it\/it\/#website","url":"https:\/\/www.intoscana.it\/it\/","name":"intoscana","description":"","potentialAction":[{"@type":"SearchAction","target":{"@type":"EntryPoint","urlTemplate":"https:\/\/www.intoscana.it\/it\/?s={search_term_string}"},"query-input":{"@type":"PropertyValueSpecification","valueRequired":true,"valueName":"search_term_string"}}],"inLanguage":"it-IT"},{"@type":"Person","@id":"https:\/\/www.intoscana.it\/it\/#\/schema\/person\/9223810753230f20bd670fdd322661f8","name":"Redazione","url":"https:\/\/www.intoscana.it\/it\/author\/redazione\/"}]}},"_links":{"self":[{"href":"https:\/\/www.intoscana.it\/it\/wp-json\/wp\/v2\/posts\/142954","targetHints":{"allow":["GET"]}}],"collection":[{"href":"https:\/\/www.intoscana.it\/it\/wp-json\/wp\/v2\/posts"}],"about":[{"href":"https:\/\/www.intoscana.it\/it\/wp-json\/wp\/v2\/types\/post"}],"author":[{"embeddable":true,"href":"https:\/\/www.intoscana.it\/it\/wp-json\/wp\/v2\/users\/525"}],"replies":[{"embeddable":true,"href":"https:\/\/www.intoscana.it\/it\/wp-json\/wp\/v2\/comments?post=142954"}],"version-history":[{"count":0,"href":"https:\/\/www.intoscana.it\/it\/wp-json\/wp\/v2\/posts\/142954\/revisions"}],"wp:featuredmedia":[{"embeddable":true,"href":"https:\/\/www.intoscana.it\/it\/wp-json\/wp\/v2\/media\/143805"}],"wp:attachment":[{"href":"https:\/\/www.intoscana.it\/it\/wp-json\/wp\/v2\/media?parent=142954"}],"wp:term":[{"taxonomy":"category","embeddable":true,"href":"https:\/\/www.intoscana.it\/it\/wp-json\/wp\/v2\/categories?post=142954"},{"taxonomy":"post_tag","embeddable":true,"href":"https:\/\/www.intoscana.it\/it\/wp-json\/wp\/v2\/tags?post=142954"}],"curies":[{"name":"wp","href":"https:\/\/api.w.org\/{rel}","templated":true}]}}