{"id":142956,"date":"2020-06-06T09:58:21","date_gmt":"2020-06-06T07:58:21","guid":{"rendered":"https:\/\/www.intoscana.it\/ricerca-luniversita-di-siena-ha-individuato-i-geni-che-aumentano-il-rischio-covid\/"},"modified":"2020-08-10T10:21:46","modified_gmt":"2020-08-10T08:21:46","slug":"genetica-covid-siena","status":"publish","type":"post","link":"https:\/\/www.intoscana.it\/it\/genetica-covid-siena\/","title":{"rendered":"Ricerca: l&#8217;Universit\u00e0 di Siena ha individuato i geni che aumentano il rischio Covid"},"content":{"rendered":"<p><strong>La suscettibilit\u00e0 al Covid-19 dipenderebbe anche dalla genetica.<\/strong> I primi geni &#8220;indiziati&#8221; di determinare la gravit\u00e0 o meno della malattia sono stati<strong>&nbsp;individuati dai ricercatori dell&#8217;Universit\u00e0 di Siena grazie all&#8217;intelligenza artificiale<\/strong>, nell&#8217;ambito del grande<strong> progetto di ricerca italiano Gen-Covid,<\/strong> che attraverso la collaborazione di 35 ospedali di tutta Italia analizzer\u00e0 il Dna di 2.000 persone entro l&#8217;estate. Si tratta del primo studio genetico di questo tipo in tutto il mondo: i risultati ottenuti sui primi 130 pazienti sono presentati alla conferenza della Societ\u00e0 europea di genetica umana.&nbsp;<\/p>\n<p><strong>&#8220;Abbiamo usato un approccio completamente nuovo che valuta il singolo paziente: cos\u00ec sar\u00e0 pi\u00f9 facile trovare terapie personalizzate contro Covid-19&#8221;, spiega Alessandra Renieri, professore all&#8217;Universit\u00e0 di Siena<\/strong> e direttore dell&#8217;Unit\u00e0 di genetica medica all&#8217;Azienda ospedaliero-universitaria Senese. &#8220;In Italia abbiamo avuto la sfortuna di fare da apripista con i nostri pazienti: ora speriamo di poter fare altrettanto come scienziati&#8221;. <\/p>\n<p><img decoding=\"async\" alt=\"DNA\" style=\"width: 599px;\" title=\"DNA\" src=\"https:\/\/www.intoscana.it\/shared\/visittuscany\/immagini\/attivita\/3028124-poster-p-dna.jpg\" height=\"337\" \/><\/p>\n<p>L&#8217;estrema variabilit\u00e0 della malattia Covid-19 \u00e8 uno degli aspetti pi\u00f9 oscuri della pandemia. Alcune persone infettate dal nuovo Coronavirus sono del tutto asintomatiche, altre hanno una sindrome influenzale, altre ancora sviluppano conseguenze gravissime che portano alla morte.<br \/><strong>&#8220;Abbiamo pensato fin dall&#8217;inizio che fosse la genetica dell&#8217;ospite a fare la differenza &#8211; spiega Renieri &#8211; e diversi studi hanno poi dimostrato che la gravit\u00e0 della malattia dipende al 50% da fattori ereditari&#8221;.<\/strong> <br \/>Per scoprire quali fossero, sono stati condotti diversi studi genetici mettendo a confronto il Dna di persone malate di Covid e persone sane, ma i risultati sono stati deludenti.<\/p>\n<p><strong>&#8220;Abbiamo quindi deciso di cambiare metodo, provando a valutare ogni paziente come un caso a s\u00e9, proprio come facciamo da anni nello studio delle malattie genetiche rare&#8221;,<\/strong> precisa la genetista. &#8220;Abbiamo scomposto la Covid nei vari organi che colpisce, valutando se nel singolo paziente fosse grave o lieve dal punto di vista polmonare, epatico, cardiovascolare e cos\u00ec via. Poi abbiamo esaminato il Dna: ogni individuo presenta oltre 50.000 varianti genetiche, e per semplificarne lo studio abbiamo deciso di valutare le varianti pi\u00f9 significative analizzandole secondo un sistema binario, proprio come fanno i computer: il gene vale 0 se \u00e8 intatto, vale 1 se \u00e8 alterato&#8221;.<\/p>\n<p>Questa mole di dati, rielaborata<strong> grazie ad algoritmi di intelligenza artificiale, ha permesso di trovare in ogni malato una media di tre geni mutati che sembrano influire sulla suscettibilit\u00e0 al Coronavirus dei singoli organi o apparati.<\/strong> \u201cDi questi geni \u2013 conclude Renieri &#8211; alcuni sono gi\u00e0 bersaglio di farmaci attualmente disponibili sul mercato che potrebbero avere una nuova indicazione contro Covid\u201d.<\/p>\n","protected":false},"excerpt":{"rendered":"<p>Nell&#8217;ambito del grande studio genetico italiano Gen-Covid, l&#8217;Ateneo senese grazie all&#8217;intelligenza artificiale ha trovato i primi geni che determinano la suscettibilit\u00e0 al Coronavirus<\/p>\n","protected":false},"author":525,"featured_media":143807,"comment_status":"open","ping_status":"open","sticky":false,"template":"","format":"standard","meta":{"_acf_changed":false,"footnotes":""},"categories":[18],"tags":[378],"class_list":["post-142956","post","type-post","status-publish","format-standard","has-post-thumbnail","hentry","category-salute","tag-universita-di-siena"],"acf":[],"yoast_head":"<!-- This site is optimized with the Yoast SEO Premium plugin v24.2 (Yoast SEO v25.6) - https:\/\/yoast.com\/wordpress\/plugins\/seo\/ -->\n<title>Ricerca: l&#039;Universit\u00e0 di Siena ha individuato i geni che aumentano il rischio Covid - intoscana<\/title>\n<meta name=\"robots\" content=\"index, follow, max-snippet:-1, max-image-preview:large, max-video-preview:-1\" \/>\n<link rel=\"canonical\" href=\"https:\/\/www.intoscana.it\/it\/genetica-covid-siena\/\" \/>\n<meta property=\"og:locale\" content=\"it_IT\" \/>\n<meta property=\"og:type\" content=\"article\" \/>\n<meta property=\"og:title\" content=\"Ricerca: l&#039;Universit\u00e0 di Siena ha individuato i geni che aumentano il rischio Covid\" \/>\n<meta property=\"og:description\" content=\"Nell&#039;ambito del grande studio genetico italiano Gen-Covid, l&#039;Ateneo senese grazie all&#039;intelligenza artificiale ha trovato i primi geni che determinano la suscettibilit\u00e0 al Coronavirus\" \/>\n<meta property=\"og:url\" content=\"https:\/\/www.intoscana.it\/it\/genetica-covid-siena\/\" \/>\n<meta property=\"og:site_name\" content=\"intoscana\" \/>\n<meta property=\"article:publisher\" content=\"https:\/\/www.facebook.com\/intoscana.it\" \/>\n<meta property=\"article:published_time\" content=\"2020-06-06T07:58:21+00:00\" \/>\n<meta property=\"article:modified_time\" content=\"2020-08-10T08:21:46+00:00\" \/>\n<meta property=\"og:image\" content=\"https:\/\/www.intoscana.it\/wp-content\/uploads\/ricerca-microscopio-1.jpg\" \/>\n\t<meta property=\"og:image:width\" content=\"800\" \/>\n\t<meta property=\"og:image:height\" content=\"458\" \/>\n\t<meta property=\"og:image:type\" content=\"image\/jpeg\" \/>\n<meta name=\"author\" content=\"Redazione\" \/>\n<meta name=\"twitter:card\" content=\"summary_large_image\" \/>\n<meta name=\"twitter:creator\" content=\"@intoscana\" \/>\n<meta name=\"twitter:site\" content=\"@intoscana\" \/>\n<meta name=\"twitter:label1\" content=\"Written by\" \/>\n\t<meta name=\"twitter:data1\" content=\"Redazione\" \/>\n\t<meta name=\"twitter:label2\" content=\"Est. reading time\" \/>\n\t<meta name=\"twitter:data2\" content=\"2 minuti\" \/>\n<script type=\"application\/ld+json\" class=\"yoast-schema-graph\">{\"@context\":\"https:\/\/schema.org\",\"@graph\":[{\"@type\":\"WebPage\",\"@id\":\"https:\/\/www.intoscana.it\/it\/genetica-covid-siena\/\",\"url\":\"https:\/\/www.intoscana.it\/it\/genetica-covid-siena\/\",\"name\":\"Ricerca: l'Universit\u00e0 di Siena ha individuato i geni che aumentano il rischio Covid - intoscana\",\"isPartOf\":{\"@id\":\"https:\/\/www.intoscana.it\/it\/#website\"},\"primaryImageOfPage\":{\"@id\":\"https:\/\/www.intoscana.it\/it\/genetica-covid-siena\/#primaryimage\"},\"image\":{\"@id\":\"https:\/\/www.intoscana.it\/it\/genetica-covid-siena\/#primaryimage\"},\"thumbnailUrl\":\"https:\/\/www.intoscana.it\/wp-content\/uploads\/ricerca-microscopio-1.jpg\",\"datePublished\":\"2020-06-06T07:58:21+00:00\",\"dateModified\":\"2020-08-10T08:21:46+00:00\",\"author\":{\"@id\":\"https:\/\/www.intoscana.it\/it\/#\/schema\/person\/9223810753230f20bd670fdd322661f8\"},\"breadcrumb\":{\"@id\":\"https:\/\/www.intoscana.it\/it\/genetica-covid-siena\/#breadcrumb\"},\"inLanguage\":\"it-IT\",\"potentialAction\":[{\"@type\":\"ReadAction\",\"target\":[\"https:\/\/www.intoscana.it\/it\/genetica-covid-siena\/\"]}]},{\"@type\":\"ImageObject\",\"inLanguage\":\"it-IT\",\"@id\":\"https:\/\/www.intoscana.it\/it\/genetica-covid-siena\/#primaryimage\",\"url\":\"https:\/\/www.intoscana.it\/wp-content\/uploads\/ricerca-microscopio-1.jpg\",\"contentUrl\":\"https:\/\/www.intoscana.it\/wp-content\/uploads\/ricerca-microscopio-1.jpg\",\"width\":800,\"height\":458},{\"@type\":\"BreadcrumbList\",\"@id\":\"https:\/\/www.intoscana.it\/it\/genetica-covid-siena\/#breadcrumb\",\"itemListElement\":[{\"@type\":\"ListItem\",\"position\":1,\"name\":\"Home\",\"item\":\"https:\/\/www.intoscana.it\/it\/\"},{\"@type\":\"ListItem\",\"position\":2,\"name\":\"Ricerca: l&#8217;Universit\u00e0 di Siena ha individuato i geni che aumentano il rischio Covid\"}]},{\"@type\":\"WebSite\",\"@id\":\"https:\/\/www.intoscana.it\/it\/#website\",\"url\":\"https:\/\/www.intoscana.it\/it\/\",\"name\":\"intoscana\",\"description\":\"\",\"potentialAction\":[{\"@type\":\"SearchAction\",\"target\":{\"@type\":\"EntryPoint\",\"urlTemplate\":\"https:\/\/www.intoscana.it\/it\/?s={search_term_string}\"},\"query-input\":{\"@type\":\"PropertyValueSpecification\",\"valueRequired\":true,\"valueName\":\"search_term_string\"}}],\"inLanguage\":\"it-IT\"},{\"@type\":\"Person\",\"@id\":\"https:\/\/www.intoscana.it\/it\/#\/schema\/person\/9223810753230f20bd670fdd322661f8\",\"name\":\"Redazione\",\"url\":\"https:\/\/www.intoscana.it\/it\/author\/redazione\/\"}]}<\/script>\n<!-- \/ Yoast SEO Premium plugin. -->","yoast_head_json":{"title":"Ricerca: l'Universit\u00e0 di Siena ha individuato i geni che aumentano il rischio Covid - intoscana","robots":{"index":"index","follow":"follow","max-snippet":"max-snippet:-1","max-image-preview":"max-image-preview:large","max-video-preview":"max-video-preview:-1"},"canonical":"https:\/\/www.intoscana.it\/it\/genetica-covid-siena\/","og_locale":"it_IT","og_type":"article","og_title":"Ricerca: l'Universit\u00e0 di Siena ha individuato i geni che aumentano il rischio Covid","og_description":"Nell'ambito del grande studio genetico italiano Gen-Covid, l'Ateneo senese grazie all'intelligenza artificiale ha trovato i primi geni che determinano la suscettibilit\u00e0 al Coronavirus","og_url":"https:\/\/www.intoscana.it\/it\/genetica-covid-siena\/","og_site_name":"intoscana","article_publisher":"https:\/\/www.facebook.com\/intoscana.it","article_published_time":"2020-06-06T07:58:21+00:00","article_modified_time":"2020-08-10T08:21:46+00:00","og_image":[{"width":800,"height":458,"url":"https:\/\/www.intoscana.it\/wp-content\/uploads\/ricerca-microscopio-1.jpg","type":"image\/jpeg"}],"author":"Redazione","twitter_card":"summary_large_image","twitter_creator":"@intoscana","twitter_site":"@intoscana","twitter_misc":{"Written by":"Redazione","Est. reading time":"2 minuti"},"schema":{"@context":"https:\/\/schema.org","@graph":[{"@type":"WebPage","@id":"https:\/\/www.intoscana.it\/it\/genetica-covid-siena\/","url":"https:\/\/www.intoscana.it\/it\/genetica-covid-siena\/","name":"Ricerca: l'Universit\u00e0 di Siena ha individuato i geni che aumentano il rischio Covid - intoscana","isPartOf":{"@id":"https:\/\/www.intoscana.it\/it\/#website"},"primaryImageOfPage":{"@id":"https:\/\/www.intoscana.it\/it\/genetica-covid-siena\/#primaryimage"},"image":{"@id":"https:\/\/www.intoscana.it\/it\/genetica-covid-siena\/#primaryimage"},"thumbnailUrl":"https:\/\/www.intoscana.it\/wp-content\/uploads\/ricerca-microscopio-1.jpg","datePublished":"2020-06-06T07:58:21+00:00","dateModified":"2020-08-10T08:21:46+00:00","author":{"@id":"https:\/\/www.intoscana.it\/it\/#\/schema\/person\/9223810753230f20bd670fdd322661f8"},"breadcrumb":{"@id":"https:\/\/www.intoscana.it\/it\/genetica-covid-siena\/#breadcrumb"},"inLanguage":"it-IT","potentialAction":[{"@type":"ReadAction","target":["https:\/\/www.intoscana.it\/it\/genetica-covid-siena\/"]}]},{"@type":"ImageObject","inLanguage":"it-IT","@id":"https:\/\/www.intoscana.it\/it\/genetica-covid-siena\/#primaryimage","url":"https:\/\/www.intoscana.it\/wp-content\/uploads\/ricerca-microscopio-1.jpg","contentUrl":"https:\/\/www.intoscana.it\/wp-content\/uploads\/ricerca-microscopio-1.jpg","width":800,"height":458},{"@type":"BreadcrumbList","@id":"https:\/\/www.intoscana.it\/it\/genetica-covid-siena\/#breadcrumb","itemListElement":[{"@type":"ListItem","position":1,"name":"Home","item":"https:\/\/www.intoscana.it\/it\/"},{"@type":"ListItem","position":2,"name":"Ricerca: l&#8217;Universit\u00e0 di Siena ha individuato i geni che aumentano il rischio Covid"}]},{"@type":"WebSite","@id":"https:\/\/www.intoscana.it\/it\/#website","url":"https:\/\/www.intoscana.it\/it\/","name":"intoscana","description":"","potentialAction":[{"@type":"SearchAction","target":{"@type":"EntryPoint","urlTemplate":"https:\/\/www.intoscana.it\/it\/?s={search_term_string}"},"query-input":{"@type":"PropertyValueSpecification","valueRequired":true,"valueName":"search_term_string"}}],"inLanguage":"it-IT"},{"@type":"Person","@id":"https:\/\/www.intoscana.it\/it\/#\/schema\/person\/9223810753230f20bd670fdd322661f8","name":"Redazione","url":"https:\/\/www.intoscana.it\/it\/author\/redazione\/"}]}},"_links":{"self":[{"href":"https:\/\/www.intoscana.it\/it\/wp-json\/wp\/v2\/posts\/142956","targetHints":{"allow":["GET"]}}],"collection":[{"href":"https:\/\/www.intoscana.it\/it\/wp-json\/wp\/v2\/posts"}],"about":[{"href":"https:\/\/www.intoscana.it\/it\/wp-json\/wp\/v2\/types\/post"}],"author":[{"embeddable":true,"href":"https:\/\/www.intoscana.it\/it\/wp-json\/wp\/v2\/users\/525"}],"replies":[{"embeddable":true,"href":"https:\/\/www.intoscana.it\/it\/wp-json\/wp\/v2\/comments?post=142956"}],"version-history":[{"count":0,"href":"https:\/\/www.intoscana.it\/it\/wp-json\/wp\/v2\/posts\/142956\/revisions"}],"wp:featuredmedia":[{"embeddable":true,"href":"https:\/\/www.intoscana.it\/it\/wp-json\/wp\/v2\/media\/143807"}],"wp:attachment":[{"href":"https:\/\/www.intoscana.it\/it\/wp-json\/wp\/v2\/media?parent=142956"}],"wp:term":[{"taxonomy":"category","embeddable":true,"href":"https:\/\/www.intoscana.it\/it\/wp-json\/wp\/v2\/categories?post=142956"},{"taxonomy":"post_tag","embeddable":true,"href":"https:\/\/www.intoscana.it\/it\/wp-json\/wp\/v2\/tags?post=142956"}],"curies":[{"name":"wp","href":"https:\/\/api.w.org\/{rel}","templated":true}]}}