{"id":142958,"date":"2020-06-05T14:09:30","date_gmt":"2020-06-05T12:09:30","guid":{"rendered":"https:\/\/www.intoscana.it\/plasmaterapia-contro-il-covid-19-al-via-le-prime-donazioni-a-firenze\/"},"modified":"2020-08-10T10:21:47","modified_gmt":"2020-08-10T08:21:47","slug":"plasmaterapia-covid-firenze","status":"publish","type":"post","link":"https:\/\/www.intoscana.it\/it\/plasmaterapia-covid-firenze\/","title":{"rendered":"Plasmaterapia contro il Covid-19: al via le prime donazioni a Firenze"},"content":{"rendered":"<p><strong>Sono state donate oggi a Firenze le prime sei unit\u00e0 di plasma iperimmune di pazienti guariti dal Coronavirus<\/strong>. <strong>Cinque uomini e una donna<\/strong> hanno donato il plasma al Centro trasfusionale dell&#8217;ospedale di Santa Maria Annunziata, si tratta di donatori convalescenti che la settimana precedente hanno effettuato il prelievo ematico e la visita di idoneit\u00e0. <br \/>Tra loro c&#8217;\u00e8 anche la prima donna, tra gli assistiti della Asl Toscana centro, che ha potuto donare, in quanto <strong>sono escluse dalla donazione coloro che hanno avuto una gravidanza<\/strong> anche se non portata a termine, condizione che espone a una produzione di anticorpi antileucocitari che possono dare problemi in chi poi riceve il plasma. Sono esclusi anche donatori di ambo i sessi che abbiano ricevuto trasfusioni. <br \/>&#8220;Molte pazienti di sesso femminile &#8211; spiega Antonella Bertelli, direttore del servizio trasfusionale dell&#8217;ospedale Santa Maria Annunziata &#8211; si sono proposte per donare plasma iperimmune, ma sono arruolabili solo coloro che non hanno avuto pregresse gravidanze, trattandosi di uso clinico del plasma&#8221;.<\/p>\n<p>Al centro del nosocomio dove la scorsa settimana \u00e8 cominciato il prelievo in aferesi di plasma iperimmune, sono gi\u00e0 prenotati per eseguire idoneit\u00e0 alla donazione altri 20 donatori convalescenti. I<strong> donatori convalescenti possono essere pazienti Covid guariti, con pregressa diagnosi certa di Covid-19 (confermata da tampone positivo, guariti e con successivi 2 tamponi negativi) o pazienti Covid-19 identificati con test sierologico anti-Covid positivi<\/strong> (con almeno 1 tampone negativo).<\/p>\n<p>I primi quattro pazienti che hanno donato al Santa Maria Annunziata appartenevano tutti alla prima categoria, tre non avevano mai donato sangue, uno era gi\u00e0 donatore. I donatori convalescenti seguono un percorso dedicato e separato dagli altri donatori.Per questo il giorno prescelto per la selezione e la donazione da parte dei donatori convalescenti \u00e8 il sabato, quando \u00e8 chiuso l&#8217;ambulatorio dei pazienti ed il locale pu\u00f2 essere utilizzato per la visita, mentre le donazioni di plasmaferesi iperimmune vengono effettuate in orario successivo ai donatori abituali. Le unit\u00e0 prelevate al Santa Maria Annunziata vengono inviate al centro di produzione del servizio trasfusionale di San Giovanni di Dio e dopo validazione biologica, <strong>gli emocomponenti vengono inviati all&#8217;Officina trasfusionale di <a href=\"https:\/\/www.intoscana.it\/it\/salute-e-benessere\/articolo\/plasmaterapia-pisa-menichetti\/\" target=\"_blank\" rel=\"noopener noreferrer\">Pisa, sede del progetto,<\/a> per eseguire l&#8217;inattivazione virale, i<\/strong>l frazionamento in sub-unit\u00e0 terapeutiche e l&#8217;esecuzione di ulteriori test di validazione del plasma iperimmune.&nbsp;<\/p>\n","protected":false},"excerpt":{"rendered":"<p>All&#8217;ospedale di Santa Maria Annunziata sono state donate le prime sei unit\u00e0 di plasma iperimmune di pazienti guariti dal Coronavirus<\/p>\n","protected":false},"author":525,"featured_media":143809,"comment_status":"open","ping_status":"open","sticky":false,"template":"","format":"standard","meta":{"_acf_changed":false,"footnotes":""},"categories":[18],"tags":[],"class_list":["post-142958","post","type-post","status-publish","format-standard","has-post-thumbnail","hentry","category-salute"],"acf":[],"yoast_head":"<!-- This site is optimized with the Yoast SEO Premium plugin v24.2 (Yoast SEO v25.6) - https:\/\/yoast.com\/wordpress\/plugins\/seo\/ -->\n<title>Plasmaterapia contro il Covid-19: al via le prime donazioni a Firenze - intoscana<\/title>\n<meta name=\"robots\" content=\"index, follow, max-snippet:-1, max-image-preview:large, max-video-preview:-1\" \/>\n<link rel=\"canonical\" href=\"https:\/\/www.intoscana.it\/it\/plasmaterapia-covid-firenze\/\" \/>\n<meta property=\"og:locale\" content=\"it_IT\" \/>\n<meta property=\"og:type\" content=\"article\" \/>\n<meta property=\"og:title\" content=\"Plasmaterapia contro il Covid-19: al via le prime donazioni a Firenze\" \/>\n<meta property=\"og:description\" content=\"All&#039;ospedale di Santa Maria Annunziata sono state donate le prime sei unit\u00e0 di plasma iperimmune di pazienti guariti dal Coronavirus\" \/>\n<meta property=\"og:url\" content=\"https:\/\/www.intoscana.it\/it\/plasmaterapia-covid-firenze\/\" \/>\n<meta property=\"og:site_name\" content=\"intoscana\" \/>\n<meta property=\"article:publisher\" content=\"https:\/\/www.facebook.com\/intoscana.it\" \/>\n<meta property=\"article:published_time\" content=\"2020-06-05T12:09:30+00:00\" \/>\n<meta property=\"article:modified_time\" content=\"2020-08-10T08:21:47+00:00\" \/>\n<meta property=\"og:image\" content=\"https:\/\/www.intoscana.it\/wp-content\/uploads\/shutterstock_1708439188-1.jpg\" \/>\n\t<meta property=\"og:image:width\" content=\"2000\" \/>\n\t<meta property=\"og:image:height\" content=\"1333\" \/>\n\t<meta property=\"og:image:type\" content=\"image\/jpeg\" \/>\n<meta name=\"author\" content=\"Redazione\" \/>\n<meta name=\"twitter:card\" content=\"summary_large_image\" \/>\n<meta name=\"twitter:creator\" content=\"@intoscana\" \/>\n<meta name=\"twitter:site\" content=\"@intoscana\" \/>\n<meta name=\"twitter:label1\" content=\"Written by\" \/>\n\t<meta name=\"twitter:data1\" content=\"Redazione\" \/>\n\t<meta name=\"twitter:label2\" content=\"Est. reading time\" \/>\n\t<meta name=\"twitter:data2\" content=\"2 minuti\" \/>\n<script type=\"application\/ld+json\" class=\"yoast-schema-graph\">{\"@context\":\"https:\/\/schema.org\",\"@graph\":[{\"@type\":\"WebPage\",\"@id\":\"https:\/\/www.intoscana.it\/it\/plasmaterapia-covid-firenze\/\",\"url\":\"https:\/\/www.intoscana.it\/it\/plasmaterapia-covid-firenze\/\",\"name\":\"Plasmaterapia contro il Covid-19: al via le prime donazioni a Firenze - intoscana\",\"isPartOf\":{\"@id\":\"https:\/\/www.intoscana.it\/it\/#website\"},\"primaryImageOfPage\":{\"@id\":\"https:\/\/www.intoscana.it\/it\/plasmaterapia-covid-firenze\/#primaryimage\"},\"image\":{\"@id\":\"https:\/\/www.intoscana.it\/it\/plasmaterapia-covid-firenze\/#primaryimage\"},\"thumbnailUrl\":\"https:\/\/www.intoscana.it\/wp-content\/uploads\/shutterstock_1708439188-1.jpg\",\"datePublished\":\"2020-06-05T12:09:30+00:00\",\"dateModified\":\"2020-08-10T08:21:47+00:00\",\"author\":{\"@id\":\"https:\/\/www.intoscana.it\/it\/#\/schema\/person\/9223810753230f20bd670fdd322661f8\"},\"breadcrumb\":{\"@id\":\"https:\/\/www.intoscana.it\/it\/plasmaterapia-covid-firenze\/#breadcrumb\"},\"inLanguage\":\"it-IT\",\"potentialAction\":[{\"@type\":\"ReadAction\",\"target\":[\"https:\/\/www.intoscana.it\/it\/plasmaterapia-covid-firenze\/\"]}]},{\"@type\":\"ImageObject\",\"inLanguage\":\"it-IT\",\"@id\":\"https:\/\/www.intoscana.it\/it\/plasmaterapia-covid-firenze\/#primaryimage\",\"url\":\"https:\/\/www.intoscana.it\/wp-content\/uploads\/shutterstock_1708439188-1.jpg\",\"contentUrl\":\"https:\/\/www.intoscana.it\/wp-content\/uploads\/shutterstock_1708439188-1.jpg\",\"width\":2000,\"height\":1333},{\"@type\":\"BreadcrumbList\",\"@id\":\"https:\/\/www.intoscana.it\/it\/plasmaterapia-covid-firenze\/#breadcrumb\",\"itemListElement\":[{\"@type\":\"ListItem\",\"position\":1,\"name\":\"Home\",\"item\":\"https:\/\/www.intoscana.it\/it\/\"},{\"@type\":\"ListItem\",\"position\":2,\"name\":\"Plasmaterapia contro il Covid-19: al via le prime donazioni a Firenze\"}]},{\"@type\":\"WebSite\",\"@id\":\"https:\/\/www.intoscana.it\/it\/#website\",\"url\":\"https:\/\/www.intoscana.it\/it\/\",\"name\":\"intoscana\",\"description\":\"\",\"potentialAction\":[{\"@type\":\"SearchAction\",\"target\":{\"@type\":\"EntryPoint\",\"urlTemplate\":\"https:\/\/www.intoscana.it\/it\/?s={search_term_string}\"},\"query-input\":{\"@type\":\"PropertyValueSpecification\",\"valueRequired\":true,\"valueName\":\"search_term_string\"}}],\"inLanguage\":\"it-IT\"},{\"@type\":\"Person\",\"@id\":\"https:\/\/www.intoscana.it\/it\/#\/schema\/person\/9223810753230f20bd670fdd322661f8\",\"name\":\"Redazione\",\"url\":\"https:\/\/www.intoscana.it\/it\/author\/redazione\/\"}]}<\/script>\n<!-- \/ Yoast SEO Premium plugin. -->","yoast_head_json":{"title":"Plasmaterapia contro il Covid-19: al via le prime donazioni a Firenze - intoscana","robots":{"index":"index","follow":"follow","max-snippet":"max-snippet:-1","max-image-preview":"max-image-preview:large","max-video-preview":"max-video-preview:-1"},"canonical":"https:\/\/www.intoscana.it\/it\/plasmaterapia-covid-firenze\/","og_locale":"it_IT","og_type":"article","og_title":"Plasmaterapia contro il Covid-19: al via le prime donazioni a Firenze","og_description":"All'ospedale di Santa Maria Annunziata sono state donate le prime sei unit\u00e0 di plasma iperimmune di pazienti guariti dal Coronavirus","og_url":"https:\/\/www.intoscana.it\/it\/plasmaterapia-covid-firenze\/","og_site_name":"intoscana","article_publisher":"https:\/\/www.facebook.com\/intoscana.it","article_published_time":"2020-06-05T12:09:30+00:00","article_modified_time":"2020-08-10T08:21:47+00:00","og_image":[{"width":2000,"height":1333,"url":"https:\/\/www.intoscana.it\/wp-content\/uploads\/shutterstock_1708439188-1.jpg","type":"image\/jpeg"}],"author":"Redazione","twitter_card":"summary_large_image","twitter_creator":"@intoscana","twitter_site":"@intoscana","twitter_misc":{"Written by":"Redazione","Est. reading time":"2 minuti"},"schema":{"@context":"https:\/\/schema.org","@graph":[{"@type":"WebPage","@id":"https:\/\/www.intoscana.it\/it\/plasmaterapia-covid-firenze\/","url":"https:\/\/www.intoscana.it\/it\/plasmaterapia-covid-firenze\/","name":"Plasmaterapia contro il Covid-19: al via le prime donazioni a Firenze - intoscana","isPartOf":{"@id":"https:\/\/www.intoscana.it\/it\/#website"},"primaryImageOfPage":{"@id":"https:\/\/www.intoscana.it\/it\/plasmaterapia-covid-firenze\/#primaryimage"},"image":{"@id":"https:\/\/www.intoscana.it\/it\/plasmaterapia-covid-firenze\/#primaryimage"},"thumbnailUrl":"https:\/\/www.intoscana.it\/wp-content\/uploads\/shutterstock_1708439188-1.jpg","datePublished":"2020-06-05T12:09:30+00:00","dateModified":"2020-08-10T08:21:47+00:00","author":{"@id":"https:\/\/www.intoscana.it\/it\/#\/schema\/person\/9223810753230f20bd670fdd322661f8"},"breadcrumb":{"@id":"https:\/\/www.intoscana.it\/it\/plasmaterapia-covid-firenze\/#breadcrumb"},"inLanguage":"it-IT","potentialAction":[{"@type":"ReadAction","target":["https:\/\/www.intoscana.it\/it\/plasmaterapia-covid-firenze\/"]}]},{"@type":"ImageObject","inLanguage":"it-IT","@id":"https:\/\/www.intoscana.it\/it\/plasmaterapia-covid-firenze\/#primaryimage","url":"https:\/\/www.intoscana.it\/wp-content\/uploads\/shutterstock_1708439188-1.jpg","contentUrl":"https:\/\/www.intoscana.it\/wp-content\/uploads\/shutterstock_1708439188-1.jpg","width":2000,"height":1333},{"@type":"BreadcrumbList","@id":"https:\/\/www.intoscana.it\/it\/plasmaterapia-covid-firenze\/#breadcrumb","itemListElement":[{"@type":"ListItem","position":1,"name":"Home","item":"https:\/\/www.intoscana.it\/it\/"},{"@type":"ListItem","position":2,"name":"Plasmaterapia contro il Covid-19: al via le prime donazioni a Firenze"}]},{"@type":"WebSite","@id":"https:\/\/www.intoscana.it\/it\/#website","url":"https:\/\/www.intoscana.it\/it\/","name":"intoscana","description":"","potentialAction":[{"@type":"SearchAction","target":{"@type":"EntryPoint","urlTemplate":"https:\/\/www.intoscana.it\/it\/?s={search_term_string}"},"query-input":{"@type":"PropertyValueSpecification","valueRequired":true,"valueName":"search_term_string"}}],"inLanguage":"it-IT"},{"@type":"Person","@id":"https:\/\/www.intoscana.it\/it\/#\/schema\/person\/9223810753230f20bd670fdd322661f8","name":"Redazione","url":"https:\/\/www.intoscana.it\/it\/author\/redazione\/"}]}},"_links":{"self":[{"href":"https:\/\/www.intoscana.it\/it\/wp-json\/wp\/v2\/posts\/142958","targetHints":{"allow":["GET"]}}],"collection":[{"href":"https:\/\/www.intoscana.it\/it\/wp-json\/wp\/v2\/posts"}],"about":[{"href":"https:\/\/www.intoscana.it\/it\/wp-json\/wp\/v2\/types\/post"}],"author":[{"embeddable":true,"href":"https:\/\/www.intoscana.it\/it\/wp-json\/wp\/v2\/users\/525"}],"replies":[{"embeddable":true,"href":"https:\/\/www.intoscana.it\/it\/wp-json\/wp\/v2\/comments?post=142958"}],"version-history":[{"count":0,"href":"https:\/\/www.intoscana.it\/it\/wp-json\/wp\/v2\/posts\/142958\/revisions"}],"wp:featuredmedia":[{"embeddable":true,"href":"https:\/\/www.intoscana.it\/it\/wp-json\/wp\/v2\/media\/143809"}],"wp:attachment":[{"href":"https:\/\/www.intoscana.it\/it\/wp-json\/wp\/v2\/media?parent=142958"}],"wp:term":[{"taxonomy":"category","embeddable":true,"href":"https:\/\/www.intoscana.it\/it\/wp-json\/wp\/v2\/categories?post=142958"},{"taxonomy":"post_tag","embeddable":true,"href":"https:\/\/www.intoscana.it\/it\/wp-json\/wp\/v2\/tags?post=142958"}],"curies":[{"name":"wp","href":"https:\/\/api.w.org\/{rel}","templated":true}]}}