{"id":142979,"date":"2020-04-14T11:25:27","date_gmt":"2020-04-14T09:25:27","guid":{"rendered":"https:\/\/www.intoscana.it\/firenze-piange-andrea-mi-il-ricordo-del-suo-amico-don-pasta\/"},"modified":"2020-08-10T10:21:59","modified_gmt":"2020-08-10T08:21:59","slug":"andrea-mi-don-pasta","status":"publish","type":"post","link":"https:\/\/www.intoscana.it\/it\/andrea-mi-don-pasta\/","title":{"rendered":"Firenze piange Andrea Mi: il ricordo del suo amico Don Pasta"},"content":{"rendered":"<p>Dopo una lunga e grave malattia <strong>\u00e8 morto a Firenze Andrea Mi<\/strong> dj, speaker radiofonico, giornalista, docente che per pi\u00f9 di 20 anni ha animato con i suoi dj set la scena fiorentina fino all&#8217;ultima serata il <strong>28 febbraio, dopo il live dei Calibro 35 alla Flog,<\/strong> poco prima della quarantena.<br \/>Laureato presso la Facolt\u00e0 di Architettura di Firenze, <strong>Andrea Mi era un esperto di musica, video e nuovi media<\/strong>. Scriveva su testate specializzate e collaborava con numerosi festival dedicati alle arti digitali, <strong>insegnava presso LABA e IED<\/strong> a Firenze e Fondazione Fotografia a Modena.&nbsp;Salentino di nascita ma ormai fiorentino d&#8217;adozione, era noto soprattutto per la sua attivit\u00e0 di dj radiofonico curando, dal 1993, trasmissioni e dj-set sull\u2019emittente toscana <strong>Controradio Popolare Network.&nbsp;<\/strong>Nel 2006 \u00e8 andata in onda la prima puntata del suo programma<strong> Mixology<\/strong>, una trasmissione radiofonica che in pochissimo tempo \u00e8 diventato un <strong>punto di riferimento per tutti gli appassionati della dance e dell&#8217;elettronica di ricerca.&nbsp;<\/strong>Negli anni ha messo i dischi in alcuni dei migliori club italiani e internazionali tra Spagna, Grecia, Albania, Kosovo. Assieme a Numa Crew, Zion Train e Backwords ha fatto parte della scuderia Elastica Records. Era inoltre resident dj della storica <strong>Vibranite all&#8217;Auditorium Flog<\/strong> e della<strong> One Night _Underpop al Tenax di Firenze<\/strong> oltre che degli appuntamenti <strong>Disco_nnect<\/strong> in tour per l&#8217;Italia.&nbsp;Ha condiviso il palco con artisti come <strong>Coldcut, Kode9, Daddy G, Tricky, Jazzanova, Soul Jazz Sound System, Lee Scratch Perry<\/strong>&nbsp;e molti altri.<\/p>\n<p><strong>Ecco la nostra intervista al suo carissimo amico Daniele De Michele, in arte Don Pasta.<\/strong><\/p>\n<p><strong>Come vi siete conosciuti?<\/strong><br \/>Siamo entrambi salentini, eravamo tutti e due animatori della scena delle feste salentine. Ci siamo incontrati quando abbiamo cominciato a seguire le <strong>Dance Hall dei Sud Sound System a fine anni &#8217;90<\/strong>. Eravamo assidui frequentatori di queste feste memorabili, animati dalla voglia di divertirci in modo nuovo. Questo nucleo originario di dj salentini amanti della natura e della musica giamaicana \u00e8 stato il punto di partenza per un percorso che molto spesso abbiamo condiviso.<\/p>\n<p><strong>Tutti quando parlano di lui parlano della sua grande gentilezza, questa cosa mi ha colpito<\/strong><br \/>Nell&#8217;intimit\u00e0 dell&#8217;amicizia era anche una persona molto esigente, a volte spigolosa. Aveva una grande generosit\u00e0, Andrea concepiva il lavoro come un&#8217;enorme rete da mettere in comune, <strong>lui ha condiviso sempre tutti i suoi contatti.<\/strong> Io ho cominciato come Don Pasta, nessuno mi conosceva, l<strong>a citt\u00e0 dove ho potuto fare pi\u00f9 spettacoli \u00e8 stata Firenze grazie a lui.<\/strong> Come me, altre centinaia di artisti hanno potuto sfruttare la sua generosit\u00e0. Era oltre ogni aspettativa, gli altri avevano meno questa idea che bisognasse condividere esperienze, contatti e tutto il resto. Lui aveva la mania della condivisione, era cos\u00ec che lavorava, una cosa sorprendente e unica.<\/p>\n<p><strong>Io ho conosciuto Andrea Mi soprattutto attraverso i suoi dj set che ho ballato alla Flog, al BUH, in tanti altri locali e serate fiorentine e ho sempre avuto l&#8217;impressione che musicalmente fosse una persona coltissima<\/strong><br \/>Secondo me lui era uno dei pi\u00f9 grandi cultori di musica al mondo, il suo Mixology \u00e8 una piattaforma da cui la gente scaricava i podcast da tutto il mondo. Lui univa due cose: primo <strong>una grande conoscenza della storia della musica,<\/strong> ma anche dell&#8217;architettura, della filosofia orientale, dei visual, e delle culture metropolitane. A lui interessava tutto e per lui la musica faceva parte di una conoscenza &#8216;alta&#8217;. Secondo <strong>non si accontentava mai, era perennemente alla ricerca di novit\u00e0,<\/strong> perennemente. Al punto che <strong>Daddy G<\/strong> (Massive Attack) ogni volta che facevano un dj set insieme, lui era la star e Andrea la &#8216;spalla&#8217;, gli diceva sempre &#8216;dammi tutta la musica che stai suonando&#8217; perch\u00e8 nessuno era sul pezzo come lui. <\/p>\n<p><strong>Ti faccio un&#8217;ultima domanda ti ricordi l&#8217;ultima volta che vi siete parlati?<\/strong><br \/>Ci sono due momenti importanti. Piano piano sentivo che le cose non stavano andando bene, quindi un mese fa da Roma sono andato a trovarlo. Durante l&#8217;arco della sua malattia mi \u00e8 successo spesso di prendere il treno ed andarlo a trovare quando i momenti erano complicati, anche nella gestione familiare. Sono andato un mese fa, la cosa meravigliosa \u00e8 che ho potuto assistere a <strong>una sua lezione di architettura allo IED.<\/strong> Era sorprendente come lui nonostante tutti i dolori, le fatiche, le frustrazioni continuava imperterrito, come se nulla fosse. Questa cosa del lavoro e dell&#8217;educazione lo alimentava. E poi ci siamo sentiti il giorno in cui lo hanno ricoverato, ci siamo scambiati musica come se nulla fosse, questa cosa mi ha un po&#8217; fregato, perch\u00e8 l&#8217;ho presa un po&#8217; sotto gamba. Gli ultimi messaggi lasciavano sperare, perch\u00e8 lui era molto forte. <\/p>\n<p><strong>Ti posso chiedere che canzoni vi siete scambiati?<\/strong><br \/>La mia era di <strong>Pharoa Sanders si chiama &#8216;Japan&#8217;<\/strong> perch\u00e8 lui amava molto la cultura giapponese. Lui invece ci teneva a parlarmi di questo giovane musicista dell&#8217;Angola che ha 25 anni e si chiama <strong>Nazar.<\/strong> Uno degli ultimi articoli che ha scritto per &#8216;<strong>Sentireascoltare&#8217;<\/strong> era su di lui. Andrea ha scritto sul suo disco che si chiama &#8216;<strong>Guerrilla&#8217;<\/strong>. Fino all&#8217;ultimo ha unito la ricerca sulle nuove musiche, i nuovi mondi, come forma di ribellione, rivolta e trasformazione del mondo.&nbsp;<\/p>\n<p><strong>Per ascoltare la musica di Andrea Mi:<\/strong><br \/><strong><a href=\"https:\/\/www.mixcloud.com\/andrea_mi\/stream\/\" target=\"_blank\" rel=\"noopener nofollow noreferrer\">https:\/\/www.mixcloud.com\/andrea_mi\/stream\/<\/a><\/strong><br \/><strong><a href=\"https:\/\/l.facebook.com\/l.php\" target=\"_blank\" rel=\"noopener nofollow noreferrer\" class=\"broken_link\">https:\/\/soundcloud.com\/andrea-mi\u2026<\/a><\/strong><\/p>\n","protected":false},"excerpt":{"rendered":"<p>\u00c8 morto uno dei dj pi\u00f9 amati della scena fiorentina, giornalista, docente, speaker radiofonico<\/p>\n","protected":false},"author":518,"featured_media":143830,"comment_status":"open","ping_status":"open","sticky":false,"template":"","format":"standard","meta":{"_acf_changed":false,"footnotes":""},"categories":[14],"tags":[3138,167,3196],"class_list":["post-142979","post","type-post","status-publish","format-standard","has-post-thumbnail","hentry","category-musica","tag-interviste-agli-artisti","tag-musica","tag-musicisti"],"acf":[],"yoast_head":"<!-- This site is optimized with the Yoast SEO Premium plugin v24.2 (Yoast SEO v25.6) - https:\/\/yoast.com\/wordpress\/plugins\/seo\/ -->\n<title>Firenze piange Andrea Mi: il ricordo del suo amico Don Pasta - intoscana<\/title>\n<meta name=\"description\" content=\"E&#039; morto dopo una lunga malattia Andrea Mi giornalista, dj, professore, speaker radiofonico. Il suo grande amico Don Pasta racconta come hanno iniziato insieme\" \/>\n<meta name=\"robots\" content=\"index, follow, max-snippet:-1, max-image-preview:large, max-video-preview:-1\" \/>\n<link rel=\"canonical\" href=\"https:\/\/www.intoscana.it\/it\/andrea-mi-don-pasta\/\" \/>\n<meta property=\"og:locale\" content=\"it_IT\" \/>\n<meta property=\"og:type\" content=\"article\" \/>\n<meta property=\"og:title\" content=\"Firenze piange Andrea Mi: il ricordo del suo amico Don Pasta\" \/>\n<meta property=\"og:description\" content=\"E&#039; morto dopo una lunga malattia Andrea Mi giornalista, dj, professore, speaker radiofonico. Il suo grande amico Don Pasta racconta come hanno iniziato insieme\" \/>\n<meta property=\"og:url\" content=\"https:\/\/www.intoscana.it\/it\/andrea-mi-don-pasta\/\" \/>\n<meta property=\"og:site_name\" content=\"intoscana\" \/>\n<meta property=\"article:publisher\" content=\"https:\/\/www.facebook.com\/intoscana.it\" \/>\n<meta property=\"article:published_time\" content=\"2020-04-14T09:25:27+00:00\" \/>\n<meta property=\"article:modified_time\" content=\"2020-08-10T08:21:59+00:00\" \/>\n<meta property=\"og:image\" content=\"https:\/\/www.intoscana.it\/wp-content\/uploads\/93303568_3914500521923472_3086550196838989824_n.jpeg\" \/>\n\t<meta property=\"og:image:width\" content=\"872\" \/>\n\t<meta property=\"og:image:height\" content=\"726\" \/>\n\t<meta property=\"og:image:type\" content=\"image\/jpeg\" \/>\n<meta name=\"author\" content=\"Costanza Baldini\" \/>\n<meta name=\"twitter:card\" content=\"summary_large_image\" \/>\n<meta name=\"twitter:creator\" content=\"@intoscana\" \/>\n<meta name=\"twitter:site\" content=\"@intoscana\" \/>\n<meta name=\"twitter:label1\" content=\"Written by\" \/>\n\t<meta name=\"twitter:data1\" content=\"Costanza Baldini\" \/>\n\t<meta name=\"twitter:label2\" content=\"Est. reading time\" \/>\n\t<meta name=\"twitter:data2\" content=\"4 minuti\" \/>\n<script type=\"application\/ld+json\" class=\"yoast-schema-graph\">{\"@context\":\"https:\/\/schema.org\",\"@graph\":[{\"@type\":\"WebPage\",\"@id\":\"https:\/\/www.intoscana.it\/it\/andrea-mi-don-pasta\/\",\"url\":\"https:\/\/www.intoscana.it\/it\/andrea-mi-don-pasta\/\",\"name\":\"Firenze piange Andrea Mi: il ricordo del suo amico Don Pasta - intoscana\",\"isPartOf\":{\"@id\":\"https:\/\/www.intoscana.it\/it\/#website\"},\"primaryImageOfPage\":{\"@id\":\"https:\/\/www.intoscana.it\/it\/andrea-mi-don-pasta\/#primaryimage\"},\"image\":{\"@id\":\"https:\/\/www.intoscana.it\/it\/andrea-mi-don-pasta\/#primaryimage\"},\"thumbnailUrl\":\"https:\/\/www.intoscana.it\/wp-content\/uploads\/93303568_3914500521923472_3086550196838989824_n.jpeg\",\"datePublished\":\"2020-04-14T09:25:27+00:00\",\"dateModified\":\"2020-08-10T08:21:59+00:00\",\"author\":{\"@id\":\"https:\/\/www.intoscana.it\/it\/#\/schema\/person\/d469f35f09739bdf00bf5dd3f0647a82\"},\"description\":\"E' morto dopo una lunga malattia Andrea Mi giornalista, dj, professore, speaker radiofonico. Il suo grande amico Don Pasta racconta come hanno iniziato insieme\",\"breadcrumb\":{\"@id\":\"https:\/\/www.intoscana.it\/it\/andrea-mi-don-pasta\/#breadcrumb\"},\"inLanguage\":\"it-IT\",\"potentialAction\":[{\"@type\":\"ReadAction\",\"target\":[\"https:\/\/www.intoscana.it\/it\/andrea-mi-don-pasta\/\"]}]},{\"@type\":\"ImageObject\",\"inLanguage\":\"it-IT\",\"@id\":\"https:\/\/www.intoscana.it\/it\/andrea-mi-don-pasta\/#primaryimage\",\"url\":\"https:\/\/www.intoscana.it\/wp-content\/uploads\/93303568_3914500521923472_3086550196838989824_n.jpeg\",\"contentUrl\":\"https:\/\/www.intoscana.it\/wp-content\/uploads\/93303568_3914500521923472_3086550196838989824_n.jpeg\",\"width\":872,\"height\":726,\"caption\":\"Andrea Mi\"},{\"@type\":\"BreadcrumbList\",\"@id\":\"https:\/\/www.intoscana.it\/it\/andrea-mi-don-pasta\/#breadcrumb\",\"itemListElement\":[{\"@type\":\"ListItem\",\"position\":1,\"name\":\"Home\",\"item\":\"https:\/\/www.intoscana.it\/it\/\"},{\"@type\":\"ListItem\",\"position\":2,\"name\":\"Firenze piange Andrea Mi: il ricordo del suo amico Don Pasta\"}]},{\"@type\":\"WebSite\",\"@id\":\"https:\/\/www.intoscana.it\/it\/#website\",\"url\":\"https:\/\/www.intoscana.it\/it\/\",\"name\":\"intoscana\",\"description\":\"\",\"potentialAction\":[{\"@type\":\"SearchAction\",\"target\":{\"@type\":\"EntryPoint\",\"urlTemplate\":\"https:\/\/www.intoscana.it\/it\/?s={search_term_string}\"},\"query-input\":{\"@type\":\"PropertyValueSpecification\",\"valueRequired\":true,\"valueName\":\"search_term_string\"}}],\"inLanguage\":\"it-IT\"},{\"@type\":\"Person\",\"@id\":\"https:\/\/www.intoscana.it\/it\/#\/schema\/person\/d469f35f09739bdf00bf5dd3f0647a82\",\"name\":\"Costanza Baldini\",\"url\":\"https:\/\/www.intoscana.it\/it\/author\/costanza-baldini\/\"}]}<\/script>\n<!-- \/ Yoast SEO Premium plugin. -->","yoast_head_json":{"title":"Firenze piange Andrea Mi: il ricordo del suo amico Don Pasta - intoscana","description":"E' morto dopo una lunga malattia Andrea Mi giornalista, dj, professore, speaker radiofonico. Il suo grande amico Don Pasta racconta come hanno iniziato insieme","robots":{"index":"index","follow":"follow","max-snippet":"max-snippet:-1","max-image-preview":"max-image-preview:large","max-video-preview":"max-video-preview:-1"},"canonical":"https:\/\/www.intoscana.it\/it\/andrea-mi-don-pasta\/","og_locale":"it_IT","og_type":"article","og_title":"Firenze piange Andrea Mi: il ricordo del suo amico Don Pasta","og_description":"E' morto dopo una lunga malattia Andrea Mi giornalista, dj, professore, speaker radiofonico. Il suo grande amico Don Pasta racconta come hanno iniziato insieme","og_url":"https:\/\/www.intoscana.it\/it\/andrea-mi-don-pasta\/","og_site_name":"intoscana","article_publisher":"https:\/\/www.facebook.com\/intoscana.it","article_published_time":"2020-04-14T09:25:27+00:00","article_modified_time":"2020-08-10T08:21:59+00:00","og_image":[{"width":872,"height":726,"url":"https:\/\/www.intoscana.it\/wp-content\/uploads\/93303568_3914500521923472_3086550196838989824_n.jpeg","type":"image\/jpeg"}],"author":"Costanza Baldini","twitter_card":"summary_large_image","twitter_creator":"@intoscana","twitter_site":"@intoscana","twitter_misc":{"Written by":"Costanza Baldini","Est. reading time":"4 minuti"},"schema":{"@context":"https:\/\/schema.org","@graph":[{"@type":"WebPage","@id":"https:\/\/www.intoscana.it\/it\/andrea-mi-don-pasta\/","url":"https:\/\/www.intoscana.it\/it\/andrea-mi-don-pasta\/","name":"Firenze piange Andrea Mi: il ricordo del suo amico Don Pasta - intoscana","isPartOf":{"@id":"https:\/\/www.intoscana.it\/it\/#website"},"primaryImageOfPage":{"@id":"https:\/\/www.intoscana.it\/it\/andrea-mi-don-pasta\/#primaryimage"},"image":{"@id":"https:\/\/www.intoscana.it\/it\/andrea-mi-don-pasta\/#primaryimage"},"thumbnailUrl":"https:\/\/www.intoscana.it\/wp-content\/uploads\/93303568_3914500521923472_3086550196838989824_n.jpeg","datePublished":"2020-04-14T09:25:27+00:00","dateModified":"2020-08-10T08:21:59+00:00","author":{"@id":"https:\/\/www.intoscana.it\/it\/#\/schema\/person\/d469f35f09739bdf00bf5dd3f0647a82"},"description":"E' morto dopo una lunga malattia Andrea Mi giornalista, dj, professore, speaker radiofonico. Il suo grande amico Don Pasta racconta come hanno iniziato insieme","breadcrumb":{"@id":"https:\/\/www.intoscana.it\/it\/andrea-mi-don-pasta\/#breadcrumb"},"inLanguage":"it-IT","potentialAction":[{"@type":"ReadAction","target":["https:\/\/www.intoscana.it\/it\/andrea-mi-don-pasta\/"]}]},{"@type":"ImageObject","inLanguage":"it-IT","@id":"https:\/\/www.intoscana.it\/it\/andrea-mi-don-pasta\/#primaryimage","url":"https:\/\/www.intoscana.it\/wp-content\/uploads\/93303568_3914500521923472_3086550196838989824_n.jpeg","contentUrl":"https:\/\/www.intoscana.it\/wp-content\/uploads\/93303568_3914500521923472_3086550196838989824_n.jpeg","width":872,"height":726,"caption":"Andrea Mi"},{"@type":"BreadcrumbList","@id":"https:\/\/www.intoscana.it\/it\/andrea-mi-don-pasta\/#breadcrumb","itemListElement":[{"@type":"ListItem","position":1,"name":"Home","item":"https:\/\/www.intoscana.it\/it\/"},{"@type":"ListItem","position":2,"name":"Firenze piange Andrea Mi: il ricordo del suo amico Don Pasta"}]},{"@type":"WebSite","@id":"https:\/\/www.intoscana.it\/it\/#website","url":"https:\/\/www.intoscana.it\/it\/","name":"intoscana","description":"","potentialAction":[{"@type":"SearchAction","target":{"@type":"EntryPoint","urlTemplate":"https:\/\/www.intoscana.it\/it\/?s={search_term_string}"},"query-input":{"@type":"PropertyValueSpecification","valueRequired":true,"valueName":"search_term_string"}}],"inLanguage":"it-IT"},{"@type":"Person","@id":"https:\/\/www.intoscana.it\/it\/#\/schema\/person\/d469f35f09739bdf00bf5dd3f0647a82","name":"Costanza Baldini","url":"https:\/\/www.intoscana.it\/it\/author\/costanza-baldini\/"}]}},"_links":{"self":[{"href":"https:\/\/www.intoscana.it\/it\/wp-json\/wp\/v2\/posts\/142979","targetHints":{"allow":["GET"]}}],"collection":[{"href":"https:\/\/www.intoscana.it\/it\/wp-json\/wp\/v2\/posts"}],"about":[{"href":"https:\/\/www.intoscana.it\/it\/wp-json\/wp\/v2\/types\/post"}],"author":[{"embeddable":true,"href":"https:\/\/www.intoscana.it\/it\/wp-json\/wp\/v2\/users\/518"}],"replies":[{"embeddable":true,"href":"https:\/\/www.intoscana.it\/it\/wp-json\/wp\/v2\/comments?post=142979"}],"version-history":[{"count":0,"href":"https:\/\/www.intoscana.it\/it\/wp-json\/wp\/v2\/posts\/142979\/revisions"}],"wp:featuredmedia":[{"embeddable":true,"href":"https:\/\/www.intoscana.it\/it\/wp-json\/wp\/v2\/media\/143830"}],"wp:attachment":[{"href":"https:\/\/www.intoscana.it\/it\/wp-json\/wp\/v2\/media?parent=142979"}],"wp:term":[{"taxonomy":"category","embeddable":true,"href":"https:\/\/www.intoscana.it\/it\/wp-json\/wp\/v2\/categories?post=142979"},{"taxonomy":"post_tag","embeddable":true,"href":"https:\/\/www.intoscana.it\/it\/wp-json\/wp\/v2\/tags?post=142979"}],"curies":[{"name":"wp","href":"https:\/\/api.w.org\/{rel}","templated":true}]}}