{"id":142996,"date":"2020-04-02T14:41:46","date_gmt":"2020-04-02T12:41:46","guid":{"rendered":"https:\/\/www.intoscana.it\/coronavirus-e-bambini-a-prato-assistenza-psicologica-per-i-genitori\/"},"modified":"2020-08-10T10:22:08","modified_gmt":"2020-08-10T08:22:08","slug":"coronavirus-assistenza-genitori","status":"publish","type":"post","link":"https:\/\/www.intoscana.it\/it\/coronavirus-assistenza-genitori\/","title":{"rendered":"Coronavirus e bambini: a Prato assistenza psicologica per i genitori"},"content":{"rendered":"<p>Ha fatto molto discutere in questi giorni <strong>la <a href=\"https:\/\/www.intoscana.it\/it\/salute-e-benessere\/articolo\/coronavirus-bambini-genitore\/\" target=\"_blank\" rel=\"noopener noreferrer\">circolare con cui il Viminale<\/a> precisava che si possono portare i figli minori fuori casa per una passeggiata, purch\u00e9 li accompagni un genitore solo e si rimanga &#8220;in prossimit\u00e0 della propria abitazione&#8221;.<\/strong>&nbsp;Comunque la si pensi, \u00e8 innegabile il fatto che per le famiglie pu\u00f2 essere complicato in questo momento affrontare la quarantena spiegando ai bambini come mai non si pu\u00f2 uscire di casa, neanche per vedere i nonni o i propri amichetti, e dovendo gestire oltre a tutto il resto anche le problematiche legate allo stress dei pi\u00f9 piccoli.&nbsp;<\/p>\n<p><strong>Per offrire un aiuto ai genitori in questo momento di emergenza sanitaria a Prato arrivano gli psicologi.<\/strong> Da oggi \u00e8 attivo il numero 0574 805060, da luned\u00ec a venerd\u00ec, dalle 9.30 alle 12.30: al telefono rispondono psicologi specializzati con una lunga esperienza nell&#8217;unit\u00e0 funzionale di salute mentale per l&#8217;infanzia e l&#8217;adolescenza di Prato, diretta da Marco Armellini.<\/p>\n<p><img decoding=\"async\" style=\"width: 600px;\" title=\"app-per-bambini-619x350\" src=\"https:\/\/www.intoscana.it\/shared\/intoscana\/immagini\/tecnologia\/app-per-bambini-619x350.png\" alt=\"app-per-bambini-619x350\" height=\"339\" \/><\/p>\n<p><strong> L&#8217;epidemia da Covid-19 sta cambiando la quotidianit\u00e0 delle famiglie e dei bambini <\/strong>che devono trascorrere intere giornate a casa senza condividere momenti di svago con altri coetanei. <\/p>\n<p>&#8220;\u00c8 normale per tutti i figli e per tutti i genitori avere dei momenti di crisi, di conflitto &#8211; spiega Armellini &#8211; \u00e8 normale che a volte i nostri bambini o i nostri adolescenti sembrino &#8216;tornare indietro&#8217; e manifestare bisogni o atteggiamenti che parevano superati. Figuriamoci in una situazione stressante come quella che viviamo. Per questo abbiamo pensato di <strong>mettere a disposizione dei genitori dell&#8217;area pratese un numero di telefono dedicato per aiutare i genitori a ritrovare le risorse per superare anche i momenti difficili nel rapporto con i loro figli e le loro figlie&#8221;.<\/strong>&nbsp;<\/p>\n","protected":false},"excerpt":{"rendered":"<p>Attivo un numero di emergenza a cui psicologi specializzati possono aiutare le madri e i padri a gestire questo momento difficile<\/p>\n","protected":false},"author":525,"featured_media":143847,"comment_status":"open","ping_status":"open","sticky":false,"template":"","format":"standard","meta":{"_acf_changed":false,"footnotes":""},"categories":[18],"tags":[350,259],"class_list":["post-142996","post","type-post","status-publish","format-standard","has-post-thumbnail","hentry","category-salute","tag-bambini","tag-prato"],"acf":[],"yoast_head":"<!-- This site is optimized with the Yoast SEO Premium plugin v24.2 (Yoast SEO v25.6) - https:\/\/yoast.com\/wordpress\/plugins\/seo\/ -->\n<title>Coronavirus e bambini: a Prato assistenza psicologica per i genitori - intoscana<\/title>\n<meta name=\"robots\" content=\"index, follow, max-snippet:-1, max-image-preview:large, max-video-preview:-1\" \/>\n<link rel=\"canonical\" href=\"https:\/\/www.intoscana.it\/it\/coronavirus-assistenza-genitori\/\" \/>\n<meta property=\"og:locale\" content=\"it_IT\" \/>\n<meta property=\"og:type\" content=\"article\" \/>\n<meta property=\"og:title\" content=\"Coronavirus e bambini: a Prato assistenza psicologica per i genitori\" \/>\n<meta property=\"og:description\" content=\"Attivo un numero di emergenza a cui psicologi specializzati possono aiutare le madri e i padri a gestire questo momento difficile\" \/>\n<meta property=\"og:url\" content=\"https:\/\/www.intoscana.it\/it\/coronavirus-assistenza-genitori\/\" \/>\n<meta property=\"og:site_name\" content=\"intoscana\" \/>\n<meta property=\"article:publisher\" content=\"https:\/\/www.facebook.com\/intoscana.it\" \/>\n<meta property=\"article:published_time\" content=\"2020-04-02T12:41:46+00:00\" \/>\n<meta property=\"article:modified_time\" content=\"2020-08-10T08:22:08+00:00\" \/>\n<meta property=\"og:image\" content=\"https:\/\/www.intoscana.it\/wp-content\/uploads\/shutterstock_1043328148.jpg\" \/>\n\t<meta property=\"og:image:width\" content=\"2000\" \/>\n\t<meta property=\"og:image:height\" content=\"1333\" \/>\n\t<meta property=\"og:image:type\" content=\"image\/jpeg\" \/>\n<meta name=\"author\" content=\"Redazione\" \/>\n<meta name=\"twitter:card\" content=\"summary_large_image\" \/>\n<meta name=\"twitter:creator\" content=\"@intoscana\" \/>\n<meta name=\"twitter:site\" content=\"@intoscana\" \/>\n<meta name=\"twitter:label1\" content=\"Written by\" \/>\n\t<meta name=\"twitter:data1\" content=\"Redazione\" \/>\n\t<meta name=\"twitter:label2\" content=\"Est. reading time\" \/>\n\t<meta name=\"twitter:data2\" content=\"1 minuto\" \/>\n<script type=\"application\/ld+json\" class=\"yoast-schema-graph\">{\"@context\":\"https:\/\/schema.org\",\"@graph\":[{\"@type\":\"WebPage\",\"@id\":\"https:\/\/www.intoscana.it\/it\/coronavirus-assistenza-genitori\/\",\"url\":\"https:\/\/www.intoscana.it\/it\/coronavirus-assistenza-genitori\/\",\"name\":\"Coronavirus e bambini: a Prato assistenza psicologica per i genitori - intoscana\",\"isPartOf\":{\"@id\":\"https:\/\/www.intoscana.it\/it\/#website\"},\"primaryImageOfPage\":{\"@id\":\"https:\/\/www.intoscana.it\/it\/coronavirus-assistenza-genitori\/#primaryimage\"},\"image\":{\"@id\":\"https:\/\/www.intoscana.it\/it\/coronavirus-assistenza-genitori\/#primaryimage\"},\"thumbnailUrl\":\"https:\/\/www.intoscana.it\/wp-content\/uploads\/shutterstock_1043328148.jpg\",\"datePublished\":\"2020-04-02T12:41:46+00:00\",\"dateModified\":\"2020-08-10T08:22:08+00:00\",\"author\":{\"@id\":\"https:\/\/www.intoscana.it\/it\/#\/schema\/person\/9223810753230f20bd670fdd322661f8\"},\"breadcrumb\":{\"@id\":\"https:\/\/www.intoscana.it\/it\/coronavirus-assistenza-genitori\/#breadcrumb\"},\"inLanguage\":\"it-IT\",\"potentialAction\":[{\"@type\":\"ReadAction\",\"target\":[\"https:\/\/www.intoscana.it\/it\/coronavirus-assistenza-genitori\/\"]}]},{\"@type\":\"ImageObject\",\"inLanguage\":\"it-IT\",\"@id\":\"https:\/\/www.intoscana.it\/it\/coronavirus-assistenza-genitori\/#primaryimage\",\"url\":\"https:\/\/www.intoscana.it\/wp-content\/uploads\/shutterstock_1043328148.jpg\",\"contentUrl\":\"https:\/\/www.intoscana.it\/wp-content\/uploads\/shutterstock_1043328148.jpg\",\"width\":2000,\"height\":1333,\"caption\":\"Famiglia\"},{\"@type\":\"BreadcrumbList\",\"@id\":\"https:\/\/www.intoscana.it\/it\/coronavirus-assistenza-genitori\/#breadcrumb\",\"itemListElement\":[{\"@type\":\"ListItem\",\"position\":1,\"name\":\"Home\",\"item\":\"https:\/\/www.intoscana.it\/it\/\"},{\"@type\":\"ListItem\",\"position\":2,\"name\":\"Coronavirus e bambini: a Prato assistenza psicologica per i genitori\"}]},{\"@type\":\"WebSite\",\"@id\":\"https:\/\/www.intoscana.it\/it\/#website\",\"url\":\"https:\/\/www.intoscana.it\/it\/\",\"name\":\"intoscana\",\"description\":\"\",\"potentialAction\":[{\"@type\":\"SearchAction\",\"target\":{\"@type\":\"EntryPoint\",\"urlTemplate\":\"https:\/\/www.intoscana.it\/it\/?s={search_term_string}\"},\"query-input\":{\"@type\":\"PropertyValueSpecification\",\"valueRequired\":true,\"valueName\":\"search_term_string\"}}],\"inLanguage\":\"it-IT\"},{\"@type\":\"Person\",\"@id\":\"https:\/\/www.intoscana.it\/it\/#\/schema\/person\/9223810753230f20bd670fdd322661f8\",\"name\":\"Redazione\",\"url\":\"https:\/\/www.intoscana.it\/it\/author\/redazione\/\"}]}<\/script>\n<!-- \/ Yoast SEO Premium plugin. -->","yoast_head_json":{"title":"Coronavirus e bambini: a Prato assistenza psicologica per i genitori - intoscana","robots":{"index":"index","follow":"follow","max-snippet":"max-snippet:-1","max-image-preview":"max-image-preview:large","max-video-preview":"max-video-preview:-1"},"canonical":"https:\/\/www.intoscana.it\/it\/coronavirus-assistenza-genitori\/","og_locale":"it_IT","og_type":"article","og_title":"Coronavirus e bambini: a Prato assistenza psicologica per i genitori","og_description":"Attivo un numero di emergenza a cui psicologi specializzati possono aiutare le madri e i padri a gestire questo momento difficile","og_url":"https:\/\/www.intoscana.it\/it\/coronavirus-assistenza-genitori\/","og_site_name":"intoscana","article_publisher":"https:\/\/www.facebook.com\/intoscana.it","article_published_time":"2020-04-02T12:41:46+00:00","article_modified_time":"2020-08-10T08:22:08+00:00","og_image":[{"width":2000,"height":1333,"url":"https:\/\/www.intoscana.it\/wp-content\/uploads\/shutterstock_1043328148.jpg","type":"image\/jpeg"}],"author":"Redazione","twitter_card":"summary_large_image","twitter_creator":"@intoscana","twitter_site":"@intoscana","twitter_misc":{"Written by":"Redazione","Est. reading time":"1 minuto"},"schema":{"@context":"https:\/\/schema.org","@graph":[{"@type":"WebPage","@id":"https:\/\/www.intoscana.it\/it\/coronavirus-assistenza-genitori\/","url":"https:\/\/www.intoscana.it\/it\/coronavirus-assistenza-genitori\/","name":"Coronavirus e bambini: a Prato assistenza psicologica per i genitori - intoscana","isPartOf":{"@id":"https:\/\/www.intoscana.it\/it\/#website"},"primaryImageOfPage":{"@id":"https:\/\/www.intoscana.it\/it\/coronavirus-assistenza-genitori\/#primaryimage"},"image":{"@id":"https:\/\/www.intoscana.it\/it\/coronavirus-assistenza-genitori\/#primaryimage"},"thumbnailUrl":"https:\/\/www.intoscana.it\/wp-content\/uploads\/shutterstock_1043328148.jpg","datePublished":"2020-04-02T12:41:46+00:00","dateModified":"2020-08-10T08:22:08+00:00","author":{"@id":"https:\/\/www.intoscana.it\/it\/#\/schema\/person\/9223810753230f20bd670fdd322661f8"},"breadcrumb":{"@id":"https:\/\/www.intoscana.it\/it\/coronavirus-assistenza-genitori\/#breadcrumb"},"inLanguage":"it-IT","potentialAction":[{"@type":"ReadAction","target":["https:\/\/www.intoscana.it\/it\/coronavirus-assistenza-genitori\/"]}]},{"@type":"ImageObject","inLanguage":"it-IT","@id":"https:\/\/www.intoscana.it\/it\/coronavirus-assistenza-genitori\/#primaryimage","url":"https:\/\/www.intoscana.it\/wp-content\/uploads\/shutterstock_1043328148.jpg","contentUrl":"https:\/\/www.intoscana.it\/wp-content\/uploads\/shutterstock_1043328148.jpg","width":2000,"height":1333,"caption":"Famiglia"},{"@type":"BreadcrumbList","@id":"https:\/\/www.intoscana.it\/it\/coronavirus-assistenza-genitori\/#breadcrumb","itemListElement":[{"@type":"ListItem","position":1,"name":"Home","item":"https:\/\/www.intoscana.it\/it\/"},{"@type":"ListItem","position":2,"name":"Coronavirus e bambini: a Prato assistenza psicologica per i genitori"}]},{"@type":"WebSite","@id":"https:\/\/www.intoscana.it\/it\/#website","url":"https:\/\/www.intoscana.it\/it\/","name":"intoscana","description":"","potentialAction":[{"@type":"SearchAction","target":{"@type":"EntryPoint","urlTemplate":"https:\/\/www.intoscana.it\/it\/?s={search_term_string}"},"query-input":{"@type":"PropertyValueSpecification","valueRequired":true,"valueName":"search_term_string"}}],"inLanguage":"it-IT"},{"@type":"Person","@id":"https:\/\/www.intoscana.it\/it\/#\/schema\/person\/9223810753230f20bd670fdd322661f8","name":"Redazione","url":"https:\/\/www.intoscana.it\/it\/author\/redazione\/"}]}},"_links":{"self":[{"href":"https:\/\/www.intoscana.it\/it\/wp-json\/wp\/v2\/posts\/142996","targetHints":{"allow":["GET"]}}],"collection":[{"href":"https:\/\/www.intoscana.it\/it\/wp-json\/wp\/v2\/posts"}],"about":[{"href":"https:\/\/www.intoscana.it\/it\/wp-json\/wp\/v2\/types\/post"}],"author":[{"embeddable":true,"href":"https:\/\/www.intoscana.it\/it\/wp-json\/wp\/v2\/users\/525"}],"replies":[{"embeddable":true,"href":"https:\/\/www.intoscana.it\/it\/wp-json\/wp\/v2\/comments?post=142996"}],"version-history":[{"count":0,"href":"https:\/\/www.intoscana.it\/it\/wp-json\/wp\/v2\/posts\/142996\/revisions"}],"wp:featuredmedia":[{"embeddable":true,"href":"https:\/\/www.intoscana.it\/it\/wp-json\/wp\/v2\/media\/143847"}],"wp:attachment":[{"href":"https:\/\/www.intoscana.it\/it\/wp-json\/wp\/v2\/media?parent=142996"}],"wp:term":[{"taxonomy":"category","embeddable":true,"href":"https:\/\/www.intoscana.it\/it\/wp-json\/wp\/v2\/categories?post=142996"},{"taxonomy":"post_tag","embeddable":true,"href":"https:\/\/www.intoscana.it\/it\/wp-json\/wp\/v2\/tags?post=142996"}],"curies":[{"name":"wp","href":"https:\/\/api.w.org\/{rel}","templated":true}]}}