{"id":142997,"date":"2020-04-01T11:45:21","date_gmt":"2020-04-01T09:45:21","guid":{"rendered":"https:\/\/www.intoscana.it\/ministro-speranza-prorogate-fino-al-13-aprile-tutte-le-misure-restrittive\/"},"modified":"2020-08-10T10:22:09","modified_gmt":"2020-08-10T08:22:09","slug":"coronavirus-speranza-13-aprile","status":"publish","type":"post","link":"https:\/\/www.intoscana.it\/it\/coronavirus-speranza-13-aprile\/","title":{"rendered":"Ministro Speranza: &#8216;prorogate fino al 13 aprile tutte le misure restrittive&#8217;"},"content":{"rendered":"<p><strong>Si \u00e8 tenuta stamattina nell&#8217;Aula del Senato<\/strong> l&#8217;informativa del <strong>ministro della Sanit\u00e0 Roberto Speranza<\/strong> sull&#8217;emergenza coronavirus. La decisione del governo \u00e8 di &#8220;<strong>prorogare fino al 13 aprile tutte le misure di limitazione alle attivit\u00e0 e agli spostamenti individuali finora adottate&#8221;.<\/strong>&nbsp;<\/p>\n<p><strong>&#8220;Attenzione ai facili ottimismi che possono vanificare i sacrifici fatti:<\/strong> non dobbiamo confondere i primi segnali positivi con un segnale di cessato allarme&#8221;. Ha ammonito <strong>&#8220;la battaglia \u00e8 ancora molto lunga &#8211; ha detto &#8211; e sbagliare i tempi o anticipare misure sarebbe vanificare tutto&#8221;.<\/strong><\/p>\n<p><strong>Le decisioni &#8220;drastiche prese &#8211; ha spiegato Speranza &#8211; iniziano a dare i primi risultati e il contagio rallenta,<\/strong> ma sarebbe un errore scambiare un primo risultato per una sconfitta del Covid-19&#8243;. Il ministro ha quindi indicato un obiettivo: &#8220;<strong>Dobbiamo portare sotto il livello 1 il parametro R con zero, ovvero l&#8217;indice di contagio<\/strong>. Questo per evitare che il Sistema sanitario nazionale venga colpito da un ulteriore tsunami, ma la strada \u00e8 ancora lunga&#8221; anche perch\u00e8 in mancanza di un vaccino \u00e8 tutto &#8220;molto difficile&#8221;.<\/p>\n<p>Il ministro ha anche fatto riferimento alla necessit\u00e0 di <strong>&#8220;graduali misure&#8221; per evitare una ripresa esponenziale dei casi.<\/strong> La &#8220;fase di condivisione con il virus &#8211; ha detto &#8211; andr\u00e0 gestita con il Comitato tecnico scientifico, con prudenza e conservando le pratiche dei comportamenti responsabili&#8221;. &#8220;<strong>Dobbiamo programmare il domani e lo stiamo gi\u00e0 facendo &#8211; ha concluso &#8211; ma non bisogna sbagliare i tempi&#8221;.&nbsp;<\/strong><\/p>\n<p>&nbsp;<\/p>\n","protected":false},"excerpt":{"rendered":"<p>&#8216;Attenzione ai facili ottimismi che possono vanificare i sacrifici fatti&#8217; ha aggiunto nell&#8217;informativa che si \u00e8 tenuta stamttina al Senato<\/p>\n","protected":false},"author":525,"featured_media":143848,"comment_status":"open","ping_status":"open","sticky":false,"template":"","format":"standard","meta":{"_acf_changed":false,"footnotes":""},"categories":[18],"tags":[],"class_list":["post-142997","post","type-post","status-publish","format-standard","has-post-thumbnail","hentry","category-salute"],"acf":[],"yoast_head":"<!-- This site is optimized with the Yoast SEO Premium plugin v24.2 (Yoast SEO v25.6) - https:\/\/yoast.com\/wordpress\/plugins\/seo\/ -->\n<title>Ministro Speranza: &#039;prorogate fino al 13 aprile tutte le misure restrittive&#039; - intoscana<\/title>\n<meta name=\"description\" content=\"Il Ministro Roberto Speranza: &#039;prorogate fino al 13 aprile tutte le misure restrittive&#039;, ha dichiarato nell&#039;informativa che si \u00e8 tenuta stamattina al Senato\" \/>\n<meta name=\"robots\" content=\"index, follow, max-snippet:-1, max-image-preview:large, max-video-preview:-1\" \/>\n<link rel=\"canonical\" href=\"https:\/\/www.intoscana.it\/it\/coronavirus-speranza-13-aprile\/\" \/>\n<meta property=\"og:locale\" content=\"it_IT\" \/>\n<meta property=\"og:type\" content=\"article\" \/>\n<meta property=\"og:title\" content=\"Ministro Speranza: &#039;prorogate fino al 13 aprile tutte le misure restrittive&#039;\" \/>\n<meta property=\"og:description\" content=\"Il Ministro Roberto Speranza: &#039;prorogate fino al 13 aprile tutte le misure restrittive&#039;, ha dichiarato nell&#039;informativa che si \u00e8 tenuta stamattina al Senato\" \/>\n<meta property=\"og:url\" content=\"https:\/\/www.intoscana.it\/it\/coronavirus-speranza-13-aprile\/\" \/>\n<meta property=\"og:site_name\" content=\"intoscana\" \/>\n<meta property=\"article:publisher\" content=\"https:\/\/www.facebook.com\/intoscana.it\" \/>\n<meta property=\"article:published_time\" content=\"2020-04-01T09:45:21+00:00\" \/>\n<meta property=\"article:modified_time\" content=\"2020-08-10T08:22:09+00:00\" \/>\n<meta property=\"og:image\" content=\"https:\/\/www.intoscana.it\/wp-content\/uploads\/speranza.jpg\" \/>\n\t<meta property=\"og:image:width\" content=\"1920\" \/>\n\t<meta property=\"og:image:height\" content=\"1246\" \/>\n\t<meta property=\"og:image:type\" content=\"image\/jpeg\" \/>\n<meta name=\"author\" content=\"Redazione\" \/>\n<meta name=\"twitter:card\" content=\"summary_large_image\" \/>\n<meta name=\"twitter:creator\" content=\"@intoscana\" \/>\n<meta name=\"twitter:site\" content=\"@intoscana\" \/>\n<meta name=\"twitter:label1\" content=\"Written by\" \/>\n\t<meta name=\"twitter:data1\" content=\"Redazione\" \/>\n\t<meta name=\"twitter:label2\" content=\"Est. reading time\" \/>\n\t<meta name=\"twitter:data2\" content=\"1 minuto\" \/>\n<script type=\"application\/ld+json\" class=\"yoast-schema-graph\">{\"@context\":\"https:\/\/schema.org\",\"@graph\":[{\"@type\":\"WebPage\",\"@id\":\"https:\/\/www.intoscana.it\/it\/coronavirus-speranza-13-aprile\/\",\"url\":\"https:\/\/www.intoscana.it\/it\/coronavirus-speranza-13-aprile\/\",\"name\":\"Ministro Speranza: 'prorogate fino al 13 aprile tutte le misure restrittive' - intoscana\",\"isPartOf\":{\"@id\":\"https:\/\/www.intoscana.it\/it\/#website\"},\"primaryImageOfPage\":{\"@id\":\"https:\/\/www.intoscana.it\/it\/coronavirus-speranza-13-aprile\/#primaryimage\"},\"image\":{\"@id\":\"https:\/\/www.intoscana.it\/it\/coronavirus-speranza-13-aprile\/#primaryimage\"},\"thumbnailUrl\":\"https:\/\/www.intoscana.it\/wp-content\/uploads\/speranza.jpg\",\"datePublished\":\"2020-04-01T09:45:21+00:00\",\"dateModified\":\"2020-08-10T08:22:09+00:00\",\"author\":{\"@id\":\"https:\/\/www.intoscana.it\/it\/#\/schema\/person\/9223810753230f20bd670fdd322661f8\"},\"description\":\"Il Ministro Roberto Speranza: 'prorogate fino al 13 aprile tutte le misure restrittive', ha dichiarato nell'informativa che si \u00e8 tenuta stamattina al Senato\",\"breadcrumb\":{\"@id\":\"https:\/\/www.intoscana.it\/it\/coronavirus-speranza-13-aprile\/#breadcrumb\"},\"inLanguage\":\"it-IT\",\"potentialAction\":[{\"@type\":\"ReadAction\",\"target\":[\"https:\/\/www.intoscana.it\/it\/coronavirus-speranza-13-aprile\/\"]}]},{\"@type\":\"ImageObject\",\"inLanguage\":\"it-IT\",\"@id\":\"https:\/\/www.intoscana.it\/it\/coronavirus-speranza-13-aprile\/#primaryimage\",\"url\":\"https:\/\/www.intoscana.it\/wp-content\/uploads\/speranza.jpg\",\"contentUrl\":\"https:\/\/www.intoscana.it\/wp-content\/uploads\/speranza.jpg\",\"width\":1920,\"height\":1246,\"caption\":\"Ministro Speranza: 'prorogate fino al 13 aprile tutte le misure restrittive'\"},{\"@type\":\"BreadcrumbList\",\"@id\":\"https:\/\/www.intoscana.it\/it\/coronavirus-speranza-13-aprile\/#breadcrumb\",\"itemListElement\":[{\"@type\":\"ListItem\",\"position\":1,\"name\":\"Home\",\"item\":\"https:\/\/www.intoscana.it\/it\/\"},{\"@type\":\"ListItem\",\"position\":2,\"name\":\"Ministro Speranza: &#8216;prorogate fino al 13 aprile tutte le misure restrittive&#8217;\"}]},{\"@type\":\"WebSite\",\"@id\":\"https:\/\/www.intoscana.it\/it\/#website\",\"url\":\"https:\/\/www.intoscana.it\/it\/\",\"name\":\"intoscana\",\"description\":\"\",\"potentialAction\":[{\"@type\":\"SearchAction\",\"target\":{\"@type\":\"EntryPoint\",\"urlTemplate\":\"https:\/\/www.intoscana.it\/it\/?s={search_term_string}\"},\"query-input\":{\"@type\":\"PropertyValueSpecification\",\"valueRequired\":true,\"valueName\":\"search_term_string\"}}],\"inLanguage\":\"it-IT\"},{\"@type\":\"Person\",\"@id\":\"https:\/\/www.intoscana.it\/it\/#\/schema\/person\/9223810753230f20bd670fdd322661f8\",\"name\":\"Redazione\",\"url\":\"https:\/\/www.intoscana.it\/it\/author\/redazione\/\"}]}<\/script>\n<!-- \/ Yoast SEO Premium plugin. -->","yoast_head_json":{"title":"Ministro Speranza: 'prorogate fino al 13 aprile tutte le misure restrittive' - intoscana","description":"Il Ministro Roberto Speranza: 'prorogate fino al 13 aprile tutte le misure restrittive', ha dichiarato nell'informativa che si \u00e8 tenuta stamattina al Senato","robots":{"index":"index","follow":"follow","max-snippet":"max-snippet:-1","max-image-preview":"max-image-preview:large","max-video-preview":"max-video-preview:-1"},"canonical":"https:\/\/www.intoscana.it\/it\/coronavirus-speranza-13-aprile\/","og_locale":"it_IT","og_type":"article","og_title":"Ministro Speranza: 'prorogate fino al 13 aprile tutte le misure restrittive'","og_description":"Il Ministro Roberto Speranza: 'prorogate fino al 13 aprile tutte le misure restrittive', ha dichiarato nell'informativa che si \u00e8 tenuta stamattina al Senato","og_url":"https:\/\/www.intoscana.it\/it\/coronavirus-speranza-13-aprile\/","og_site_name":"intoscana","article_publisher":"https:\/\/www.facebook.com\/intoscana.it","article_published_time":"2020-04-01T09:45:21+00:00","article_modified_time":"2020-08-10T08:22:09+00:00","og_image":[{"width":1920,"height":1246,"url":"https:\/\/www.intoscana.it\/wp-content\/uploads\/speranza.jpg","type":"image\/jpeg"}],"author":"Redazione","twitter_card":"summary_large_image","twitter_creator":"@intoscana","twitter_site":"@intoscana","twitter_misc":{"Written by":"Redazione","Est. reading time":"1 minuto"},"schema":{"@context":"https:\/\/schema.org","@graph":[{"@type":"WebPage","@id":"https:\/\/www.intoscana.it\/it\/coronavirus-speranza-13-aprile\/","url":"https:\/\/www.intoscana.it\/it\/coronavirus-speranza-13-aprile\/","name":"Ministro Speranza: 'prorogate fino al 13 aprile tutte le misure restrittive' - intoscana","isPartOf":{"@id":"https:\/\/www.intoscana.it\/it\/#website"},"primaryImageOfPage":{"@id":"https:\/\/www.intoscana.it\/it\/coronavirus-speranza-13-aprile\/#primaryimage"},"image":{"@id":"https:\/\/www.intoscana.it\/it\/coronavirus-speranza-13-aprile\/#primaryimage"},"thumbnailUrl":"https:\/\/www.intoscana.it\/wp-content\/uploads\/speranza.jpg","datePublished":"2020-04-01T09:45:21+00:00","dateModified":"2020-08-10T08:22:09+00:00","author":{"@id":"https:\/\/www.intoscana.it\/it\/#\/schema\/person\/9223810753230f20bd670fdd322661f8"},"description":"Il Ministro Roberto Speranza: 'prorogate fino al 13 aprile tutte le misure restrittive', ha dichiarato nell'informativa che si \u00e8 tenuta stamattina al Senato","breadcrumb":{"@id":"https:\/\/www.intoscana.it\/it\/coronavirus-speranza-13-aprile\/#breadcrumb"},"inLanguage":"it-IT","potentialAction":[{"@type":"ReadAction","target":["https:\/\/www.intoscana.it\/it\/coronavirus-speranza-13-aprile\/"]}]},{"@type":"ImageObject","inLanguage":"it-IT","@id":"https:\/\/www.intoscana.it\/it\/coronavirus-speranza-13-aprile\/#primaryimage","url":"https:\/\/www.intoscana.it\/wp-content\/uploads\/speranza.jpg","contentUrl":"https:\/\/www.intoscana.it\/wp-content\/uploads\/speranza.jpg","width":1920,"height":1246,"caption":"Ministro Speranza: 'prorogate fino al 13 aprile tutte le misure restrittive'"},{"@type":"BreadcrumbList","@id":"https:\/\/www.intoscana.it\/it\/coronavirus-speranza-13-aprile\/#breadcrumb","itemListElement":[{"@type":"ListItem","position":1,"name":"Home","item":"https:\/\/www.intoscana.it\/it\/"},{"@type":"ListItem","position":2,"name":"Ministro Speranza: &#8216;prorogate fino al 13 aprile tutte le misure restrittive&#8217;"}]},{"@type":"WebSite","@id":"https:\/\/www.intoscana.it\/it\/#website","url":"https:\/\/www.intoscana.it\/it\/","name":"intoscana","description":"","potentialAction":[{"@type":"SearchAction","target":{"@type":"EntryPoint","urlTemplate":"https:\/\/www.intoscana.it\/it\/?s={search_term_string}"},"query-input":{"@type":"PropertyValueSpecification","valueRequired":true,"valueName":"search_term_string"}}],"inLanguage":"it-IT"},{"@type":"Person","@id":"https:\/\/www.intoscana.it\/it\/#\/schema\/person\/9223810753230f20bd670fdd322661f8","name":"Redazione","url":"https:\/\/www.intoscana.it\/it\/author\/redazione\/"}]}},"_links":{"self":[{"href":"https:\/\/www.intoscana.it\/it\/wp-json\/wp\/v2\/posts\/142997","targetHints":{"allow":["GET"]}}],"collection":[{"href":"https:\/\/www.intoscana.it\/it\/wp-json\/wp\/v2\/posts"}],"about":[{"href":"https:\/\/www.intoscana.it\/it\/wp-json\/wp\/v2\/types\/post"}],"author":[{"embeddable":true,"href":"https:\/\/www.intoscana.it\/it\/wp-json\/wp\/v2\/users\/525"}],"replies":[{"embeddable":true,"href":"https:\/\/www.intoscana.it\/it\/wp-json\/wp\/v2\/comments?post=142997"}],"version-history":[{"count":0,"href":"https:\/\/www.intoscana.it\/it\/wp-json\/wp\/v2\/posts\/142997\/revisions"}],"wp:featuredmedia":[{"embeddable":true,"href":"https:\/\/www.intoscana.it\/it\/wp-json\/wp\/v2\/media\/143848"}],"wp:attachment":[{"href":"https:\/\/www.intoscana.it\/it\/wp-json\/wp\/v2\/media?parent=142997"}],"wp:term":[{"taxonomy":"category","embeddable":true,"href":"https:\/\/www.intoscana.it\/it\/wp-json\/wp\/v2\/categories?post=142997"},{"taxonomy":"post_tag","embeddable":true,"href":"https:\/\/www.intoscana.it\/it\/wp-json\/wp\/v2\/tags?post=142997"}],"curies":[{"name":"wp","href":"https:\/\/api.w.org\/{rel}","templated":true}]}}